{"id":20981,"date":"2018-04-22T20:34:41","date_gmt":"2018-04-22T23:34:41","guid":{"rendered":"http:\/\/www.noticiasradioreflejos.com.ar\/noticias\/?p=20981"},"modified":"2018-04-22T20:34:41","modified_gmt":"2018-04-22T23:34:41","slug":"un-jhombre-perdio-la-vida-en-la-ruta-85-cerca-de-san-eloy","status":"publish","type":"post","link":"https:\/\/www.noticiasradioreflejos.com.ar\/2021\/un-jhombre-perdio-la-vida-en-la-ruta-85-cerca-de-san-eloy\/","title":{"rendered":"Un hombre perdi\u00f3 la vida en la Ruta 85 cerca de San Eloy."},"content":{"rendered":"<p>La v\u00edctima fue identificada como Hugo Enrique Brauchli de Coronel Pringles.<!--more--><br \/>\nPor causas que se tratan de establecer, aproximadamente a las 14 horas del domingo, en momentos que se produc\u00edan copiosas lluvias en toda la zona, un autom\u00f3vil Ford Focus patente JJI 295 que circulaba por la Ruta 85 perdi\u00f3 maniobrabilidad y finaliz\u00f3 su carrera chocando contra un monte ubicado a la vera de la ruta.<br \/>\nEl hecho se produjo a poco m\u00e1s de mil metros de la rotonda del cruce con la Ruta 76 en direcci\u00f3n a Coronel Su\u00e1rez.<br \/>\nComo consecuencia del siniestro el pringlense Hugo Enrique Brauchli de 69 a\u00f1os perdi\u00f3 la vida en el acto, siendo el \u00fanico ocupante del rodado.<br \/>\nEn el lugar trabaj\u00f3 personal del Hospital Municipal, Bomberos Voluntarios, efectivos policiales la Comisar\u00eda 3\u00b0 de Pueblo San Jos\u00e9, CPR San Eloy, CPR Coronel Su\u00e1rez, Polic\u00eda Cient\u00edfica y la Ayudante de Fiscal Dra. Lorena Villagra.<br \/>\nLa causa fue caratulada como \u00abMuerte por accidente\u00bb con intervenci\u00f3n de la UFIJ 9 del Departamento Judicial Bah\u00eda Blanca.<br \/>\nFuente:<a href=\"http:\/\/www.lanuevaradiosuarez.com.ar\/\">La Nueva Radio de Suarez<\/a><\/p>\n","protected":false},"excerpt":{"rendered":"<p>La v\u00edctima fue identificada como Hugo Enrique Brauchli de Coronel Pringles.<\/p>\n","protected":false},"author":3,"featured_media":0,"comment_status":"closed","ping_status":"open","sticky":false,"template":"","format":"standard","meta":{"footnotes":""},"categories":[29],"tags":[],"class_list":["post-20981","post","type-post","status-publish","format-standard","hentry","category-policiales"],"yoast_head":"<!-- This site is optimized with the Yoast SEO plugin v25.9 - https:\/\/yoast.com\/wordpress\/plugins\/seo\/ -->\n<title>Un hombre perdi\u00f3 la vida en la Ruta 85 cerca de San Eloy. - Noticias Radio Reflejos<\/title>\n<meta name=\"robots\" content=\"index, follow, max-snippet:-1, max-image-preview:large, max-video-preview:-1\" \/>\n<link rel=\"canonical\" href=\"https:\/\/www.noticiasradioreflejos.com.ar\/2021\/un-jhombre-perdio-la-vida-en-la-ruta-85-cerca-de-san-eloy\/\" \/>\n<meta property=\"og:locale\" content=\"es_ES\" \/>\n<meta property=\"og:type\" content=\"article\" \/>\n<meta property=\"og:title\" content=\"Un hombre perdi\u00f3 la vida en la Ruta 85 cerca de San Eloy. - Noticias Radio Reflejos\" \/>\n<meta property=\"og:description\" content=\"La v\u00edctima fue identificada como Hugo Enrique Brauchli de Coronel Pringles.\" \/>\n<meta property=\"og:url\" content=\"https:\/\/www.noticiasradioreflejos.com.ar\/2021\/un-jhombre-perdio-la-vida-en-la-ruta-85-cerca-de-san-eloy\/\" \/>\n<meta property=\"og:site_name\" content=\"Noticias Radio Reflejos\" \/>\n<meta property=\"article:published_time\" content=\"2018-04-22T23:34:41+00:00\" \/>\n<meta property=\"og:image\" content=\"https:\/\/www.noticiasradioreflejos.com.ar\/2021\/wp-content\/uploads\/2021\/07\/logosol300x200.png\" \/>\n\t<meta property=\"og:image:width\" content=\"300\" \/>\n\t<meta property=\"og:image:height\" content=\"200\" \/>\n\t<meta property=\"og:image:type\" content=\"image\/png\" \/>\n<meta name=\"author\" content=\"Arnaldo Botto\" \/>\n<meta name=\"twitter:card\" content=\"summary_large_image\" \/>\n<script type=\"application\/ld+json\" class=\"yoast-schema-graph\">{\"@context\":\"https:\/\/schema.org\",\"@graph\":[{\"@type\":\"WebPage\",\"@id\":\"https:\/\/www.noticiasradioreflejos.com.ar\/2021\/un-jhombre-perdio-la-vida-en-la-ruta-85-cerca-de-san-eloy\/\",\"url\":\"https:\/\/www.noticiasradioreflejos.com.ar\/2021\/un-jhombre-perdio-la-vida-en-la-ruta-85-cerca-de-san-eloy\/\",\"name\":\"Un hombre perdi\u00f3 la vida en la Ruta 85 cerca de San Eloy. - Noticias Radio Reflejos\",\"isPartOf\":{\"@id\":\"https:\/\/www.noticiasradioreflejos.com.ar\/2021\/#website\"},\"datePublished\":\"2018-04-22T23:34:41+00:00\",\"author\":{\"@id\":\"https:\/\/www.noticiasradioreflejos.com.ar\/2021\/#\/schema\/person\/ad82545263dcc5ec0996818884fd5fb1\"},\"breadcrumb\":{\"@id\":\"https:\/\/www.noticiasradioreflejos.com.ar\/2021\/un-jhombre-perdio-la-vida-en-la-ruta-85-cerca-de-san-eloy\/#breadcrumb\"},\"inLanguage\":\"es\",\"potentialAction\":[{\"@type\":\"ReadAction\",\"target\":[\"https:\/\/www.noticiasradioreflejos.com.ar\/2021\/un-jhombre-perdio-la-vida-en-la-ruta-85-cerca-de-san-eloy\/\"]}]},{\"@type\":\"BreadcrumbList\",\"@id\":\"https:\/\/www.noticiasradioreflejos.com.ar\/2021\/un-jhombre-perdio-la-vida-en-la-ruta-85-cerca-de-san-eloy\/#breadcrumb\",\"itemListElement\":[{\"@type\":\"ListItem\",\"position\":1,\"name\":\"Portada\",\"item\":\"https:\/\/www.noticiasradioreflejos.com.ar\/2021\/\"},{\"@type\":\"ListItem\",\"position\":2,\"name\":\"Un hombre perdi\u00f3 la vida en la Ruta 85 cerca de San Eloy.\"}]},{\"@type\":\"WebSite\",\"@id\":\"https:\/\/www.noticiasradioreflejos.com.ar\/2021\/#website\",\"url\":\"https:\/\/www.noticiasradioreflejos.com.ar\/2021\/\",\"name\":\"Noticias Radio Reflejos\",\"description\":\"Las noticias de mi comarca\",\"potentialAction\":[{\"@type\":\"SearchAction\",\"target\":{\"@type\":\"EntryPoint\",\"urlTemplate\":\"https:\/\/www.noticiasradioreflejos.com.ar\/2021\/?s={search_term_string}\"},\"query-input\":{\"@type\":\"PropertyValueSpecification\",\"valueRequired\":true,\"valueName\":\"search_term_string\"}}],\"inLanguage\":\"es\"},{\"@type\":\"Person\",\"@id\":\"https:\/\/www.noticiasradioreflejos.com.ar\/2021\/#\/schema\/person\/ad82545263dcc5ec0996818884fd5fb1\",\"name\":\"Arnaldo Botto\",\"image\":{\"@type\":\"ImageObject\",\"inLanguage\":\"es\",\"@id\":\"https:\/\/www.noticiasradioreflejos.com.ar\/2021\/#\/schema\/person\/image\/\",\"url\":\"https:\/\/secure.gravatar.com\/avatar\/55cb5e37c1efa326397366e6974cb338056df65cb50e7d64d1cf314e87504837?s=96&d=mm&r=g\",\"contentUrl\":\"https:\/\/secure.gravatar.com\/avatar\/55cb5e37c1efa326397366e6974cb338056df65cb50e7d64d1cf314e87504837?s=96&d=mm&r=g\",\"caption\":\"Arnaldo Botto\"},\"url\":\"https:\/\/www.noticiasradioreflejos.com.ar\/2021\/author\/arnaldo\/\"}]}<\/script>\n<!-- \/ Yoast SEO plugin. -->","yoast_head_json":{"title":"Un hombre perdi\u00f3 la vida en la Ruta 85 cerca de San Eloy. - Noticias Radio Reflejos","robots":{"index":"index","follow":"follow","max-snippet":"max-snippet:-1","max-image-preview":"max-image-preview:large","max-video-preview":"max-video-preview:-1"},"canonical":"https:\/\/www.noticiasradioreflejos.com.ar\/2021\/un-jhombre-perdio-la-vida-en-la-ruta-85-cerca-de-san-eloy\/","og_locale":"es_ES","og_type":"article","og_title":"Un hombre perdi\u00f3 la vida en la Ruta 85 cerca de San Eloy. - Noticias Radio Reflejos","og_description":"La v\u00edctima fue identificada como Hugo Enrique Brauchli de Coronel Pringles.","og_url":"https:\/\/www.noticiasradioreflejos.com.ar\/2021\/un-jhombre-perdio-la-vida-en-la-ruta-85-cerca-de-san-eloy\/","og_site_name":"Noticias Radio Reflejos","article_published_time":"2018-04-22T23:34:41+00:00","og_image":[{"width":300,"height":200,"url":"https:\/\/www.noticiasradioreflejos.com.ar\/2021\/wp-content\/uploads\/2021\/07\/logosol300x200.png","type":"image\/png"}],"author":"Arnaldo Botto","twitter_card":"summary_large_image","schema":{"@context":"https:\/\/schema.org","@graph":[{"@type":"WebPage","@id":"https:\/\/www.noticiasradioreflejos.com.ar\/2021\/un-jhombre-perdio-la-vida-en-la-ruta-85-cerca-de-san-eloy\/","url":"https:\/\/www.noticiasradioreflejos.com.ar\/2021\/un-jhombre-perdio-la-vida-en-la-ruta-85-cerca-de-san-eloy\/","name":"Un hombre perdi\u00f3 la vida en la Ruta 85 cerca de San Eloy. - Noticias Radio Reflejos","isPartOf":{"@id":"https:\/\/www.noticiasradioreflejos.com.ar\/2021\/#website"},"datePublished":"2018-04-22T23:34:41+00:00","author":{"@id":"https:\/\/www.noticiasradioreflejos.com.ar\/2021\/#\/schema\/person\/ad82545263dcc5ec0996818884fd5fb1"},"breadcrumb":{"@id":"https:\/\/www.noticiasradioreflejos.com.ar\/2021\/un-jhombre-perdio-la-vida-en-la-ruta-85-cerca-de-san-eloy\/#breadcrumb"},"inLanguage":"es","potentialAction":[{"@type":"ReadAction","target":["https:\/\/www.noticiasradioreflejos.com.ar\/2021\/un-jhombre-perdio-la-vida-en-la-ruta-85-cerca-de-san-eloy\/"]}]},{"@type":"BreadcrumbList","@id":"https:\/\/www.noticiasradioreflejos.com.ar\/2021\/un-jhombre-perdio-la-vida-en-la-ruta-85-cerca-de-san-eloy\/#breadcrumb","itemListElement":[{"@type":"ListItem","position":1,"name":"Portada","item":"https:\/\/www.noticiasradioreflejos.com.ar\/2021\/"},{"@type":"ListItem","position":2,"name":"Un hombre perdi\u00f3 la vida en la Ruta 85 cerca de San Eloy."}]},{"@type":"WebSite","@id":"https:\/\/www.noticiasradioreflejos.com.ar\/2021\/#website","url":"https:\/\/www.noticiasradioreflejos.com.ar\/2021\/","name":"Noticias Radio Reflejos","description":"Las noticias de mi comarca","potentialAction":[{"@type":"SearchAction","target":{"@type":"EntryPoint","urlTemplate":"https:\/\/www.noticiasradioreflejos.com.ar\/2021\/?s={search_term_string}"},"query-input":{"@type":"PropertyValueSpecification","valueRequired":true,"valueName":"search_term_string"}}],"inLanguage":"es"},{"@type":"Person","@id":"https:\/\/www.noticiasradioreflejos.com.ar\/2021\/#\/schema\/person\/ad82545263dcc5ec0996818884fd5fb1","name":"Arnaldo Botto","image":{"@type":"ImageObject","inLanguage":"es","@id":"https:\/\/www.noticiasradioreflejos.com.ar\/2021\/#\/schema\/person\/image\/","url":"https:\/\/secure.gravatar.com\/avatar\/55cb5e37c1efa326397366e6974cb338056df65cb50e7d64d1cf314e87504837?s=96&d=mm&r=g","contentUrl":"https:\/\/secure.gravatar.com\/avatar\/55cb5e37c1efa326397366e6974cb338056df65cb50e7d64d1cf314e87504837?s=96&d=mm&r=g","caption":"Arnaldo Botto"},"url":"https:\/\/www.noticiasradioreflejos.com.ar\/2021\/author\/arnaldo\/"}]}},"_links":{"self":[{"href":"https:\/\/www.noticiasradioreflejos.com.ar\/2021\/wp-json\/wp\/v2\/posts\/20981","targetHints":{"allow":["GET"]}}],"collection":[{"href":"https:\/\/www.noticiasradioreflejos.com.ar\/2021\/wp-json\/wp\/v2\/posts"}],"about":[{"href":"https:\/\/www.noticiasradioreflejos.com.ar\/2021\/wp-json\/wp\/v2\/types\/post"}],"author":[{"embeddable":true,"href":"https:\/\/www.noticiasradioreflejos.com.ar\/2021\/wp-json\/wp\/v2\/users\/3"}],"replies":[{"embeddable":true,"href":"https:\/\/www.noticiasradioreflejos.com.ar\/2021\/wp-json\/wp\/v2\/comments?post=20981"}],"version-history":[{"count":0,"href":"https:\/\/www.noticiasradioreflejos.com.ar\/2021\/wp-json\/wp\/v2\/posts\/20981\/revisions"}],"wp:attachment":[{"href":"https:\/\/www.noticiasradioreflejos.com.ar\/2021\/wp-json\/wp\/v2\/media?parent=20981"}],"wp:term":[{"taxonomy":"category","embeddable":true,"href":"https:\/\/www.noticiasradioreflejos.com.ar\/2021\/wp-json\/wp\/v2\/categories?post=20981"},{"taxonomy":"post_tag","embeddable":true,"href":"https:\/\/www.noticiasradioreflejos.com.ar\/2021\/wp-json\/wp\/v2\/tags?post=20981"}],"curies":[{"name":"wp","href":"https:\/\/api.w.org\/{rel}","templated":true}]}}