{"id":20975,"date":"2018-04-22T20:03:39","date_gmt":"2018-04-22T23:03:39","guid":{"rendered":"http:\/\/www.noticiasradioreflejos.com.ar\/noticias\/?p=20975"},"modified":"2018-04-22T20:03:39","modified_gmt":"2018-04-22T23:03:39","slug":"categorico-triunfo-de-atetico-ventana-de-visitante","status":"publish","type":"post","link":"https:\/\/www.noticiasradioreflejos.com.ar\/2021\/categorico-triunfo-de-atetico-ventana-de-visitante\/","title":{"rendered":"Categ\u00f3rico triunfo de Atl\u00e9tico Ventana de visitante"},"content":{"rendered":"<p><a href=\"http:\/\/www.noticiasradioreflejos.com.ar\/noticias\/wp-content\/uploads\/2018\/04\/30412329_893903810783029_1903954819130598552_n-e1524438180268.jpg\"><img loading=\"lazy\" decoding=\"async\" class=\"alignleft size-full wp-image-20536\" src=\"http:\/\/www.noticiasradioreflejos.com.ar\/noticias\/wp-content\/uploads\/2018\/04\/30412329_893903810783029_1903954819130598552_n-e1524438180268.jpg\" alt=\"30412329_893903810783029_1903954819130598552_n\" width=\"500\" height=\"315\" \/><\/a>Este domingo por la tarde, el Club Atl\u00e9tico Ventana cosech\u00f3 triunfos en reserva y 1ra divisi\u00f3n como visitante frente a Alem.<br \/>\nAmbas divisiones son escoltas de Almaceneros y el pr\u00f3ximo fin de semana se ver\u00e1n las caras en Galileo Galilei.<!--more--><br \/>\nPor la quinta fecha de la Liga Pringlense, el \u00abTricolor\u00bb se impuso por 2 a 1 a Alem en reserva. Mat\u00edas Moreira mediante un penal, y Pedro Raspe\u00f1o los goles para Ventana, el tanto para el local lo marc\u00f3 Sebasti\u00e1n Mart\u00ednez.<br \/>\nPor su parte la primera divisi\u00f3n obtuvo un categ\u00f3rico 3 a 0 con goles de Mat\u00edas Juan el primero, Osmar Esp\u00ednola el segundo y desde los doce pasos nuevamente Mat\u00edas Juan le dio la cifra definitiva.<br \/>\nLa fecha se complet\u00f3 con estos partidos:<br \/>\n<strong>Encuentros\u00a0 \u00a0 \u00a0 \u00a0 \u00a0 \u00a0 \u00a0 \u00a0 \u00a0 \u00a0 \u00a0 \u00a0 \u00a0 \u00a0 \u00a0 \u00a0 \u00a0 \u00a0 \u00a0 \u00a0 \u00a0 \u00a0 \u00a0 \u00a0 \u00a0RESERVA\u00a0 \u00a0 \u00a0 \u00a0 \u00a0 \u00a0 \u00a0 \u00a0 \u00a0 \u00a0 \u00a0 \u00a0 \u00a0 \u00a0 \u00a0 \u00a0 \u00a0 \u00a0PRIMERA<\/strong><br \/>\nDivisorio vs Club de Pelota\u00a0 \u00a0 \u00a0 \u00a0 \u00a0 \u00a0 \u00a0 \u00a0 \u00a0 \u00a0 \u00a0 \u00a0 \u00a0 \u00a0 \u00a0 \u00a0 \u00a0 2-3\u00a0 \u00a0 \u00a0 \u00a0 \u00a0 \u00a0 \u00a0 \u00a0 \u00a0 \u00a0 \u00a0 \u00a0 \u00a0 \u00a0 \u00a0 \u00a0 \u00a0 \u00a0 \u00a0 \u00a0 \u00a0 \u00a0 \u00a0 \u00a0 \u00a0 \u00a0 \u00a0 1-1<br \/>\nSportivo Pringles vs Alumni\u00a0 \u00a0 \u00a0 \u00a0 \u00a0 \u00a0 \u00a0 \u00a0 \u00a0 \u00a0 \u00a0 \u00a0 \u00a0 \u00a0 \u00a0 \u00a0 2-2\u00a0 \u00a0 \u00a0 \u00a0 \u00a0 \u00a0 \u00a0 \u00a0 \u00a0 \u00a0 \u00a0 \u00a0 \u00a0 \u00a0 \u00a0 \u00a0 \u00a0 \u00a0 \u00a0 \u00a0 \u00a0 \u00a0 \u00a0 \u00a0 \u00a0 \u00a0 \u00a0 1-3<br \/>\nAlmaceneros vs Independiente\u00a0 \u00a0 \u00a0 \u00a0 \u00a0 \u00a0 \u00a0 \u00a0 \u00a0 \u00a0 \u00a0 \u00a0 \u00a0 \u00a01-0\u00a0 \u00a0 \u00a0 \u00a0 \u00a0 \u00a0 \u00a0 \u00a0 \u00a0 \u00a0 \u00a0 \u00a0 \u00a0 \u00a0 \u00a0 \u00a0 \u00a0 \u00a0 \u00a0 \u00a0 \u00a0 \u00a0 \u00a0 \u00a0 \u00a0 \u00a0 \u00a0 3-1<br \/>\n<strong>Posiciones:<\/strong><br \/>\n<a title=\"1ra y reserva\" href=\"http:\/\/farm1.staticflickr.com\/936\/41633763001_028a7f9de6.jpg\" rel=\"\"><img loading=\"lazy\" decoding=\"async\" class=\"aligncenter\" title=\"1ra y reserva\" src=\"http:\/\/farm1.staticflickr.com\/936\/41633763001_028a7f9de6.jpg\" alt=\"1ra y reserva\" width=\"500\" height=\"405\" \/><\/a><\/p>\n<p style=\"font-style: inherit; font-weight: inherit;\"><u style=\"font-style: inherit; font-weight: inherit;\"><span style=\"font-style: inherit; font-weight: inherit;\"><strong style=\"font-weight: 900; font-style: inherit;\">Pr\u00f3xima Fecha (6ta) \u2013 29 de Abril<\/strong><\/span><\/u><\/p>\n<ul style=\"font-style: inherit; font-weight: inherit;\">\n<li style=\"font-style: inherit; font-weight: inherit;\"><span style=\"font-style: inherit; font-weight: inherit;\">LN Alem vs. Sportivo Pringles<\/span><\/li>\n<li style=\"font-style: inherit; font-weight: inherit;\"><span style=\"font-style: inherit; font-weight: inherit;\">Atl\u00e9tico Ventana vs. Almaceneros<\/span><\/li>\n<li style=\"font-style: inherit; font-weight: inherit;\"><span style=\"font-style: inherit; font-weight: inherit;\">Independiente vs. Divisorio<\/span><\/li>\n<li style=\"font-style: inherit; font-weight: inherit;\"><span style=\"font-style: inherit; font-weight: inherit;\">Club de Pelota vs. Alumni<\/span><\/li>\n<\/ul>\n","protected":false},"excerpt":{"rendered":"<p>Este domingo por la tarde, el Club Atl\u00e9tico Ventana cosech\u00f3 triunfos en reserva y 1ra divisi\u00f3n como visitante frente a Alem. Ambas divisiones son escoltas de Almaceneros y el pr\u00f3ximo fin de semana se ver\u00e1n las caras en Galileo Galilei.<\/p>\n","protected":false},"author":3,"featured_media":0,"comment_status":"closed","ping_status":"open","sticky":false,"template":"","format":"standard","meta":{"footnotes":""},"categories":[27],"tags":[],"class_list":["post-20975","post","type-post","status-publish","format-standard","hentry","category-deportes"],"yoast_head":"<!-- This site is optimized with the Yoast SEO plugin v25.9 - https:\/\/yoast.com\/wordpress\/plugins\/seo\/ -->\n<title>Categ\u00f3rico triunfo de Atl\u00e9tico Ventana de visitante - Noticias Radio Reflejos<\/title>\n<meta name=\"robots\" content=\"index, follow, max-snippet:-1, max-image-preview:large, max-video-preview:-1\" \/>\n<link rel=\"canonical\" href=\"https:\/\/www.noticiasradioreflejos.com.ar\/2021\/categorico-triunfo-de-atetico-ventana-de-visitante\/\" \/>\n<meta property=\"og:locale\" content=\"es_ES\" \/>\n<meta property=\"og:type\" content=\"article\" \/>\n<meta property=\"og:title\" content=\"Categ\u00f3rico triunfo de Atl\u00e9tico Ventana de visitante - Noticias Radio Reflejos\" \/>\n<meta property=\"og:description\" content=\"Este domingo por la tarde, el Club Atl\u00e9tico Ventana cosech\u00f3 triunfos en reserva y 1ra divisi\u00f3n como visitante frente a Alem. Ambas divisiones son escoltas de Almaceneros y el pr\u00f3ximo fin de semana se ver\u00e1n las caras en Galileo Galilei.\" \/>\n<meta property=\"og:url\" content=\"https:\/\/www.noticiasradioreflejos.com.ar\/2021\/categorico-triunfo-de-atetico-ventana-de-visitante\/\" \/>\n<meta property=\"og:site_name\" content=\"Noticias Radio Reflejos\" \/>\n<meta property=\"article:published_time\" content=\"2018-04-22T23:03:39+00:00\" \/>\n<meta property=\"og:image\" content=\"https:\/\/www.noticiasradioreflejos.com.ar\/2021\/wp-content\/uploads\/2021\/07\/logosol300x200.png\" \/>\n\t<meta property=\"og:image:width\" content=\"300\" \/>\n\t<meta property=\"og:image:height\" content=\"200\" \/>\n\t<meta property=\"og:image:type\" content=\"image\/png\" \/>\n<meta name=\"author\" content=\"Arnaldo Botto\" \/>\n<meta name=\"twitter:card\" content=\"summary_large_image\" \/>\n<script type=\"application\/ld+json\" class=\"yoast-schema-graph\">{\"@context\":\"https:\/\/schema.org\",\"@graph\":[{\"@type\":\"WebPage\",\"@id\":\"https:\/\/www.noticiasradioreflejos.com.ar\/2021\/categorico-triunfo-de-atetico-ventana-de-visitante\/\",\"url\":\"https:\/\/www.noticiasradioreflejos.com.ar\/2021\/categorico-triunfo-de-atetico-ventana-de-visitante\/\",\"name\":\"Categ\u00f3rico triunfo de Atl\u00e9tico Ventana de visitante - Noticias Radio Reflejos\",\"isPartOf\":{\"@id\":\"https:\/\/www.noticiasradioreflejos.com.ar\/2021\/#website\"},\"primaryImageOfPage\":{\"@id\":\"https:\/\/www.noticiasradioreflejos.com.ar\/2021\/categorico-triunfo-de-atetico-ventana-de-visitante\/#primaryimage\"},\"image\":{\"@id\":\"https:\/\/www.noticiasradioreflejos.com.ar\/2021\/categorico-triunfo-de-atetico-ventana-de-visitante\/#primaryimage\"},\"thumbnailUrl\":\"http:\/\/www.noticiasradioreflejos.com.ar\/noticias\/wp-content\/uploads\/2018\/04\/30412329_893903810783029_1903954819130598552_n-e1524438180268.jpg\",\"datePublished\":\"2018-04-22T23:03:39+00:00\",\"author\":{\"@id\":\"https:\/\/www.noticiasradioreflejos.com.ar\/2021\/#\/schema\/person\/ad82545263dcc5ec0996818884fd5fb1\"},\"breadcrumb\":{\"@id\":\"https:\/\/www.noticiasradioreflejos.com.ar\/2021\/categorico-triunfo-de-atetico-ventana-de-visitante\/#breadcrumb\"},\"inLanguage\":\"es\",\"potentialAction\":[{\"@type\":\"ReadAction\",\"target\":[\"https:\/\/www.noticiasradioreflejos.com.ar\/2021\/categorico-triunfo-de-atetico-ventana-de-visitante\/\"]}]},{\"@type\":\"ImageObject\",\"inLanguage\":\"es\",\"@id\":\"https:\/\/www.noticiasradioreflejos.com.ar\/2021\/categorico-triunfo-de-atetico-ventana-de-visitante\/#primaryimage\",\"url\":\"http:\/\/www.noticiasradioreflejos.com.ar\/noticias\/wp-content\/uploads\/2018\/04\/30412329_893903810783029_1903954819130598552_n-e1524438180268.jpg\",\"contentUrl\":\"http:\/\/www.noticiasradioreflejos.com.ar\/noticias\/wp-content\/uploads\/2018\/04\/30412329_893903810783029_1903954819130598552_n-e1524438180268.jpg\"},{\"@type\":\"BreadcrumbList\",\"@id\":\"https:\/\/www.noticiasradioreflejos.com.ar\/2021\/categorico-triunfo-de-atetico-ventana-de-visitante\/#breadcrumb\",\"itemListElement\":[{\"@type\":\"ListItem\",\"position\":1,\"name\":\"Portada\",\"item\":\"https:\/\/www.noticiasradioreflejos.com.ar\/2021\/\"},{\"@type\":\"ListItem\",\"position\":2,\"name\":\"Categ\u00f3rico triunfo de Atl\u00e9tico Ventana de visitante\"}]},{\"@type\":\"WebSite\",\"@id\":\"https:\/\/www.noticiasradioreflejos.com.ar\/2021\/#website\",\"url\":\"https:\/\/www.noticiasradioreflejos.com.ar\/2021\/\",\"name\":\"Noticias Radio Reflejos\",\"description\":\"Las noticias de mi comarca\",\"potentialAction\":[{\"@type\":\"SearchAction\",\"target\":{\"@type\":\"EntryPoint\",\"urlTemplate\":\"https:\/\/www.noticiasradioreflejos.com.ar\/2021\/?s={search_term_string}\"},\"query-input\":{\"@type\":\"PropertyValueSpecification\",\"valueRequired\":true,\"valueName\":\"search_term_string\"}}],\"inLanguage\":\"es\"},{\"@type\":\"Person\",\"@id\":\"https:\/\/www.noticiasradioreflejos.com.ar\/2021\/#\/schema\/person\/ad82545263dcc5ec0996818884fd5fb1\",\"name\":\"Arnaldo Botto\",\"image\":{\"@type\":\"ImageObject\",\"inLanguage\":\"es\",\"@id\":\"https:\/\/www.noticiasradioreflejos.com.ar\/2021\/#\/schema\/person\/image\/\",\"url\":\"https:\/\/secure.gravatar.com\/avatar\/55cb5e37c1efa326397366e6974cb338056df65cb50e7d64d1cf314e87504837?s=96&d=mm&r=g\",\"contentUrl\":\"https:\/\/secure.gravatar.com\/avatar\/55cb5e37c1efa326397366e6974cb338056df65cb50e7d64d1cf314e87504837?s=96&d=mm&r=g\",\"caption\":\"Arnaldo Botto\"},\"url\":\"https:\/\/www.noticiasradioreflejos.com.ar\/2021\/author\/arnaldo\/\"}]}<\/script>\n<!-- \/ Yoast SEO plugin. -->","yoast_head_json":{"title":"Categ\u00f3rico triunfo de Atl\u00e9tico Ventana de visitante - Noticias Radio Reflejos","robots":{"index":"index","follow":"follow","max-snippet":"max-snippet:-1","max-image-preview":"max-image-preview:large","max-video-preview":"max-video-preview:-1"},"canonical":"https:\/\/www.noticiasradioreflejos.com.ar\/2021\/categorico-triunfo-de-atetico-ventana-de-visitante\/","og_locale":"es_ES","og_type":"article","og_title":"Categ\u00f3rico triunfo de Atl\u00e9tico Ventana de visitante - Noticias Radio Reflejos","og_description":"Este domingo por la tarde, el Club Atl\u00e9tico Ventana cosech\u00f3 triunfos en reserva y 1ra divisi\u00f3n como visitante frente a Alem. Ambas divisiones son escoltas de Almaceneros y el pr\u00f3ximo fin de semana se ver\u00e1n las caras en Galileo Galilei.","og_url":"https:\/\/www.noticiasradioreflejos.com.ar\/2021\/categorico-triunfo-de-atetico-ventana-de-visitante\/","og_site_name":"Noticias Radio Reflejos","article_published_time":"2018-04-22T23:03:39+00:00","og_image":[{"width":300,"height":200,"url":"https:\/\/www.noticiasradioreflejos.com.ar\/2021\/wp-content\/uploads\/2021\/07\/logosol300x200.png","type":"image\/png"}],"author":"Arnaldo Botto","twitter_card":"summary_large_image","schema":{"@context":"https:\/\/schema.org","@graph":[{"@type":"WebPage","@id":"https:\/\/www.noticiasradioreflejos.com.ar\/2021\/categorico-triunfo-de-atetico-ventana-de-visitante\/","url":"https:\/\/www.noticiasradioreflejos.com.ar\/2021\/categorico-triunfo-de-atetico-ventana-de-visitante\/","name":"Categ\u00f3rico triunfo de Atl\u00e9tico Ventana de visitante - Noticias Radio Reflejos","isPartOf":{"@id":"https:\/\/www.noticiasradioreflejos.com.ar\/2021\/#website"},"primaryImageOfPage":{"@id":"https:\/\/www.noticiasradioreflejos.com.ar\/2021\/categorico-triunfo-de-atetico-ventana-de-visitante\/#primaryimage"},"image":{"@id":"https:\/\/www.noticiasradioreflejos.com.ar\/2021\/categorico-triunfo-de-atetico-ventana-de-visitante\/#primaryimage"},"thumbnailUrl":"http:\/\/www.noticiasradioreflejos.com.ar\/noticias\/wp-content\/uploads\/2018\/04\/30412329_893903810783029_1903954819130598552_n-e1524438180268.jpg","datePublished":"2018-04-22T23:03:39+00:00","author":{"@id":"https:\/\/www.noticiasradioreflejos.com.ar\/2021\/#\/schema\/person\/ad82545263dcc5ec0996818884fd5fb1"},"breadcrumb":{"@id":"https:\/\/www.noticiasradioreflejos.com.ar\/2021\/categorico-triunfo-de-atetico-ventana-de-visitante\/#breadcrumb"},"inLanguage":"es","potentialAction":[{"@type":"ReadAction","target":["https:\/\/www.noticiasradioreflejos.com.ar\/2021\/categorico-triunfo-de-atetico-ventana-de-visitante\/"]}]},{"@type":"ImageObject","inLanguage":"es","@id":"https:\/\/www.noticiasradioreflejos.com.ar\/2021\/categorico-triunfo-de-atetico-ventana-de-visitante\/#primaryimage","url":"http:\/\/www.noticiasradioreflejos.com.ar\/noticias\/wp-content\/uploads\/2018\/04\/30412329_893903810783029_1903954819130598552_n-e1524438180268.jpg","contentUrl":"http:\/\/www.noticiasradioreflejos.com.ar\/noticias\/wp-content\/uploads\/2018\/04\/30412329_893903810783029_1903954819130598552_n-e1524438180268.jpg"},{"@type":"BreadcrumbList","@id":"https:\/\/www.noticiasradioreflejos.com.ar\/2021\/categorico-triunfo-de-atetico-ventana-de-visitante\/#breadcrumb","itemListElement":[{"@type":"ListItem","position":1,"name":"Portada","item":"https:\/\/www.noticiasradioreflejos.com.ar\/2021\/"},{"@type":"ListItem","position":2,"name":"Categ\u00f3rico triunfo de Atl\u00e9tico Ventana de visitante"}]},{"@type":"WebSite","@id":"https:\/\/www.noticiasradioreflejos.com.ar\/2021\/#website","url":"https:\/\/www.noticiasradioreflejos.com.ar\/2021\/","name":"Noticias Radio Reflejos","description":"Las noticias de mi comarca","potentialAction":[{"@type":"SearchAction","target":{"@type":"EntryPoint","urlTemplate":"https:\/\/www.noticiasradioreflejos.com.ar\/2021\/?s={search_term_string}"},"query-input":{"@type":"PropertyValueSpecification","valueRequired":true,"valueName":"search_term_string"}}],"inLanguage":"es"},{"@type":"Person","@id":"https:\/\/www.noticiasradioreflejos.com.ar\/2021\/#\/schema\/person\/ad82545263dcc5ec0996818884fd5fb1","name":"Arnaldo Botto","image":{"@type":"ImageObject","inLanguage":"es","@id":"https:\/\/www.noticiasradioreflejos.com.ar\/2021\/#\/schema\/person\/image\/","url":"https:\/\/secure.gravatar.com\/avatar\/55cb5e37c1efa326397366e6974cb338056df65cb50e7d64d1cf314e87504837?s=96&d=mm&r=g","contentUrl":"https:\/\/secure.gravatar.com\/avatar\/55cb5e37c1efa326397366e6974cb338056df65cb50e7d64d1cf314e87504837?s=96&d=mm&r=g","caption":"Arnaldo Botto"},"url":"https:\/\/www.noticiasradioreflejos.com.ar\/2021\/author\/arnaldo\/"}]}},"_links":{"self":[{"href":"https:\/\/www.noticiasradioreflejos.com.ar\/2021\/wp-json\/wp\/v2\/posts\/20975","targetHints":{"allow":["GET"]}}],"collection":[{"href":"https:\/\/www.noticiasradioreflejos.com.ar\/2021\/wp-json\/wp\/v2\/posts"}],"about":[{"href":"https:\/\/www.noticiasradioreflejos.com.ar\/2021\/wp-json\/wp\/v2\/types\/post"}],"author":[{"embeddable":true,"href":"https:\/\/www.noticiasradioreflejos.com.ar\/2021\/wp-json\/wp\/v2\/users\/3"}],"replies":[{"embeddable":true,"href":"https:\/\/www.noticiasradioreflejos.com.ar\/2021\/wp-json\/wp\/v2\/comments?post=20975"}],"version-history":[{"count":0,"href":"https:\/\/www.noticiasradioreflejos.com.ar\/2021\/wp-json\/wp\/v2\/posts\/20975\/revisions"}],"wp:attachment":[{"href":"https:\/\/www.noticiasradioreflejos.com.ar\/2021\/wp-json\/wp\/v2\/media?parent=20975"}],"wp:term":[{"taxonomy":"category","embeddable":true,"href":"https:\/\/www.noticiasradioreflejos.com.ar\/2021\/wp-json\/wp\/v2\/categories?post=20975"},{"taxonomy":"post_tag","embeddable":true,"href":"https:\/\/www.noticiasradioreflejos.com.ar\/2021\/wp-json\/wp\/v2\/tags?post=20975"}],"curies":[{"name":"wp","href":"https:\/\/api.w.org\/{rel}","templated":true}]}}