{"id":20971,"date":"2018-04-22T19:38:33","date_gmt":"2018-04-22T22:38:33","guid":{"rendered":"http:\/\/www.noticiasradioreflejos.com.ar\/noticias\/?p=20971"},"modified":"2018-04-22T19:38:33","modified_gmt":"2018-04-22T22:38:33","slug":"resultados-de-la-6ta-fecha-del-regional-de-futbol-de-inferiores","status":"publish","type":"post","link":"https:\/\/www.noticiasradioreflejos.com.ar\/2021\/resultados-de-la-6ta-fecha-del-regional-de-futbol-de-inferiores\/","title":{"rendered":"Resultados de la 6ta Fecha del Regional de f\u00fatbol de inferiores."},"content":{"rendered":"<p><a title=\"P1550867\" href=\"http:\/\/farm1.staticflickr.com\/865\/27764633358_471b6d8014.jpg\" rel=\"\"><img loading=\"lazy\" decoding=\"async\" class=\"alignleft\" style=\"float: left;\" title=\"P1550867\" src=\"http:\/\/farm1.staticflickr.com\/865\/27764633358_471b6d8014.jpg\" alt=\"P1550867\" width=\"500\" height=\"375\" \/><\/a>Este s\u00e1bado 21 de abril se disput\u00f3 la 6ta fecha correspondiente al Torneo Regional de F\u00fatbol de la Liga de Cnel Pringles con estos resultados:<br \/>\n<strong>Independiente vs Atl\u00e9tico Ventana<\/strong><br \/>\n8va: 0 &#8211; 0<br \/>\n7ma: 7 &#8211; 0<br \/>\n6ta: 1 &#8211; 0<br \/>\n5ta: 5 &#8211; 3<!--more--><br \/>\n<strong>Almaceneros vs Lilan<\/strong><br \/>\n8va: 1 &#8211; 0<br \/>\n7ma: 4 &#8211; 0<br \/>\n6ta: 0 &#8211; 4<br \/>\n5ta: 0 &#8211; 2<br \/>\n<strong>Juventud vs Alumni<\/strong><br \/>\n8va: 0 &#8211; 0<br \/>\n7ma: 0 &#8211; 1<br \/>\n6ta: 8 &#8211; 0<br \/>\n5ta: 3 &#8211; 0<br \/>\n<strong>Racing (LM) vs Jorge Newbery<\/strong><br \/>\n8va: 1 &#8211; 4<br \/>\n7ma: 0 &#8211; 2<br \/>\n6ta: 3 &#8211; 0<br \/>\n5ta: 3 &#8211; 0<br \/>\n<strong>Barracas vs Ing. Newbery<\/strong><br \/>\n8va: 0 &#8211; 0<br \/>\n7ma: 1 &#8211; 1<br \/>\n6ta: 1 &#8211; 1<br \/>\n5ta: 0 &#8211; 5<br \/>\n<strong>Platense vs Racing de Lamadrid<\/strong><br \/>\n7ma: 4 &#8211; 0<br \/>\n5ta: 2 &#8211; 2<br \/>\n<a title=\"8 y 6\" href=\"http:\/\/farm1.staticflickr.com\/905\/27764530008_a51f854b30.jpg\" rel=\"\"><br \/>\n<\/a><a title=\"7 y 5\" href=\"http:\/\/farm1.staticflickr.com\/928\/40741589835_ba4b03c95f.jpg\" rel=\"\"><img loading=\"lazy\" decoding=\"async\" class=\"aligncenter\" title=\"7 y 5\" src=\"http:\/\/farm1.staticflickr.com\/928\/40741589835_ba4b03c95f.jpg\" alt=\"7 y 5\" width=\"500\" height=\"378\" \/><\/a><br \/>\n<a title=\"8 y 6\" href=\"http:\/\/farm1.staticflickr.com\/862\/27764626638_c2c2daf707.jpg\" rel=\"\"><img loading=\"lazy\" decoding=\"async\" class=\"aligncenter\" title=\"8 y 6\" src=\"http:\/\/farm1.staticflickr.com\/862\/27764626638_c2c2daf707.jpg\" alt=\"8 y 6\" width=\"500\" height=\"374\" \/><\/a><br \/>\nPr\u00f3xima fecha (s\u00e9ptima):<br \/>\n\u2022\tIngeniero Newbery vs. Juventud<br \/>\n\u2022\tLil\u00e1n vs. Barracas<br \/>\n\u2022\tAtl\u00e9tico Ventana vs. Almaceneros<br \/>\n\u2022\tRacing de L\u00edbano vs. Independiente<br \/>\n\u2022\tJorge Newbery vs. Platense<br \/>\n\u2022\tClub de Pelota vs. Racing de Lamadrid<br \/>\n\u2022\tLibre: Alumni<\/p>\n","protected":false},"excerpt":{"rendered":"<p>Este s\u00e1bado 21 de abril se disput\u00f3 la 6ta fecha correspondiente al Torneo Regional de F\u00fatbol de la Liga de Cnel Pringles con estos resultados: Independiente vs Atl\u00e9tico Ventana 8va: 0 &#8211; 0 7ma: 7 &#8211; 0 6ta: 1 &#8211; 0 5ta: 5 &#8211; 3<\/p>\n","protected":false},"author":3,"featured_media":0,"comment_status":"closed","ping_status":"open","sticky":false,"template":"","format":"standard","meta":{"footnotes":""},"categories":[25],"tags":[],"class_list":["post-20971","post","type-post","status-publish","format-standard","hentry","category-uncategorized"],"yoast_head":"<!-- This site is optimized with the Yoast SEO plugin v25.9 - https:\/\/yoast.com\/wordpress\/plugins\/seo\/ -->\n<title>Resultados de la 6ta Fecha del Regional de f\u00fatbol de inferiores. - Noticias Radio Reflejos<\/title>\n<meta name=\"robots\" content=\"index, follow, max-snippet:-1, max-image-preview:large, max-video-preview:-1\" \/>\n<link rel=\"canonical\" href=\"https:\/\/www.noticiasradioreflejos.com.ar\/2021\/resultados-de-la-6ta-fecha-del-regional-de-futbol-de-inferiores\/\" \/>\n<meta property=\"og:locale\" content=\"es_ES\" \/>\n<meta property=\"og:type\" content=\"article\" \/>\n<meta property=\"og:title\" content=\"Resultados de la 6ta Fecha del Regional de f\u00fatbol de inferiores. - Noticias Radio Reflejos\" \/>\n<meta property=\"og:description\" content=\"Este s\u00e1bado 21 de abril se disput\u00f3 la 6ta fecha correspondiente al Torneo Regional de F\u00fatbol de la Liga de Cnel Pringles con estos resultados: Independiente vs Atl\u00e9tico Ventana 8va: 0 &#8211; 0 7ma: 7 &#8211; 0 6ta: 1 &#8211; 0 5ta: 5 &#8211; 3\" \/>\n<meta property=\"og:url\" content=\"https:\/\/www.noticiasradioreflejos.com.ar\/2021\/resultados-de-la-6ta-fecha-del-regional-de-futbol-de-inferiores\/\" \/>\n<meta property=\"og:site_name\" content=\"Noticias Radio Reflejos\" \/>\n<meta property=\"article:published_time\" content=\"2018-04-22T22:38:33+00:00\" \/>\n<meta property=\"og:image\" content=\"http:\/\/farm1.staticflickr.com\/865\/27764633358_471b6d8014.jpg\" \/>\n<meta name=\"author\" content=\"Arnaldo Botto\" \/>\n<meta name=\"twitter:card\" content=\"summary_large_image\" \/>\n<script type=\"application\/ld+json\" class=\"yoast-schema-graph\">{\"@context\":\"https:\/\/schema.org\",\"@graph\":[{\"@type\":\"WebPage\",\"@id\":\"https:\/\/www.noticiasradioreflejos.com.ar\/2021\/resultados-de-la-6ta-fecha-del-regional-de-futbol-de-inferiores\/\",\"url\":\"https:\/\/www.noticiasradioreflejos.com.ar\/2021\/resultados-de-la-6ta-fecha-del-regional-de-futbol-de-inferiores\/\",\"name\":\"Resultados de la 6ta Fecha del Regional de f\u00fatbol de inferiores. - Noticias Radio Reflejos\",\"isPartOf\":{\"@id\":\"https:\/\/www.noticiasradioreflejos.com.ar\/2021\/#website\"},\"primaryImageOfPage\":{\"@id\":\"https:\/\/www.noticiasradioreflejos.com.ar\/2021\/resultados-de-la-6ta-fecha-del-regional-de-futbol-de-inferiores\/#primaryimage\"},\"image\":{\"@id\":\"https:\/\/www.noticiasradioreflejos.com.ar\/2021\/resultados-de-la-6ta-fecha-del-regional-de-futbol-de-inferiores\/#primaryimage\"},\"thumbnailUrl\":\"http:\/\/farm1.staticflickr.com\/865\/27764633358_471b6d8014.jpg\",\"datePublished\":\"2018-04-22T22:38:33+00:00\",\"author\":{\"@id\":\"https:\/\/www.noticiasradioreflejos.com.ar\/2021\/#\/schema\/person\/ad82545263dcc5ec0996818884fd5fb1\"},\"breadcrumb\":{\"@id\":\"https:\/\/www.noticiasradioreflejos.com.ar\/2021\/resultados-de-la-6ta-fecha-del-regional-de-futbol-de-inferiores\/#breadcrumb\"},\"inLanguage\":\"es\",\"potentialAction\":[{\"@type\":\"ReadAction\",\"target\":[\"https:\/\/www.noticiasradioreflejos.com.ar\/2021\/resultados-de-la-6ta-fecha-del-regional-de-futbol-de-inferiores\/\"]}]},{\"@type\":\"ImageObject\",\"inLanguage\":\"es\",\"@id\":\"https:\/\/www.noticiasradioreflejos.com.ar\/2021\/resultados-de-la-6ta-fecha-del-regional-de-futbol-de-inferiores\/#primaryimage\",\"url\":\"http:\/\/farm1.staticflickr.com\/865\/27764633358_471b6d8014.jpg\",\"contentUrl\":\"http:\/\/farm1.staticflickr.com\/865\/27764633358_471b6d8014.jpg\"},{\"@type\":\"BreadcrumbList\",\"@id\":\"https:\/\/www.noticiasradioreflejos.com.ar\/2021\/resultados-de-la-6ta-fecha-del-regional-de-futbol-de-inferiores\/#breadcrumb\",\"itemListElement\":[{\"@type\":\"ListItem\",\"position\":1,\"name\":\"Portada\",\"item\":\"https:\/\/www.noticiasradioreflejos.com.ar\/2021\/\"},{\"@type\":\"ListItem\",\"position\":2,\"name\":\"Resultados de la 6ta Fecha del Regional de f\u00fatbol de inferiores.\"}]},{\"@type\":\"WebSite\",\"@id\":\"https:\/\/www.noticiasradioreflejos.com.ar\/2021\/#website\",\"url\":\"https:\/\/www.noticiasradioreflejos.com.ar\/2021\/\",\"name\":\"Noticias Radio Reflejos\",\"description\":\"Las noticias de mi comarca\",\"potentialAction\":[{\"@type\":\"SearchAction\",\"target\":{\"@type\":\"EntryPoint\",\"urlTemplate\":\"https:\/\/www.noticiasradioreflejos.com.ar\/2021\/?s={search_term_string}\"},\"query-input\":{\"@type\":\"PropertyValueSpecification\",\"valueRequired\":true,\"valueName\":\"search_term_string\"}}],\"inLanguage\":\"es\"},{\"@type\":\"Person\",\"@id\":\"https:\/\/www.noticiasradioreflejos.com.ar\/2021\/#\/schema\/person\/ad82545263dcc5ec0996818884fd5fb1\",\"name\":\"Arnaldo Botto\",\"image\":{\"@type\":\"ImageObject\",\"inLanguage\":\"es\",\"@id\":\"https:\/\/www.noticiasradioreflejos.com.ar\/2021\/#\/schema\/person\/image\/\",\"url\":\"https:\/\/secure.gravatar.com\/avatar\/55cb5e37c1efa326397366e6974cb338056df65cb50e7d64d1cf314e87504837?s=96&d=mm&r=g\",\"contentUrl\":\"https:\/\/secure.gravatar.com\/avatar\/55cb5e37c1efa326397366e6974cb338056df65cb50e7d64d1cf314e87504837?s=96&d=mm&r=g\",\"caption\":\"Arnaldo Botto\"},\"url\":\"https:\/\/www.noticiasradioreflejos.com.ar\/2021\/author\/arnaldo\/\"}]}<\/script>\n<!-- \/ Yoast SEO plugin. -->","yoast_head_json":{"title":"Resultados de la 6ta Fecha del Regional de f\u00fatbol de inferiores. - Noticias Radio Reflejos","robots":{"index":"index","follow":"follow","max-snippet":"max-snippet:-1","max-image-preview":"max-image-preview:large","max-video-preview":"max-video-preview:-1"},"canonical":"https:\/\/www.noticiasradioreflejos.com.ar\/2021\/resultados-de-la-6ta-fecha-del-regional-de-futbol-de-inferiores\/","og_locale":"es_ES","og_type":"article","og_title":"Resultados de la 6ta Fecha del Regional de f\u00fatbol de inferiores. - Noticias Radio Reflejos","og_description":"Este s\u00e1bado 21 de abril se disput\u00f3 la 6ta fecha correspondiente al Torneo Regional de F\u00fatbol de la Liga de Cnel Pringles con estos resultados: Independiente vs Atl\u00e9tico Ventana 8va: 0 &#8211; 0 7ma: 7 &#8211; 0 6ta: 1 &#8211; 0 5ta: 5 &#8211; 3","og_url":"https:\/\/www.noticiasradioreflejos.com.ar\/2021\/resultados-de-la-6ta-fecha-del-regional-de-futbol-de-inferiores\/","og_site_name":"Noticias Radio Reflejos","article_published_time":"2018-04-22T22:38:33+00:00","og_image":[{"url":"http:\/\/farm1.staticflickr.com\/865\/27764633358_471b6d8014.jpg","type":"","width":"","height":""}],"author":"Arnaldo Botto","twitter_card":"summary_large_image","schema":{"@context":"https:\/\/schema.org","@graph":[{"@type":"WebPage","@id":"https:\/\/www.noticiasradioreflejos.com.ar\/2021\/resultados-de-la-6ta-fecha-del-regional-de-futbol-de-inferiores\/","url":"https:\/\/www.noticiasradioreflejos.com.ar\/2021\/resultados-de-la-6ta-fecha-del-regional-de-futbol-de-inferiores\/","name":"Resultados de la 6ta Fecha del Regional de f\u00fatbol de inferiores. - Noticias Radio Reflejos","isPartOf":{"@id":"https:\/\/www.noticiasradioreflejos.com.ar\/2021\/#website"},"primaryImageOfPage":{"@id":"https:\/\/www.noticiasradioreflejos.com.ar\/2021\/resultados-de-la-6ta-fecha-del-regional-de-futbol-de-inferiores\/#primaryimage"},"image":{"@id":"https:\/\/www.noticiasradioreflejos.com.ar\/2021\/resultados-de-la-6ta-fecha-del-regional-de-futbol-de-inferiores\/#primaryimage"},"thumbnailUrl":"http:\/\/farm1.staticflickr.com\/865\/27764633358_471b6d8014.jpg","datePublished":"2018-04-22T22:38:33+00:00","author":{"@id":"https:\/\/www.noticiasradioreflejos.com.ar\/2021\/#\/schema\/person\/ad82545263dcc5ec0996818884fd5fb1"},"breadcrumb":{"@id":"https:\/\/www.noticiasradioreflejos.com.ar\/2021\/resultados-de-la-6ta-fecha-del-regional-de-futbol-de-inferiores\/#breadcrumb"},"inLanguage":"es","potentialAction":[{"@type":"ReadAction","target":["https:\/\/www.noticiasradioreflejos.com.ar\/2021\/resultados-de-la-6ta-fecha-del-regional-de-futbol-de-inferiores\/"]}]},{"@type":"ImageObject","inLanguage":"es","@id":"https:\/\/www.noticiasradioreflejos.com.ar\/2021\/resultados-de-la-6ta-fecha-del-regional-de-futbol-de-inferiores\/#primaryimage","url":"http:\/\/farm1.staticflickr.com\/865\/27764633358_471b6d8014.jpg","contentUrl":"http:\/\/farm1.staticflickr.com\/865\/27764633358_471b6d8014.jpg"},{"@type":"BreadcrumbList","@id":"https:\/\/www.noticiasradioreflejos.com.ar\/2021\/resultados-de-la-6ta-fecha-del-regional-de-futbol-de-inferiores\/#breadcrumb","itemListElement":[{"@type":"ListItem","position":1,"name":"Portada","item":"https:\/\/www.noticiasradioreflejos.com.ar\/2021\/"},{"@type":"ListItem","position":2,"name":"Resultados de la 6ta Fecha del Regional de f\u00fatbol de inferiores."}]},{"@type":"WebSite","@id":"https:\/\/www.noticiasradioreflejos.com.ar\/2021\/#website","url":"https:\/\/www.noticiasradioreflejos.com.ar\/2021\/","name":"Noticias Radio Reflejos","description":"Las noticias de mi comarca","potentialAction":[{"@type":"SearchAction","target":{"@type":"EntryPoint","urlTemplate":"https:\/\/www.noticiasradioreflejos.com.ar\/2021\/?s={search_term_string}"},"query-input":{"@type":"PropertyValueSpecification","valueRequired":true,"valueName":"search_term_string"}}],"inLanguage":"es"},{"@type":"Person","@id":"https:\/\/www.noticiasradioreflejos.com.ar\/2021\/#\/schema\/person\/ad82545263dcc5ec0996818884fd5fb1","name":"Arnaldo Botto","image":{"@type":"ImageObject","inLanguage":"es","@id":"https:\/\/www.noticiasradioreflejos.com.ar\/2021\/#\/schema\/person\/image\/","url":"https:\/\/secure.gravatar.com\/avatar\/55cb5e37c1efa326397366e6974cb338056df65cb50e7d64d1cf314e87504837?s=96&d=mm&r=g","contentUrl":"https:\/\/secure.gravatar.com\/avatar\/55cb5e37c1efa326397366e6974cb338056df65cb50e7d64d1cf314e87504837?s=96&d=mm&r=g","caption":"Arnaldo Botto"},"url":"https:\/\/www.noticiasradioreflejos.com.ar\/2021\/author\/arnaldo\/"}]}},"_links":{"self":[{"href":"https:\/\/www.noticiasradioreflejos.com.ar\/2021\/wp-json\/wp\/v2\/posts\/20971","targetHints":{"allow":["GET"]}}],"collection":[{"href":"https:\/\/www.noticiasradioreflejos.com.ar\/2021\/wp-json\/wp\/v2\/posts"}],"about":[{"href":"https:\/\/www.noticiasradioreflejos.com.ar\/2021\/wp-json\/wp\/v2\/types\/post"}],"author":[{"embeddable":true,"href":"https:\/\/www.noticiasradioreflejos.com.ar\/2021\/wp-json\/wp\/v2\/users\/3"}],"replies":[{"embeddable":true,"href":"https:\/\/www.noticiasradioreflejos.com.ar\/2021\/wp-json\/wp\/v2\/comments?post=20971"}],"version-history":[{"count":0,"href":"https:\/\/www.noticiasradioreflejos.com.ar\/2021\/wp-json\/wp\/v2\/posts\/20971\/revisions"}],"wp:attachment":[{"href":"https:\/\/www.noticiasradioreflejos.com.ar\/2021\/wp-json\/wp\/v2\/media?parent=20971"}],"wp:term":[{"taxonomy":"category","embeddable":true,"href":"https:\/\/www.noticiasradioreflejos.com.ar\/2021\/wp-json\/wp\/v2\/categories?post=20971"},{"taxonomy":"post_tag","embeddable":true,"href":"https:\/\/www.noticiasradioreflejos.com.ar\/2021\/wp-json\/wp\/v2\/tags?post=20971"}],"curies":[{"name":"wp","href":"https:\/\/api.w.org\/{rel}","templated":true}]}}