{"id":20968,"date":"2018-04-22T19:12:28","date_gmt":"2018-04-22T22:12:28","guid":{"rendered":"http:\/\/www.noticiasradioreflejos.com.ar\/noticias\/?p=20968"},"modified":"2018-04-22T19:12:28","modified_gmt":"2018-04-22T22:12:28","slug":"3er-festival-cultural-sobre-las-vias-del-ramal-pringles","status":"publish","type":"post","link":"https:\/\/www.noticiasradioreflejos.com.ar\/2021\/3er-festival-cultural-sobre-las-vias-del-ramal-pringles\/","title":{"rendered":"3er Festival Cultural sobre las v\u00edas del ramal Pringles"},"content":{"rendered":"<p>Domingo 29 de Abril a partir de las 14:30 hs, en la Estaci\u00f3n de Cnel Pringles.<br \/>\nLas Estaciones del ramal Pringles cobran vida con los vecinos que se suman en las distintas localidades al pedido de recuperar el servicio de trenes de pasajeros y encomiendas en el ramal Pringles del Ferrocarril Roca. <!--more--><br \/>\nSe han realizado presentaciones en los distintos municipios de este ramal pidiendo a las autoridades locales gestionen en lo provincial y nacional para activar el servicio nuevamente. Este es el tercer Evento Cultural que los vecinos en asamblea hemos decidido sostener, el primero fue el 25 de Febrero de este a\u00f1o en Sierra de la Ventana con una concurrencia estimada en m\u00e1s de 300 personas, luego en Saldungaray el 11 de Marzo con cerca de 100 personas y ahora te invitamos a sumarte con tu presencia y participaci\u00f3n en Cnel Pringles el Domingo 29 de Abril a partir de las 14:30hs. Concurrir\u00e1n artistas vecinos de la zona y del mismo Pringles. Participan y colaboran m\u00fasicos de Bahia Blanca, Tornquist, Sierra de la Ventana, Saldungaray y Laprida para sumarnos, juntos con los artistas y vecinos de Pringles, a un abrazo simb\u00f3lico a la Estaci\u00f3n por la que nunca debi\u00f3 dejar de pasar el tren de pasajeros y encomiendas. Desde Junio del 2016 comercios, vecinos y turistas nos hemos visto privados de este servicio p\u00fablico, es necesaria su urgente restituci\u00f3n, Es por el bien com\u00fan, sumate!!<\/p>\n","protected":false},"excerpt":{"rendered":"<p>Domingo 29 de Abril a partir de las 14:30 hs, en la Estaci\u00f3n de Cnel Pringles. Las Estaciones del ramal Pringles cobran vida con los vecinos que se suman en las distintas localidades al pedido de recuperar el servicio de trenes de pasajeros y encomiendas en el ramal Pringles del Ferrocarril Roca.<\/p>\n","protected":false},"author":3,"featured_media":0,"comment_status":"closed","ping_status":"open","sticky":false,"template":"","format":"standard","meta":{"footnotes":""},"categories":[26],"tags":[],"class_list":["post-20968","post","type-post","status-publish","format-standard","hentry","category-sociedad"],"yoast_head":"<!-- This site is optimized with the Yoast SEO plugin v25.9 - https:\/\/yoast.com\/wordpress\/plugins\/seo\/ -->\n<title>3er Festival Cultural sobre las v\u00edas del ramal Pringles - Noticias Radio Reflejos<\/title>\n<meta name=\"robots\" content=\"index, follow, max-snippet:-1, max-image-preview:large, max-video-preview:-1\" \/>\n<link rel=\"canonical\" href=\"https:\/\/www.noticiasradioreflejos.com.ar\/2021\/3er-festival-cultural-sobre-las-vias-del-ramal-pringles\/\" \/>\n<meta property=\"og:locale\" content=\"es_ES\" \/>\n<meta property=\"og:type\" content=\"article\" \/>\n<meta property=\"og:title\" content=\"3er Festival Cultural sobre las v\u00edas del ramal Pringles - Noticias Radio Reflejos\" \/>\n<meta property=\"og:description\" content=\"Domingo 29 de Abril a partir de las 14:30 hs, en la Estaci\u00f3n de Cnel Pringles. Las Estaciones del ramal Pringles cobran vida con los vecinos que se suman en las distintas localidades al pedido de recuperar el servicio de trenes de pasajeros y encomiendas en el ramal Pringles del Ferrocarril Roca.\" \/>\n<meta property=\"og:url\" content=\"https:\/\/www.noticiasradioreflejos.com.ar\/2021\/3er-festival-cultural-sobre-las-vias-del-ramal-pringles\/\" \/>\n<meta property=\"og:site_name\" content=\"Noticias Radio Reflejos\" \/>\n<meta property=\"article:published_time\" content=\"2018-04-22T22:12:28+00:00\" \/>\n<meta property=\"og:image\" content=\"https:\/\/www.noticiasradioreflejos.com.ar\/2021\/wp-content\/uploads\/2021\/07\/logosol300x200.png\" \/>\n\t<meta property=\"og:image:width\" content=\"300\" \/>\n\t<meta property=\"og:image:height\" content=\"200\" \/>\n\t<meta property=\"og:image:type\" content=\"image\/png\" \/>\n<meta name=\"author\" content=\"Arnaldo Botto\" \/>\n<meta name=\"twitter:card\" content=\"summary_large_image\" \/>\n<script type=\"application\/ld+json\" class=\"yoast-schema-graph\">{\"@context\":\"https:\/\/schema.org\",\"@graph\":[{\"@type\":\"WebPage\",\"@id\":\"https:\/\/www.noticiasradioreflejos.com.ar\/2021\/3er-festival-cultural-sobre-las-vias-del-ramal-pringles\/\",\"url\":\"https:\/\/www.noticiasradioreflejos.com.ar\/2021\/3er-festival-cultural-sobre-las-vias-del-ramal-pringles\/\",\"name\":\"3er Festival Cultural sobre las v\u00edas del ramal Pringles - Noticias Radio Reflejos\",\"isPartOf\":{\"@id\":\"https:\/\/www.noticiasradioreflejos.com.ar\/2021\/#website\"},\"datePublished\":\"2018-04-22T22:12:28+00:00\",\"author\":{\"@id\":\"https:\/\/www.noticiasradioreflejos.com.ar\/2021\/#\/schema\/person\/ad82545263dcc5ec0996818884fd5fb1\"},\"breadcrumb\":{\"@id\":\"https:\/\/www.noticiasradioreflejos.com.ar\/2021\/3er-festival-cultural-sobre-las-vias-del-ramal-pringles\/#breadcrumb\"},\"inLanguage\":\"es\",\"potentialAction\":[{\"@type\":\"ReadAction\",\"target\":[\"https:\/\/www.noticiasradioreflejos.com.ar\/2021\/3er-festival-cultural-sobre-las-vias-del-ramal-pringles\/\"]}]},{\"@type\":\"BreadcrumbList\",\"@id\":\"https:\/\/www.noticiasradioreflejos.com.ar\/2021\/3er-festival-cultural-sobre-las-vias-del-ramal-pringles\/#breadcrumb\",\"itemListElement\":[{\"@type\":\"ListItem\",\"position\":1,\"name\":\"Portada\",\"item\":\"https:\/\/www.noticiasradioreflejos.com.ar\/2021\/\"},{\"@type\":\"ListItem\",\"position\":2,\"name\":\"3er Festival Cultural sobre las v\u00edas del ramal Pringles\"}]},{\"@type\":\"WebSite\",\"@id\":\"https:\/\/www.noticiasradioreflejos.com.ar\/2021\/#website\",\"url\":\"https:\/\/www.noticiasradioreflejos.com.ar\/2021\/\",\"name\":\"Noticias Radio Reflejos\",\"description\":\"Las noticias de mi comarca\",\"potentialAction\":[{\"@type\":\"SearchAction\",\"target\":{\"@type\":\"EntryPoint\",\"urlTemplate\":\"https:\/\/www.noticiasradioreflejos.com.ar\/2021\/?s={search_term_string}\"},\"query-input\":{\"@type\":\"PropertyValueSpecification\",\"valueRequired\":true,\"valueName\":\"search_term_string\"}}],\"inLanguage\":\"es\"},{\"@type\":\"Person\",\"@id\":\"https:\/\/www.noticiasradioreflejos.com.ar\/2021\/#\/schema\/person\/ad82545263dcc5ec0996818884fd5fb1\",\"name\":\"Arnaldo Botto\",\"image\":{\"@type\":\"ImageObject\",\"inLanguage\":\"es\",\"@id\":\"https:\/\/www.noticiasradioreflejos.com.ar\/2021\/#\/schema\/person\/image\/\",\"url\":\"https:\/\/secure.gravatar.com\/avatar\/55cb5e37c1efa326397366e6974cb338056df65cb50e7d64d1cf314e87504837?s=96&d=mm&r=g\",\"contentUrl\":\"https:\/\/secure.gravatar.com\/avatar\/55cb5e37c1efa326397366e6974cb338056df65cb50e7d64d1cf314e87504837?s=96&d=mm&r=g\",\"caption\":\"Arnaldo Botto\"},\"url\":\"https:\/\/www.noticiasradioreflejos.com.ar\/2021\/author\/arnaldo\/\"}]}<\/script>\n<!-- \/ Yoast SEO plugin. -->","yoast_head_json":{"title":"3er Festival Cultural sobre las v\u00edas del ramal Pringles - Noticias Radio Reflejos","robots":{"index":"index","follow":"follow","max-snippet":"max-snippet:-1","max-image-preview":"max-image-preview:large","max-video-preview":"max-video-preview:-1"},"canonical":"https:\/\/www.noticiasradioreflejos.com.ar\/2021\/3er-festival-cultural-sobre-las-vias-del-ramal-pringles\/","og_locale":"es_ES","og_type":"article","og_title":"3er Festival Cultural sobre las v\u00edas del ramal Pringles - Noticias Radio Reflejos","og_description":"Domingo 29 de Abril a partir de las 14:30 hs, en la Estaci\u00f3n de Cnel Pringles. Las Estaciones del ramal Pringles cobran vida con los vecinos que se suman en las distintas localidades al pedido de recuperar el servicio de trenes de pasajeros y encomiendas en el ramal Pringles del Ferrocarril Roca.","og_url":"https:\/\/www.noticiasradioreflejos.com.ar\/2021\/3er-festival-cultural-sobre-las-vias-del-ramal-pringles\/","og_site_name":"Noticias Radio Reflejos","article_published_time":"2018-04-22T22:12:28+00:00","og_image":[{"width":300,"height":200,"url":"https:\/\/www.noticiasradioreflejos.com.ar\/2021\/wp-content\/uploads\/2021\/07\/logosol300x200.png","type":"image\/png"}],"author":"Arnaldo Botto","twitter_card":"summary_large_image","schema":{"@context":"https:\/\/schema.org","@graph":[{"@type":"WebPage","@id":"https:\/\/www.noticiasradioreflejos.com.ar\/2021\/3er-festival-cultural-sobre-las-vias-del-ramal-pringles\/","url":"https:\/\/www.noticiasradioreflejos.com.ar\/2021\/3er-festival-cultural-sobre-las-vias-del-ramal-pringles\/","name":"3er Festival Cultural sobre las v\u00edas del ramal Pringles - Noticias Radio Reflejos","isPartOf":{"@id":"https:\/\/www.noticiasradioreflejos.com.ar\/2021\/#website"},"datePublished":"2018-04-22T22:12:28+00:00","author":{"@id":"https:\/\/www.noticiasradioreflejos.com.ar\/2021\/#\/schema\/person\/ad82545263dcc5ec0996818884fd5fb1"},"breadcrumb":{"@id":"https:\/\/www.noticiasradioreflejos.com.ar\/2021\/3er-festival-cultural-sobre-las-vias-del-ramal-pringles\/#breadcrumb"},"inLanguage":"es","potentialAction":[{"@type":"ReadAction","target":["https:\/\/www.noticiasradioreflejos.com.ar\/2021\/3er-festival-cultural-sobre-las-vias-del-ramal-pringles\/"]}]},{"@type":"BreadcrumbList","@id":"https:\/\/www.noticiasradioreflejos.com.ar\/2021\/3er-festival-cultural-sobre-las-vias-del-ramal-pringles\/#breadcrumb","itemListElement":[{"@type":"ListItem","position":1,"name":"Portada","item":"https:\/\/www.noticiasradioreflejos.com.ar\/2021\/"},{"@type":"ListItem","position":2,"name":"3er Festival Cultural sobre las v\u00edas del ramal Pringles"}]},{"@type":"WebSite","@id":"https:\/\/www.noticiasradioreflejos.com.ar\/2021\/#website","url":"https:\/\/www.noticiasradioreflejos.com.ar\/2021\/","name":"Noticias Radio Reflejos","description":"Las noticias de mi comarca","potentialAction":[{"@type":"SearchAction","target":{"@type":"EntryPoint","urlTemplate":"https:\/\/www.noticiasradioreflejos.com.ar\/2021\/?s={search_term_string}"},"query-input":{"@type":"PropertyValueSpecification","valueRequired":true,"valueName":"search_term_string"}}],"inLanguage":"es"},{"@type":"Person","@id":"https:\/\/www.noticiasradioreflejos.com.ar\/2021\/#\/schema\/person\/ad82545263dcc5ec0996818884fd5fb1","name":"Arnaldo Botto","image":{"@type":"ImageObject","inLanguage":"es","@id":"https:\/\/www.noticiasradioreflejos.com.ar\/2021\/#\/schema\/person\/image\/","url":"https:\/\/secure.gravatar.com\/avatar\/55cb5e37c1efa326397366e6974cb338056df65cb50e7d64d1cf314e87504837?s=96&d=mm&r=g","contentUrl":"https:\/\/secure.gravatar.com\/avatar\/55cb5e37c1efa326397366e6974cb338056df65cb50e7d64d1cf314e87504837?s=96&d=mm&r=g","caption":"Arnaldo Botto"},"url":"https:\/\/www.noticiasradioreflejos.com.ar\/2021\/author\/arnaldo\/"}]}},"_links":{"self":[{"href":"https:\/\/www.noticiasradioreflejos.com.ar\/2021\/wp-json\/wp\/v2\/posts\/20968","targetHints":{"allow":["GET"]}}],"collection":[{"href":"https:\/\/www.noticiasradioreflejos.com.ar\/2021\/wp-json\/wp\/v2\/posts"}],"about":[{"href":"https:\/\/www.noticiasradioreflejos.com.ar\/2021\/wp-json\/wp\/v2\/types\/post"}],"author":[{"embeddable":true,"href":"https:\/\/www.noticiasradioreflejos.com.ar\/2021\/wp-json\/wp\/v2\/users\/3"}],"replies":[{"embeddable":true,"href":"https:\/\/www.noticiasradioreflejos.com.ar\/2021\/wp-json\/wp\/v2\/comments?post=20968"}],"version-history":[{"count":0,"href":"https:\/\/www.noticiasradioreflejos.com.ar\/2021\/wp-json\/wp\/v2\/posts\/20968\/revisions"}],"wp:attachment":[{"href":"https:\/\/www.noticiasradioreflejos.com.ar\/2021\/wp-json\/wp\/v2\/media?parent=20968"}],"wp:term":[{"taxonomy":"category","embeddable":true,"href":"https:\/\/www.noticiasradioreflejos.com.ar\/2021\/wp-json\/wp\/v2\/categories?post=20968"},{"taxonomy":"post_tag","embeddable":true,"href":"https:\/\/www.noticiasradioreflejos.com.ar\/2021\/wp-json\/wp\/v2\/tags?post=20968"}],"curies":[{"name":"wp","href":"https:\/\/api.w.org\/{rel}","templated":true}]}}