{"id":20949,"date":"2018-04-20T16:10:04","date_gmt":"2018-04-20T19:10:04","guid":{"rendered":"http:\/\/www.noticiasradioreflejos.com.ar\/noticias\/?p=20949"},"modified":"2018-04-20T16:10:04","modified_gmt":"2018-04-20T19:10:04","slug":"rudy-guemes-en-tornquist-2","status":"publish","type":"post","link":"https:\/\/www.noticiasradioreflejos.com.ar\/2021\/rudy-guemes-en-tornquist-2\/","title":{"rendered":"Rudy G\u00fcemes en Tornquist"},"content":{"rendered":"<div><span style=\"font-family: verdana, sans-serif;\">El S\u00c1BADO 05 DE MAYO<b>\u00a0a las 17.00\u00a0<\/b>se presentar\u00e1 en el\u00a0<b>Teatro Funke\u00a0\u00a0<\/b>el artista CIRCENSE de car\u00e1cter internacional\u00a0<b>RUDY G\u00dcEMES, con su show \u00abESPECTACULAR ESPECT\u00c1CULO\u00bb<\/b>\u00a0<\/span><\/div>\n<p><!--more--><span style=\"font-family: verdana, sans-serif;\">Fusionando el clown, el circo, el humor y la m\u00fasica especialmente seleccionada para cada rutina: manipulaci\u00f3n de objetos, cigarbox, malabares, rodados, esferas de cristal, el impactante hombre globo entre otras y otras performances.<\/span><\/p>\n<div><span style=\"font-family: verdana, sans-serif;\">El p\u00fablico es el motor que da energ\u00eda a este clown multifuncional que juega con lo imprevisto y lo espont\u00e1neo.<\/span><\/div>\n<div><span style=\"font-family: verdana, sans-serif;\">Un clown, el p\u00fablico y un espect\u00e1culo que transitar\u00e1 diferentes estados, asombro, emoci\u00f3n y alegr\u00eda.<\/span><\/div>\n<div><span style=\"font-family: verdana, sans-serif;\">\u00a0<\/span><\/div>\n<div><span style=\"font-family: verdana, sans-serif;\"><i><b>Entradas en venta a partir del lunes 23 de Abril en boleter\u00edas del teatro.<\/b><\/i><\/span><\/div>\n<div><span style=\"font-family: verdana, sans-serif;\"><b>VALOR DE LA ENTRADA: $ 150\u00a0\u00a0<\/b><\/span><\/div>\n","protected":false},"excerpt":{"rendered":"<p>El S\u00c1BADO 05 DE MAYO\u00a0a las 17.00\u00a0se presentar\u00e1 en el\u00a0Teatro Funke\u00a0\u00a0el artista CIRCENSE de car\u00e1cter internacional\u00a0RUDY G\u00dcEMES, con su show \u00abESPECTACULAR ESPECT\u00c1CULO\u00bb\u00a0<\/p>\n","protected":false},"author":3,"featured_media":0,"comment_status":"closed","ping_status":"open","sticky":false,"template":"","format":"standard","meta":{"footnotes":""},"categories":[35],"tags":[],"class_list":["post-20949","post","type-post","status-publish","format-standard","hentry","category-cultura"],"yoast_head":"<!-- This site is optimized with the Yoast SEO plugin v25.9 - https:\/\/yoast.com\/wordpress\/plugins\/seo\/ -->\n<title>Rudy G\u00fcemes en Tornquist - Noticias Radio Reflejos<\/title>\n<meta name=\"robots\" content=\"index, follow, max-snippet:-1, max-image-preview:large, max-video-preview:-1\" \/>\n<link rel=\"canonical\" href=\"https:\/\/www.noticiasradioreflejos.com.ar\/2021\/rudy-guemes-en-tornquist-2\/\" \/>\n<meta property=\"og:locale\" content=\"es_ES\" \/>\n<meta property=\"og:type\" content=\"article\" \/>\n<meta property=\"og:title\" content=\"Rudy G\u00fcemes en Tornquist - Noticias Radio Reflejos\" \/>\n<meta property=\"og:description\" content=\"El S\u00c1BADO 05 DE MAYO\u00a0a las 17.00\u00a0se presentar\u00e1 en el\u00a0Teatro Funke\u00a0\u00a0el artista CIRCENSE de car\u00e1cter internacional\u00a0RUDY G\u00dcEMES, con su show \u00abESPECTACULAR ESPECT\u00c1CULO\u00bb\u00a0\" \/>\n<meta property=\"og:url\" content=\"https:\/\/www.noticiasradioreflejos.com.ar\/2021\/rudy-guemes-en-tornquist-2\/\" \/>\n<meta property=\"og:site_name\" content=\"Noticias Radio Reflejos\" \/>\n<meta property=\"article:published_time\" content=\"2018-04-20T19:10:04+00:00\" \/>\n<meta property=\"og:image\" content=\"https:\/\/www.noticiasradioreflejos.com.ar\/2021\/wp-content\/uploads\/2021\/07\/logosol300x200.png\" \/>\n\t<meta property=\"og:image:width\" content=\"300\" \/>\n\t<meta property=\"og:image:height\" content=\"200\" \/>\n\t<meta property=\"og:image:type\" content=\"image\/png\" \/>\n<meta name=\"author\" content=\"Arnaldo Botto\" \/>\n<meta name=\"twitter:card\" content=\"summary_large_image\" \/>\n<script type=\"application\/ld+json\" class=\"yoast-schema-graph\">{\"@context\":\"https:\/\/schema.org\",\"@graph\":[{\"@type\":\"WebPage\",\"@id\":\"https:\/\/www.noticiasradioreflejos.com.ar\/2021\/rudy-guemes-en-tornquist-2\/\",\"url\":\"https:\/\/www.noticiasradioreflejos.com.ar\/2021\/rudy-guemes-en-tornquist-2\/\",\"name\":\"Rudy G\u00fcemes en Tornquist - Noticias Radio Reflejos\",\"isPartOf\":{\"@id\":\"https:\/\/www.noticiasradioreflejos.com.ar\/2021\/#website\"},\"datePublished\":\"2018-04-20T19:10:04+00:00\",\"author\":{\"@id\":\"https:\/\/www.noticiasradioreflejos.com.ar\/2021\/#\/schema\/person\/ad82545263dcc5ec0996818884fd5fb1\"},\"breadcrumb\":{\"@id\":\"https:\/\/www.noticiasradioreflejos.com.ar\/2021\/rudy-guemes-en-tornquist-2\/#breadcrumb\"},\"inLanguage\":\"es\",\"potentialAction\":[{\"@type\":\"ReadAction\",\"target\":[\"https:\/\/www.noticiasradioreflejos.com.ar\/2021\/rudy-guemes-en-tornquist-2\/\"]}]},{\"@type\":\"BreadcrumbList\",\"@id\":\"https:\/\/www.noticiasradioreflejos.com.ar\/2021\/rudy-guemes-en-tornquist-2\/#breadcrumb\",\"itemListElement\":[{\"@type\":\"ListItem\",\"position\":1,\"name\":\"Portada\",\"item\":\"https:\/\/www.noticiasradioreflejos.com.ar\/2021\/\"},{\"@type\":\"ListItem\",\"position\":2,\"name\":\"Rudy G\u00fcemes en Tornquist\"}]},{\"@type\":\"WebSite\",\"@id\":\"https:\/\/www.noticiasradioreflejos.com.ar\/2021\/#website\",\"url\":\"https:\/\/www.noticiasradioreflejos.com.ar\/2021\/\",\"name\":\"Noticias Radio Reflejos\",\"description\":\"Las noticias de mi comarca\",\"potentialAction\":[{\"@type\":\"SearchAction\",\"target\":{\"@type\":\"EntryPoint\",\"urlTemplate\":\"https:\/\/www.noticiasradioreflejos.com.ar\/2021\/?s={search_term_string}\"},\"query-input\":{\"@type\":\"PropertyValueSpecification\",\"valueRequired\":true,\"valueName\":\"search_term_string\"}}],\"inLanguage\":\"es\"},{\"@type\":\"Person\",\"@id\":\"https:\/\/www.noticiasradioreflejos.com.ar\/2021\/#\/schema\/person\/ad82545263dcc5ec0996818884fd5fb1\",\"name\":\"Arnaldo Botto\",\"image\":{\"@type\":\"ImageObject\",\"inLanguage\":\"es\",\"@id\":\"https:\/\/www.noticiasradioreflejos.com.ar\/2021\/#\/schema\/person\/image\/\",\"url\":\"https:\/\/secure.gravatar.com\/avatar\/55cb5e37c1efa326397366e6974cb338056df65cb50e7d64d1cf314e87504837?s=96&d=mm&r=g\",\"contentUrl\":\"https:\/\/secure.gravatar.com\/avatar\/55cb5e37c1efa326397366e6974cb338056df65cb50e7d64d1cf314e87504837?s=96&d=mm&r=g\",\"caption\":\"Arnaldo Botto\"},\"url\":\"https:\/\/www.noticiasradioreflejos.com.ar\/2021\/author\/arnaldo\/\"}]}<\/script>\n<!-- \/ Yoast SEO plugin. -->","yoast_head_json":{"title":"Rudy G\u00fcemes en Tornquist - Noticias Radio Reflejos","robots":{"index":"index","follow":"follow","max-snippet":"max-snippet:-1","max-image-preview":"max-image-preview:large","max-video-preview":"max-video-preview:-1"},"canonical":"https:\/\/www.noticiasradioreflejos.com.ar\/2021\/rudy-guemes-en-tornquist-2\/","og_locale":"es_ES","og_type":"article","og_title":"Rudy G\u00fcemes en Tornquist - Noticias Radio Reflejos","og_description":"El S\u00c1BADO 05 DE MAYO\u00a0a las 17.00\u00a0se presentar\u00e1 en el\u00a0Teatro Funke\u00a0\u00a0el artista CIRCENSE de car\u00e1cter internacional\u00a0RUDY G\u00dcEMES, con su show \u00abESPECTACULAR ESPECT\u00c1CULO\u00bb\u00a0","og_url":"https:\/\/www.noticiasradioreflejos.com.ar\/2021\/rudy-guemes-en-tornquist-2\/","og_site_name":"Noticias Radio Reflejos","article_published_time":"2018-04-20T19:10:04+00:00","og_image":[{"width":300,"height":200,"url":"https:\/\/www.noticiasradioreflejos.com.ar\/2021\/wp-content\/uploads\/2021\/07\/logosol300x200.png","type":"image\/png"}],"author":"Arnaldo Botto","twitter_card":"summary_large_image","schema":{"@context":"https:\/\/schema.org","@graph":[{"@type":"WebPage","@id":"https:\/\/www.noticiasradioreflejos.com.ar\/2021\/rudy-guemes-en-tornquist-2\/","url":"https:\/\/www.noticiasradioreflejos.com.ar\/2021\/rudy-guemes-en-tornquist-2\/","name":"Rudy G\u00fcemes en Tornquist - Noticias Radio Reflejos","isPartOf":{"@id":"https:\/\/www.noticiasradioreflejos.com.ar\/2021\/#website"},"datePublished":"2018-04-20T19:10:04+00:00","author":{"@id":"https:\/\/www.noticiasradioreflejos.com.ar\/2021\/#\/schema\/person\/ad82545263dcc5ec0996818884fd5fb1"},"breadcrumb":{"@id":"https:\/\/www.noticiasradioreflejos.com.ar\/2021\/rudy-guemes-en-tornquist-2\/#breadcrumb"},"inLanguage":"es","potentialAction":[{"@type":"ReadAction","target":["https:\/\/www.noticiasradioreflejos.com.ar\/2021\/rudy-guemes-en-tornquist-2\/"]}]},{"@type":"BreadcrumbList","@id":"https:\/\/www.noticiasradioreflejos.com.ar\/2021\/rudy-guemes-en-tornquist-2\/#breadcrumb","itemListElement":[{"@type":"ListItem","position":1,"name":"Portada","item":"https:\/\/www.noticiasradioreflejos.com.ar\/2021\/"},{"@type":"ListItem","position":2,"name":"Rudy G\u00fcemes en Tornquist"}]},{"@type":"WebSite","@id":"https:\/\/www.noticiasradioreflejos.com.ar\/2021\/#website","url":"https:\/\/www.noticiasradioreflejos.com.ar\/2021\/","name":"Noticias Radio Reflejos","description":"Las noticias de mi comarca","potentialAction":[{"@type":"SearchAction","target":{"@type":"EntryPoint","urlTemplate":"https:\/\/www.noticiasradioreflejos.com.ar\/2021\/?s={search_term_string}"},"query-input":{"@type":"PropertyValueSpecification","valueRequired":true,"valueName":"search_term_string"}}],"inLanguage":"es"},{"@type":"Person","@id":"https:\/\/www.noticiasradioreflejos.com.ar\/2021\/#\/schema\/person\/ad82545263dcc5ec0996818884fd5fb1","name":"Arnaldo Botto","image":{"@type":"ImageObject","inLanguage":"es","@id":"https:\/\/www.noticiasradioreflejos.com.ar\/2021\/#\/schema\/person\/image\/","url":"https:\/\/secure.gravatar.com\/avatar\/55cb5e37c1efa326397366e6974cb338056df65cb50e7d64d1cf314e87504837?s=96&d=mm&r=g","contentUrl":"https:\/\/secure.gravatar.com\/avatar\/55cb5e37c1efa326397366e6974cb338056df65cb50e7d64d1cf314e87504837?s=96&d=mm&r=g","caption":"Arnaldo Botto"},"url":"https:\/\/www.noticiasradioreflejos.com.ar\/2021\/author\/arnaldo\/"}]}},"_links":{"self":[{"href":"https:\/\/www.noticiasradioreflejos.com.ar\/2021\/wp-json\/wp\/v2\/posts\/20949","targetHints":{"allow":["GET"]}}],"collection":[{"href":"https:\/\/www.noticiasradioreflejos.com.ar\/2021\/wp-json\/wp\/v2\/posts"}],"about":[{"href":"https:\/\/www.noticiasradioreflejos.com.ar\/2021\/wp-json\/wp\/v2\/types\/post"}],"author":[{"embeddable":true,"href":"https:\/\/www.noticiasradioreflejos.com.ar\/2021\/wp-json\/wp\/v2\/users\/3"}],"replies":[{"embeddable":true,"href":"https:\/\/www.noticiasradioreflejos.com.ar\/2021\/wp-json\/wp\/v2\/comments?post=20949"}],"version-history":[{"count":0,"href":"https:\/\/www.noticiasradioreflejos.com.ar\/2021\/wp-json\/wp\/v2\/posts\/20949\/revisions"}],"wp:attachment":[{"href":"https:\/\/www.noticiasradioreflejos.com.ar\/2021\/wp-json\/wp\/v2\/media?parent=20949"}],"wp:term":[{"taxonomy":"category","embeddable":true,"href":"https:\/\/www.noticiasradioreflejos.com.ar\/2021\/wp-json\/wp\/v2\/categories?post=20949"},{"taxonomy":"post_tag","embeddable":true,"href":"https:\/\/www.noticiasradioreflejos.com.ar\/2021\/wp-json\/wp\/v2\/tags?post=20949"}],"curies":[{"name":"wp","href":"https:\/\/api.w.org\/{rel}","templated":true}]}}