{"id":20946,"date":"2018-04-20T16:08:03","date_gmt":"2018-04-20T19:08:03","guid":{"rendered":"http:\/\/www.noticiasradioreflejos.com.ar\/noticias\/?p=20946"},"modified":"2018-04-20T16:08:03","modified_gmt":"2018-04-20T19:08:03","slug":"los-ciudadanos-podran-resolver-todos-los-tramites-sociales-en-un-solo-lugar","status":"publish","type":"post","link":"https:\/\/www.noticiasradioreflejos.com.ar\/2021\/los-ciudadanos-podran-resolver-todos-los-tramites-sociales-en-un-solo-lugar\/","title":{"rendered":"Los ciudadanos podr\u00e1n resolver todos los tr\u00e1mites sociales en un solo lugar"},"content":{"rendered":"<p><em>Con la implementaci\u00f3n de esta nueva modalidad de atenci\u00f3n, la ANSES centralizar\u00e1 gestiones de ministerios como Interior, Obras P\u00fablicas y Vivienda; Desarrollo Social; Salud; Transporte; Energ\u00eda y Miner\u00eda; Educaci\u00f3n; Trabajo, Empleo y Seguridad Social, entre otros.<\/em><!--more--><br \/>\nEn el marco del Decreto 339\/2018 que se public\u00f3 hoy en el Bolet\u00edn Oficial, la ANSES pone en marcha la modalidad de gesti\u00f3n unificada Ventanilla \u00danica Social, un canal de recepci\u00f3n de tr\u00e1mites presenciales y telef\u00f3nicos con el fin de facilitar el acceso de los ciudadanos a las prestaciones y servicios sociales del Estado Nacional, en un solo lugar y sin necesidad de trasladarse de una oficina a la otra.<br \/>\nEl objetivo general de la Ventanilla \u00danica Social es optimizar la experiencia del ciudadano en la gesti\u00f3n de tr\u00e1mites relacionados con la Seguridad Social a lo largo de todo su ciclo de vida, centralizando su interacci\u00f3n en un \u00fanico organismo p\u00fablico: la ANSES.<br \/>\nCon la nueva modalidad, las personas podr\u00e1n realizar ante el organismo previsional gestiones de ministerios como Interior, Obras P\u00fablicas y Vivienda; Desarrollo Social; Salud; Transporte; Energ\u00eda y Miner\u00eda; Educaci\u00f3n; Trabajo, Empleo y Seguridad Social, entre otros.<br \/>\nAl respecto, el Director Ejecutivo de la ANSES, Emilio Basavilbaso, expres\u00f3: \u201cLa ANSES es la cara visible del Estado Nacional ante los ciudadanos. Posee m\u00e1s de 400 oficinas distribuidas a lo largo y ancho de todo el territorio nacional y una l\u00ednea telef\u00f3nica que atiende gratuitamente desde cualquier tel\u00e9fono fijo, lo que permite centralizar los tr\u00e1mites para que todos los pasos que la persona debe llevar adelante se cumplan en un solo mostrador y en un mismo momento. De esta manera, se evita la movilidad de una dependencia a la otra, ahorrando tiempo y dinero\u201d.<br \/>\nLa modalidad de gesti\u00f3n unificada Ventanilla \u00danica Social ampl\u00eda la presencia del Estado en todo el pa\u00eds y, adem\u00e1s, produce un cambio de paradigma de la ANSES, quien se posiciona como el punto de referencia natural donde realizar tr\u00e1mites sociales. Adem\u00e1s, le permite al organismo previsional asignar m\u00e1s beneficios sociales a su principal p\u00fablico objetivo: la poblaci\u00f3n m\u00e1s vulnerable de la sociedad, entendiendo integralmente sus necesidades de salud, transporte, servicios p\u00fablicos, maternidad y documentaci\u00f3n, entre otras.<br \/>\nLa ANSES es un organismo \u00e1gil y moderno, cercano a la gente y que posee actualmente la red de atenci\u00f3n m\u00e1s completa del pa\u00eds. Sus empleados est\u00e1n capacitados en diversos tr\u00e1mites de la Seguridad Social, y la tecnolog\u00eda de la que dispone evitar\u00e1 la fragmentaci\u00f3n de gestiones y la duplicaci\u00f3n de pedidos de informaci\u00f3n desde las distintas entidades p\u00fablicas.<br \/>\nEn este sentido, Basavilbaso manifest\u00f3: \u201cDesde que asumimos la conducci\u00f3n de la ANSES, estamos proyectando y pensando mejoras tanto hacia afuera como hacia adentro: hacia afuera, teniendo como eje al ciudadano y su experiencia como beneficiario, simplificando y unificando la interacci\u00f3n con nuestro organismo y otros entes del Estado Nacional; hacia adentro, teniendo como eje al trabajador y su experiencia laboral y personal, para que cada d\u00eda se desempe\u00f1e de forma ordenada, pr\u00e1ctica y efectiva\u201d.<br \/>\nEn este marco, uno de los pr\u00f3ximos desaf\u00edos es que el 95% de los ciudadanos argentinos est\u00e9n a menos de 30 minutos de una oficina donde puedan resolver todos sus tr\u00e1mites, en un mismo organismo p\u00fablico, que implicar\u00e1 para la ANSES incorporar cerca de 15 millones de transacciones, es decir, el 95% de los tr\u00e1mites sociales. Para cumplir con ese objetivo, la ANSES cuenta con una gran capilaridad y eficacia:<br \/>\n\u2022 M\u00e1s de 400 delegaciones en todo el pa\u00eds.<br \/>\n\u2022 Alrededor de 2000 puntos de atenci\u00f3n itinerantes.<br \/>\n\u2022 2.050.000 personas atendidas por mes de manera presencial.<br \/>\n\u2022 15 minutos de espera promedio en las delegaciones.<br \/>\n\u2022 M\u00faltiples canales de atenci\u00f3n: personalizada, n\u00famero telef\u00f3nico 130, sitio web, redes sociales, Terminales de Autoconsulta Electr\u00f3nica (TAEs).<br \/>\nAsimismo, esta modalidad supone un aumento del 60% en los d\u00edas totales de cobertura anual de toda la red de atenci\u00f3n que ofrece el organismo.<br \/>\nAlgunos de los tr\u00e1mites que ya se est\u00e1n implementando o se implementar\u00e1n en un futuro pr\u00f3ximo son los siguientes:<br \/>\n\u2022 TARIFA SOCIAL FEDERAL<br \/>\n-Transporte: a partir de la publicaci\u00f3n del decreto, se llevar\u00e1 a cabo una prueba piloto en una oficina de la ANSES y luego se replicar\u00e1 en todo el pa\u00eds, en las provincias que utilicen la tarjeta SUBE.<br \/>\n-Energ\u00eda: se incorporar\u00e1 la tarifa social de los servicios de agua, luz y gas.<br \/>\n\u2022 MONOTRIBUTO SOCIAL: a partir de la publicaci\u00f3n del decreto, se llevar\u00e1 a cabo una prueba piloto en una oficina de la ANSES que luego se replicar\u00e1 en todo el pa\u00eds.<br \/>\n\u2022 RENAPER: se atender\u00e1n tr\u00e1mites como la generaci\u00f3n del DNI y del Pasaporte.<br \/>\n\u2022 PAMI: se realizar\u00e1n afiliaciones a la Obra Social.<\/p>\n","protected":false},"excerpt":{"rendered":"<p>Con la implementaci\u00f3n de esta nueva modalidad de atenci\u00f3n, la ANSES centralizar\u00e1 gestiones de ministerios como Interior, Obras P\u00fablicas y Vivienda; Desarrollo Social; Salud; Transporte; Energ\u00eda y Miner\u00eda; Educaci\u00f3n; Trabajo, Empleo y Seguridad Social, entre otros.<\/p>\n","protected":false},"author":3,"featured_media":0,"comment_status":"closed","ping_status":"open","sticky":false,"template":"","format":"standard","meta":{"footnotes":""},"categories":[26],"tags":[],"class_list":["post-20946","post","type-post","status-publish","format-standard","hentry","category-sociedad"],"yoast_head":"<!-- This site is optimized with the Yoast SEO plugin v25.9 - https:\/\/yoast.com\/wordpress\/plugins\/seo\/ -->\n<title>Los ciudadanos podr\u00e1n resolver todos los tr\u00e1mites sociales en un solo lugar - Noticias Radio Reflejos<\/title>\n<meta name=\"robots\" content=\"index, follow, max-snippet:-1, max-image-preview:large, max-video-preview:-1\" \/>\n<link rel=\"canonical\" href=\"https:\/\/www.noticiasradioreflejos.com.ar\/2021\/los-ciudadanos-podran-resolver-todos-los-tramites-sociales-en-un-solo-lugar\/\" \/>\n<meta property=\"og:locale\" content=\"es_ES\" \/>\n<meta property=\"og:type\" content=\"article\" \/>\n<meta property=\"og:title\" content=\"Los ciudadanos podr\u00e1n resolver todos los tr\u00e1mites sociales en un solo lugar - Noticias Radio Reflejos\" \/>\n<meta property=\"og:description\" content=\"Con la implementaci\u00f3n de esta nueva modalidad de atenci\u00f3n, la ANSES centralizar\u00e1 gestiones de ministerios como Interior, Obras P\u00fablicas y Vivienda; Desarrollo Social; Salud; Transporte; Energ\u00eda y Miner\u00eda; Educaci\u00f3n; Trabajo, Empleo y Seguridad Social, entre otros.\" \/>\n<meta property=\"og:url\" content=\"https:\/\/www.noticiasradioreflejos.com.ar\/2021\/los-ciudadanos-podran-resolver-todos-los-tramites-sociales-en-un-solo-lugar\/\" \/>\n<meta property=\"og:site_name\" content=\"Noticias Radio Reflejos\" \/>\n<meta property=\"article:published_time\" content=\"2018-04-20T19:08:03+00:00\" \/>\n<meta property=\"og:image\" content=\"https:\/\/www.noticiasradioreflejos.com.ar\/2021\/wp-content\/uploads\/2021\/07\/logosol300x200.png\" \/>\n\t<meta property=\"og:image:width\" content=\"300\" \/>\n\t<meta property=\"og:image:height\" content=\"200\" \/>\n\t<meta property=\"og:image:type\" content=\"image\/png\" \/>\n<meta name=\"author\" content=\"Arnaldo Botto\" \/>\n<meta name=\"twitter:card\" content=\"summary_large_image\" \/>\n<script type=\"application\/ld+json\" class=\"yoast-schema-graph\">{\"@context\":\"https:\/\/schema.org\",\"@graph\":[{\"@type\":\"WebPage\",\"@id\":\"https:\/\/www.noticiasradioreflejos.com.ar\/2021\/los-ciudadanos-podran-resolver-todos-los-tramites-sociales-en-un-solo-lugar\/\",\"url\":\"https:\/\/www.noticiasradioreflejos.com.ar\/2021\/los-ciudadanos-podran-resolver-todos-los-tramites-sociales-en-un-solo-lugar\/\",\"name\":\"Los ciudadanos podr\u00e1n resolver todos los tr\u00e1mites sociales en un solo lugar - Noticias Radio Reflejos\",\"isPartOf\":{\"@id\":\"https:\/\/www.noticiasradioreflejos.com.ar\/2021\/#website\"},\"datePublished\":\"2018-04-20T19:08:03+00:00\",\"author\":{\"@id\":\"https:\/\/www.noticiasradioreflejos.com.ar\/2021\/#\/schema\/person\/ad82545263dcc5ec0996818884fd5fb1\"},\"breadcrumb\":{\"@id\":\"https:\/\/www.noticiasradioreflejos.com.ar\/2021\/los-ciudadanos-podran-resolver-todos-los-tramites-sociales-en-un-solo-lugar\/#breadcrumb\"},\"inLanguage\":\"es\",\"potentialAction\":[{\"@type\":\"ReadAction\",\"target\":[\"https:\/\/www.noticiasradioreflejos.com.ar\/2021\/los-ciudadanos-podran-resolver-todos-los-tramites-sociales-en-un-solo-lugar\/\"]}]},{\"@type\":\"BreadcrumbList\",\"@id\":\"https:\/\/www.noticiasradioreflejos.com.ar\/2021\/los-ciudadanos-podran-resolver-todos-los-tramites-sociales-en-un-solo-lugar\/#breadcrumb\",\"itemListElement\":[{\"@type\":\"ListItem\",\"position\":1,\"name\":\"Portada\",\"item\":\"https:\/\/www.noticiasradioreflejos.com.ar\/2021\/\"},{\"@type\":\"ListItem\",\"position\":2,\"name\":\"Los ciudadanos podr\u00e1n resolver todos los tr\u00e1mites sociales en un solo lugar\"}]},{\"@type\":\"WebSite\",\"@id\":\"https:\/\/www.noticiasradioreflejos.com.ar\/2021\/#website\",\"url\":\"https:\/\/www.noticiasradioreflejos.com.ar\/2021\/\",\"name\":\"Noticias Radio Reflejos\",\"description\":\"Las noticias de mi comarca\",\"potentialAction\":[{\"@type\":\"SearchAction\",\"target\":{\"@type\":\"EntryPoint\",\"urlTemplate\":\"https:\/\/www.noticiasradioreflejos.com.ar\/2021\/?s={search_term_string}\"},\"query-input\":{\"@type\":\"PropertyValueSpecification\",\"valueRequired\":true,\"valueName\":\"search_term_string\"}}],\"inLanguage\":\"es\"},{\"@type\":\"Person\",\"@id\":\"https:\/\/www.noticiasradioreflejos.com.ar\/2021\/#\/schema\/person\/ad82545263dcc5ec0996818884fd5fb1\",\"name\":\"Arnaldo Botto\",\"image\":{\"@type\":\"ImageObject\",\"inLanguage\":\"es\",\"@id\":\"https:\/\/www.noticiasradioreflejos.com.ar\/2021\/#\/schema\/person\/image\/\",\"url\":\"https:\/\/secure.gravatar.com\/avatar\/55cb5e37c1efa326397366e6974cb338056df65cb50e7d64d1cf314e87504837?s=96&d=mm&r=g\",\"contentUrl\":\"https:\/\/secure.gravatar.com\/avatar\/55cb5e37c1efa326397366e6974cb338056df65cb50e7d64d1cf314e87504837?s=96&d=mm&r=g\",\"caption\":\"Arnaldo Botto\"},\"url\":\"https:\/\/www.noticiasradioreflejos.com.ar\/2021\/author\/arnaldo\/\"}]}<\/script>\n<!-- \/ Yoast SEO plugin. -->","yoast_head_json":{"title":"Los ciudadanos podr\u00e1n resolver todos los tr\u00e1mites sociales en un solo lugar - Noticias Radio Reflejos","robots":{"index":"index","follow":"follow","max-snippet":"max-snippet:-1","max-image-preview":"max-image-preview:large","max-video-preview":"max-video-preview:-1"},"canonical":"https:\/\/www.noticiasradioreflejos.com.ar\/2021\/los-ciudadanos-podran-resolver-todos-los-tramites-sociales-en-un-solo-lugar\/","og_locale":"es_ES","og_type":"article","og_title":"Los ciudadanos podr\u00e1n resolver todos los tr\u00e1mites sociales en un solo lugar - Noticias Radio Reflejos","og_description":"Con la implementaci\u00f3n de esta nueva modalidad de atenci\u00f3n, la ANSES centralizar\u00e1 gestiones de ministerios como Interior, Obras P\u00fablicas y Vivienda; Desarrollo Social; Salud; Transporte; Energ\u00eda y Miner\u00eda; Educaci\u00f3n; Trabajo, Empleo y Seguridad Social, entre otros.","og_url":"https:\/\/www.noticiasradioreflejos.com.ar\/2021\/los-ciudadanos-podran-resolver-todos-los-tramites-sociales-en-un-solo-lugar\/","og_site_name":"Noticias Radio Reflejos","article_published_time":"2018-04-20T19:08:03+00:00","og_image":[{"width":300,"height":200,"url":"https:\/\/www.noticiasradioreflejos.com.ar\/2021\/wp-content\/uploads\/2021\/07\/logosol300x200.png","type":"image\/png"}],"author":"Arnaldo Botto","twitter_card":"summary_large_image","schema":{"@context":"https:\/\/schema.org","@graph":[{"@type":"WebPage","@id":"https:\/\/www.noticiasradioreflejos.com.ar\/2021\/los-ciudadanos-podran-resolver-todos-los-tramites-sociales-en-un-solo-lugar\/","url":"https:\/\/www.noticiasradioreflejos.com.ar\/2021\/los-ciudadanos-podran-resolver-todos-los-tramites-sociales-en-un-solo-lugar\/","name":"Los ciudadanos podr\u00e1n resolver todos los tr\u00e1mites sociales en un solo lugar - Noticias Radio Reflejos","isPartOf":{"@id":"https:\/\/www.noticiasradioreflejos.com.ar\/2021\/#website"},"datePublished":"2018-04-20T19:08:03+00:00","author":{"@id":"https:\/\/www.noticiasradioreflejos.com.ar\/2021\/#\/schema\/person\/ad82545263dcc5ec0996818884fd5fb1"},"breadcrumb":{"@id":"https:\/\/www.noticiasradioreflejos.com.ar\/2021\/los-ciudadanos-podran-resolver-todos-los-tramites-sociales-en-un-solo-lugar\/#breadcrumb"},"inLanguage":"es","potentialAction":[{"@type":"ReadAction","target":["https:\/\/www.noticiasradioreflejos.com.ar\/2021\/los-ciudadanos-podran-resolver-todos-los-tramites-sociales-en-un-solo-lugar\/"]}]},{"@type":"BreadcrumbList","@id":"https:\/\/www.noticiasradioreflejos.com.ar\/2021\/los-ciudadanos-podran-resolver-todos-los-tramites-sociales-en-un-solo-lugar\/#breadcrumb","itemListElement":[{"@type":"ListItem","position":1,"name":"Portada","item":"https:\/\/www.noticiasradioreflejos.com.ar\/2021\/"},{"@type":"ListItem","position":2,"name":"Los ciudadanos podr\u00e1n resolver todos los tr\u00e1mites sociales en un solo lugar"}]},{"@type":"WebSite","@id":"https:\/\/www.noticiasradioreflejos.com.ar\/2021\/#website","url":"https:\/\/www.noticiasradioreflejos.com.ar\/2021\/","name":"Noticias Radio Reflejos","description":"Las noticias de mi comarca","potentialAction":[{"@type":"SearchAction","target":{"@type":"EntryPoint","urlTemplate":"https:\/\/www.noticiasradioreflejos.com.ar\/2021\/?s={search_term_string}"},"query-input":{"@type":"PropertyValueSpecification","valueRequired":true,"valueName":"search_term_string"}}],"inLanguage":"es"},{"@type":"Person","@id":"https:\/\/www.noticiasradioreflejos.com.ar\/2021\/#\/schema\/person\/ad82545263dcc5ec0996818884fd5fb1","name":"Arnaldo Botto","image":{"@type":"ImageObject","inLanguage":"es","@id":"https:\/\/www.noticiasradioreflejos.com.ar\/2021\/#\/schema\/person\/image\/","url":"https:\/\/secure.gravatar.com\/avatar\/55cb5e37c1efa326397366e6974cb338056df65cb50e7d64d1cf314e87504837?s=96&d=mm&r=g","contentUrl":"https:\/\/secure.gravatar.com\/avatar\/55cb5e37c1efa326397366e6974cb338056df65cb50e7d64d1cf314e87504837?s=96&d=mm&r=g","caption":"Arnaldo Botto"},"url":"https:\/\/www.noticiasradioreflejos.com.ar\/2021\/author\/arnaldo\/"}]}},"_links":{"self":[{"href":"https:\/\/www.noticiasradioreflejos.com.ar\/2021\/wp-json\/wp\/v2\/posts\/20946","targetHints":{"allow":["GET"]}}],"collection":[{"href":"https:\/\/www.noticiasradioreflejos.com.ar\/2021\/wp-json\/wp\/v2\/posts"}],"about":[{"href":"https:\/\/www.noticiasradioreflejos.com.ar\/2021\/wp-json\/wp\/v2\/types\/post"}],"author":[{"embeddable":true,"href":"https:\/\/www.noticiasradioreflejos.com.ar\/2021\/wp-json\/wp\/v2\/users\/3"}],"replies":[{"embeddable":true,"href":"https:\/\/www.noticiasradioreflejos.com.ar\/2021\/wp-json\/wp\/v2\/comments?post=20946"}],"version-history":[{"count":0,"href":"https:\/\/www.noticiasradioreflejos.com.ar\/2021\/wp-json\/wp\/v2\/posts\/20946\/revisions"}],"wp:attachment":[{"href":"https:\/\/www.noticiasradioreflejos.com.ar\/2021\/wp-json\/wp\/v2\/media?parent=20946"}],"wp:term":[{"taxonomy":"category","embeddable":true,"href":"https:\/\/www.noticiasradioreflejos.com.ar\/2021\/wp-json\/wp\/v2\/categories?post=20946"},{"taxonomy":"post_tag","embeddable":true,"href":"https:\/\/www.noticiasradioreflejos.com.ar\/2021\/wp-json\/wp\/v2\/tags?post=20946"}],"curies":[{"name":"wp","href":"https:\/\/api.w.org\/{rel}","templated":true}]}}