{"id":20932,"date":"2018-04-20T20:47:11","date_gmt":"2018-04-20T23:47:11","guid":{"rendered":"http:\/\/www.noticiasradioreflejos.com.ar\/noticias\/?p=20932"},"modified":"2018-04-20T20:47:11","modified_gmt":"2018-04-20T23:47:11","slug":"una-movida-importante-en-la-cual-invitamos-a-la-gente-de-sierra-de-la-ventana-y-de-la-zona-que-quiera-acercarse-y-disfrutar","status":"publish","type":"post","link":"https:\/\/www.noticiasradioreflejos.com.ar\/2021\/una-movida-importante-en-la-cual-invitamos-a-la-gente-de-sierra-de-la-ventana-y-de-la-zona-que-quiera-acercarse-y-disfrutar\/","title":{"rendered":"&quot;Una movida importante en la cual invitamos a la gente de Sierra de la Ventana, y de la zona que quiera acercarse, y disfrutar&quot;"},"content":{"rendered":"<p><a href=\"http:\/\/www.noticiasradioreflejos.com.ar\/noticias\/wp-content\/uploads\/2018\/04\/30739253_896888643817879_3656635926403615668_n.jpg\"><img loading=\"lazy\" decoding=\"async\" class=\"alignleft size-full wp-image-20740\" src=\"http:\/\/www.noticiasradioreflejos.com.ar\/noticias\/wp-content\/uploads\/2018\/04\/30739253_896888643817879_3656635926403615668_n.jpg\" alt=\"30739253_896888643817879_3656635926403615668_n\" width=\"846\" height=\"479\" \/><\/a>El <strong>Prof. Eber Piedrabuena<\/strong> dirige la Escuelita de F\u00fatbol del Club A. Ventana desde hace 4 a\u00f1os. Durante su visita a nuestros estudios, conocemos como se trabaja en la instituci\u00f3n, los proyectos para el corriente a\u00f1o y en especial, la organizaci\u00f3n para el gran encuentro que se realizar\u00e1 el lunes 30 de Abril en el predio de Galileo Galilei, instalaciones del Club Ventana, que tendr\u00e1 la visita de 14 instituciones deportivas de toda la regi\u00f3n.<!--more--><br \/>\n\u00abHace 4 a\u00f1os que estoy, con los mas chiquitos, la verdad que es un placer trabajar, trabajar c\u00f3modo, porque aveces uno trabaja generalmente por ah\u00ed en algo que le gusta pero si no se siente c\u00f3modo es dif\u00edcil trabajar y bueno, la verdad muy c\u00f3modo, tanto por las comisiones que me han tocado durante mi trabajo y por la gente que esta trabajando en el tema f\u00fatbol dentro del club, tanto arriba de la primera divisi\u00f3n, hasta las menores, es un grupo b\u00e1rbaro, en este momento estamos alrededor de 45 chicos, va alternando depende mucho de los d\u00edas y las temperaturas, cuando llegue el invierno seguramente va a mermar un poco, pero bueno, estamos alrededor de esa cantidad de chicos, generalmente se acerca Lucas Arias a darme una mano, vaya casualidades Lucas, fue uno de los chicos que tuve de alumno cuando tenia 12\/13 a\u00f1os, en f\u00fatbol y hoy me toca tener a su hijo, como yo les digo a los chicos, no es que el profe sea viejo sino que los padres son grandes\u00bb, expres\u00f3 entre risas-.<br \/>\nRespecto al gran encuentro, Eber nos cont\u00f3, \u00abEste a\u00f1o contando la nuestra son 14 escuelitas las que vamos a estar en el encuentro de escuelitas que nos corresponde a nosotros el 30 de Abril, se reparten las fechas de la liga, el a\u00f1o pasado nos toco el primero de Mayo, un d\u00eda hermoso, sali\u00f3 todo b\u00e1rbaro, y este a\u00f1o como es un trabajo desgastante, es un trabajo de un d\u00eda pero, la preparaci\u00f3n de la cancha, la movida de los pap\u00e1s en la cantina, sacamos la cuenta a grandes rasgos, va a haber entre 700 y 750 chicos aproximadamente, jugando. El encuentro del a\u00f1o pasado salio muy lindo, y gracias a eso, hoy por hoy el Club Ventana esta bien visto en la zona, y ni siquiera tenemos que invitar a las dem\u00e1s escuelitas para que vengan, directamente te llaman y te dicen (che haces el encuentro que hiciste el a\u00f1o pasado para primero de mayo?), y tengo escuelitas que me han quedado sin invitar, y decirle a algunas escuelitas (mira te invito para el pr\u00f3ximo encuentro porque este realmente no nos va a dar la capacidad para meter mas escuelitas), asique bueno una movida importante, en la cual invitamos a la gente de Sierra de la Ventana, y de la zona que quiera acercarse, y disfrutar, porque realmente los partidos de los chiquitos se disfrutan un mont\u00f3n, uno no busca la competencia entre todos los profes, no nos interesa el resultado, ac\u00e1 los mas importante es que los chicos la pasen bien. Van a hacer su debut los mas chiquititos que tenemos en la escuela, tienen 4 y 5 a\u00f1os, van a hacer su debut, es un placer verlos jugar a los chiquitos, uno se emociona de verlos con la felicidad que juegan al f\u00fatbol, y no les importa nada, van, vienen, corren, se tiran al piso, la verdad que es algo muy lindo, asique bueno, esperamos a toda la gente, vamos a tener equipos de Bah\u00eda Blanca, nos visita Olimpo y Tiro Federal, Dubl\u00edn, Mundial y Barrio Rucci, es un encuentro zonal, tenemos Pacifico de Cabildo, los equipos de la liga de Coronel Pringles, Automoto, y Argentinos de Pig\u00fce, asique va a ser un encuentro bien regional. En esto van a estar encargados los pap\u00e1s, tanto de la escuelita, como de las menores, porque decidimos trabajar en forma conjunta, hay grupos de padres que acompa\u00f1an mucho, no son la mayor\u00eda pero bueno, est\u00e1n siempre y al pie del ca\u00f1\u00f3n, como ayer les dije, en este encuentro les voy a tirar todo el fardo a ellos, para el tema de la cantina, va a haber un esmerado servicio de cantina, va a haber dos cantinas para descomprimir, se van a hacer 15 canchas, va a estar todo el predio del Club Ventana desbordado. Justo es el fin de semana largo, va a haber mucha gente, esto es una vez al a\u00f1o, espero que la gente sepa disculpar si molesta algo, pero bueno es una oportunidad que como decimos vulgarmente el club puede juntar unos pesitos para poder mantenerse durante el a\u00f1o. A los clubes se los invita, no se les cobra ninguna inscripci\u00f3n ni nada, va a ser un lunes muy movidito. Ojala que este lindo as\u00ed se puede disfrutar de toda la jornada, que va arrancar a las 10 de la ma\u00f1ana, y va a ser de corrido hasta las 14, o 14:30hs\u00bb.<br \/>\n\u00abLos esperamos a todos el d\u00eda 30 de Abril, a partir de las 10 de la ma\u00f1ana, que se acerquen a mirar, a ver como se trabaja en el club, y de paso dan una manito al Club de ac\u00e1 de Sierra de la Ventana\u00bb, Finaliz\u00f3 Eber Piedrabuena<br \/>\nNOTA COMPLETA:<br \/>\n<iframe loading=\"lazy\" src=\"https:\/\/w.soundcloud.com\/player\/?url=https%3A\/\/api.soundcloud.com\/tracks\/432601212&amp;color=%23ff5500&amp;auto_play=false&amp;hide_related=false&amp;show_comments=true&amp;show_user=true&amp;show_reposts=false&amp;show_teaser=true\" width=\"100%\" height=\"166\" frameborder=\"no\" scrolling=\"no\"><\/iframe><\/p>\n","protected":false},"excerpt":{"rendered":"<p>El Prof. Eber Piedrabuena dirige la Escuelita de F\u00fatbol del Club A. Ventana desde hace 4 a\u00f1os. Durante su visita a nuestros estudios, conocemos como se trabaja en la instituci\u00f3n, los proyectos para el corriente a\u00f1o y en especial, la organizaci\u00f3n para el gran encuentro que se realizar\u00e1 el lunes 30 de Abril en el [&hellip;]<\/p>\n","protected":false},"author":3,"featured_media":0,"comment_status":"closed","ping_status":"open","sticky":false,"template":"","format":"standard","meta":{"footnotes":""},"categories":[27],"tags":[],"class_list":["post-20932","post","type-post","status-publish","format-standard","hentry","category-deportes"],"yoast_head":"<!-- This site is optimized with the Yoast SEO plugin v25.9 - https:\/\/yoast.com\/wordpress\/plugins\/seo\/ -->\n<title>&quot;Una movida importante en la cual invitamos a la gente de Sierra de la Ventana, y de la zona que quiera acercarse, y disfrutar&quot; - Noticias Radio Reflejos<\/title>\n<meta name=\"robots\" content=\"index, follow, max-snippet:-1, max-image-preview:large, max-video-preview:-1\" \/>\n<link rel=\"canonical\" href=\"https:\/\/www.noticiasradioreflejos.com.ar\/2021\/una-movida-importante-en-la-cual-invitamos-a-la-gente-de-sierra-de-la-ventana-y-de-la-zona-que-quiera-acercarse-y-disfrutar\/\" \/>\n<meta property=\"og:locale\" content=\"es_ES\" \/>\n<meta property=\"og:type\" content=\"article\" \/>\n<meta property=\"og:title\" content=\"&quot;Una movida importante en la cual invitamos a la gente de Sierra de la Ventana, y de la zona que quiera acercarse, y disfrutar&quot; - Noticias Radio Reflejos\" \/>\n<meta property=\"og:description\" content=\"El Prof. Eber Piedrabuena dirige la Escuelita de F\u00fatbol del Club A. Ventana desde hace 4 a\u00f1os. Durante su visita a nuestros estudios, conocemos como se trabaja en la instituci\u00f3n, los proyectos para el corriente a\u00f1o y en especial, la organizaci\u00f3n para el gran encuentro que se realizar\u00e1 el lunes 30 de Abril en el [&hellip;]\" \/>\n<meta property=\"og:url\" content=\"https:\/\/www.noticiasradioreflejos.com.ar\/2021\/una-movida-importante-en-la-cual-invitamos-a-la-gente-de-sierra-de-la-ventana-y-de-la-zona-que-quiera-acercarse-y-disfrutar\/\" \/>\n<meta property=\"og:site_name\" content=\"Noticias Radio Reflejos\" \/>\n<meta property=\"article:published_time\" content=\"2018-04-20T23:47:11+00:00\" \/>\n<meta property=\"og:image\" content=\"https:\/\/www.noticiasradioreflejos.com.ar\/2021\/wp-content\/uploads\/2021\/07\/logosol300x200.png\" \/>\n\t<meta property=\"og:image:width\" content=\"300\" \/>\n\t<meta property=\"og:image:height\" content=\"200\" \/>\n\t<meta property=\"og:image:type\" content=\"image\/png\" \/>\n<meta name=\"author\" content=\"Arnaldo Botto\" \/>\n<meta name=\"twitter:card\" content=\"summary_large_image\" \/>\n<script type=\"application\/ld+json\" class=\"yoast-schema-graph\">{\"@context\":\"https:\/\/schema.org\",\"@graph\":[{\"@type\":\"WebPage\",\"@id\":\"https:\/\/www.noticiasradioreflejos.com.ar\/2021\/una-movida-importante-en-la-cual-invitamos-a-la-gente-de-sierra-de-la-ventana-y-de-la-zona-que-quiera-acercarse-y-disfrutar\/\",\"url\":\"https:\/\/www.noticiasradioreflejos.com.ar\/2021\/una-movida-importante-en-la-cual-invitamos-a-la-gente-de-sierra-de-la-ventana-y-de-la-zona-que-quiera-acercarse-y-disfrutar\/\",\"name\":\"&quot;Una movida importante en la cual invitamos a la gente de Sierra de la Ventana, y de la zona que quiera acercarse, y disfrutar&quot; - Noticias Radio Reflejos\",\"isPartOf\":{\"@id\":\"https:\/\/www.noticiasradioreflejos.com.ar\/2021\/#website\"},\"primaryImageOfPage\":{\"@id\":\"https:\/\/www.noticiasradioreflejos.com.ar\/2021\/una-movida-importante-en-la-cual-invitamos-a-la-gente-de-sierra-de-la-ventana-y-de-la-zona-que-quiera-acercarse-y-disfrutar\/#primaryimage\"},\"image\":{\"@id\":\"https:\/\/www.noticiasradioreflejos.com.ar\/2021\/una-movida-importante-en-la-cual-invitamos-a-la-gente-de-sierra-de-la-ventana-y-de-la-zona-que-quiera-acercarse-y-disfrutar\/#primaryimage\"},\"thumbnailUrl\":\"http:\/\/www.noticiasradioreflejos.com.ar\/noticias\/wp-content\/uploads\/2018\/04\/30739253_896888643817879_3656635926403615668_n.jpg\",\"datePublished\":\"2018-04-20T23:47:11+00:00\",\"author\":{\"@id\":\"https:\/\/www.noticiasradioreflejos.com.ar\/2021\/#\/schema\/person\/ad82545263dcc5ec0996818884fd5fb1\"},\"breadcrumb\":{\"@id\":\"https:\/\/www.noticiasradioreflejos.com.ar\/2021\/una-movida-importante-en-la-cual-invitamos-a-la-gente-de-sierra-de-la-ventana-y-de-la-zona-que-quiera-acercarse-y-disfrutar\/#breadcrumb\"},\"inLanguage\":\"es\",\"potentialAction\":[{\"@type\":\"ReadAction\",\"target\":[\"https:\/\/www.noticiasradioreflejos.com.ar\/2021\/una-movida-importante-en-la-cual-invitamos-a-la-gente-de-sierra-de-la-ventana-y-de-la-zona-que-quiera-acercarse-y-disfrutar\/\"]}]},{\"@type\":\"ImageObject\",\"inLanguage\":\"es\",\"@id\":\"https:\/\/www.noticiasradioreflejos.com.ar\/2021\/una-movida-importante-en-la-cual-invitamos-a-la-gente-de-sierra-de-la-ventana-y-de-la-zona-que-quiera-acercarse-y-disfrutar\/#primaryimage\",\"url\":\"http:\/\/www.noticiasradioreflejos.com.ar\/noticias\/wp-content\/uploads\/2018\/04\/30739253_896888643817879_3656635926403615668_n.jpg\",\"contentUrl\":\"http:\/\/www.noticiasradioreflejos.com.ar\/noticias\/wp-content\/uploads\/2018\/04\/30739253_896888643817879_3656635926403615668_n.jpg\"},{\"@type\":\"BreadcrumbList\",\"@id\":\"https:\/\/www.noticiasradioreflejos.com.ar\/2021\/una-movida-importante-en-la-cual-invitamos-a-la-gente-de-sierra-de-la-ventana-y-de-la-zona-que-quiera-acercarse-y-disfrutar\/#breadcrumb\",\"itemListElement\":[{\"@type\":\"ListItem\",\"position\":1,\"name\":\"Portada\",\"item\":\"https:\/\/www.noticiasradioreflejos.com.ar\/2021\/\"},{\"@type\":\"ListItem\",\"position\":2,\"name\":\"&quot;Una movida importante en la cual invitamos a la gente de Sierra de la Ventana, y de la zona que quiera acercarse, y disfrutar&quot;\"}]},{\"@type\":\"WebSite\",\"@id\":\"https:\/\/www.noticiasradioreflejos.com.ar\/2021\/#website\",\"url\":\"https:\/\/www.noticiasradioreflejos.com.ar\/2021\/\",\"name\":\"Noticias Radio Reflejos\",\"description\":\"Las noticias de mi comarca\",\"potentialAction\":[{\"@type\":\"SearchAction\",\"target\":{\"@type\":\"EntryPoint\",\"urlTemplate\":\"https:\/\/www.noticiasradioreflejos.com.ar\/2021\/?s={search_term_string}\"},\"query-input\":{\"@type\":\"PropertyValueSpecification\",\"valueRequired\":true,\"valueName\":\"search_term_string\"}}],\"inLanguage\":\"es\"},{\"@type\":\"Person\",\"@id\":\"https:\/\/www.noticiasradioreflejos.com.ar\/2021\/#\/schema\/person\/ad82545263dcc5ec0996818884fd5fb1\",\"name\":\"Arnaldo Botto\",\"image\":{\"@type\":\"ImageObject\",\"inLanguage\":\"es\",\"@id\":\"https:\/\/www.noticiasradioreflejos.com.ar\/2021\/#\/schema\/person\/image\/\",\"url\":\"https:\/\/secure.gravatar.com\/avatar\/55cb5e37c1efa326397366e6974cb338056df65cb50e7d64d1cf314e87504837?s=96&d=mm&r=g\",\"contentUrl\":\"https:\/\/secure.gravatar.com\/avatar\/55cb5e37c1efa326397366e6974cb338056df65cb50e7d64d1cf314e87504837?s=96&d=mm&r=g\",\"caption\":\"Arnaldo Botto\"},\"url\":\"https:\/\/www.noticiasradioreflejos.com.ar\/2021\/author\/arnaldo\/\"}]}<\/script>\n<!-- \/ Yoast SEO plugin. -->","yoast_head_json":{"title":"&quot;Una movida importante en la cual invitamos a la gente de Sierra de la Ventana, y de la zona que quiera acercarse, y disfrutar&quot; - Noticias Radio Reflejos","robots":{"index":"index","follow":"follow","max-snippet":"max-snippet:-1","max-image-preview":"max-image-preview:large","max-video-preview":"max-video-preview:-1"},"canonical":"https:\/\/www.noticiasradioreflejos.com.ar\/2021\/una-movida-importante-en-la-cual-invitamos-a-la-gente-de-sierra-de-la-ventana-y-de-la-zona-que-quiera-acercarse-y-disfrutar\/","og_locale":"es_ES","og_type":"article","og_title":"&quot;Una movida importante en la cual invitamos a la gente de Sierra de la Ventana, y de la zona que quiera acercarse, y disfrutar&quot; - Noticias Radio Reflejos","og_description":"El Prof. Eber Piedrabuena dirige la Escuelita de F\u00fatbol del Club A. Ventana desde hace 4 a\u00f1os. Durante su visita a nuestros estudios, conocemos como se trabaja en la instituci\u00f3n, los proyectos para el corriente a\u00f1o y en especial, la organizaci\u00f3n para el gran encuentro que se realizar\u00e1 el lunes 30 de Abril en el [&hellip;]","og_url":"https:\/\/www.noticiasradioreflejos.com.ar\/2021\/una-movida-importante-en-la-cual-invitamos-a-la-gente-de-sierra-de-la-ventana-y-de-la-zona-que-quiera-acercarse-y-disfrutar\/","og_site_name":"Noticias Radio Reflejos","article_published_time":"2018-04-20T23:47:11+00:00","og_image":[{"width":300,"height":200,"url":"https:\/\/www.noticiasradioreflejos.com.ar\/2021\/wp-content\/uploads\/2021\/07\/logosol300x200.png","type":"image\/png"}],"author":"Arnaldo Botto","twitter_card":"summary_large_image","schema":{"@context":"https:\/\/schema.org","@graph":[{"@type":"WebPage","@id":"https:\/\/www.noticiasradioreflejos.com.ar\/2021\/una-movida-importante-en-la-cual-invitamos-a-la-gente-de-sierra-de-la-ventana-y-de-la-zona-que-quiera-acercarse-y-disfrutar\/","url":"https:\/\/www.noticiasradioreflejos.com.ar\/2021\/una-movida-importante-en-la-cual-invitamos-a-la-gente-de-sierra-de-la-ventana-y-de-la-zona-que-quiera-acercarse-y-disfrutar\/","name":"&quot;Una movida importante en la cual invitamos a la gente de Sierra de la Ventana, y de la zona que quiera acercarse, y disfrutar&quot; - Noticias Radio Reflejos","isPartOf":{"@id":"https:\/\/www.noticiasradioreflejos.com.ar\/2021\/#website"},"primaryImageOfPage":{"@id":"https:\/\/www.noticiasradioreflejos.com.ar\/2021\/una-movida-importante-en-la-cual-invitamos-a-la-gente-de-sierra-de-la-ventana-y-de-la-zona-que-quiera-acercarse-y-disfrutar\/#primaryimage"},"image":{"@id":"https:\/\/www.noticiasradioreflejos.com.ar\/2021\/una-movida-importante-en-la-cual-invitamos-a-la-gente-de-sierra-de-la-ventana-y-de-la-zona-que-quiera-acercarse-y-disfrutar\/#primaryimage"},"thumbnailUrl":"http:\/\/www.noticiasradioreflejos.com.ar\/noticias\/wp-content\/uploads\/2018\/04\/30739253_896888643817879_3656635926403615668_n.jpg","datePublished":"2018-04-20T23:47:11+00:00","author":{"@id":"https:\/\/www.noticiasradioreflejos.com.ar\/2021\/#\/schema\/person\/ad82545263dcc5ec0996818884fd5fb1"},"breadcrumb":{"@id":"https:\/\/www.noticiasradioreflejos.com.ar\/2021\/una-movida-importante-en-la-cual-invitamos-a-la-gente-de-sierra-de-la-ventana-y-de-la-zona-que-quiera-acercarse-y-disfrutar\/#breadcrumb"},"inLanguage":"es","potentialAction":[{"@type":"ReadAction","target":["https:\/\/www.noticiasradioreflejos.com.ar\/2021\/una-movida-importante-en-la-cual-invitamos-a-la-gente-de-sierra-de-la-ventana-y-de-la-zona-que-quiera-acercarse-y-disfrutar\/"]}]},{"@type":"ImageObject","inLanguage":"es","@id":"https:\/\/www.noticiasradioreflejos.com.ar\/2021\/una-movida-importante-en-la-cual-invitamos-a-la-gente-de-sierra-de-la-ventana-y-de-la-zona-que-quiera-acercarse-y-disfrutar\/#primaryimage","url":"http:\/\/www.noticiasradioreflejos.com.ar\/noticias\/wp-content\/uploads\/2018\/04\/30739253_896888643817879_3656635926403615668_n.jpg","contentUrl":"http:\/\/www.noticiasradioreflejos.com.ar\/noticias\/wp-content\/uploads\/2018\/04\/30739253_896888643817879_3656635926403615668_n.jpg"},{"@type":"BreadcrumbList","@id":"https:\/\/www.noticiasradioreflejos.com.ar\/2021\/una-movida-importante-en-la-cual-invitamos-a-la-gente-de-sierra-de-la-ventana-y-de-la-zona-que-quiera-acercarse-y-disfrutar\/#breadcrumb","itemListElement":[{"@type":"ListItem","position":1,"name":"Portada","item":"https:\/\/www.noticiasradioreflejos.com.ar\/2021\/"},{"@type":"ListItem","position":2,"name":"&quot;Una movida importante en la cual invitamos a la gente de Sierra de la Ventana, y de la zona que quiera acercarse, y disfrutar&quot;"}]},{"@type":"WebSite","@id":"https:\/\/www.noticiasradioreflejos.com.ar\/2021\/#website","url":"https:\/\/www.noticiasradioreflejos.com.ar\/2021\/","name":"Noticias Radio Reflejos","description":"Las noticias de mi comarca","potentialAction":[{"@type":"SearchAction","target":{"@type":"EntryPoint","urlTemplate":"https:\/\/www.noticiasradioreflejos.com.ar\/2021\/?s={search_term_string}"},"query-input":{"@type":"PropertyValueSpecification","valueRequired":true,"valueName":"search_term_string"}}],"inLanguage":"es"},{"@type":"Person","@id":"https:\/\/www.noticiasradioreflejos.com.ar\/2021\/#\/schema\/person\/ad82545263dcc5ec0996818884fd5fb1","name":"Arnaldo Botto","image":{"@type":"ImageObject","inLanguage":"es","@id":"https:\/\/www.noticiasradioreflejos.com.ar\/2021\/#\/schema\/person\/image\/","url":"https:\/\/secure.gravatar.com\/avatar\/55cb5e37c1efa326397366e6974cb338056df65cb50e7d64d1cf314e87504837?s=96&d=mm&r=g","contentUrl":"https:\/\/secure.gravatar.com\/avatar\/55cb5e37c1efa326397366e6974cb338056df65cb50e7d64d1cf314e87504837?s=96&d=mm&r=g","caption":"Arnaldo Botto"},"url":"https:\/\/www.noticiasradioreflejos.com.ar\/2021\/author\/arnaldo\/"}]}},"_links":{"self":[{"href":"https:\/\/www.noticiasradioreflejos.com.ar\/2021\/wp-json\/wp\/v2\/posts\/20932","targetHints":{"allow":["GET"]}}],"collection":[{"href":"https:\/\/www.noticiasradioreflejos.com.ar\/2021\/wp-json\/wp\/v2\/posts"}],"about":[{"href":"https:\/\/www.noticiasradioreflejos.com.ar\/2021\/wp-json\/wp\/v2\/types\/post"}],"author":[{"embeddable":true,"href":"https:\/\/www.noticiasradioreflejos.com.ar\/2021\/wp-json\/wp\/v2\/users\/3"}],"replies":[{"embeddable":true,"href":"https:\/\/www.noticiasradioreflejos.com.ar\/2021\/wp-json\/wp\/v2\/comments?post=20932"}],"version-history":[{"count":0,"href":"https:\/\/www.noticiasradioreflejos.com.ar\/2021\/wp-json\/wp\/v2\/posts\/20932\/revisions"}],"wp:attachment":[{"href":"https:\/\/www.noticiasradioreflejos.com.ar\/2021\/wp-json\/wp\/v2\/media?parent=20932"}],"wp:term":[{"taxonomy":"category","embeddable":true,"href":"https:\/\/www.noticiasradioreflejos.com.ar\/2021\/wp-json\/wp\/v2\/categories?post=20932"},{"taxonomy":"post_tag","embeddable":true,"href":"https:\/\/www.noticiasradioreflejos.com.ar\/2021\/wp-json\/wp\/v2\/tags?post=20932"}],"curies":[{"name":"wp","href":"https:\/\/api.w.org\/{rel}","templated":true}]}}