{"id":20927,"date":"2018-04-20T11:01:14","date_gmt":"2018-04-20T14:01:14","guid":{"rendered":"http:\/\/www.noticiasradioreflejos.com.ar\/noticias\/?p=20927"},"modified":"2018-04-20T11:01:14","modified_gmt":"2018-04-20T14:01:14","slug":"campeonato-de-cross-country-en-saldungaray","status":"publish","type":"post","link":"https:\/\/www.noticiasradioreflejos.com.ar\/2021\/campeonato-de-cross-country-en-saldungaray\/","title":{"rendered":"&quot;Que se enteren en el distrito que tenemos chicos que est\u00e1n trabajando que se matan en los entrenamientos, y que encima triunfan&quot;"},"content":{"rendered":"<p><a title=\"campeonato de atletismo\" href=\"http:\/\/farm1.staticflickr.com\/891\/40869372574_4cf6a32849.jpg\" rel=\"\"><img loading=\"lazy\" decoding=\"async\" class=\"alignleft\" style=\"float: left;\" title=\"campeonato de atletismo\" src=\"http:\/\/farm1.staticflickr.com\/891\/40869372574_4cf6a32849.jpg\" alt=\"campeonato de atletismo\" width=\"500\" height=\"354\" \/><\/a>Se disputar\u00e1 este domingo 22 en la localidad serrana a partir de las 9 de la ma\u00f1ana para todas las categor\u00edas.<br \/>\nEnrique \u00abQuique\u00bb Cabral, entrenador de la Escuela Municipal de Atletismo de tornquist nos visita e informa sobre esta importante actividad puntable que se desarrolla en 3 jornadas, la primera fue en Tornquist el pasado 8 de abril, este domingo 22 la segunda, en Saldungaray y finalizar\u00e1 en el mes de mayo en Sierra de la Ventana, prueba selectivo para campeonato provincial.<!--more--><br \/>\nTambi\u00e9n aprovechamos para conocer toda la actividad deportiva atl\u00e9tica que dirige Cabral con mas de 80 alumnos entre Villa Ventana y Saldungaray.<br \/>\nExpectativas, necesidades, promesas incumplidas con muy poco apoyo del gobierno y una f\u00e9rrea posici\u00f3n en bien del deporte y de la salud de los j\u00f3venes de la comarca, lo llevan a luchar contra viento y marea para que no se pierda la actividad deportiva.<br \/>\n\u00abMuy contentos por la actividad que estamos haciendo, muchos chicos en atletismo estamos teniendo en Villa, y ahora comenzamos el martes retomamos las actividades en Saldungaray. Seguimos en el mismo lugar, tenemos 57 chicos ahora los estoy dividiendo en dos grupos a la ma\u00f1ana y a la tarde porque no se puede con todo, y en Saldungaray calculamos unos 25\/30 chicos vamos a tener este a\u00f1o asique va a ser bastante trabajoso todo. Es una actividad nueva porque ac\u00e1 en el distrito no se conoc\u00eda lo que era el atletismo, hubo varios intentos de querer hacer algo, pero bueno, quedo trunco y esto lo venimos continuando hace 4 a\u00f1os, yo empece en un terreno bald\u00edo al lado de mi casa, me denunciaron por usurpaci\u00f3n y ah\u00ed pase al lugar donde estamos ahora, que es de la capilla de Villa, que nos lo presto, ahora en Saldungaray vamos a comenzar a trabajar al lado del polideportivo y reci\u00e9n acabo de hablar con el delegado que vamos a intentar hacer al lado del ferrocarril vamos a intentar hacer una pista, tambi\u00e9n con una canchita de f\u00fatbol y unas canchitas de rugby como para empezar a dar otros tipos de actividades en la parte de Saldungaray y de paso intentar hacer algunos torneos deportivos\u00bb. Inici\u00f3<br \/>\n\u00abNosotros estamos federados a la Federaci\u00f3n Atletica de la Provincia de Buenos Aires, como Tornquist como municipio, y despu\u00e9s estamos afiliados a la Confederaci\u00f3n Argentina de Atletismo, y a la IAF, y en mes de Noviembre ya tenemos la cantidad de torneos para el a\u00f1o siguiente, porque bueno, hay actividades a nivel mundial, a nivel sudamericano y a nivel nacional, entonces nos preparamos para esas actividades durante esos a\u00f1os y con antelaci\u00f3n en el caso de los mas grandes, los mas chiquititos tienen actividades menores, pero los mas grandes ya tienen actividades selectivos para sudamericano, selectivo para olimpiadas, est\u00e1n todos federados, tienen que estar federados sino no podemos participar en ning\u00fan evento organizado por la confederaci\u00f3n, y sino tampoco entran en los ranking, y sino tampoco podemos participar, y si no los federas tampoco tenes seguro, por si llega a pasar algo dentro de la pista. Tenemos todos los chicos federados y andando bien, este a\u00f1o estamos participando en muchos torneos, tenemos bastantes chicas tambi\u00e9n, porque es un deporte que no incentiva a hacer atletismo a las chicas, est\u00e1n haciendo todas hockey o voley, pero tenemos varias chicas dedicadas a hacer atletismo, y la verdad bienvenido sea\u00bb, Cont\u00f3.<br \/>\n\u00abLamentablemente tenemos muchas promesas, tenemos un proyecto grande una pista, de una cancha de f\u00fatbol, una cancha de voley, y dejamos el lugar para el playon deportivo que Villa Ventana todav\u00eda no tiene, hace varios a\u00f1os esta pago y no se hizo nunca, y tambi\u00e9n dejamos un lugar para hacer una pileta de nataci\u00f3n, en ese proyecto, en la entrada de Villa, quedo trunco, pero tampoco hubo ganas de la municipalidad de hacer un emprendimiento de ese tipo, le presente un proyecto ahora el a\u00f1o pasado, al presidente del Concejo Deliberante para tambi\u00e9n hacer algo a nivel general tampoco no lo quisieron, asique estamos luchando con esto, y ahora con la nueva directora de deportes, prometi\u00f3 arreglar la pista de Tornquist, vamos a ver si es cierto, aunque sea para los bonaerenses, y ahora reci\u00e9n vengo de hablar con el delegado, eso es mas firme, de aca de Saldungaray, que vamos a intentar hacer una pista de c\u00e9sped ah\u00ed al lado del predio del ferrocarril, eso lo veo mas viable que la pista de Tornquist, porque tiene mas ganas el delegado de ac\u00e1 de Saldungaray que toda la gente de Tornquist, de hacer su pista de atletismo all\u00e1\u00bb.<br \/>\n\u00abEl atletismo lo que hace es que incorpora a todos los chicos, no discrimina a nadie, el chico que es gordito, que es alto, que es flaco, todos pueden hacer actividad atl\u00e9tica, por ah\u00ed en otros deportes no est\u00e1n capacitados, porque no les da el f\u00edsico, pero en atletismo si, entonces bueno, es inclusivo, el atletismo lo que hace es incorporarlos y mejorarlos, a levantarles el autoestima, entonces mejora en la vida social tambi\u00e9n, porque se siente participativo, se siente que lo escuchan, que lo tienen en cuenta, y hay muchos chicos a nivel mundial\u00bb.<br \/>\n\u00abSe reunieron en la municipalidad y no me pod\u00edan pagar un sueldo ami, para poder dar la actividad, asique le dije que lo hago gratis igual, entonces pertenecemos a la municipalidad, porque tenemos un respaldo con el seguro y estamos afiliados, y yo lo hago gratuitamente, y a los chicos tambi\u00e9n no se les cobra nada, entonces esa es la condici\u00f3n, la otra condici\u00f3n era que tuvi\u00e9ramos la posibilidad de hacer viajes que los solventara el municipio, despu\u00e9s nosotros nos pagamos el alojamiento, la comida, pero por lo menos llevarlos a Azul, Tandil, a Bah\u00eda Blanca, a Mar del Plata, pero no del todo bien nos fue el a\u00f1o pasado, tuvimos algunos torneos que pudimos ir, otros importantes que no, otros nos pagamos nosotros los viajes, y este a\u00f1o seguimos igual, tuvimos un viaje a Bah\u00eda ahora que nos llevaron en la combi, pero bueno este fin de semana tenemos otro torneo en Bah\u00eda y ya la combi esta ocupada, entonces no podemos llevar a los chicos, asique estamos viendo la posibilidad de que los padres ayuden para poder llevar a la cantidad de chicos que tenemos, vamos a ver si vamos con veh\u00edculos particulares, pero bueno, es trabajo de hormiga, tenemos mas de 30 chicos para llevar, es complicado, y los chicos quieren participar, est\u00e1n entrenando todo el a\u00f1o y quieren participar, es cuesti\u00f3n de seguir, a nosotros nos gusta lo que hacemos, vamos a estar al pie del ca\u00f1\u00f3n siempre. Mucha desorganizaci\u00f3n en este mes y medio, y yo no sirvo para estar desorganizado, siendo entrenador sos psic\u00f3logo, sos padre, sos alumno, sos profesor, tenes que resolver problemas tambi\u00e9n de la parte econ\u00f3mica, para ver si podemos viajar, o no podemos viajar, tenemos que estar detr\u00e1s del municipio para ver si pagan lo que tienen que pagar, es muy trabajoso, pero nos gusta, no nos vamos a quejar, uno se siente medio impotente porque no puede cambiar ciertas cosas que est\u00e1n predeterminadas as\u00ed, se encuentra con estas cosas, pero bueno\u00bb. Expres\u00f3 Quique<br \/>\n\u00abHacemos un campeonato Tornquist atletismo de Cross, hacemos en 3 fechas, la primer fecha la hicimos en Tornquist hace dos semanas, ahora le toca a Saldungaray, este domingo, a las 9 comenzamos ah\u00ed cerca del parador, sobre Avenida Corrales, y bueno, hay para todas las categor\u00edas, hasta veteranos, desde 7 a\u00f1os en adelante, todos tienen prueba, en 500, 1000 metros, 2000, 3000, hasta 10km, van a recibir premios los 3 primeros, y suman un puntaje, ese puntaje se acumula con la ultima prueba que va a ser en Sierra, y ah\u00ed se definen los ganadores, que est\u00e1n habilitados para participar, del campeonato provincial, que se va a realizar el primero de Julio, en Balcarce, esta bueno que participen, los que no les guste participar a nivel federados, pueden participar tambi\u00e9n correr por correr, mas que nada para que participe. Es mas que nada para fomentar que se junten. La competencia tiene un valor de inscripci\u00f3n de 100$ por cada fecha, todos reciben medalla, y al finalizar los 3 eventos la parte general digamos, tambi\u00e9n reciben medalla los 3 primeros\u00bb.<br \/>\n\u00abYo lo que no quer\u00eda, por eso estoy entrenando a chicos, es lo que me paso ami, para poder participar yo tenia 3 trabajos, mas el estudio, mas el entrenamiento, para poder viajar, porque mi club no lo pod\u00eda pagar, lo que intento hacer es que a los chicos no les pase lo mismo que me paso ami, que puedan disfrutar, y que el d\u00eda de ma\u00f1ana se puedan desarrollar, yo me perd\u00ed la posibilidad de saber hasta donde pod\u00eda llegar, porque tenia que ir a Cuba a entrenar, y no tuve los 3 mil dolares en su momento para poder ir a Cuba, porque no hab\u00eda apoyo, entonces que si alguno tiene posibilidades de ser bueno el d\u00eda de ma\u00f1ana, darles esa posibilidad, para que lo pueda hacer, ver hasta donde llega, que no sean campeones, pero ver a donde pueden llegar, hay muchos atletas de todas las disciplinas que se est\u00e1n destacando individualmente sin apoyo municipal, esas son cosas que hay que cambiar, que se enteren en el distrito que tenemos gente, chicos que est\u00e1n trabajando que se matan en los entrenamientos, y que encima triunfan\u00bb. Se despidi\u00f3 finalmente \u00abQuique\u00bb Cabral.<br \/>\n<iframe loading=\"lazy\" src=\"https:\/\/w.soundcloud.com\/player\/?url=https%3A\/\/api.soundcloud.com\/tracks\/432583059&amp;color=%23ff5500&amp;auto_play=false&amp;hide_related=false&amp;show_comments=true&amp;show_user=true&amp;show_reposts=false&amp;show_teaser=true\" width=\"100%\" height=\"166\" frameborder=\"no\" scrolling=\"no\"><\/iframe><\/p>\n","protected":false},"excerpt":{"rendered":"<p>Se disputar\u00e1 este domingo 22 en la localidad serrana a partir de las 9 de la ma\u00f1ana para todas las categor\u00edas. Enrique \u00abQuique\u00bb Cabral, entrenador de la Escuela Municipal de Atletismo de tornquist nos visita e informa sobre esta importante actividad puntable que se desarrolla en 3 jornadas, la primera fue en Tornquist el pasado [&hellip;]<\/p>\n","protected":false},"author":3,"featured_media":0,"comment_status":"closed","ping_status":"open","sticky":false,"template":"","format":"standard","meta":{"footnotes":""},"categories":[27],"tags":[],"class_list":["post-20927","post","type-post","status-publish","format-standard","hentry","category-deportes"],"yoast_head":"<!-- This site is optimized with the Yoast SEO plugin v25.9 - https:\/\/yoast.com\/wordpress\/plugins\/seo\/ -->\n<title>&quot;Que se enteren en el distrito que tenemos chicos que est\u00e1n trabajando que se matan en los entrenamientos, y que encima triunfan&quot; - Noticias Radio Reflejos<\/title>\n<meta name=\"robots\" content=\"index, follow, max-snippet:-1, max-image-preview:large, max-video-preview:-1\" \/>\n<link rel=\"canonical\" href=\"https:\/\/www.noticiasradioreflejos.com.ar\/2021\/campeonato-de-cross-country-en-saldungaray\/\" \/>\n<meta property=\"og:locale\" content=\"es_ES\" \/>\n<meta property=\"og:type\" content=\"article\" \/>\n<meta property=\"og:title\" content=\"&quot;Que se enteren en el distrito que tenemos chicos que est\u00e1n trabajando que se matan en los entrenamientos, y que encima triunfan&quot; - Noticias Radio Reflejos\" \/>\n<meta property=\"og:description\" content=\"Se disputar\u00e1 este domingo 22 en la localidad serrana a partir de las 9 de la ma\u00f1ana para todas las categor\u00edas. Enrique \u00abQuique\u00bb Cabral, entrenador de la Escuela Municipal de Atletismo de tornquist nos visita e informa sobre esta importante actividad puntable que se desarrolla en 3 jornadas, la primera fue en Tornquist el pasado [&hellip;]\" \/>\n<meta property=\"og:url\" content=\"https:\/\/www.noticiasradioreflejos.com.ar\/2021\/campeonato-de-cross-country-en-saldungaray\/\" \/>\n<meta property=\"og:site_name\" content=\"Noticias Radio Reflejos\" \/>\n<meta property=\"article:published_time\" content=\"2018-04-20T14:01:14+00:00\" \/>\n<meta property=\"og:image\" content=\"http:\/\/farm1.staticflickr.com\/891\/40869372574_4cf6a32849.jpg\" \/>\n<meta name=\"author\" content=\"Arnaldo Botto\" \/>\n<meta name=\"twitter:card\" content=\"summary_large_image\" \/>\n<script type=\"application\/ld+json\" class=\"yoast-schema-graph\">{\"@context\":\"https:\/\/schema.org\",\"@graph\":[{\"@type\":\"WebPage\",\"@id\":\"https:\/\/www.noticiasradioreflejos.com.ar\/2021\/campeonato-de-cross-country-en-saldungaray\/\",\"url\":\"https:\/\/www.noticiasradioreflejos.com.ar\/2021\/campeonato-de-cross-country-en-saldungaray\/\",\"name\":\"&quot;Que se enteren en el distrito que tenemos chicos que est\u00e1n trabajando que se matan en los entrenamientos, y que encima triunfan&quot; - Noticias Radio Reflejos\",\"isPartOf\":{\"@id\":\"https:\/\/www.noticiasradioreflejos.com.ar\/2021\/#website\"},\"primaryImageOfPage\":{\"@id\":\"https:\/\/www.noticiasradioreflejos.com.ar\/2021\/campeonato-de-cross-country-en-saldungaray\/#primaryimage\"},\"image\":{\"@id\":\"https:\/\/www.noticiasradioreflejos.com.ar\/2021\/campeonato-de-cross-country-en-saldungaray\/#primaryimage\"},\"thumbnailUrl\":\"http:\/\/farm1.staticflickr.com\/891\/40869372574_4cf6a32849.jpg\",\"datePublished\":\"2018-04-20T14:01:14+00:00\",\"author\":{\"@id\":\"https:\/\/www.noticiasradioreflejos.com.ar\/2021\/#\/schema\/person\/ad82545263dcc5ec0996818884fd5fb1\"},\"breadcrumb\":{\"@id\":\"https:\/\/www.noticiasradioreflejos.com.ar\/2021\/campeonato-de-cross-country-en-saldungaray\/#breadcrumb\"},\"inLanguage\":\"es\",\"potentialAction\":[{\"@type\":\"ReadAction\",\"target\":[\"https:\/\/www.noticiasradioreflejos.com.ar\/2021\/campeonato-de-cross-country-en-saldungaray\/\"]}]},{\"@type\":\"ImageObject\",\"inLanguage\":\"es\",\"@id\":\"https:\/\/www.noticiasradioreflejos.com.ar\/2021\/campeonato-de-cross-country-en-saldungaray\/#primaryimage\",\"url\":\"http:\/\/farm1.staticflickr.com\/891\/40869372574_4cf6a32849.jpg\",\"contentUrl\":\"http:\/\/farm1.staticflickr.com\/891\/40869372574_4cf6a32849.jpg\"},{\"@type\":\"BreadcrumbList\",\"@id\":\"https:\/\/www.noticiasradioreflejos.com.ar\/2021\/campeonato-de-cross-country-en-saldungaray\/#breadcrumb\",\"itemListElement\":[{\"@type\":\"ListItem\",\"position\":1,\"name\":\"Portada\",\"item\":\"https:\/\/www.noticiasradioreflejos.com.ar\/2021\/\"},{\"@type\":\"ListItem\",\"position\":2,\"name\":\"&quot;Que se enteren en el distrito que tenemos chicos que est\u00e1n trabajando que se matan en los entrenamientos, y que encima triunfan&quot;\"}]},{\"@type\":\"WebSite\",\"@id\":\"https:\/\/www.noticiasradioreflejos.com.ar\/2021\/#website\",\"url\":\"https:\/\/www.noticiasradioreflejos.com.ar\/2021\/\",\"name\":\"Noticias Radio Reflejos\",\"description\":\"Las noticias de mi comarca\",\"potentialAction\":[{\"@type\":\"SearchAction\",\"target\":{\"@type\":\"EntryPoint\",\"urlTemplate\":\"https:\/\/www.noticiasradioreflejos.com.ar\/2021\/?s={search_term_string}\"},\"query-input\":{\"@type\":\"PropertyValueSpecification\",\"valueRequired\":true,\"valueName\":\"search_term_string\"}}],\"inLanguage\":\"es\"},{\"@type\":\"Person\",\"@id\":\"https:\/\/www.noticiasradioreflejos.com.ar\/2021\/#\/schema\/person\/ad82545263dcc5ec0996818884fd5fb1\",\"name\":\"Arnaldo Botto\",\"image\":{\"@type\":\"ImageObject\",\"inLanguage\":\"es\",\"@id\":\"https:\/\/www.noticiasradioreflejos.com.ar\/2021\/#\/schema\/person\/image\/\",\"url\":\"https:\/\/secure.gravatar.com\/avatar\/55cb5e37c1efa326397366e6974cb338056df65cb50e7d64d1cf314e87504837?s=96&d=mm&r=g\",\"contentUrl\":\"https:\/\/secure.gravatar.com\/avatar\/55cb5e37c1efa326397366e6974cb338056df65cb50e7d64d1cf314e87504837?s=96&d=mm&r=g\",\"caption\":\"Arnaldo Botto\"},\"url\":\"https:\/\/www.noticiasradioreflejos.com.ar\/2021\/author\/arnaldo\/\"}]}<\/script>\n<!-- \/ Yoast SEO plugin. -->","yoast_head_json":{"title":"&quot;Que se enteren en el distrito que tenemos chicos que est\u00e1n trabajando que se matan en los entrenamientos, y que encima triunfan&quot; - Noticias Radio Reflejos","robots":{"index":"index","follow":"follow","max-snippet":"max-snippet:-1","max-image-preview":"max-image-preview:large","max-video-preview":"max-video-preview:-1"},"canonical":"https:\/\/www.noticiasradioreflejos.com.ar\/2021\/campeonato-de-cross-country-en-saldungaray\/","og_locale":"es_ES","og_type":"article","og_title":"&quot;Que se enteren en el distrito que tenemos chicos que est\u00e1n trabajando que se matan en los entrenamientos, y que encima triunfan&quot; - Noticias Radio Reflejos","og_description":"Se disputar\u00e1 este domingo 22 en la localidad serrana a partir de las 9 de la ma\u00f1ana para todas las categor\u00edas. Enrique \u00abQuique\u00bb Cabral, entrenador de la Escuela Municipal de Atletismo de tornquist nos visita e informa sobre esta importante actividad puntable que se desarrolla en 3 jornadas, la primera fue en Tornquist el pasado [&hellip;]","og_url":"https:\/\/www.noticiasradioreflejos.com.ar\/2021\/campeonato-de-cross-country-en-saldungaray\/","og_site_name":"Noticias Radio Reflejos","article_published_time":"2018-04-20T14:01:14+00:00","og_image":[{"url":"http:\/\/farm1.staticflickr.com\/891\/40869372574_4cf6a32849.jpg","type":"","width":"","height":""}],"author":"Arnaldo Botto","twitter_card":"summary_large_image","schema":{"@context":"https:\/\/schema.org","@graph":[{"@type":"WebPage","@id":"https:\/\/www.noticiasradioreflejos.com.ar\/2021\/campeonato-de-cross-country-en-saldungaray\/","url":"https:\/\/www.noticiasradioreflejos.com.ar\/2021\/campeonato-de-cross-country-en-saldungaray\/","name":"&quot;Que se enteren en el distrito que tenemos chicos que est\u00e1n trabajando que se matan en los entrenamientos, y que encima triunfan&quot; - Noticias Radio Reflejos","isPartOf":{"@id":"https:\/\/www.noticiasradioreflejos.com.ar\/2021\/#website"},"primaryImageOfPage":{"@id":"https:\/\/www.noticiasradioreflejos.com.ar\/2021\/campeonato-de-cross-country-en-saldungaray\/#primaryimage"},"image":{"@id":"https:\/\/www.noticiasradioreflejos.com.ar\/2021\/campeonato-de-cross-country-en-saldungaray\/#primaryimage"},"thumbnailUrl":"http:\/\/farm1.staticflickr.com\/891\/40869372574_4cf6a32849.jpg","datePublished":"2018-04-20T14:01:14+00:00","author":{"@id":"https:\/\/www.noticiasradioreflejos.com.ar\/2021\/#\/schema\/person\/ad82545263dcc5ec0996818884fd5fb1"},"breadcrumb":{"@id":"https:\/\/www.noticiasradioreflejos.com.ar\/2021\/campeonato-de-cross-country-en-saldungaray\/#breadcrumb"},"inLanguage":"es","potentialAction":[{"@type":"ReadAction","target":["https:\/\/www.noticiasradioreflejos.com.ar\/2021\/campeonato-de-cross-country-en-saldungaray\/"]}]},{"@type":"ImageObject","inLanguage":"es","@id":"https:\/\/www.noticiasradioreflejos.com.ar\/2021\/campeonato-de-cross-country-en-saldungaray\/#primaryimage","url":"http:\/\/farm1.staticflickr.com\/891\/40869372574_4cf6a32849.jpg","contentUrl":"http:\/\/farm1.staticflickr.com\/891\/40869372574_4cf6a32849.jpg"},{"@type":"BreadcrumbList","@id":"https:\/\/www.noticiasradioreflejos.com.ar\/2021\/campeonato-de-cross-country-en-saldungaray\/#breadcrumb","itemListElement":[{"@type":"ListItem","position":1,"name":"Portada","item":"https:\/\/www.noticiasradioreflejos.com.ar\/2021\/"},{"@type":"ListItem","position":2,"name":"&quot;Que se enteren en el distrito que tenemos chicos que est\u00e1n trabajando que se matan en los entrenamientos, y que encima triunfan&quot;"}]},{"@type":"WebSite","@id":"https:\/\/www.noticiasradioreflejos.com.ar\/2021\/#website","url":"https:\/\/www.noticiasradioreflejos.com.ar\/2021\/","name":"Noticias Radio Reflejos","description":"Las noticias de mi comarca","potentialAction":[{"@type":"SearchAction","target":{"@type":"EntryPoint","urlTemplate":"https:\/\/www.noticiasradioreflejos.com.ar\/2021\/?s={search_term_string}"},"query-input":{"@type":"PropertyValueSpecification","valueRequired":true,"valueName":"search_term_string"}}],"inLanguage":"es"},{"@type":"Person","@id":"https:\/\/www.noticiasradioreflejos.com.ar\/2021\/#\/schema\/person\/ad82545263dcc5ec0996818884fd5fb1","name":"Arnaldo Botto","image":{"@type":"ImageObject","inLanguage":"es","@id":"https:\/\/www.noticiasradioreflejos.com.ar\/2021\/#\/schema\/person\/image\/","url":"https:\/\/secure.gravatar.com\/avatar\/55cb5e37c1efa326397366e6974cb338056df65cb50e7d64d1cf314e87504837?s=96&d=mm&r=g","contentUrl":"https:\/\/secure.gravatar.com\/avatar\/55cb5e37c1efa326397366e6974cb338056df65cb50e7d64d1cf314e87504837?s=96&d=mm&r=g","caption":"Arnaldo Botto"},"url":"https:\/\/www.noticiasradioreflejos.com.ar\/2021\/author\/arnaldo\/"}]}},"_links":{"self":[{"href":"https:\/\/www.noticiasradioreflejos.com.ar\/2021\/wp-json\/wp\/v2\/posts\/20927","targetHints":{"allow":["GET"]}}],"collection":[{"href":"https:\/\/www.noticiasradioreflejos.com.ar\/2021\/wp-json\/wp\/v2\/posts"}],"about":[{"href":"https:\/\/www.noticiasradioreflejos.com.ar\/2021\/wp-json\/wp\/v2\/types\/post"}],"author":[{"embeddable":true,"href":"https:\/\/www.noticiasradioreflejos.com.ar\/2021\/wp-json\/wp\/v2\/users\/3"}],"replies":[{"embeddable":true,"href":"https:\/\/www.noticiasradioreflejos.com.ar\/2021\/wp-json\/wp\/v2\/comments?post=20927"}],"version-history":[{"count":0,"href":"https:\/\/www.noticiasradioreflejos.com.ar\/2021\/wp-json\/wp\/v2\/posts\/20927\/revisions"}],"wp:attachment":[{"href":"https:\/\/www.noticiasradioreflejos.com.ar\/2021\/wp-json\/wp\/v2\/media?parent=20927"}],"wp:term":[{"taxonomy":"category","embeddable":true,"href":"https:\/\/www.noticiasradioreflejos.com.ar\/2021\/wp-json\/wp\/v2\/categories?post=20927"},{"taxonomy":"post_tag","embeddable":true,"href":"https:\/\/www.noticiasradioreflejos.com.ar\/2021\/wp-json\/wp\/v2\/tags?post=20927"}],"curies":[{"name":"wp","href":"https:\/\/api.w.org\/{rel}","templated":true}]}}