{"id":20923,"date":"2018-04-20T09:20:39","date_gmt":"2018-04-20T12:20:39","guid":{"rendered":"http:\/\/www.noticiasradioreflejos.com.ar\/noticias\/?p=20923"},"modified":"2018-04-20T09:20:39","modified_gmt":"2018-04-20T12:20:39","slug":"con-la-venta-de-basura-reciclada-se-compro-material-medico-para-la-caps-de-villa-la-arcadia","status":"publish","type":"post","link":"https:\/\/www.noticiasradioreflejos.com.ar\/2021\/con-la-venta-de-basura-reciclada-se-compro-material-medico-para-la-caps-de-villa-la-arcadia\/","title":{"rendered":"Con la venta de basura reciclada se compr\u00f3 material m\u00e9dico para la CAPS de Villa La Arcadia."},"content":{"rendered":"<p><a title=\"31052135_1629646020485834_1579888751095328728_n\" href=\"http:\/\/farm1.staticflickr.com\/851\/27709533708_242eaca436.jpg\" rel=\"\"><img loading=\"lazy\" decoding=\"async\" class=\"alignleft\" style=\"float: left;\" title=\"31052135_1629646020485834_1579888751095328728_n\" src=\"http:\/\/farm1.staticflickr.com\/851\/27709533708_242eaca436.jpg\" alt=\"31052135_1629646020485834_1579888751095328728_n\" width=\"500\" height=\"374\" \/><\/a>Con un total de $ 8.577 de lo recaudado en la primera venta de residuos reciclables, se compr\u00f3 un Negatoscopio, 10 tensi\u00f3metros, un Doppler Fetal y un Pinar obst\u00e9trico.<!--more--><br \/>\nCon la presencia del secretario de Salud del Municipio de Coronel Su\u00e1rez Rogelio Urizar, el director de Ambiente y Desarrollo Sustentable Juan Pablo Miracca \u2013 que depende de la secretar\u00eda de Servicios P\u00fablicos a cargo de Francisco Franco \u2013 y la delegada de Villa La Arcadia Denisse Pascal, ayer mi\u00e9rcoles 18 de abril, se entreg\u00f3 equipamiento m\u00e9dico para la CAPS local, Barrio Rosario y Villa Belgrano de Coronel Su\u00e1rez.<br \/>\nCabe se\u00f1alar que estos elementos se compraron con la primera venta de material reciclado que fue recolectando la Planta de Reciclado de Coronel Su\u00e1rez gracias a la colaboraci\u00f3n y compromiso de la comunidad.<br \/>\nCon un total de $8.577,41 invertidos, en esta ocasi\u00f3n se compr\u00f3 un Negatoscopio, 10 tensi\u00f3metros \u2013 de los cuales se entregaron 2 a CAPS Villa La Arcadia, 2 a Villa Belgrano y 2 a Barrio Rosario, el resto ser\u00e1n reemplazos de los que se vayan dando de baja -; un Doppler Fetal, y un Pinar obst\u00e9trico.<br \/>\nDurante la entrega estuvieron presentes miembros de la Junta Vecinal de Villa La Arcadia y personal de las CAPS, quienes demostraron mucha felicidad por la entrega ya que ser\u00e1n de buena utilidad para mejorar a\u00fan m\u00e1s la atenci\u00f3n m\u00e9dica a los vecinos del Distrito.<br \/>\nPor \u00faltimo se anunci\u00f3 que la direcci\u00f3n de Ambiente y Desarrollo Sustentable ya entreg\u00f3 $14.476 a la secretar\u00eda de Salud del Municipio de Coronel Su\u00e1rez para que se determine cu\u00e1les son las prioridades y qu\u00e9 es lo que necesitan de urgencia las CAPS.<\/p>\n","protected":false},"excerpt":{"rendered":"<p>Con un total de $ 8.577 de lo recaudado en la primera venta de residuos reciclables, se compr\u00f3 un Negatoscopio, 10 tensi\u00f3metros, un Doppler Fetal y un Pinar obst\u00e9trico.<\/p>\n","protected":false},"author":3,"featured_media":0,"comment_status":"closed","ping_status":"open","sticky":false,"template":"","format":"standard","meta":{"footnotes":""},"categories":[28],"tags":[],"class_list":["post-20923","post","type-post","status-publish","format-standard","hentry","category-municipales"],"yoast_head":"<!-- This site is optimized with the Yoast SEO plugin v25.9 - https:\/\/yoast.com\/wordpress\/plugins\/seo\/ -->\n<title>Con la venta de basura reciclada se compr\u00f3 material m\u00e9dico para la CAPS de Villa La Arcadia. - Noticias Radio Reflejos<\/title>\n<meta name=\"robots\" content=\"index, follow, max-snippet:-1, max-image-preview:large, max-video-preview:-1\" \/>\n<link rel=\"canonical\" href=\"https:\/\/www.noticiasradioreflejos.com.ar\/2021\/con-la-venta-de-basura-reciclada-se-compro-material-medico-para-la-caps-de-villa-la-arcadia\/\" \/>\n<meta property=\"og:locale\" content=\"es_ES\" \/>\n<meta property=\"og:type\" content=\"article\" \/>\n<meta property=\"og:title\" content=\"Con la venta de basura reciclada se compr\u00f3 material m\u00e9dico para la CAPS de Villa La Arcadia. - Noticias Radio Reflejos\" \/>\n<meta property=\"og:description\" content=\"Con un total de $ 8.577 de lo recaudado en la primera venta de residuos reciclables, se compr\u00f3 un Negatoscopio, 10 tensi\u00f3metros, un Doppler Fetal y un Pinar obst\u00e9trico.\" \/>\n<meta property=\"og:url\" content=\"https:\/\/www.noticiasradioreflejos.com.ar\/2021\/con-la-venta-de-basura-reciclada-se-compro-material-medico-para-la-caps-de-villa-la-arcadia\/\" \/>\n<meta property=\"og:site_name\" content=\"Noticias Radio Reflejos\" \/>\n<meta property=\"article:published_time\" content=\"2018-04-20T12:20:39+00:00\" \/>\n<meta property=\"og:image\" content=\"http:\/\/farm1.staticflickr.com\/851\/27709533708_242eaca436.jpg\" \/>\n<meta name=\"author\" content=\"Arnaldo Botto\" \/>\n<meta name=\"twitter:card\" content=\"summary_large_image\" \/>\n<script type=\"application\/ld+json\" class=\"yoast-schema-graph\">{\"@context\":\"https:\/\/schema.org\",\"@graph\":[{\"@type\":\"WebPage\",\"@id\":\"https:\/\/www.noticiasradioreflejos.com.ar\/2021\/con-la-venta-de-basura-reciclada-se-compro-material-medico-para-la-caps-de-villa-la-arcadia\/\",\"url\":\"https:\/\/www.noticiasradioreflejos.com.ar\/2021\/con-la-venta-de-basura-reciclada-se-compro-material-medico-para-la-caps-de-villa-la-arcadia\/\",\"name\":\"Con la venta de basura reciclada se compr\u00f3 material m\u00e9dico para la CAPS de Villa La Arcadia. - Noticias Radio Reflejos\",\"isPartOf\":{\"@id\":\"https:\/\/www.noticiasradioreflejos.com.ar\/2021\/#website\"},\"primaryImageOfPage\":{\"@id\":\"https:\/\/www.noticiasradioreflejos.com.ar\/2021\/con-la-venta-de-basura-reciclada-se-compro-material-medico-para-la-caps-de-villa-la-arcadia\/#primaryimage\"},\"image\":{\"@id\":\"https:\/\/www.noticiasradioreflejos.com.ar\/2021\/con-la-venta-de-basura-reciclada-se-compro-material-medico-para-la-caps-de-villa-la-arcadia\/#primaryimage\"},\"thumbnailUrl\":\"http:\/\/farm1.staticflickr.com\/851\/27709533708_242eaca436.jpg\",\"datePublished\":\"2018-04-20T12:20:39+00:00\",\"author\":{\"@id\":\"https:\/\/www.noticiasradioreflejos.com.ar\/2021\/#\/schema\/person\/ad82545263dcc5ec0996818884fd5fb1\"},\"breadcrumb\":{\"@id\":\"https:\/\/www.noticiasradioreflejos.com.ar\/2021\/con-la-venta-de-basura-reciclada-se-compro-material-medico-para-la-caps-de-villa-la-arcadia\/#breadcrumb\"},\"inLanguage\":\"es\",\"potentialAction\":[{\"@type\":\"ReadAction\",\"target\":[\"https:\/\/www.noticiasradioreflejos.com.ar\/2021\/con-la-venta-de-basura-reciclada-se-compro-material-medico-para-la-caps-de-villa-la-arcadia\/\"]}]},{\"@type\":\"ImageObject\",\"inLanguage\":\"es\",\"@id\":\"https:\/\/www.noticiasradioreflejos.com.ar\/2021\/con-la-venta-de-basura-reciclada-se-compro-material-medico-para-la-caps-de-villa-la-arcadia\/#primaryimage\",\"url\":\"http:\/\/farm1.staticflickr.com\/851\/27709533708_242eaca436.jpg\",\"contentUrl\":\"http:\/\/farm1.staticflickr.com\/851\/27709533708_242eaca436.jpg\"},{\"@type\":\"BreadcrumbList\",\"@id\":\"https:\/\/www.noticiasradioreflejos.com.ar\/2021\/con-la-venta-de-basura-reciclada-se-compro-material-medico-para-la-caps-de-villa-la-arcadia\/#breadcrumb\",\"itemListElement\":[{\"@type\":\"ListItem\",\"position\":1,\"name\":\"Portada\",\"item\":\"https:\/\/www.noticiasradioreflejos.com.ar\/2021\/\"},{\"@type\":\"ListItem\",\"position\":2,\"name\":\"Con la venta de basura reciclada se compr\u00f3 material m\u00e9dico para la CAPS de Villa La Arcadia.\"}]},{\"@type\":\"WebSite\",\"@id\":\"https:\/\/www.noticiasradioreflejos.com.ar\/2021\/#website\",\"url\":\"https:\/\/www.noticiasradioreflejos.com.ar\/2021\/\",\"name\":\"Noticias Radio Reflejos\",\"description\":\"Las noticias de mi comarca\",\"potentialAction\":[{\"@type\":\"SearchAction\",\"target\":{\"@type\":\"EntryPoint\",\"urlTemplate\":\"https:\/\/www.noticiasradioreflejos.com.ar\/2021\/?s={search_term_string}\"},\"query-input\":{\"@type\":\"PropertyValueSpecification\",\"valueRequired\":true,\"valueName\":\"search_term_string\"}}],\"inLanguage\":\"es\"},{\"@type\":\"Person\",\"@id\":\"https:\/\/www.noticiasradioreflejos.com.ar\/2021\/#\/schema\/person\/ad82545263dcc5ec0996818884fd5fb1\",\"name\":\"Arnaldo Botto\",\"image\":{\"@type\":\"ImageObject\",\"inLanguage\":\"es\",\"@id\":\"https:\/\/www.noticiasradioreflejos.com.ar\/2021\/#\/schema\/person\/image\/\",\"url\":\"https:\/\/secure.gravatar.com\/avatar\/55cb5e37c1efa326397366e6974cb338056df65cb50e7d64d1cf314e87504837?s=96&d=mm&r=g\",\"contentUrl\":\"https:\/\/secure.gravatar.com\/avatar\/55cb5e37c1efa326397366e6974cb338056df65cb50e7d64d1cf314e87504837?s=96&d=mm&r=g\",\"caption\":\"Arnaldo Botto\"},\"url\":\"https:\/\/www.noticiasradioreflejos.com.ar\/2021\/author\/arnaldo\/\"}]}<\/script>\n<!-- \/ Yoast SEO plugin. -->","yoast_head_json":{"title":"Con la venta de basura reciclada se compr\u00f3 material m\u00e9dico para la CAPS de Villa La Arcadia. - Noticias Radio Reflejos","robots":{"index":"index","follow":"follow","max-snippet":"max-snippet:-1","max-image-preview":"max-image-preview:large","max-video-preview":"max-video-preview:-1"},"canonical":"https:\/\/www.noticiasradioreflejos.com.ar\/2021\/con-la-venta-de-basura-reciclada-se-compro-material-medico-para-la-caps-de-villa-la-arcadia\/","og_locale":"es_ES","og_type":"article","og_title":"Con la venta de basura reciclada se compr\u00f3 material m\u00e9dico para la CAPS de Villa La Arcadia. - Noticias Radio Reflejos","og_description":"Con un total de $ 8.577 de lo recaudado en la primera venta de residuos reciclables, se compr\u00f3 un Negatoscopio, 10 tensi\u00f3metros, un Doppler Fetal y un Pinar obst\u00e9trico.","og_url":"https:\/\/www.noticiasradioreflejos.com.ar\/2021\/con-la-venta-de-basura-reciclada-se-compro-material-medico-para-la-caps-de-villa-la-arcadia\/","og_site_name":"Noticias Radio Reflejos","article_published_time":"2018-04-20T12:20:39+00:00","og_image":[{"url":"http:\/\/farm1.staticflickr.com\/851\/27709533708_242eaca436.jpg","type":"","width":"","height":""}],"author":"Arnaldo Botto","twitter_card":"summary_large_image","schema":{"@context":"https:\/\/schema.org","@graph":[{"@type":"WebPage","@id":"https:\/\/www.noticiasradioreflejos.com.ar\/2021\/con-la-venta-de-basura-reciclada-se-compro-material-medico-para-la-caps-de-villa-la-arcadia\/","url":"https:\/\/www.noticiasradioreflejos.com.ar\/2021\/con-la-venta-de-basura-reciclada-se-compro-material-medico-para-la-caps-de-villa-la-arcadia\/","name":"Con la venta de basura reciclada se compr\u00f3 material m\u00e9dico para la CAPS de Villa La Arcadia. - Noticias Radio Reflejos","isPartOf":{"@id":"https:\/\/www.noticiasradioreflejos.com.ar\/2021\/#website"},"primaryImageOfPage":{"@id":"https:\/\/www.noticiasradioreflejos.com.ar\/2021\/con-la-venta-de-basura-reciclada-se-compro-material-medico-para-la-caps-de-villa-la-arcadia\/#primaryimage"},"image":{"@id":"https:\/\/www.noticiasradioreflejos.com.ar\/2021\/con-la-venta-de-basura-reciclada-se-compro-material-medico-para-la-caps-de-villa-la-arcadia\/#primaryimage"},"thumbnailUrl":"http:\/\/farm1.staticflickr.com\/851\/27709533708_242eaca436.jpg","datePublished":"2018-04-20T12:20:39+00:00","author":{"@id":"https:\/\/www.noticiasradioreflejos.com.ar\/2021\/#\/schema\/person\/ad82545263dcc5ec0996818884fd5fb1"},"breadcrumb":{"@id":"https:\/\/www.noticiasradioreflejos.com.ar\/2021\/con-la-venta-de-basura-reciclada-se-compro-material-medico-para-la-caps-de-villa-la-arcadia\/#breadcrumb"},"inLanguage":"es","potentialAction":[{"@type":"ReadAction","target":["https:\/\/www.noticiasradioreflejos.com.ar\/2021\/con-la-venta-de-basura-reciclada-se-compro-material-medico-para-la-caps-de-villa-la-arcadia\/"]}]},{"@type":"ImageObject","inLanguage":"es","@id":"https:\/\/www.noticiasradioreflejos.com.ar\/2021\/con-la-venta-de-basura-reciclada-se-compro-material-medico-para-la-caps-de-villa-la-arcadia\/#primaryimage","url":"http:\/\/farm1.staticflickr.com\/851\/27709533708_242eaca436.jpg","contentUrl":"http:\/\/farm1.staticflickr.com\/851\/27709533708_242eaca436.jpg"},{"@type":"BreadcrumbList","@id":"https:\/\/www.noticiasradioreflejos.com.ar\/2021\/con-la-venta-de-basura-reciclada-se-compro-material-medico-para-la-caps-de-villa-la-arcadia\/#breadcrumb","itemListElement":[{"@type":"ListItem","position":1,"name":"Portada","item":"https:\/\/www.noticiasradioreflejos.com.ar\/2021\/"},{"@type":"ListItem","position":2,"name":"Con la venta de basura reciclada se compr\u00f3 material m\u00e9dico para la CAPS de Villa La Arcadia."}]},{"@type":"WebSite","@id":"https:\/\/www.noticiasradioreflejos.com.ar\/2021\/#website","url":"https:\/\/www.noticiasradioreflejos.com.ar\/2021\/","name":"Noticias Radio Reflejos","description":"Las noticias de mi comarca","potentialAction":[{"@type":"SearchAction","target":{"@type":"EntryPoint","urlTemplate":"https:\/\/www.noticiasradioreflejos.com.ar\/2021\/?s={search_term_string}"},"query-input":{"@type":"PropertyValueSpecification","valueRequired":true,"valueName":"search_term_string"}}],"inLanguage":"es"},{"@type":"Person","@id":"https:\/\/www.noticiasradioreflejos.com.ar\/2021\/#\/schema\/person\/ad82545263dcc5ec0996818884fd5fb1","name":"Arnaldo Botto","image":{"@type":"ImageObject","inLanguage":"es","@id":"https:\/\/www.noticiasradioreflejos.com.ar\/2021\/#\/schema\/person\/image\/","url":"https:\/\/secure.gravatar.com\/avatar\/55cb5e37c1efa326397366e6974cb338056df65cb50e7d64d1cf314e87504837?s=96&d=mm&r=g","contentUrl":"https:\/\/secure.gravatar.com\/avatar\/55cb5e37c1efa326397366e6974cb338056df65cb50e7d64d1cf314e87504837?s=96&d=mm&r=g","caption":"Arnaldo Botto"},"url":"https:\/\/www.noticiasradioreflejos.com.ar\/2021\/author\/arnaldo\/"}]}},"_links":{"self":[{"href":"https:\/\/www.noticiasradioreflejos.com.ar\/2021\/wp-json\/wp\/v2\/posts\/20923","targetHints":{"allow":["GET"]}}],"collection":[{"href":"https:\/\/www.noticiasradioreflejos.com.ar\/2021\/wp-json\/wp\/v2\/posts"}],"about":[{"href":"https:\/\/www.noticiasradioreflejos.com.ar\/2021\/wp-json\/wp\/v2\/types\/post"}],"author":[{"embeddable":true,"href":"https:\/\/www.noticiasradioreflejos.com.ar\/2021\/wp-json\/wp\/v2\/users\/3"}],"replies":[{"embeddable":true,"href":"https:\/\/www.noticiasradioreflejos.com.ar\/2021\/wp-json\/wp\/v2\/comments?post=20923"}],"version-history":[{"count":0,"href":"https:\/\/www.noticiasradioreflejos.com.ar\/2021\/wp-json\/wp\/v2\/posts\/20923\/revisions"}],"wp:attachment":[{"href":"https:\/\/www.noticiasradioreflejos.com.ar\/2021\/wp-json\/wp\/v2\/media?parent=20923"}],"wp:term":[{"taxonomy":"category","embeddable":true,"href":"https:\/\/www.noticiasradioreflejos.com.ar\/2021\/wp-json\/wp\/v2\/categories?post=20923"},{"taxonomy":"post_tag","embeddable":true,"href":"https:\/\/www.noticiasradioreflejos.com.ar\/2021\/wp-json\/wp\/v2\/tags?post=20923"}],"curies":[{"name":"wp","href":"https:\/\/api.w.org\/{rel}","templated":true}]}}