{"id":20911,"date":"2018-04-20T08:06:43","date_gmt":"2018-04-20T11:06:43","guid":{"rendered":"http:\/\/www.noticiasradioreflejos.com.ar\/noticias\/?p=20911"},"modified":"2018-04-20T08:06:43","modified_gmt":"2018-04-20T11:06:43","slug":"automoto-presento-la-indumentaria-de-inferiores","status":"publish","type":"post","link":"https:\/\/www.noticiasradioreflejos.com.ar\/2021\/automoto-presento-la-indumentaria-de-inferiores\/","title":{"rendered":"Automoto present\u00f3 la indumentaria de inferiores"},"content":{"rendered":"<p><a href=\"http:\/\/farm1.staticflickr.com\/886\/26709785747_cfcee58071.jpg\" title=\"DSC_0280\" rel=\"\"><img loading=\"lazy\" decoding=\"async\" src=\"http:\/\/farm1.staticflickr.com\/886\/26709785747_cfcee58071.jpg\" width=\"500\" height=\"333\" alt=\"DSC_0280\" title=\"DSC_0280\" class=\"alignleft\" style=\"float: left;\"><\/a>Con la presencia de los chicos, entrenadores, dirigentes y auspiciantes, el Automoto Club Deportivo present\u00f3 la nueva indumentaria y sponsors de las inferiores de la instituci\u00f3n, durante una iniciativa que se desarroll\u00f3 en la Confiter\u00eda Automoto.<br \/>\nSobre el escenario se colocaron maniqu\u00edes con los nuevos modelos de Sexta, S\u00e9ptima y Octava, que fueron confeccionados por El Pariente DG y Uno + Uno Indumentaria.<!--more--><br \/>\nLos auspiciantes son Casa Daguerre, Pares y Nones, Molinero Grupo Kevalraf, El Cypress, Confiter\u00eda Automoto, Boris Scharff productor de seguros, Panader\u00eda Belgrano, El Pariente DG, Berraco Parce, La Maruca, Minuj\u00edn Automotores, Transporte Guillermo Rossi, Mauricio Grassi veterinario, Carnicer\u00eda El Progreso y Transporte Mario Gandini.<br \/>\n   Las flamantes camisetas, que ser\u00e1n utilizadas el pr\u00f3ximo s\u00e1bado ante Independiente de Pueblo San Jos\u00e9 (primera presentaci\u00f3n en el Agust\u00edn Ruppel), fueron exhibidas por los chicos de cada una de las categor\u00edas.<br \/>\n   Adem\u00e1s, cada sponsor recibi\u00f3 como obsequio una camiseta, que fue entregada por integrantes del grupo de padres que trabaja con las inferiores y la Escuelita Azulgrana.<br \/>\n   Desde el Automoto Club Deportivo queremos agradecerle a todos aquellos que, de una u otra manera, colaboraron para que esta iniciativa fuera posible, principalmente a quienes se comprometieron con el auspicio.<br \/>\n<a href=\"https:\/\/www.facebook.com\/pg\/automototornquist\/photos\/?tab=album&#038;album_id=1850980411588623\">M\u00e1s fotos<\/a><br \/>\nDepartamento de Prensa \u2013 Automoto Club Deportivo<br \/>\nwww.clubautomotopasion.com.ar<br \/>\nFacebook: \/automototornquist<br \/>\nTwitter: @ClubAutomoto<\/p>\n","protected":false},"excerpt":{"rendered":"<p>Con la presencia de los chicos, entrenadores, dirigentes y auspiciantes, el Automoto Club Deportivo present\u00f3 la nueva indumentaria y sponsors de las inferiores de la instituci\u00f3n, durante una iniciativa que se desarroll\u00f3 en la Confiter\u00eda Automoto. Sobre el escenario se colocaron maniqu\u00edes con los nuevos modelos de Sexta, S\u00e9ptima y Octava, que fueron confeccionados por [&hellip;]<\/p>\n","protected":false},"author":3,"featured_media":0,"comment_status":"closed","ping_status":"open","sticky":false,"template":"","format":"standard","meta":{"footnotes":""},"categories":[27],"tags":[],"class_list":["post-20911","post","type-post","status-publish","format-standard","hentry","category-deportes"],"yoast_head":"<!-- This site is optimized with the Yoast SEO plugin v25.9 - https:\/\/yoast.com\/wordpress\/plugins\/seo\/ -->\n<title>Automoto present\u00f3 la indumentaria de inferiores - Noticias Radio Reflejos<\/title>\n<meta name=\"robots\" content=\"index, follow, max-snippet:-1, max-image-preview:large, max-video-preview:-1\" \/>\n<link rel=\"canonical\" href=\"https:\/\/www.noticiasradioreflejos.com.ar\/2021\/automoto-presento-la-indumentaria-de-inferiores\/\" \/>\n<meta property=\"og:locale\" content=\"es_ES\" \/>\n<meta property=\"og:type\" content=\"article\" \/>\n<meta property=\"og:title\" content=\"Automoto present\u00f3 la indumentaria de inferiores - Noticias Radio Reflejos\" \/>\n<meta property=\"og:description\" content=\"Con la presencia de los chicos, entrenadores, dirigentes y auspiciantes, el Automoto Club Deportivo present\u00f3 la nueva indumentaria y sponsors de las inferiores de la instituci\u00f3n, durante una iniciativa que se desarroll\u00f3 en la Confiter\u00eda Automoto. Sobre el escenario se colocaron maniqu\u00edes con los nuevos modelos de Sexta, S\u00e9ptima y Octava, que fueron confeccionados por [&hellip;]\" \/>\n<meta property=\"og:url\" content=\"https:\/\/www.noticiasradioreflejos.com.ar\/2021\/automoto-presento-la-indumentaria-de-inferiores\/\" \/>\n<meta property=\"og:site_name\" content=\"Noticias Radio Reflejos\" \/>\n<meta property=\"article:published_time\" content=\"2018-04-20T11:06:43+00:00\" \/>\n<meta property=\"og:image\" content=\"http:\/\/farm1.staticflickr.com\/886\/26709785747_cfcee58071.jpg\" \/>\n<meta name=\"author\" content=\"Arnaldo Botto\" \/>\n<meta name=\"twitter:card\" content=\"summary_large_image\" \/>\n<script type=\"application\/ld+json\" class=\"yoast-schema-graph\">{\"@context\":\"https:\/\/schema.org\",\"@graph\":[{\"@type\":\"WebPage\",\"@id\":\"https:\/\/www.noticiasradioreflejos.com.ar\/2021\/automoto-presento-la-indumentaria-de-inferiores\/\",\"url\":\"https:\/\/www.noticiasradioreflejos.com.ar\/2021\/automoto-presento-la-indumentaria-de-inferiores\/\",\"name\":\"Automoto present\u00f3 la indumentaria de inferiores - Noticias Radio Reflejos\",\"isPartOf\":{\"@id\":\"https:\/\/www.noticiasradioreflejos.com.ar\/2021\/#website\"},\"primaryImageOfPage\":{\"@id\":\"https:\/\/www.noticiasradioreflejos.com.ar\/2021\/automoto-presento-la-indumentaria-de-inferiores\/#primaryimage\"},\"image\":{\"@id\":\"https:\/\/www.noticiasradioreflejos.com.ar\/2021\/automoto-presento-la-indumentaria-de-inferiores\/#primaryimage\"},\"thumbnailUrl\":\"http:\/\/farm1.staticflickr.com\/886\/26709785747_cfcee58071.jpg\",\"datePublished\":\"2018-04-20T11:06:43+00:00\",\"author\":{\"@id\":\"https:\/\/www.noticiasradioreflejos.com.ar\/2021\/#\/schema\/person\/ad82545263dcc5ec0996818884fd5fb1\"},\"breadcrumb\":{\"@id\":\"https:\/\/www.noticiasradioreflejos.com.ar\/2021\/automoto-presento-la-indumentaria-de-inferiores\/#breadcrumb\"},\"inLanguage\":\"es\",\"potentialAction\":[{\"@type\":\"ReadAction\",\"target\":[\"https:\/\/www.noticiasradioreflejos.com.ar\/2021\/automoto-presento-la-indumentaria-de-inferiores\/\"]}]},{\"@type\":\"ImageObject\",\"inLanguage\":\"es\",\"@id\":\"https:\/\/www.noticiasradioreflejos.com.ar\/2021\/automoto-presento-la-indumentaria-de-inferiores\/#primaryimage\",\"url\":\"http:\/\/farm1.staticflickr.com\/886\/26709785747_cfcee58071.jpg\",\"contentUrl\":\"http:\/\/farm1.staticflickr.com\/886\/26709785747_cfcee58071.jpg\"},{\"@type\":\"BreadcrumbList\",\"@id\":\"https:\/\/www.noticiasradioreflejos.com.ar\/2021\/automoto-presento-la-indumentaria-de-inferiores\/#breadcrumb\",\"itemListElement\":[{\"@type\":\"ListItem\",\"position\":1,\"name\":\"Portada\",\"item\":\"https:\/\/www.noticiasradioreflejos.com.ar\/2021\/\"},{\"@type\":\"ListItem\",\"position\":2,\"name\":\"Automoto present\u00f3 la indumentaria de inferiores\"}]},{\"@type\":\"WebSite\",\"@id\":\"https:\/\/www.noticiasradioreflejos.com.ar\/2021\/#website\",\"url\":\"https:\/\/www.noticiasradioreflejos.com.ar\/2021\/\",\"name\":\"Noticias Radio Reflejos\",\"description\":\"Las noticias de mi comarca\",\"potentialAction\":[{\"@type\":\"SearchAction\",\"target\":{\"@type\":\"EntryPoint\",\"urlTemplate\":\"https:\/\/www.noticiasradioreflejos.com.ar\/2021\/?s={search_term_string}\"},\"query-input\":{\"@type\":\"PropertyValueSpecification\",\"valueRequired\":true,\"valueName\":\"search_term_string\"}}],\"inLanguage\":\"es\"},{\"@type\":\"Person\",\"@id\":\"https:\/\/www.noticiasradioreflejos.com.ar\/2021\/#\/schema\/person\/ad82545263dcc5ec0996818884fd5fb1\",\"name\":\"Arnaldo Botto\",\"image\":{\"@type\":\"ImageObject\",\"inLanguage\":\"es\",\"@id\":\"https:\/\/www.noticiasradioreflejos.com.ar\/2021\/#\/schema\/person\/image\/\",\"url\":\"https:\/\/secure.gravatar.com\/avatar\/55cb5e37c1efa326397366e6974cb338056df65cb50e7d64d1cf314e87504837?s=96&d=mm&r=g\",\"contentUrl\":\"https:\/\/secure.gravatar.com\/avatar\/55cb5e37c1efa326397366e6974cb338056df65cb50e7d64d1cf314e87504837?s=96&d=mm&r=g\",\"caption\":\"Arnaldo Botto\"},\"url\":\"https:\/\/www.noticiasradioreflejos.com.ar\/2021\/author\/arnaldo\/\"}]}<\/script>\n<!-- \/ Yoast SEO plugin. -->","yoast_head_json":{"title":"Automoto present\u00f3 la indumentaria de inferiores - Noticias Radio Reflejos","robots":{"index":"index","follow":"follow","max-snippet":"max-snippet:-1","max-image-preview":"max-image-preview:large","max-video-preview":"max-video-preview:-1"},"canonical":"https:\/\/www.noticiasradioreflejos.com.ar\/2021\/automoto-presento-la-indumentaria-de-inferiores\/","og_locale":"es_ES","og_type":"article","og_title":"Automoto present\u00f3 la indumentaria de inferiores - Noticias Radio Reflejos","og_description":"Con la presencia de los chicos, entrenadores, dirigentes y auspiciantes, el Automoto Club Deportivo present\u00f3 la nueva indumentaria y sponsors de las inferiores de la instituci\u00f3n, durante una iniciativa que se desarroll\u00f3 en la Confiter\u00eda Automoto. Sobre el escenario se colocaron maniqu\u00edes con los nuevos modelos de Sexta, S\u00e9ptima y Octava, que fueron confeccionados por [&hellip;]","og_url":"https:\/\/www.noticiasradioreflejos.com.ar\/2021\/automoto-presento-la-indumentaria-de-inferiores\/","og_site_name":"Noticias Radio Reflejos","article_published_time":"2018-04-20T11:06:43+00:00","og_image":[{"url":"http:\/\/farm1.staticflickr.com\/886\/26709785747_cfcee58071.jpg","type":"","width":"","height":""}],"author":"Arnaldo Botto","twitter_card":"summary_large_image","schema":{"@context":"https:\/\/schema.org","@graph":[{"@type":"WebPage","@id":"https:\/\/www.noticiasradioreflejos.com.ar\/2021\/automoto-presento-la-indumentaria-de-inferiores\/","url":"https:\/\/www.noticiasradioreflejos.com.ar\/2021\/automoto-presento-la-indumentaria-de-inferiores\/","name":"Automoto present\u00f3 la indumentaria de inferiores - Noticias Radio Reflejos","isPartOf":{"@id":"https:\/\/www.noticiasradioreflejos.com.ar\/2021\/#website"},"primaryImageOfPage":{"@id":"https:\/\/www.noticiasradioreflejos.com.ar\/2021\/automoto-presento-la-indumentaria-de-inferiores\/#primaryimage"},"image":{"@id":"https:\/\/www.noticiasradioreflejos.com.ar\/2021\/automoto-presento-la-indumentaria-de-inferiores\/#primaryimage"},"thumbnailUrl":"http:\/\/farm1.staticflickr.com\/886\/26709785747_cfcee58071.jpg","datePublished":"2018-04-20T11:06:43+00:00","author":{"@id":"https:\/\/www.noticiasradioreflejos.com.ar\/2021\/#\/schema\/person\/ad82545263dcc5ec0996818884fd5fb1"},"breadcrumb":{"@id":"https:\/\/www.noticiasradioreflejos.com.ar\/2021\/automoto-presento-la-indumentaria-de-inferiores\/#breadcrumb"},"inLanguage":"es","potentialAction":[{"@type":"ReadAction","target":["https:\/\/www.noticiasradioreflejos.com.ar\/2021\/automoto-presento-la-indumentaria-de-inferiores\/"]}]},{"@type":"ImageObject","inLanguage":"es","@id":"https:\/\/www.noticiasradioreflejos.com.ar\/2021\/automoto-presento-la-indumentaria-de-inferiores\/#primaryimage","url":"http:\/\/farm1.staticflickr.com\/886\/26709785747_cfcee58071.jpg","contentUrl":"http:\/\/farm1.staticflickr.com\/886\/26709785747_cfcee58071.jpg"},{"@type":"BreadcrumbList","@id":"https:\/\/www.noticiasradioreflejos.com.ar\/2021\/automoto-presento-la-indumentaria-de-inferiores\/#breadcrumb","itemListElement":[{"@type":"ListItem","position":1,"name":"Portada","item":"https:\/\/www.noticiasradioreflejos.com.ar\/2021\/"},{"@type":"ListItem","position":2,"name":"Automoto present\u00f3 la indumentaria de inferiores"}]},{"@type":"WebSite","@id":"https:\/\/www.noticiasradioreflejos.com.ar\/2021\/#website","url":"https:\/\/www.noticiasradioreflejos.com.ar\/2021\/","name":"Noticias Radio Reflejos","description":"Las noticias de mi comarca","potentialAction":[{"@type":"SearchAction","target":{"@type":"EntryPoint","urlTemplate":"https:\/\/www.noticiasradioreflejos.com.ar\/2021\/?s={search_term_string}"},"query-input":{"@type":"PropertyValueSpecification","valueRequired":true,"valueName":"search_term_string"}}],"inLanguage":"es"},{"@type":"Person","@id":"https:\/\/www.noticiasradioreflejos.com.ar\/2021\/#\/schema\/person\/ad82545263dcc5ec0996818884fd5fb1","name":"Arnaldo Botto","image":{"@type":"ImageObject","inLanguage":"es","@id":"https:\/\/www.noticiasradioreflejos.com.ar\/2021\/#\/schema\/person\/image\/","url":"https:\/\/secure.gravatar.com\/avatar\/55cb5e37c1efa326397366e6974cb338056df65cb50e7d64d1cf314e87504837?s=96&d=mm&r=g","contentUrl":"https:\/\/secure.gravatar.com\/avatar\/55cb5e37c1efa326397366e6974cb338056df65cb50e7d64d1cf314e87504837?s=96&d=mm&r=g","caption":"Arnaldo Botto"},"url":"https:\/\/www.noticiasradioreflejos.com.ar\/2021\/author\/arnaldo\/"}]}},"_links":{"self":[{"href":"https:\/\/www.noticiasradioreflejos.com.ar\/2021\/wp-json\/wp\/v2\/posts\/20911","targetHints":{"allow":["GET"]}}],"collection":[{"href":"https:\/\/www.noticiasradioreflejos.com.ar\/2021\/wp-json\/wp\/v2\/posts"}],"about":[{"href":"https:\/\/www.noticiasradioreflejos.com.ar\/2021\/wp-json\/wp\/v2\/types\/post"}],"author":[{"embeddable":true,"href":"https:\/\/www.noticiasradioreflejos.com.ar\/2021\/wp-json\/wp\/v2\/users\/3"}],"replies":[{"embeddable":true,"href":"https:\/\/www.noticiasradioreflejos.com.ar\/2021\/wp-json\/wp\/v2\/comments?post=20911"}],"version-history":[{"count":0,"href":"https:\/\/www.noticiasradioreflejos.com.ar\/2021\/wp-json\/wp\/v2\/posts\/20911\/revisions"}],"wp:attachment":[{"href":"https:\/\/www.noticiasradioreflejos.com.ar\/2021\/wp-json\/wp\/v2\/media?parent=20911"}],"wp:term":[{"taxonomy":"category","embeddable":true,"href":"https:\/\/www.noticiasradioreflejos.com.ar\/2021\/wp-json\/wp\/v2\/categories?post=20911"},{"taxonomy":"post_tag","embeddable":true,"href":"https:\/\/www.noticiasradioreflejos.com.ar\/2021\/wp-json\/wp\/v2\/tags?post=20911"}],"curies":[{"name":"wp","href":"https:\/\/api.w.org\/{rel}","templated":true}]}}