{"id":20908,"date":"2018-04-20T08:25:04","date_gmt":"2018-04-20T11:25:04","guid":{"rendered":"http:\/\/www.noticiasradioreflejos.com.ar\/noticias\/?p=20908"},"modified":"2018-04-20T08:25:04","modified_gmt":"2018-04-20T11:25:04","slug":"invitacion-curso-a-distancia-sobre-accesibilidad-web-gratuito","status":"publish","type":"post","link":"https:\/\/www.noticiasradioreflejos.com.ar\/2021\/invitacion-curso-a-distancia-sobre-accesibilidad-web-gratuito\/","title":{"rendered":"Invitaci\u00f3n curso a distancia sobre accesibilidad web gratuito"},"content":{"rendered":"<p>La X Edici\u00f3n del Curso a Distancia sobre Accesibilidad Web\u00a0lo\u00a0dictar\u00e1 la Facultad de Inform\u00e1tica de la Universidad Nacional de La Plata (UNLP) desde el pr\u00f3ximo 07 de mayo. El mismo est\u00e1 abierto a la inscripci\u00f3n -con cupos limitados- hasta el 30 del corriente y es de car\u00e1cter gratuito<!--more--><br \/>\nCon el objeto de seguir construyendo una Provincia inclusiva es que los invitamos a realizarlo, teniendo en cuenta que la aprehensi\u00f3n de los contenidos que brindar\u00e1 este curso les permitir\u00e1 contar con herramientas para que sus respectivas P\u00e1ginas Web de Turismo se adapten o se realicen con un formato accesible. De esta forma podr\u00e1n garantizar que el potencial turista con discapacidad visual pueda acceder a la informaci\u00f3n de cada Sitio, con sus respectivos atractivos y sus servicios tur\u00edsticos promocionados por cada municipio.<br \/>\nPor \u00faltimo, siempre es dable recordar que existen normativas que muchas veces pasamos por alto, lo que conlleva a que muchas personas con discapacidad no puedan disfrutar del turismo en todas sus expresiones y como derecho reconocido.<br \/>\nPor caso, la Ley Nacional 26.653 sobre la \u201cAccesibilidad de la Informaci\u00f3n en las P\u00e1ginas Web\u201d contempla la posibilidad de facilitar dicho acceso, mientras que la Convenci\u00f3n Internacional sobre los Derechos de las Personas con Discapacidad \u2013ratificada por Ley Nacional Nro. 26.378 \u2013 reza, en su Art\u00edculo 9\u00ba, que \u201cA fin de que las personas con discapacidad puedan vivir en forma independiente y participar plenamente en todos los aspectos de la<br \/>\nvida, los Estados Partes adoptar\u00e1n medidas pertinentes para asegurar el acceso de las personas con discapacidad, en igualdad de condiciones con las dem\u00e1s, al entorno f\u00edsico, el transporte, la informaci\u00f3n y las comunicaciones, incluidos los sistemas y las tecnolog\u00edas de la informaci\u00f3n y las comunicaciones(\u2026) Estas medidas (\u2026) se aplicar\u00e1n, entre otras cosas a (\u2026) los servicios de informaci\u00f3n, comunicaciones (\u2026)\u201d.<br \/>\nPara inscripci\u00f3n y mayor informaci\u00f3n deber\u00e1n ingresar a<br \/>\n<a href=\"https:\/\/actividades.linti.unlp.edu.ar\/register\" target=\"_blank\" rel=\"noreferrer noopener\">https:\/\/actividades.linti.unlp.edu.ar\/register<\/a><\/p>\n","protected":false},"excerpt":{"rendered":"<p>La X Edici\u00f3n del Curso a Distancia sobre Accesibilidad Web\u00a0lo\u00a0dictar\u00e1 la Facultad de Inform\u00e1tica de la Universidad Nacional de La Plata (UNLP) desde el pr\u00f3ximo 07 de mayo. El mismo est\u00e1 abierto a la inscripci\u00f3n -con cupos limitados- hasta el 30 del corriente y es de car\u00e1cter gratuito<\/p>\n","protected":false},"author":3,"featured_media":0,"comment_status":"closed","ping_status":"open","sticky":false,"template":"","format":"standard","meta":{"footnotes":""},"categories":[26],"tags":[],"class_list":["post-20908","post","type-post","status-publish","format-standard","hentry","category-sociedad"],"yoast_head":"<!-- This site is optimized with the Yoast SEO plugin v25.9 - https:\/\/yoast.com\/wordpress\/plugins\/seo\/ -->\n<title>Invitaci\u00f3n curso a distancia sobre accesibilidad web gratuito - Noticias Radio Reflejos<\/title>\n<meta name=\"robots\" content=\"index, follow, max-snippet:-1, max-image-preview:large, max-video-preview:-1\" \/>\n<link rel=\"canonical\" href=\"https:\/\/www.noticiasradioreflejos.com.ar\/2021\/invitacion-curso-a-distancia-sobre-accesibilidad-web-gratuito\/\" \/>\n<meta property=\"og:locale\" content=\"es_ES\" \/>\n<meta property=\"og:type\" content=\"article\" \/>\n<meta property=\"og:title\" content=\"Invitaci\u00f3n curso a distancia sobre accesibilidad web gratuito - Noticias Radio Reflejos\" \/>\n<meta property=\"og:description\" content=\"La X Edici\u00f3n del Curso a Distancia sobre Accesibilidad Web\u00a0lo\u00a0dictar\u00e1 la Facultad de Inform\u00e1tica de la Universidad Nacional de La Plata (UNLP) desde el pr\u00f3ximo 07 de mayo. El mismo est\u00e1 abierto a la inscripci\u00f3n -con cupos limitados- hasta el 30 del corriente y es de car\u00e1cter gratuito\" \/>\n<meta property=\"og:url\" content=\"https:\/\/www.noticiasradioreflejos.com.ar\/2021\/invitacion-curso-a-distancia-sobre-accesibilidad-web-gratuito\/\" \/>\n<meta property=\"og:site_name\" content=\"Noticias Radio Reflejos\" \/>\n<meta property=\"article:published_time\" content=\"2018-04-20T11:25:04+00:00\" \/>\n<meta property=\"og:image\" content=\"https:\/\/www.noticiasradioreflejos.com.ar\/2021\/wp-content\/uploads\/2021\/07\/logosol300x200.png\" \/>\n\t<meta property=\"og:image:width\" content=\"300\" \/>\n\t<meta property=\"og:image:height\" content=\"200\" \/>\n\t<meta property=\"og:image:type\" content=\"image\/png\" \/>\n<meta name=\"author\" content=\"Arnaldo Botto\" \/>\n<meta name=\"twitter:card\" content=\"summary_large_image\" \/>\n<script type=\"application\/ld+json\" class=\"yoast-schema-graph\">{\"@context\":\"https:\/\/schema.org\",\"@graph\":[{\"@type\":\"WebPage\",\"@id\":\"https:\/\/www.noticiasradioreflejos.com.ar\/2021\/invitacion-curso-a-distancia-sobre-accesibilidad-web-gratuito\/\",\"url\":\"https:\/\/www.noticiasradioreflejos.com.ar\/2021\/invitacion-curso-a-distancia-sobre-accesibilidad-web-gratuito\/\",\"name\":\"Invitaci\u00f3n curso a distancia sobre accesibilidad web gratuito - Noticias Radio Reflejos\",\"isPartOf\":{\"@id\":\"https:\/\/www.noticiasradioreflejos.com.ar\/2021\/#website\"},\"datePublished\":\"2018-04-20T11:25:04+00:00\",\"author\":{\"@id\":\"https:\/\/www.noticiasradioreflejos.com.ar\/2021\/#\/schema\/person\/ad82545263dcc5ec0996818884fd5fb1\"},\"breadcrumb\":{\"@id\":\"https:\/\/www.noticiasradioreflejos.com.ar\/2021\/invitacion-curso-a-distancia-sobre-accesibilidad-web-gratuito\/#breadcrumb\"},\"inLanguage\":\"es\",\"potentialAction\":[{\"@type\":\"ReadAction\",\"target\":[\"https:\/\/www.noticiasradioreflejos.com.ar\/2021\/invitacion-curso-a-distancia-sobre-accesibilidad-web-gratuito\/\"]}]},{\"@type\":\"BreadcrumbList\",\"@id\":\"https:\/\/www.noticiasradioreflejos.com.ar\/2021\/invitacion-curso-a-distancia-sobre-accesibilidad-web-gratuito\/#breadcrumb\",\"itemListElement\":[{\"@type\":\"ListItem\",\"position\":1,\"name\":\"Portada\",\"item\":\"https:\/\/www.noticiasradioreflejos.com.ar\/2021\/\"},{\"@type\":\"ListItem\",\"position\":2,\"name\":\"Invitaci\u00f3n curso a distancia sobre accesibilidad web gratuito\"}]},{\"@type\":\"WebSite\",\"@id\":\"https:\/\/www.noticiasradioreflejos.com.ar\/2021\/#website\",\"url\":\"https:\/\/www.noticiasradioreflejos.com.ar\/2021\/\",\"name\":\"Noticias Radio Reflejos\",\"description\":\"Las noticias de mi comarca\",\"potentialAction\":[{\"@type\":\"SearchAction\",\"target\":{\"@type\":\"EntryPoint\",\"urlTemplate\":\"https:\/\/www.noticiasradioreflejos.com.ar\/2021\/?s={search_term_string}\"},\"query-input\":{\"@type\":\"PropertyValueSpecification\",\"valueRequired\":true,\"valueName\":\"search_term_string\"}}],\"inLanguage\":\"es\"},{\"@type\":\"Person\",\"@id\":\"https:\/\/www.noticiasradioreflejos.com.ar\/2021\/#\/schema\/person\/ad82545263dcc5ec0996818884fd5fb1\",\"name\":\"Arnaldo Botto\",\"image\":{\"@type\":\"ImageObject\",\"inLanguage\":\"es\",\"@id\":\"https:\/\/www.noticiasradioreflejos.com.ar\/2021\/#\/schema\/person\/image\/\",\"url\":\"https:\/\/secure.gravatar.com\/avatar\/55cb5e37c1efa326397366e6974cb338056df65cb50e7d64d1cf314e87504837?s=96&d=mm&r=g\",\"contentUrl\":\"https:\/\/secure.gravatar.com\/avatar\/55cb5e37c1efa326397366e6974cb338056df65cb50e7d64d1cf314e87504837?s=96&d=mm&r=g\",\"caption\":\"Arnaldo Botto\"},\"url\":\"https:\/\/www.noticiasradioreflejos.com.ar\/2021\/author\/arnaldo\/\"}]}<\/script>\n<!-- \/ Yoast SEO plugin. -->","yoast_head_json":{"title":"Invitaci\u00f3n curso a distancia sobre accesibilidad web gratuito - Noticias Radio Reflejos","robots":{"index":"index","follow":"follow","max-snippet":"max-snippet:-1","max-image-preview":"max-image-preview:large","max-video-preview":"max-video-preview:-1"},"canonical":"https:\/\/www.noticiasradioreflejos.com.ar\/2021\/invitacion-curso-a-distancia-sobre-accesibilidad-web-gratuito\/","og_locale":"es_ES","og_type":"article","og_title":"Invitaci\u00f3n curso a distancia sobre accesibilidad web gratuito - Noticias Radio Reflejos","og_description":"La X Edici\u00f3n del Curso a Distancia sobre Accesibilidad Web\u00a0lo\u00a0dictar\u00e1 la Facultad de Inform\u00e1tica de la Universidad Nacional de La Plata (UNLP) desde el pr\u00f3ximo 07 de mayo. El mismo est\u00e1 abierto a la inscripci\u00f3n -con cupos limitados- hasta el 30 del corriente y es de car\u00e1cter gratuito","og_url":"https:\/\/www.noticiasradioreflejos.com.ar\/2021\/invitacion-curso-a-distancia-sobre-accesibilidad-web-gratuito\/","og_site_name":"Noticias Radio Reflejos","article_published_time":"2018-04-20T11:25:04+00:00","og_image":[{"width":300,"height":200,"url":"https:\/\/www.noticiasradioreflejos.com.ar\/2021\/wp-content\/uploads\/2021\/07\/logosol300x200.png","type":"image\/png"}],"author":"Arnaldo Botto","twitter_card":"summary_large_image","schema":{"@context":"https:\/\/schema.org","@graph":[{"@type":"WebPage","@id":"https:\/\/www.noticiasradioreflejos.com.ar\/2021\/invitacion-curso-a-distancia-sobre-accesibilidad-web-gratuito\/","url":"https:\/\/www.noticiasradioreflejos.com.ar\/2021\/invitacion-curso-a-distancia-sobre-accesibilidad-web-gratuito\/","name":"Invitaci\u00f3n curso a distancia sobre accesibilidad web gratuito - Noticias Radio Reflejos","isPartOf":{"@id":"https:\/\/www.noticiasradioreflejos.com.ar\/2021\/#website"},"datePublished":"2018-04-20T11:25:04+00:00","author":{"@id":"https:\/\/www.noticiasradioreflejos.com.ar\/2021\/#\/schema\/person\/ad82545263dcc5ec0996818884fd5fb1"},"breadcrumb":{"@id":"https:\/\/www.noticiasradioreflejos.com.ar\/2021\/invitacion-curso-a-distancia-sobre-accesibilidad-web-gratuito\/#breadcrumb"},"inLanguage":"es","potentialAction":[{"@type":"ReadAction","target":["https:\/\/www.noticiasradioreflejos.com.ar\/2021\/invitacion-curso-a-distancia-sobre-accesibilidad-web-gratuito\/"]}]},{"@type":"BreadcrumbList","@id":"https:\/\/www.noticiasradioreflejos.com.ar\/2021\/invitacion-curso-a-distancia-sobre-accesibilidad-web-gratuito\/#breadcrumb","itemListElement":[{"@type":"ListItem","position":1,"name":"Portada","item":"https:\/\/www.noticiasradioreflejos.com.ar\/2021\/"},{"@type":"ListItem","position":2,"name":"Invitaci\u00f3n curso a distancia sobre accesibilidad web gratuito"}]},{"@type":"WebSite","@id":"https:\/\/www.noticiasradioreflejos.com.ar\/2021\/#website","url":"https:\/\/www.noticiasradioreflejos.com.ar\/2021\/","name":"Noticias Radio Reflejos","description":"Las noticias de mi comarca","potentialAction":[{"@type":"SearchAction","target":{"@type":"EntryPoint","urlTemplate":"https:\/\/www.noticiasradioreflejos.com.ar\/2021\/?s={search_term_string}"},"query-input":{"@type":"PropertyValueSpecification","valueRequired":true,"valueName":"search_term_string"}}],"inLanguage":"es"},{"@type":"Person","@id":"https:\/\/www.noticiasradioreflejos.com.ar\/2021\/#\/schema\/person\/ad82545263dcc5ec0996818884fd5fb1","name":"Arnaldo Botto","image":{"@type":"ImageObject","inLanguage":"es","@id":"https:\/\/www.noticiasradioreflejos.com.ar\/2021\/#\/schema\/person\/image\/","url":"https:\/\/secure.gravatar.com\/avatar\/55cb5e37c1efa326397366e6974cb338056df65cb50e7d64d1cf314e87504837?s=96&d=mm&r=g","contentUrl":"https:\/\/secure.gravatar.com\/avatar\/55cb5e37c1efa326397366e6974cb338056df65cb50e7d64d1cf314e87504837?s=96&d=mm&r=g","caption":"Arnaldo Botto"},"url":"https:\/\/www.noticiasradioreflejos.com.ar\/2021\/author\/arnaldo\/"}]}},"_links":{"self":[{"href":"https:\/\/www.noticiasradioreflejos.com.ar\/2021\/wp-json\/wp\/v2\/posts\/20908","targetHints":{"allow":["GET"]}}],"collection":[{"href":"https:\/\/www.noticiasradioreflejos.com.ar\/2021\/wp-json\/wp\/v2\/posts"}],"about":[{"href":"https:\/\/www.noticiasradioreflejos.com.ar\/2021\/wp-json\/wp\/v2\/types\/post"}],"author":[{"embeddable":true,"href":"https:\/\/www.noticiasradioreflejos.com.ar\/2021\/wp-json\/wp\/v2\/users\/3"}],"replies":[{"embeddable":true,"href":"https:\/\/www.noticiasradioreflejos.com.ar\/2021\/wp-json\/wp\/v2\/comments?post=20908"}],"version-history":[{"count":0,"href":"https:\/\/www.noticiasradioreflejos.com.ar\/2021\/wp-json\/wp\/v2\/posts\/20908\/revisions"}],"wp:attachment":[{"href":"https:\/\/www.noticiasradioreflejos.com.ar\/2021\/wp-json\/wp\/v2\/media?parent=20908"}],"wp:term":[{"taxonomy":"category","embeddable":true,"href":"https:\/\/www.noticiasradioreflejos.com.ar\/2021\/wp-json\/wp\/v2\/categories?post=20908"},{"taxonomy":"post_tag","embeddable":true,"href":"https:\/\/www.noticiasradioreflejos.com.ar\/2021\/wp-json\/wp\/v2\/tags?post=20908"}],"curies":[{"name":"wp","href":"https:\/\/api.w.org\/{rel}","templated":true}]}}