{"id":20904,"date":"2018-04-19T18:12:53","date_gmt":"2018-04-19T21:12:53","guid":{"rendered":"http:\/\/www.noticiasradioreflejos.com.ar\/noticias\/?p=20904"},"modified":"2018-04-19T18:12:53","modified_gmt":"2018-04-19T21:12:53","slug":"convocatoria-a-la-asamblea-anual-biblioteca-popular-ernesto-tornquist","status":"publish","type":"post","link":"https:\/\/www.noticiasradioreflejos.com.ar\/2021\/convocatoria-a-la-asamblea-anual-biblioteca-popular-ernesto-tornquist\/","title":{"rendered":"Convocatoria a la Asamblea Anual, Biblioteca Popular Ernesto Tornquist"},"content":{"rendered":"<p>La biblioteca Popular Ernesto Tornquist invita a todos sus socios para que asistan a la pr\u00f3xima Asamblea Anual para la Renovaci\u00f3n Total de la actual Comisi\u00f3n Directiva. A realizarse el pr\u00f3ximo jueves 26 de abril a las 18.30 hs en el sal\u00f3n de la instituci\u00f3n.<!--more--><br \/>\nC O N V O C A T O R I A<br \/>\nSe\u00f1ores socios:<br \/>\nLa Biblioteca Popular \u201cErnesto Tornquist\u201d convoca a Asamblea General Ordinaria a realizarse el d\u00eda jueves 26-04-18 a las 18:30 horas en su Sede Social, de acuerdo a lo establecido en el Art\u00edculo 14 de nuestros estatutos, para tratar el siguiente:<br \/>\nORDEN DEL DIA<br \/>\n1) Lectura y consideraci\u00f3n del Acta de la Asamblea anterior.<br \/>\n2) Designaci\u00f3n de (2) socios para suscribir el Acta Respectiva junto con Presidente y Secretario.<br \/>\n3) Lectura, consideraci\u00f3n y aprobaci\u00f3n de: Memoria y Balance General<br \/>\ncorrespondiente al Ejercicio N\u00ba 80, cerrado el 28-02-2018.<br \/>\n4) Tratamiento del Resultado del Ejercicio fenecido el 28-02-18.<br \/>\n5) Designaci\u00f3n de una mesa escrutadora de votos, para verificar el escrutinio.<br \/>\n6) Renovaci\u00f3n total de la Comisi\u00f3n Directiva, debiendo elegirse:<br \/>\nPresidente, Vicepresidente, Secretario, Pro Secretario, Tesorero, Pro Tesorero, Cuatro Vocales Titulares y Tres Vocales Suplentes por el t\u00e9rmino de (1) a\u00f1o.<br \/>\nNOTA: Art. 19: En caso de no contar con el n\u00famero de socios necesarios, despu\u00e9s de pasada 1 hora, se dar\u00e1 comienzo a la reuni\u00f3n con la cantidad de socios presentes, de acuerdo a lo que establece el cap\u00edtulo III de nuestros estatutos.<br \/>\nGraciela Cruz\u00a0 \u00a0 \u00a0 \u00a0 \u00a0 \u00a0 \u00a0 \u00a0Andrea Garc\u00eda M\u00fcller<br \/>\nSecretaria\u00a0 \u00a0 \u00a0 \u00a0 \u00a0 \u00a0 \u00a0 \u00a0 \u00a0 \u00a0 \u00a0 \u00a0 \u00a0 \u00a0 \u00a0 \u00a0 Presidente<\/p>\n","protected":false},"excerpt":{"rendered":"<p>La biblioteca Popular Ernesto Tornquist invita a todos sus socios para que asistan a la pr\u00f3xima Asamblea Anual para la Renovaci\u00f3n Total de la actual Comisi\u00f3n Directiva. A realizarse el pr\u00f3ximo jueves 26 de abril a las 18.30 hs en el sal\u00f3n de la instituci\u00f3n.<\/p>\n","protected":false},"author":3,"featured_media":20905,"comment_status":"closed","ping_status":"open","sticky":false,"template":"","format":"standard","meta":{"footnotes":""},"categories":[26],"tags":[],"class_list":["post-20904","post","type-post","status-publish","format-standard","has-post-thumbnail","hentry","category-sociedad"],"yoast_head":"<!-- This site is optimized with the Yoast SEO plugin v25.9 - https:\/\/yoast.com\/wordpress\/plugins\/seo\/ -->\n<title>Convocatoria a la Asamblea Anual, Biblioteca Popular Ernesto Tornquist - Noticias Radio Reflejos<\/title>\n<meta name=\"robots\" content=\"index, follow, max-snippet:-1, max-image-preview:large, max-video-preview:-1\" \/>\n<link rel=\"canonical\" href=\"https:\/\/www.noticiasradioreflejos.com.ar\/2021\/convocatoria-a-la-asamblea-anual-biblioteca-popular-ernesto-tornquist\/\" \/>\n<meta property=\"og:locale\" content=\"es_ES\" \/>\n<meta property=\"og:type\" content=\"article\" \/>\n<meta property=\"og:title\" content=\"Convocatoria a la Asamblea Anual, Biblioteca Popular Ernesto Tornquist - Noticias Radio Reflejos\" \/>\n<meta property=\"og:description\" content=\"La biblioteca Popular Ernesto Tornquist invita a todos sus socios para que asistan a la pr\u00f3xima Asamblea Anual para la Renovaci\u00f3n Total de la actual Comisi\u00f3n Directiva. A realizarse el pr\u00f3ximo jueves 26 de abril a las 18.30 hs en el sal\u00f3n de la instituci\u00f3n.\" \/>\n<meta property=\"og:url\" content=\"https:\/\/www.noticiasradioreflejos.com.ar\/2021\/convocatoria-a-la-asamblea-anual-biblioteca-popular-ernesto-tornquist\/\" \/>\n<meta property=\"og:site_name\" content=\"Noticias Radio Reflejos\" \/>\n<meta property=\"article:published_time\" content=\"2018-04-19T21:12:53+00:00\" \/>\n<meta property=\"og:image\" content=\"https:\/\/www.noticiasradioreflejos.com.ar\/2021\/wp-content\/uploads\/2018\/04\/biblioteca-popular-e-tornquist.jpg\" \/>\n\t<meta property=\"og:image:width\" content=\"550\" \/>\n\t<meta property=\"og:image:height\" content=\"413\" \/>\n\t<meta property=\"og:image:type\" content=\"image\/jpeg\" \/>\n<meta name=\"author\" content=\"Arnaldo Botto\" \/>\n<meta name=\"twitter:card\" content=\"summary_large_image\" \/>\n<script type=\"application\/ld+json\" class=\"yoast-schema-graph\">{\"@context\":\"https:\/\/schema.org\",\"@graph\":[{\"@type\":\"WebPage\",\"@id\":\"https:\/\/www.noticiasradioreflejos.com.ar\/2021\/convocatoria-a-la-asamblea-anual-biblioteca-popular-ernesto-tornquist\/\",\"url\":\"https:\/\/www.noticiasradioreflejos.com.ar\/2021\/convocatoria-a-la-asamblea-anual-biblioteca-popular-ernesto-tornquist\/\",\"name\":\"Convocatoria a la Asamblea Anual, Biblioteca Popular Ernesto Tornquist - Noticias Radio Reflejos\",\"isPartOf\":{\"@id\":\"https:\/\/www.noticiasradioreflejos.com.ar\/2021\/#website\"},\"primaryImageOfPage\":{\"@id\":\"https:\/\/www.noticiasradioreflejos.com.ar\/2021\/convocatoria-a-la-asamblea-anual-biblioteca-popular-ernesto-tornquist\/#primaryimage\"},\"image\":{\"@id\":\"https:\/\/www.noticiasradioreflejos.com.ar\/2021\/convocatoria-a-la-asamblea-anual-biblioteca-popular-ernesto-tornquist\/#primaryimage\"},\"thumbnailUrl\":\"https:\/\/www.noticiasradioreflejos.com.ar\/2021\/wp-content\/uploads\/2018\/04\/biblioteca-popular-e-tornquist.jpg\",\"datePublished\":\"2018-04-19T21:12:53+00:00\",\"author\":{\"@id\":\"https:\/\/www.noticiasradioreflejos.com.ar\/2021\/#\/schema\/person\/ad82545263dcc5ec0996818884fd5fb1\"},\"breadcrumb\":{\"@id\":\"https:\/\/www.noticiasradioreflejos.com.ar\/2021\/convocatoria-a-la-asamblea-anual-biblioteca-popular-ernesto-tornquist\/#breadcrumb\"},\"inLanguage\":\"es\",\"potentialAction\":[{\"@type\":\"ReadAction\",\"target\":[\"https:\/\/www.noticiasradioreflejos.com.ar\/2021\/convocatoria-a-la-asamblea-anual-biblioteca-popular-ernesto-tornquist\/\"]}]},{\"@type\":\"ImageObject\",\"inLanguage\":\"es\",\"@id\":\"https:\/\/www.noticiasradioreflejos.com.ar\/2021\/convocatoria-a-la-asamblea-anual-biblioteca-popular-ernesto-tornquist\/#primaryimage\",\"url\":\"https:\/\/www.noticiasradioreflejos.com.ar\/2021\/wp-content\/uploads\/2018\/04\/biblioteca-popular-e-tornquist.jpg\",\"contentUrl\":\"https:\/\/www.noticiasradioreflejos.com.ar\/2021\/wp-content\/uploads\/2018\/04\/biblioteca-popular-e-tornquist.jpg\",\"width\":550,\"height\":413},{\"@type\":\"BreadcrumbList\",\"@id\":\"https:\/\/www.noticiasradioreflejos.com.ar\/2021\/convocatoria-a-la-asamblea-anual-biblioteca-popular-ernesto-tornquist\/#breadcrumb\",\"itemListElement\":[{\"@type\":\"ListItem\",\"position\":1,\"name\":\"Portada\",\"item\":\"https:\/\/www.noticiasradioreflejos.com.ar\/2021\/\"},{\"@type\":\"ListItem\",\"position\":2,\"name\":\"Convocatoria a la Asamblea Anual, Biblioteca Popular Ernesto Tornquist\"}]},{\"@type\":\"WebSite\",\"@id\":\"https:\/\/www.noticiasradioreflejos.com.ar\/2021\/#website\",\"url\":\"https:\/\/www.noticiasradioreflejos.com.ar\/2021\/\",\"name\":\"Noticias Radio Reflejos\",\"description\":\"Las noticias de mi comarca\",\"potentialAction\":[{\"@type\":\"SearchAction\",\"target\":{\"@type\":\"EntryPoint\",\"urlTemplate\":\"https:\/\/www.noticiasradioreflejos.com.ar\/2021\/?s={search_term_string}\"},\"query-input\":{\"@type\":\"PropertyValueSpecification\",\"valueRequired\":true,\"valueName\":\"search_term_string\"}}],\"inLanguage\":\"es\"},{\"@type\":\"Person\",\"@id\":\"https:\/\/www.noticiasradioreflejos.com.ar\/2021\/#\/schema\/person\/ad82545263dcc5ec0996818884fd5fb1\",\"name\":\"Arnaldo Botto\",\"image\":{\"@type\":\"ImageObject\",\"inLanguage\":\"es\",\"@id\":\"https:\/\/www.noticiasradioreflejos.com.ar\/2021\/#\/schema\/person\/image\/\",\"url\":\"https:\/\/secure.gravatar.com\/avatar\/55cb5e37c1efa326397366e6974cb338056df65cb50e7d64d1cf314e87504837?s=96&d=mm&r=g\",\"contentUrl\":\"https:\/\/secure.gravatar.com\/avatar\/55cb5e37c1efa326397366e6974cb338056df65cb50e7d64d1cf314e87504837?s=96&d=mm&r=g\",\"caption\":\"Arnaldo Botto\"},\"url\":\"https:\/\/www.noticiasradioreflejos.com.ar\/2021\/author\/arnaldo\/\"}]}<\/script>\n<!-- \/ Yoast SEO plugin. -->","yoast_head_json":{"title":"Convocatoria a la Asamblea Anual, Biblioteca Popular Ernesto Tornquist - Noticias Radio Reflejos","robots":{"index":"index","follow":"follow","max-snippet":"max-snippet:-1","max-image-preview":"max-image-preview:large","max-video-preview":"max-video-preview:-1"},"canonical":"https:\/\/www.noticiasradioreflejos.com.ar\/2021\/convocatoria-a-la-asamblea-anual-biblioteca-popular-ernesto-tornquist\/","og_locale":"es_ES","og_type":"article","og_title":"Convocatoria a la Asamblea Anual, Biblioteca Popular Ernesto Tornquist - Noticias Radio Reflejos","og_description":"La biblioteca Popular Ernesto Tornquist invita a todos sus socios para que asistan a la pr\u00f3xima Asamblea Anual para la Renovaci\u00f3n Total de la actual Comisi\u00f3n Directiva. A realizarse el pr\u00f3ximo jueves 26 de abril a las 18.30 hs en el sal\u00f3n de la instituci\u00f3n.","og_url":"https:\/\/www.noticiasradioreflejos.com.ar\/2021\/convocatoria-a-la-asamblea-anual-biblioteca-popular-ernesto-tornquist\/","og_site_name":"Noticias Radio Reflejos","article_published_time":"2018-04-19T21:12:53+00:00","og_image":[{"width":550,"height":413,"url":"https:\/\/www.noticiasradioreflejos.com.ar\/2021\/wp-content\/uploads\/2018\/04\/biblioteca-popular-e-tornquist.jpg","type":"image\/jpeg"}],"author":"Arnaldo Botto","twitter_card":"summary_large_image","schema":{"@context":"https:\/\/schema.org","@graph":[{"@type":"WebPage","@id":"https:\/\/www.noticiasradioreflejos.com.ar\/2021\/convocatoria-a-la-asamblea-anual-biblioteca-popular-ernesto-tornquist\/","url":"https:\/\/www.noticiasradioreflejos.com.ar\/2021\/convocatoria-a-la-asamblea-anual-biblioteca-popular-ernesto-tornquist\/","name":"Convocatoria a la Asamblea Anual, Biblioteca Popular Ernesto Tornquist - Noticias Radio Reflejos","isPartOf":{"@id":"https:\/\/www.noticiasradioreflejos.com.ar\/2021\/#website"},"primaryImageOfPage":{"@id":"https:\/\/www.noticiasradioreflejos.com.ar\/2021\/convocatoria-a-la-asamblea-anual-biblioteca-popular-ernesto-tornquist\/#primaryimage"},"image":{"@id":"https:\/\/www.noticiasradioreflejos.com.ar\/2021\/convocatoria-a-la-asamblea-anual-biblioteca-popular-ernesto-tornquist\/#primaryimage"},"thumbnailUrl":"https:\/\/www.noticiasradioreflejos.com.ar\/2021\/wp-content\/uploads\/2018\/04\/biblioteca-popular-e-tornquist.jpg","datePublished":"2018-04-19T21:12:53+00:00","author":{"@id":"https:\/\/www.noticiasradioreflejos.com.ar\/2021\/#\/schema\/person\/ad82545263dcc5ec0996818884fd5fb1"},"breadcrumb":{"@id":"https:\/\/www.noticiasradioreflejos.com.ar\/2021\/convocatoria-a-la-asamblea-anual-biblioteca-popular-ernesto-tornquist\/#breadcrumb"},"inLanguage":"es","potentialAction":[{"@type":"ReadAction","target":["https:\/\/www.noticiasradioreflejos.com.ar\/2021\/convocatoria-a-la-asamblea-anual-biblioteca-popular-ernesto-tornquist\/"]}]},{"@type":"ImageObject","inLanguage":"es","@id":"https:\/\/www.noticiasradioreflejos.com.ar\/2021\/convocatoria-a-la-asamblea-anual-biblioteca-popular-ernesto-tornquist\/#primaryimage","url":"https:\/\/www.noticiasradioreflejos.com.ar\/2021\/wp-content\/uploads\/2018\/04\/biblioteca-popular-e-tornquist.jpg","contentUrl":"https:\/\/www.noticiasradioreflejos.com.ar\/2021\/wp-content\/uploads\/2018\/04\/biblioteca-popular-e-tornquist.jpg","width":550,"height":413},{"@type":"BreadcrumbList","@id":"https:\/\/www.noticiasradioreflejos.com.ar\/2021\/convocatoria-a-la-asamblea-anual-biblioteca-popular-ernesto-tornquist\/#breadcrumb","itemListElement":[{"@type":"ListItem","position":1,"name":"Portada","item":"https:\/\/www.noticiasradioreflejos.com.ar\/2021\/"},{"@type":"ListItem","position":2,"name":"Convocatoria a la Asamblea Anual, Biblioteca Popular Ernesto Tornquist"}]},{"@type":"WebSite","@id":"https:\/\/www.noticiasradioreflejos.com.ar\/2021\/#website","url":"https:\/\/www.noticiasradioreflejos.com.ar\/2021\/","name":"Noticias Radio Reflejos","description":"Las noticias de mi comarca","potentialAction":[{"@type":"SearchAction","target":{"@type":"EntryPoint","urlTemplate":"https:\/\/www.noticiasradioreflejos.com.ar\/2021\/?s={search_term_string}"},"query-input":{"@type":"PropertyValueSpecification","valueRequired":true,"valueName":"search_term_string"}}],"inLanguage":"es"},{"@type":"Person","@id":"https:\/\/www.noticiasradioreflejos.com.ar\/2021\/#\/schema\/person\/ad82545263dcc5ec0996818884fd5fb1","name":"Arnaldo Botto","image":{"@type":"ImageObject","inLanguage":"es","@id":"https:\/\/www.noticiasradioreflejos.com.ar\/2021\/#\/schema\/person\/image\/","url":"https:\/\/secure.gravatar.com\/avatar\/55cb5e37c1efa326397366e6974cb338056df65cb50e7d64d1cf314e87504837?s=96&d=mm&r=g","contentUrl":"https:\/\/secure.gravatar.com\/avatar\/55cb5e37c1efa326397366e6974cb338056df65cb50e7d64d1cf314e87504837?s=96&d=mm&r=g","caption":"Arnaldo Botto"},"url":"https:\/\/www.noticiasradioreflejos.com.ar\/2021\/author\/arnaldo\/"}]}},"_links":{"self":[{"href":"https:\/\/www.noticiasradioreflejos.com.ar\/2021\/wp-json\/wp\/v2\/posts\/20904","targetHints":{"allow":["GET"]}}],"collection":[{"href":"https:\/\/www.noticiasradioreflejos.com.ar\/2021\/wp-json\/wp\/v2\/posts"}],"about":[{"href":"https:\/\/www.noticiasradioreflejos.com.ar\/2021\/wp-json\/wp\/v2\/types\/post"}],"author":[{"embeddable":true,"href":"https:\/\/www.noticiasradioreflejos.com.ar\/2021\/wp-json\/wp\/v2\/users\/3"}],"replies":[{"embeddable":true,"href":"https:\/\/www.noticiasradioreflejos.com.ar\/2021\/wp-json\/wp\/v2\/comments?post=20904"}],"version-history":[{"count":0,"href":"https:\/\/www.noticiasradioreflejos.com.ar\/2021\/wp-json\/wp\/v2\/posts\/20904\/revisions"}],"wp:featuredmedia":[{"embeddable":true,"href":"https:\/\/www.noticiasradioreflejos.com.ar\/2021\/wp-json\/wp\/v2\/media\/20905"}],"wp:attachment":[{"href":"https:\/\/www.noticiasradioreflejos.com.ar\/2021\/wp-json\/wp\/v2\/media?parent=20904"}],"wp:term":[{"taxonomy":"category","embeddable":true,"href":"https:\/\/www.noticiasradioreflejos.com.ar\/2021\/wp-json\/wp\/v2\/categories?post=20904"},{"taxonomy":"post_tag","embeddable":true,"href":"https:\/\/www.noticiasradioreflejos.com.ar\/2021\/wp-json\/wp\/v2\/tags?post=20904"}],"curies":[{"name":"wp","href":"https:\/\/api.w.org\/{rel}","templated":true}]}}