{"id":20891,"date":"2018-04-19T08:36:36","date_gmt":"2018-04-19T11:36:36","guid":{"rendered":"http:\/\/www.noticiasradioreflejos.com.ar\/noticias\/?p=20891"},"modified":"2018-04-19T08:36:36","modified_gmt":"2018-04-19T11:36:36","slug":"tornquist-hizo-sentir-su-rechazo-al-aumento-de-las-tarifas","status":"publish","type":"post","link":"https:\/\/www.noticiasradioreflejos.com.ar\/2021\/tornquist-hizo-sentir-su-rechazo-al-aumento-de-las-tarifas\/","title":{"rendered":"Tornquist hizo sentir su rechazo al aumento de las tarifas"},"content":{"rendered":"<p><a href=\"http:\/\/farm1.staticflickr.com\/817\/41516713562_ceaf29e131.jpg\" title=\"Marcha-contra-el-tarifazo-24\" rel=\"\"><img loading=\"lazy\" decoding=\"async\" src=\"http:\/\/farm1.staticflickr.com\/817\/41516713562_ceaf29e131.jpg\" width=\"500\" height=\"334\" alt=\"Marcha-contra-el-tarifazo-24\" title=\"Marcha-contra-el-tarifazo-24\" class=\"alignleft\" style=\"float: left;\"><\/a>Un nutrido grupo de vecinos de nuestra ciudad se concentr\u00f3 este mi\u00e9rcoles pasadas las 20 hs frente al Palacio Municipal para manifestarse en contra de los aumentos de tarifas de los servicios como luz y gas.<!--more--><br \/>\nCon un \u201cruidazo\u201d, convocado a nivel nacional, los ciudadanos tornquistenses presentes expresaron su rechazo y su preocupaci\u00f3n frente a los diferentes incrementos tarifarios que se dieron en el transcurso de las \u00faltimas semanas.<br \/>\n\u201cHay mucha gente que ya no puede pagar los impuestos, esto va mal\u201d, expres\u00f3 el vecino Diego Ureta, quien consider\u00f3 que \u201clo de ahora no es nada, lo peor se va a venir en invierno. Tiene que haber un cambio, sino se hace cuesta arriba. Ojal\u00e1 haya alguna soluci\u00f3n\u201d.<br \/>\n\u201cTodo el pueblo se tiene que sumar a esta protesta pac\u00edfica contra el presidente que tenemos, que es un absoluto insensible que piensa solo en sus amigos y en los que m\u00e1s tienen y va dejando cada vez m\u00e1s a la clase humilde y trabajadora\u201d, dijo por su parte V\u00edctor Ant\u00f3n.<br \/>\n\u201cSabemos que el pueblo no se destaca por movilizaciones masivas, pero es muy importante lo que est\u00e1 sucediendo, porque somos muchos vecinos que representamos a muchos m\u00e1s que est\u00e1n disconformes con la pol\u00edtica econ\u00f3mica que el actual Gobierno est\u00e1 poniendo en juego y que perjudica a la mayor\u00eda de la comunidad\u201d, a\u00f1adi\u00f3.<br \/>\n\u201cHace cuatro a\u00f1os ven\u00edamos a festejar el d\u00eda del pueblo con un desfile c\u00edvico militar, est\u00e1bamos todos contentos y hoy mir\u00e1 que diferencia, el escenario cambio bastante\u201d, dijo a su turno otra vecina presente.<br \/>\n\u201cYo soy jubilada y vivo con mi hija, sino no s\u00e9 c\u00f3mo har\u00eda. No me ha tocado vivir momentos tan dif\u00edciles como este. Tendr\u00eda que haber venido m\u00e1s gente, la manifestaci\u00f3n no es en contra de este gobierno municipal, estamos porque no hay plata que alcance\u201d, sostuvo.<br \/>\n\u201cTornquist se est\u00e1 haciendo sentir ante la inflaci\u00f3n y el tarifazo, esto es algo incre\u00edble, ya no se aguanta m\u00e1s, la gente est\u00e1 muy enojada. Muchos vecinos no vinieron por verg\u00fcenza, pero escuchan, aunque tienen que venir a estas marchas y hacerse sentir. Lo que sucede a nivel pa\u00eds se siente en nuestra ciudad. Esperemos que los de arriba escuchen y vean lo que est\u00e1 sucediendo\u201d, dijo a su turno el comerciante Rodolfo Mold\u00fa.<br \/>\nTeresa Tumini, otra de las que dijo presente en el \u201cruidazo\u201d, consider\u00f3 que \u201ctendr\u00eda que haber m\u00e1s gente porque a todos nos afecta esto, me preocupa m\u00e1s que por mi situaci\u00f3n personal, la gente que est\u00e1 sin trabajo y los que tienen bajo sueldo. Los viejos nos ajustamos el cintur\u00f3n y nos ajustamos, pero a los que tienen una familia se les hace muy dif\u00edcil\u201d.<br \/>\n<a href=\"http:\/\/farm1.staticflickr.com\/894\/40846427674_7f76509961_z.jpg\" title=\"Marcha-contra-el-tarifazo-44\" rel=\"\"><img loading=\"lazy\" decoding=\"async\" src=\"http:\/\/farm1.staticflickr.com\/894\/40846427674_7f76509961_z.jpg\" width=\"640\" height=\"427\" alt=\"Marcha-contra-el-tarifazo-44\" title=\"Marcha-contra-el-tarifazo-44\" class=\"aligncenter\"><\/a><br \/>\n\u201cNOS DOLI\u00d3 TERRIBLEMENTE EL CIERRE DEL BACHILLERATO DE ADULTOS\u201d<br \/>\nElsa Kaltembach tambi\u00e9n particip\u00f3 de la manifestaci\u00f3n, pero adem\u00e1s de expresar su rechazo al aumento de tarifas, manifest\u00f3 su preocupaci\u00f3n por el cierre del bachillerato de adultos en nuestro distrito.<br \/>\n\u201cA los docentes nos doli\u00f3 terriblemente el cierre del bachillerato de adultos, es terror\u00edfico, nos duele porque muchos se\u00f1ores y se\u00f1oras que no pudieron estudiar en tiempo y forma por diferentes cuestiones, se recib\u00edan en el bachillerato de adultos e ingresaban en el instituto terciario\u201d, se\u00f1al\u00f3.<br \/>\n\u201cToda la comunidad educativa tendr\u00edamos que pedir que lo reabran, hay matr\u00edcula, es una posibilidad para los adultos que no pudieron estudiar en tiempo y forma\u201d, reiter\u00f3.<\/p>\n","protected":false},"excerpt":{"rendered":"<p>Un nutrido grupo de vecinos de nuestra ciudad se concentr\u00f3 este mi\u00e9rcoles pasadas las 20 hs frente al Palacio Municipal para manifestarse en contra de los aumentos de tarifas de los servicios como luz y gas.<\/p>\n","protected":false},"author":3,"featured_media":0,"comment_status":"closed","ping_status":"open","sticky":false,"template":"","format":"standard","meta":{"footnotes":""},"categories":[24],"tags":[],"class_list":["post-20891","post","type-post","status-publish","format-standard","hentry","category-politica"],"yoast_head":"<!-- This site is optimized with the Yoast SEO plugin v25.9 - https:\/\/yoast.com\/wordpress\/plugins\/seo\/ -->\n<title>Tornquist hizo sentir su rechazo al aumento de las tarifas - Noticias Radio Reflejos<\/title>\n<meta name=\"robots\" content=\"index, follow, max-snippet:-1, max-image-preview:large, max-video-preview:-1\" \/>\n<link rel=\"canonical\" href=\"https:\/\/www.noticiasradioreflejos.com.ar\/2021\/tornquist-hizo-sentir-su-rechazo-al-aumento-de-las-tarifas\/\" \/>\n<meta property=\"og:locale\" content=\"es_ES\" \/>\n<meta property=\"og:type\" content=\"article\" \/>\n<meta property=\"og:title\" content=\"Tornquist hizo sentir su rechazo al aumento de las tarifas - Noticias Radio Reflejos\" \/>\n<meta property=\"og:description\" content=\"Un nutrido grupo de vecinos de nuestra ciudad se concentr\u00f3 este mi\u00e9rcoles pasadas las 20 hs frente al Palacio Municipal para manifestarse en contra de los aumentos de tarifas de los servicios como luz y gas.\" \/>\n<meta property=\"og:url\" content=\"https:\/\/www.noticiasradioreflejos.com.ar\/2021\/tornquist-hizo-sentir-su-rechazo-al-aumento-de-las-tarifas\/\" \/>\n<meta property=\"og:site_name\" content=\"Noticias Radio Reflejos\" \/>\n<meta property=\"article:published_time\" content=\"2018-04-19T11:36:36+00:00\" \/>\n<meta property=\"og:image\" content=\"http:\/\/farm1.staticflickr.com\/817\/41516713562_ceaf29e131.jpg\" \/>\n<meta name=\"author\" content=\"Arnaldo Botto\" \/>\n<meta name=\"twitter:card\" content=\"summary_large_image\" \/>\n<script type=\"application\/ld+json\" class=\"yoast-schema-graph\">{\"@context\":\"https:\/\/schema.org\",\"@graph\":[{\"@type\":\"WebPage\",\"@id\":\"https:\/\/www.noticiasradioreflejos.com.ar\/2021\/tornquist-hizo-sentir-su-rechazo-al-aumento-de-las-tarifas\/\",\"url\":\"https:\/\/www.noticiasradioreflejos.com.ar\/2021\/tornquist-hizo-sentir-su-rechazo-al-aumento-de-las-tarifas\/\",\"name\":\"Tornquist hizo sentir su rechazo al aumento de las tarifas - Noticias Radio Reflejos\",\"isPartOf\":{\"@id\":\"https:\/\/www.noticiasradioreflejos.com.ar\/2021\/#website\"},\"primaryImageOfPage\":{\"@id\":\"https:\/\/www.noticiasradioreflejos.com.ar\/2021\/tornquist-hizo-sentir-su-rechazo-al-aumento-de-las-tarifas\/#primaryimage\"},\"image\":{\"@id\":\"https:\/\/www.noticiasradioreflejos.com.ar\/2021\/tornquist-hizo-sentir-su-rechazo-al-aumento-de-las-tarifas\/#primaryimage\"},\"thumbnailUrl\":\"http:\/\/farm1.staticflickr.com\/817\/41516713562_ceaf29e131.jpg\",\"datePublished\":\"2018-04-19T11:36:36+00:00\",\"author\":{\"@id\":\"https:\/\/www.noticiasradioreflejos.com.ar\/2021\/#\/schema\/person\/ad82545263dcc5ec0996818884fd5fb1\"},\"breadcrumb\":{\"@id\":\"https:\/\/www.noticiasradioreflejos.com.ar\/2021\/tornquist-hizo-sentir-su-rechazo-al-aumento-de-las-tarifas\/#breadcrumb\"},\"inLanguage\":\"es\",\"potentialAction\":[{\"@type\":\"ReadAction\",\"target\":[\"https:\/\/www.noticiasradioreflejos.com.ar\/2021\/tornquist-hizo-sentir-su-rechazo-al-aumento-de-las-tarifas\/\"]}]},{\"@type\":\"ImageObject\",\"inLanguage\":\"es\",\"@id\":\"https:\/\/www.noticiasradioreflejos.com.ar\/2021\/tornquist-hizo-sentir-su-rechazo-al-aumento-de-las-tarifas\/#primaryimage\",\"url\":\"http:\/\/farm1.staticflickr.com\/817\/41516713562_ceaf29e131.jpg\",\"contentUrl\":\"http:\/\/farm1.staticflickr.com\/817\/41516713562_ceaf29e131.jpg\"},{\"@type\":\"BreadcrumbList\",\"@id\":\"https:\/\/www.noticiasradioreflejos.com.ar\/2021\/tornquist-hizo-sentir-su-rechazo-al-aumento-de-las-tarifas\/#breadcrumb\",\"itemListElement\":[{\"@type\":\"ListItem\",\"position\":1,\"name\":\"Portada\",\"item\":\"https:\/\/www.noticiasradioreflejos.com.ar\/2021\/\"},{\"@type\":\"ListItem\",\"position\":2,\"name\":\"Tornquist hizo sentir su rechazo al aumento de las tarifas\"}]},{\"@type\":\"WebSite\",\"@id\":\"https:\/\/www.noticiasradioreflejos.com.ar\/2021\/#website\",\"url\":\"https:\/\/www.noticiasradioreflejos.com.ar\/2021\/\",\"name\":\"Noticias Radio Reflejos\",\"description\":\"Las noticias de mi comarca\",\"potentialAction\":[{\"@type\":\"SearchAction\",\"target\":{\"@type\":\"EntryPoint\",\"urlTemplate\":\"https:\/\/www.noticiasradioreflejos.com.ar\/2021\/?s={search_term_string}\"},\"query-input\":{\"@type\":\"PropertyValueSpecification\",\"valueRequired\":true,\"valueName\":\"search_term_string\"}}],\"inLanguage\":\"es\"},{\"@type\":\"Person\",\"@id\":\"https:\/\/www.noticiasradioreflejos.com.ar\/2021\/#\/schema\/person\/ad82545263dcc5ec0996818884fd5fb1\",\"name\":\"Arnaldo Botto\",\"image\":{\"@type\":\"ImageObject\",\"inLanguage\":\"es\",\"@id\":\"https:\/\/www.noticiasradioreflejos.com.ar\/2021\/#\/schema\/person\/image\/\",\"url\":\"https:\/\/secure.gravatar.com\/avatar\/55cb5e37c1efa326397366e6974cb338056df65cb50e7d64d1cf314e87504837?s=96&d=mm&r=g\",\"contentUrl\":\"https:\/\/secure.gravatar.com\/avatar\/55cb5e37c1efa326397366e6974cb338056df65cb50e7d64d1cf314e87504837?s=96&d=mm&r=g\",\"caption\":\"Arnaldo Botto\"},\"url\":\"https:\/\/www.noticiasradioreflejos.com.ar\/2021\/author\/arnaldo\/\"}]}<\/script>\n<!-- \/ Yoast SEO plugin. -->","yoast_head_json":{"title":"Tornquist hizo sentir su rechazo al aumento de las tarifas - Noticias Radio Reflejos","robots":{"index":"index","follow":"follow","max-snippet":"max-snippet:-1","max-image-preview":"max-image-preview:large","max-video-preview":"max-video-preview:-1"},"canonical":"https:\/\/www.noticiasradioreflejos.com.ar\/2021\/tornquist-hizo-sentir-su-rechazo-al-aumento-de-las-tarifas\/","og_locale":"es_ES","og_type":"article","og_title":"Tornquist hizo sentir su rechazo al aumento de las tarifas - Noticias Radio Reflejos","og_description":"Un nutrido grupo de vecinos de nuestra ciudad se concentr\u00f3 este mi\u00e9rcoles pasadas las 20 hs frente al Palacio Municipal para manifestarse en contra de los aumentos de tarifas de los servicios como luz y gas.","og_url":"https:\/\/www.noticiasradioreflejos.com.ar\/2021\/tornquist-hizo-sentir-su-rechazo-al-aumento-de-las-tarifas\/","og_site_name":"Noticias Radio Reflejos","article_published_time":"2018-04-19T11:36:36+00:00","og_image":[{"url":"http:\/\/farm1.staticflickr.com\/817\/41516713562_ceaf29e131.jpg","type":"","width":"","height":""}],"author":"Arnaldo Botto","twitter_card":"summary_large_image","schema":{"@context":"https:\/\/schema.org","@graph":[{"@type":"WebPage","@id":"https:\/\/www.noticiasradioreflejos.com.ar\/2021\/tornquist-hizo-sentir-su-rechazo-al-aumento-de-las-tarifas\/","url":"https:\/\/www.noticiasradioreflejos.com.ar\/2021\/tornquist-hizo-sentir-su-rechazo-al-aumento-de-las-tarifas\/","name":"Tornquist hizo sentir su rechazo al aumento de las tarifas - Noticias Radio Reflejos","isPartOf":{"@id":"https:\/\/www.noticiasradioreflejos.com.ar\/2021\/#website"},"primaryImageOfPage":{"@id":"https:\/\/www.noticiasradioreflejos.com.ar\/2021\/tornquist-hizo-sentir-su-rechazo-al-aumento-de-las-tarifas\/#primaryimage"},"image":{"@id":"https:\/\/www.noticiasradioreflejos.com.ar\/2021\/tornquist-hizo-sentir-su-rechazo-al-aumento-de-las-tarifas\/#primaryimage"},"thumbnailUrl":"http:\/\/farm1.staticflickr.com\/817\/41516713562_ceaf29e131.jpg","datePublished":"2018-04-19T11:36:36+00:00","author":{"@id":"https:\/\/www.noticiasradioreflejos.com.ar\/2021\/#\/schema\/person\/ad82545263dcc5ec0996818884fd5fb1"},"breadcrumb":{"@id":"https:\/\/www.noticiasradioreflejos.com.ar\/2021\/tornquist-hizo-sentir-su-rechazo-al-aumento-de-las-tarifas\/#breadcrumb"},"inLanguage":"es","potentialAction":[{"@type":"ReadAction","target":["https:\/\/www.noticiasradioreflejos.com.ar\/2021\/tornquist-hizo-sentir-su-rechazo-al-aumento-de-las-tarifas\/"]}]},{"@type":"ImageObject","inLanguage":"es","@id":"https:\/\/www.noticiasradioreflejos.com.ar\/2021\/tornquist-hizo-sentir-su-rechazo-al-aumento-de-las-tarifas\/#primaryimage","url":"http:\/\/farm1.staticflickr.com\/817\/41516713562_ceaf29e131.jpg","contentUrl":"http:\/\/farm1.staticflickr.com\/817\/41516713562_ceaf29e131.jpg"},{"@type":"BreadcrumbList","@id":"https:\/\/www.noticiasradioreflejos.com.ar\/2021\/tornquist-hizo-sentir-su-rechazo-al-aumento-de-las-tarifas\/#breadcrumb","itemListElement":[{"@type":"ListItem","position":1,"name":"Portada","item":"https:\/\/www.noticiasradioreflejos.com.ar\/2021\/"},{"@type":"ListItem","position":2,"name":"Tornquist hizo sentir su rechazo al aumento de las tarifas"}]},{"@type":"WebSite","@id":"https:\/\/www.noticiasradioreflejos.com.ar\/2021\/#website","url":"https:\/\/www.noticiasradioreflejos.com.ar\/2021\/","name":"Noticias Radio Reflejos","description":"Las noticias de mi comarca","potentialAction":[{"@type":"SearchAction","target":{"@type":"EntryPoint","urlTemplate":"https:\/\/www.noticiasradioreflejos.com.ar\/2021\/?s={search_term_string}"},"query-input":{"@type":"PropertyValueSpecification","valueRequired":true,"valueName":"search_term_string"}}],"inLanguage":"es"},{"@type":"Person","@id":"https:\/\/www.noticiasradioreflejos.com.ar\/2021\/#\/schema\/person\/ad82545263dcc5ec0996818884fd5fb1","name":"Arnaldo Botto","image":{"@type":"ImageObject","inLanguage":"es","@id":"https:\/\/www.noticiasradioreflejos.com.ar\/2021\/#\/schema\/person\/image\/","url":"https:\/\/secure.gravatar.com\/avatar\/55cb5e37c1efa326397366e6974cb338056df65cb50e7d64d1cf314e87504837?s=96&d=mm&r=g","contentUrl":"https:\/\/secure.gravatar.com\/avatar\/55cb5e37c1efa326397366e6974cb338056df65cb50e7d64d1cf314e87504837?s=96&d=mm&r=g","caption":"Arnaldo Botto"},"url":"https:\/\/www.noticiasradioreflejos.com.ar\/2021\/author\/arnaldo\/"}]}},"_links":{"self":[{"href":"https:\/\/www.noticiasradioreflejos.com.ar\/2021\/wp-json\/wp\/v2\/posts\/20891","targetHints":{"allow":["GET"]}}],"collection":[{"href":"https:\/\/www.noticiasradioreflejos.com.ar\/2021\/wp-json\/wp\/v2\/posts"}],"about":[{"href":"https:\/\/www.noticiasradioreflejos.com.ar\/2021\/wp-json\/wp\/v2\/types\/post"}],"author":[{"embeddable":true,"href":"https:\/\/www.noticiasradioreflejos.com.ar\/2021\/wp-json\/wp\/v2\/users\/3"}],"replies":[{"embeddable":true,"href":"https:\/\/www.noticiasradioreflejos.com.ar\/2021\/wp-json\/wp\/v2\/comments?post=20891"}],"version-history":[{"count":0,"href":"https:\/\/www.noticiasradioreflejos.com.ar\/2021\/wp-json\/wp\/v2\/posts\/20891\/revisions"}],"wp:attachment":[{"href":"https:\/\/www.noticiasradioreflejos.com.ar\/2021\/wp-json\/wp\/v2\/media?parent=20891"}],"wp:term":[{"taxonomy":"category","embeddable":true,"href":"https:\/\/www.noticiasradioreflejos.com.ar\/2021\/wp-json\/wp\/v2\/categories?post=20891"},{"taxonomy":"post_tag","embeddable":true,"href":"https:\/\/www.noticiasradioreflejos.com.ar\/2021\/wp-json\/wp\/v2\/tags?post=20891"}],"curies":[{"name":"wp","href":"https:\/\/api.w.org\/{rel}","templated":true}]}}