{"id":20704,"date":"2018-04-13T14:25:30","date_gmt":"2018-04-13T17:25:30","guid":{"rendered":"http:\/\/www.noticiasradioreflejos.com.ar\/noticias\/?p=20704"},"modified":"2018-04-13T14:25:30","modified_gmt":"2018-04-13T17:25:30","slug":"tornquist-te-veo-la-muestra-fotografica-de-luz-marti","status":"publish","type":"post","link":"https:\/\/www.noticiasradioreflejos.com.ar\/2021\/tornquist-te-veo-la-muestra-fotografica-de-luz-marti\/","title":{"rendered":"\u201cTornquist, te veo\u201d la muestra fotogr\u00e1fica de Luz Mart\u00ed"},"content":{"rendered":"<p>Qued\u00f3 inaugurada en el d\u00eda de ayer, la muestra \u201cTornquist, te veo\u201d, de Luz Mart\u00ed; en el Teatro Rodolfo Funke.<!--more--><br \/>\nLa misma se podr\u00e1 visitar en los horarios de atenci\u00f3n del Teatro Municipal Rodolfo Funke:<br \/>\nLUNES A VIERNES de 9 a 13 y 15 a 21hs.<br \/>\n<a href=\"http:\/\/farm1.staticflickr.com\/898\/40539633045_0cfe2f4098_z.jpg\" title=\"muestra fotografica4\" rel=\"\"><img loading=\"lazy\" decoding=\"async\" src=\"http:\/\/farm1.staticflickr.com\/898\/40539633045_0cfe2f4098_z.jpg\" width=\"640\" height=\"480\" alt=\"muestra fotografica4\" title=\"muestra fotografica4\" class=\"aligncenter\"><\/a><br \/>\n<a href=\"http:\/\/farm1.staticflickr.com\/822\/41434427181_5e7f6bfeeb_z.jpg\" title=\"muestra fotografica3\" rel=\"\"><img loading=\"lazy\" decoding=\"async\" src=\"http:\/\/farm1.staticflickr.com\/822\/41434427181_5e7f6bfeeb_z.jpg\" width=\"480\" height=\"640\" alt=\"muestra fotografica3\" title=\"muestra fotografica3\" class=\"aligncenter\"><\/a><br \/>\n<a href=\"http:\/\/farm1.staticflickr.com\/809\/40539635815_548853c24d_z.jpg\" title=\"muestra fotografica2\" rel=\"\"><img loading=\"lazy\" decoding=\"async\" src=\"http:\/\/farm1.staticflickr.com\/809\/40539635815_548853c24d_z.jpg\" width=\"480\" height=\"640\" alt=\"muestra fotografica2\" title=\"muestra fotografica2\" class=\"aligncenter\"><\/a><\/p>\n","protected":false},"excerpt":{"rendered":"<p>Qued\u00f3 inaugurada en el d\u00eda de ayer, la muestra \u201cTornquist, te veo\u201d, de Luz Mart\u00ed; en el Teatro Rodolfo Funke.<\/p>\n","protected":false},"author":3,"featured_media":0,"comment_status":"closed","ping_status":"open","sticky":false,"template":"","format":"standard","meta":{"footnotes":""},"categories":[35],"tags":[],"class_list":["post-20704","post","type-post","status-publish","format-standard","hentry","category-cultura"],"yoast_head":"<!-- This site is optimized with the Yoast SEO plugin v25.9 - https:\/\/yoast.com\/wordpress\/plugins\/seo\/ -->\n<title>\u201cTornquist, te veo\u201d la muestra fotogr\u00e1fica de Luz Mart\u00ed - Noticias Radio Reflejos<\/title>\n<meta name=\"robots\" content=\"index, follow, max-snippet:-1, max-image-preview:large, max-video-preview:-1\" \/>\n<link rel=\"canonical\" href=\"https:\/\/www.noticiasradioreflejos.com.ar\/2021\/tornquist-te-veo-la-muestra-fotografica-de-luz-marti\/\" \/>\n<meta property=\"og:locale\" content=\"es_ES\" \/>\n<meta property=\"og:type\" content=\"article\" \/>\n<meta property=\"og:title\" content=\"\u201cTornquist, te veo\u201d la muestra fotogr\u00e1fica de Luz Mart\u00ed - Noticias Radio Reflejos\" \/>\n<meta property=\"og:description\" content=\"Qued\u00f3 inaugurada en el d\u00eda de ayer, la muestra \u201cTornquist, te veo\u201d, de Luz Mart\u00ed; en el Teatro Rodolfo Funke.\" \/>\n<meta property=\"og:url\" content=\"https:\/\/www.noticiasradioreflejos.com.ar\/2021\/tornquist-te-veo-la-muestra-fotografica-de-luz-marti\/\" \/>\n<meta property=\"og:site_name\" content=\"Noticias Radio Reflejos\" \/>\n<meta property=\"article:published_time\" content=\"2018-04-13T17:25:30+00:00\" \/>\n<meta property=\"og:image\" content=\"http:\/\/farm1.staticflickr.com\/898\/40539633045_0cfe2f4098_z.jpg\" \/>\n<meta name=\"author\" content=\"Arnaldo Botto\" \/>\n<meta name=\"twitter:card\" content=\"summary_large_image\" \/>\n<script type=\"application\/ld+json\" class=\"yoast-schema-graph\">{\"@context\":\"https:\/\/schema.org\",\"@graph\":[{\"@type\":\"WebPage\",\"@id\":\"https:\/\/www.noticiasradioreflejos.com.ar\/2021\/tornquist-te-veo-la-muestra-fotografica-de-luz-marti\/\",\"url\":\"https:\/\/www.noticiasradioreflejos.com.ar\/2021\/tornquist-te-veo-la-muestra-fotografica-de-luz-marti\/\",\"name\":\"\u201cTornquist, te veo\u201d la muestra fotogr\u00e1fica de Luz Mart\u00ed - Noticias Radio Reflejos\",\"isPartOf\":{\"@id\":\"https:\/\/www.noticiasradioreflejos.com.ar\/2021\/#website\"},\"primaryImageOfPage\":{\"@id\":\"https:\/\/www.noticiasradioreflejos.com.ar\/2021\/tornquist-te-veo-la-muestra-fotografica-de-luz-marti\/#primaryimage\"},\"image\":{\"@id\":\"https:\/\/www.noticiasradioreflejos.com.ar\/2021\/tornquist-te-veo-la-muestra-fotografica-de-luz-marti\/#primaryimage\"},\"thumbnailUrl\":\"http:\/\/farm1.staticflickr.com\/898\/40539633045_0cfe2f4098_z.jpg\",\"datePublished\":\"2018-04-13T17:25:30+00:00\",\"author\":{\"@id\":\"https:\/\/www.noticiasradioreflejos.com.ar\/2021\/#\/schema\/person\/ad82545263dcc5ec0996818884fd5fb1\"},\"breadcrumb\":{\"@id\":\"https:\/\/www.noticiasradioreflejos.com.ar\/2021\/tornquist-te-veo-la-muestra-fotografica-de-luz-marti\/#breadcrumb\"},\"inLanguage\":\"es\",\"potentialAction\":[{\"@type\":\"ReadAction\",\"target\":[\"https:\/\/www.noticiasradioreflejos.com.ar\/2021\/tornquist-te-veo-la-muestra-fotografica-de-luz-marti\/\"]}]},{\"@type\":\"ImageObject\",\"inLanguage\":\"es\",\"@id\":\"https:\/\/www.noticiasradioreflejos.com.ar\/2021\/tornquist-te-veo-la-muestra-fotografica-de-luz-marti\/#primaryimage\",\"url\":\"http:\/\/farm1.staticflickr.com\/898\/40539633045_0cfe2f4098_z.jpg\",\"contentUrl\":\"http:\/\/farm1.staticflickr.com\/898\/40539633045_0cfe2f4098_z.jpg\"},{\"@type\":\"BreadcrumbList\",\"@id\":\"https:\/\/www.noticiasradioreflejos.com.ar\/2021\/tornquist-te-veo-la-muestra-fotografica-de-luz-marti\/#breadcrumb\",\"itemListElement\":[{\"@type\":\"ListItem\",\"position\":1,\"name\":\"Portada\",\"item\":\"https:\/\/www.noticiasradioreflejos.com.ar\/2021\/\"},{\"@type\":\"ListItem\",\"position\":2,\"name\":\"\u201cTornquist, te veo\u201d la muestra fotogr\u00e1fica de Luz Mart\u00ed\"}]},{\"@type\":\"WebSite\",\"@id\":\"https:\/\/www.noticiasradioreflejos.com.ar\/2021\/#website\",\"url\":\"https:\/\/www.noticiasradioreflejos.com.ar\/2021\/\",\"name\":\"Noticias Radio Reflejos\",\"description\":\"Las noticias de mi comarca\",\"potentialAction\":[{\"@type\":\"SearchAction\",\"target\":{\"@type\":\"EntryPoint\",\"urlTemplate\":\"https:\/\/www.noticiasradioreflejos.com.ar\/2021\/?s={search_term_string}\"},\"query-input\":{\"@type\":\"PropertyValueSpecification\",\"valueRequired\":true,\"valueName\":\"search_term_string\"}}],\"inLanguage\":\"es\"},{\"@type\":\"Person\",\"@id\":\"https:\/\/www.noticiasradioreflejos.com.ar\/2021\/#\/schema\/person\/ad82545263dcc5ec0996818884fd5fb1\",\"name\":\"Arnaldo Botto\",\"image\":{\"@type\":\"ImageObject\",\"inLanguage\":\"es\",\"@id\":\"https:\/\/www.noticiasradioreflejos.com.ar\/2021\/#\/schema\/person\/image\/\",\"url\":\"https:\/\/secure.gravatar.com\/avatar\/55cb5e37c1efa326397366e6974cb338056df65cb50e7d64d1cf314e87504837?s=96&d=mm&r=g\",\"contentUrl\":\"https:\/\/secure.gravatar.com\/avatar\/55cb5e37c1efa326397366e6974cb338056df65cb50e7d64d1cf314e87504837?s=96&d=mm&r=g\",\"caption\":\"Arnaldo Botto\"},\"url\":\"https:\/\/www.noticiasradioreflejos.com.ar\/2021\/author\/arnaldo\/\"}]}<\/script>\n<!-- \/ Yoast SEO plugin. -->","yoast_head_json":{"title":"\u201cTornquist, te veo\u201d la muestra fotogr\u00e1fica de Luz Mart\u00ed - Noticias Radio Reflejos","robots":{"index":"index","follow":"follow","max-snippet":"max-snippet:-1","max-image-preview":"max-image-preview:large","max-video-preview":"max-video-preview:-1"},"canonical":"https:\/\/www.noticiasradioreflejos.com.ar\/2021\/tornquist-te-veo-la-muestra-fotografica-de-luz-marti\/","og_locale":"es_ES","og_type":"article","og_title":"\u201cTornquist, te veo\u201d la muestra fotogr\u00e1fica de Luz Mart\u00ed - Noticias Radio Reflejos","og_description":"Qued\u00f3 inaugurada en el d\u00eda de ayer, la muestra \u201cTornquist, te veo\u201d, de Luz Mart\u00ed; en el Teatro Rodolfo Funke.","og_url":"https:\/\/www.noticiasradioreflejos.com.ar\/2021\/tornquist-te-veo-la-muestra-fotografica-de-luz-marti\/","og_site_name":"Noticias Radio Reflejos","article_published_time":"2018-04-13T17:25:30+00:00","og_image":[{"url":"http:\/\/farm1.staticflickr.com\/898\/40539633045_0cfe2f4098_z.jpg","type":"","width":"","height":""}],"author":"Arnaldo Botto","twitter_card":"summary_large_image","schema":{"@context":"https:\/\/schema.org","@graph":[{"@type":"WebPage","@id":"https:\/\/www.noticiasradioreflejos.com.ar\/2021\/tornquist-te-veo-la-muestra-fotografica-de-luz-marti\/","url":"https:\/\/www.noticiasradioreflejos.com.ar\/2021\/tornquist-te-veo-la-muestra-fotografica-de-luz-marti\/","name":"\u201cTornquist, te veo\u201d la muestra fotogr\u00e1fica de Luz Mart\u00ed - Noticias Radio Reflejos","isPartOf":{"@id":"https:\/\/www.noticiasradioreflejos.com.ar\/2021\/#website"},"primaryImageOfPage":{"@id":"https:\/\/www.noticiasradioreflejos.com.ar\/2021\/tornquist-te-veo-la-muestra-fotografica-de-luz-marti\/#primaryimage"},"image":{"@id":"https:\/\/www.noticiasradioreflejos.com.ar\/2021\/tornquist-te-veo-la-muestra-fotografica-de-luz-marti\/#primaryimage"},"thumbnailUrl":"http:\/\/farm1.staticflickr.com\/898\/40539633045_0cfe2f4098_z.jpg","datePublished":"2018-04-13T17:25:30+00:00","author":{"@id":"https:\/\/www.noticiasradioreflejos.com.ar\/2021\/#\/schema\/person\/ad82545263dcc5ec0996818884fd5fb1"},"breadcrumb":{"@id":"https:\/\/www.noticiasradioreflejos.com.ar\/2021\/tornquist-te-veo-la-muestra-fotografica-de-luz-marti\/#breadcrumb"},"inLanguage":"es","potentialAction":[{"@type":"ReadAction","target":["https:\/\/www.noticiasradioreflejos.com.ar\/2021\/tornquist-te-veo-la-muestra-fotografica-de-luz-marti\/"]}]},{"@type":"ImageObject","inLanguage":"es","@id":"https:\/\/www.noticiasradioreflejos.com.ar\/2021\/tornquist-te-veo-la-muestra-fotografica-de-luz-marti\/#primaryimage","url":"http:\/\/farm1.staticflickr.com\/898\/40539633045_0cfe2f4098_z.jpg","contentUrl":"http:\/\/farm1.staticflickr.com\/898\/40539633045_0cfe2f4098_z.jpg"},{"@type":"BreadcrumbList","@id":"https:\/\/www.noticiasradioreflejos.com.ar\/2021\/tornquist-te-veo-la-muestra-fotografica-de-luz-marti\/#breadcrumb","itemListElement":[{"@type":"ListItem","position":1,"name":"Portada","item":"https:\/\/www.noticiasradioreflejos.com.ar\/2021\/"},{"@type":"ListItem","position":2,"name":"\u201cTornquist, te veo\u201d la muestra fotogr\u00e1fica de Luz Mart\u00ed"}]},{"@type":"WebSite","@id":"https:\/\/www.noticiasradioreflejos.com.ar\/2021\/#website","url":"https:\/\/www.noticiasradioreflejos.com.ar\/2021\/","name":"Noticias Radio Reflejos","description":"Las noticias de mi comarca","potentialAction":[{"@type":"SearchAction","target":{"@type":"EntryPoint","urlTemplate":"https:\/\/www.noticiasradioreflejos.com.ar\/2021\/?s={search_term_string}"},"query-input":{"@type":"PropertyValueSpecification","valueRequired":true,"valueName":"search_term_string"}}],"inLanguage":"es"},{"@type":"Person","@id":"https:\/\/www.noticiasradioreflejos.com.ar\/2021\/#\/schema\/person\/ad82545263dcc5ec0996818884fd5fb1","name":"Arnaldo Botto","image":{"@type":"ImageObject","inLanguage":"es","@id":"https:\/\/www.noticiasradioreflejos.com.ar\/2021\/#\/schema\/person\/image\/","url":"https:\/\/secure.gravatar.com\/avatar\/55cb5e37c1efa326397366e6974cb338056df65cb50e7d64d1cf314e87504837?s=96&d=mm&r=g","contentUrl":"https:\/\/secure.gravatar.com\/avatar\/55cb5e37c1efa326397366e6974cb338056df65cb50e7d64d1cf314e87504837?s=96&d=mm&r=g","caption":"Arnaldo Botto"},"url":"https:\/\/www.noticiasradioreflejos.com.ar\/2021\/author\/arnaldo\/"}]}},"_links":{"self":[{"href":"https:\/\/www.noticiasradioreflejos.com.ar\/2021\/wp-json\/wp\/v2\/posts\/20704","targetHints":{"allow":["GET"]}}],"collection":[{"href":"https:\/\/www.noticiasradioreflejos.com.ar\/2021\/wp-json\/wp\/v2\/posts"}],"about":[{"href":"https:\/\/www.noticiasradioreflejos.com.ar\/2021\/wp-json\/wp\/v2\/types\/post"}],"author":[{"embeddable":true,"href":"https:\/\/www.noticiasradioreflejos.com.ar\/2021\/wp-json\/wp\/v2\/users\/3"}],"replies":[{"embeddable":true,"href":"https:\/\/www.noticiasradioreflejos.com.ar\/2021\/wp-json\/wp\/v2\/comments?post=20704"}],"version-history":[{"count":0,"href":"https:\/\/www.noticiasradioreflejos.com.ar\/2021\/wp-json\/wp\/v2\/posts\/20704\/revisions"}],"wp:attachment":[{"href":"https:\/\/www.noticiasradioreflejos.com.ar\/2021\/wp-json\/wp\/v2\/media?parent=20704"}],"wp:term":[{"taxonomy":"category","embeddable":true,"href":"https:\/\/www.noticiasradioreflejos.com.ar\/2021\/wp-json\/wp\/v2\/categories?post=20704"},{"taxonomy":"post_tag","embeddable":true,"href":"https:\/\/www.noticiasradioreflejos.com.ar\/2021\/wp-json\/wp\/v2\/tags?post=20704"}],"curies":[{"name":"wp","href":"https:\/\/api.w.org\/{rel}","templated":true}]}}