{"id":20692,"date":"2018-04-13T15:42:14","date_gmt":"2018-04-13T18:42:14","guid":{"rendered":"http:\/\/www.noticiasradioreflejos.com.ar\/noticias\/?p=20692"},"modified":"2018-04-13T15:42:14","modified_gmt":"2018-04-13T18:42:14","slug":"el-pueblo-argentino-eligio-esta-politica-que-yo-no-tengo-dudas-esta-gobernando-para-una-elite-en-todo-el-pais-que-son-los-grandes-empresarios","status":"publish","type":"post","link":"https:\/\/www.noticiasradioreflejos.com.ar\/2021\/el-pueblo-argentino-eligio-esta-politica-que-yo-no-tengo-dudas-esta-gobernando-para-una-elite-en-todo-el-pais-que-son-los-grandes-empresarios\/","title":{"rendered":"&quot;El pueblo argentino eligi\u00f3 esta pol\u00edtica que yo no tengo dudas, esta gobernando para una \u00e9lite en todo el pa\u00eds que son los grandes empresarios&quot;"},"content":{"rendered":"<p>Roberto \u00abGallego\u00bb Garc\u00eda, accedi\u00f3 a charlar con FM Reflejos para describir su punto de vista sobre la actual situaci\u00f3n econ\u00f3mica que atraviesa la comunidad frente a las elevadas tarifas el\u00e9ctricas que llegan a los hogares.<!--more--><br \/>\nSi bien el gremio que lo involucra parece el mas beneficiado frente a la actual econom\u00eda, Garc\u00eda tuvo una visi\u00f3n sumamente critica sobre la pol\u00edtica econ\u00f3mica del gobierno nacional y provincial calificando como \u00abMuy preocupante\u00bb y dijo \u00abestamos en un callej\u00f3n sin salida\u00bb.<br \/>\n\u00abEs cierto que la tarifa en el sector el\u00e9ctrico estaba muy atrasada, durante 8 a\u00f1os pr\u00e1cticamente no hab\u00eda ning\u00fan movimiento en el cuadro tarifario, a trav\u00e9s de los subsidios de las convergencias famosas que se hab\u00eda creado en el ese momento, las empresas privadas y sector cooperativo se lo iba compensando inclusive a muchos sectores les ha quedado inversiones que no van a recuperar mas, pero el gobierno actual, despu\u00e9s de dos a\u00f1os y algo de gesti\u00f3n indudablemente ha hecho una actualizaci\u00f3n de los cuadros tarifarios, a nuestro criterio demasiado agresiva, si bien es cierto que hacia falta, progresivamente te pod\u00edan haber seguido llegando en mas tiempo o en a\u00f1os, a lo que las empresas quieren, indudablemente las empresas privadas bailan en una pata, est\u00e1n chochas, en el sector cooperativo ha recuperado mucho lo que perdi\u00f3, hoy las cooperativas nosotros tenemos 20 en nuestra jurisdicci\u00f3n, est\u00e1n en buenas condiciones econ\u00f3micas financieras, pero bueno, el que sufre es el pueblo, ni hablar los comercios, la industria, mas all\u00e1 de las diferencias que puedan tener en los cuadros tarifarios, asique es un problema indudablemente preocupante, nosotros estamos viendo con mucha preocupaci\u00f3n lo que esta ocurriendo a principio de a\u00f1o inclusive con el tema inflacionario y creemos que esto se va a ahondar en los pr\u00f3ximos meses, ac\u00e1 en Coronel Suarez la principal empresa que da trabajo que es la fabrica das, ha despedido entre 800 y 1000 trabajadores, desde el mes de diciembre a la fecha, eso en una comunidad de 40.000 habitantes pega fuerte, y bueno, se esta sintiendo, y se esta empezando a sentir y creemos sin temor a equivocarnos, que los pr\u00f3ximos meses se va a sentir mucho mas, en la problem\u00e1tica, la falta de trabajo y se empieza a sentir fuerte en la falta de poder adquisitivo tambi\u00e9n de muchos sectores de la comunidad, asique es muy pero muy preocupante y esperemos que el gobierno vaya encontrando la salida porque todo los indicios dan que estamos en un callej\u00f3n que no se puede resolver, la inflaci\u00f3n va a bajar, va a bajar pero no baja, en la luz al final del t\u00fanel que alguna vez dijo la Vicepresidenta Michetti, todav\u00eda no se si ella la vera con lentes de aumento, nosotros no vemos nada, asique creo que es un combo que a la larga si no se le encuentra una soluci\u00f3n, seguramente el pa\u00eds va a entrar en otra situaci\u00f3n que la parte social va a ser demasiado compleja para la parte pol\u00edtica que hoy no esta gobernando\u00bb. Inici\u00f3 Garcia<br \/>\n\u00abNosotros quisi\u00e9ramos que la toma de gente y de trabajadores fuera mas intensiva, siempre las empresas son retacean a tomar mucho personal porque en un pa\u00eds ciclotimico como el nuestro hoy que est\u00e1n en una \u00e9poca de bonanza quiz\u00e1 dentro de 6 meses un a\u00f1o, est\u00e1n pidiendo agua, pero indudablemente no es lo que nosotros como gremio quisi\u00e9ramos pero si reconocemos, que estamos en una situaci\u00f3n mejor que otros sectores de la comunidad, pero tambi\u00e9n sabemos que ac\u00e1 solo no se va a salvar nadie, no sirve de nada que nosotros estemos bien, o muy bien y podamos incorporar gente o a medida que se van jubilando compa\u00f1eros hacemos un ingreso autom\u00e1tico, si otros sectores est\u00e1n mal, o muy mal, y si quien se cae del mundo laboral hoy no consigue, es pr\u00e1cticamente imposible conseguir un puesto laboral y pr\u00e1cticamente se disgregan las familias por todo lo que se vive, porque cuando un hombre pierde su trabajo no puede mantener a su familia, indudablemente se degrada, y no tiene casi mas nada que perder, a sus hijos no los puede hacer estudiar, no tiene proyectos de vida, entonces yo creo que el tema va por otro lado, creo que lo que el gobierno se tiene que ocupar, y preocupar, es por quedar fuentes laborales, es que el obrero tenga poder adquisitivo, para que as\u00ed la plata quede en las comunidades, en los locales de ropa, en los supermercados, en los almacenes de barrio, pero eso es lo que se esta echando a perder, se ha bajado la cantidad de pan que se vende, que es un elemento esencial en cualquier canasta familiar, no se puede seguir con esto, si hay sectores que se pueden aumentar los salarios por encima de lo que marca en la pauta que el gobierno ha pautado un 15%, inclusiva la parte pol\u00edtica diputados o senadores, o los intendentes o los concejales de los distritos, porque el trabajador no tiene derecho a sentarse en una mesa y a negociar lo que el sector pueda ofrecer o lo que en puro consenso se pueda conseguir. El sector nuestro goza de buena salud, pero ac\u00e1 solo no se salva nadie, el pa\u00eds lo hacemos los 40 millones de Argentinos\u00bb. Cont\u00f3<br \/>\n\u00abLa gente muchos se calefaccionaban con electricidad, inclusive hay edificios enteros que no tienen la red de gas, porque era muy barato y ahora le han cambiado las condiciones de mercado. Pero es indudable que la luz ha afectado mucho, ac\u00e1 inclusive han cerrado 2 o 3 comercios entre ellos una carnicer\u00eda, que hoy o ma\u00f1ana creo que rematan todo, las heladeras y todo porque uno de los argumentos que tuvieron fue que era imposible pagar el servicio el\u00e9ctrico, entonces cuando nosotros decimos que los aumentos deber\u00edan haber sido graduales, los hechos nos est\u00e1n dando la raz\u00f3n, pero la pol\u00edtica la decide y la pone en marcha el poder pol\u00edtico de turno, el pueblo argentino eligi\u00f3 esta pol\u00edtica que yo no tengo dudas, esta gobernando para una \u00e9lite en todo el pa\u00eds que son los grandes empresarios, los grandes terratenientes del campo, y la verdad que el trabajador pr\u00e1cticamente no existe y no tienen por lo menos lo han demostrado en estos \u00faltimos dos a\u00f1os ning\u00fan inter\u00e9s de que exista, ellos gobiernan para la \u00e9lite de la que vienen, la gente las pr\u00f3ximas elecciones va a tener que pensar muy bien donde pone el voto, porque despu\u00e9s nos lamentamos pero esto lo ha querido la gran mayor\u00eda del pueblo argentino, asique ahora hay que aguantar la mecha, y esperar y bueno siempre cada dos a\u00f1os tenemos la posibilidad de cambiar, si es que no nos gustan las cosas, y si es que no estamos conformes con los que nos gobiernan, esperemos que sobre todo los trabajadores y muchos que est\u00e1n quedando en el camino del mundo laboral recapaciten y piensen, que si la verdad es que piensan que alg\u00fan pol\u00edtico iluminado los va a salvar estas son las consecuencias que estamos teniendo\u00bb Expres\u00f3 Roberto<br \/>\n\u00abEstuvo hace 15 d\u00edas la Gobernadora Vidal ac\u00e1, la verdad que vino a escondidas, sabia la problem\u00e1tica que hay ac\u00e1 en el distrito de Coronel Suarez, pr\u00e1cticamente no quiso recibir a ninguna instituci\u00f3n, a la gente despedida que quer\u00edan hablar con ella, no los recibi\u00f3, el ex intendente, hoy concejal, tuvo la oportunidad de plantearle a la Gobernadora la problem\u00e1tica que hay y la ella se dedico solo a escuchar, y bueno, dijo que iba a ver en un futuro que pod\u00edan hacer, despu\u00e9s sigui\u00f3 rumbo a Pringles, y la verdad que vino tomo el avi\u00f3n en la aeroestaci\u00f3n ac\u00e1 y se fue, esa es la respuesta que ha tenido la gente que fue despedida de la empresa DAS\u00bb. Nos inform\u00f3<br \/>\nSe despidi\u00f3 finalmente, \u00abYo creo que hablamos de todo, dejame que le mande un saludo a la gente de Saldungaray que pertenece a nuestro sindicato, a Villa que tambi\u00e9n tenemos afiliados, a Tornquist y bueno, a los compa\u00f1eros de Sierra de la Ventana de la cooperativa el\u00e9ctrica, que son del sindicato hermano de Punta Alta, un abrazo grande, que sigamos todos juntos porque seguramente en estos tiempos, los trabajadores tienen que estar mas unidos que nunca, estar alrededor de sus organizaciones, conocer la actualidad, para que seguramente no nos toque las generales de la ley, un abrazo grande y hasta cuando vos lo creas conveniente, muchas gracias\u00bb.<br \/>\n<iframe loading=\"lazy\" src=\"https:\/\/w.soundcloud.com\/player\/?url=https%3A\/\/api.soundcloud.com\/tracks\/429141963&amp;color=%23ff5500&amp;auto_play=false&amp;hide_related=false&amp;show_comments=true&amp;show_user=true&amp;show_reposts=false&amp;show_teaser=true\" width=\"100%\" height=\"166\" frameborder=\"no\" scrolling=\"no\"><\/iframe><\/p>\n","protected":false},"excerpt":{"rendered":"<p>Roberto \u00abGallego\u00bb Garc\u00eda, accedi\u00f3 a charlar con FM Reflejos para describir su punto de vista sobre la actual situaci\u00f3n econ\u00f3mica que atraviesa la comunidad frente a las elevadas tarifas el\u00e9ctricas que llegan a los hogares.<\/p>\n","protected":false},"author":3,"featured_media":0,"comment_status":"closed","ping_status":"open","sticky":false,"template":"","format":"standard","meta":{"footnotes":""},"categories":[36],"tags":[],"class_list":["post-20692","post","type-post","status-publish","format-standard","hentry","category-economia"],"yoast_head":"<!-- This site is optimized with the Yoast SEO plugin v25.9 - https:\/\/yoast.com\/wordpress\/plugins\/seo\/ -->\n<title>&quot;El pueblo argentino eligi\u00f3 esta pol\u00edtica que yo no tengo dudas, esta gobernando para una \u00e9lite en todo el pa\u00eds que son los grandes empresarios&quot; - Noticias Radio Reflejos<\/title>\n<meta name=\"robots\" content=\"index, follow, max-snippet:-1, max-image-preview:large, max-video-preview:-1\" \/>\n<link rel=\"canonical\" href=\"https:\/\/www.noticiasradioreflejos.com.ar\/2021\/el-pueblo-argentino-eligio-esta-politica-que-yo-no-tengo-dudas-esta-gobernando-para-una-elite-en-todo-el-pais-que-son-los-grandes-empresarios\/\" \/>\n<meta property=\"og:locale\" content=\"es_ES\" \/>\n<meta property=\"og:type\" content=\"article\" \/>\n<meta property=\"og:title\" content=\"&quot;El pueblo argentino eligi\u00f3 esta pol\u00edtica que yo no tengo dudas, esta gobernando para una \u00e9lite en todo el pa\u00eds que son los grandes empresarios&quot; - Noticias Radio Reflejos\" \/>\n<meta property=\"og:description\" content=\"Roberto \u00abGallego\u00bb Garc\u00eda, accedi\u00f3 a charlar con FM Reflejos para describir su punto de vista sobre la actual situaci\u00f3n econ\u00f3mica que atraviesa la comunidad frente a las elevadas tarifas el\u00e9ctricas que llegan a los hogares.\" \/>\n<meta property=\"og:url\" content=\"https:\/\/www.noticiasradioreflejos.com.ar\/2021\/el-pueblo-argentino-eligio-esta-politica-que-yo-no-tengo-dudas-esta-gobernando-para-una-elite-en-todo-el-pais-que-son-los-grandes-empresarios\/\" \/>\n<meta property=\"og:site_name\" content=\"Noticias Radio Reflejos\" \/>\n<meta property=\"article:published_time\" content=\"2018-04-13T18:42:14+00:00\" \/>\n<meta property=\"og:image\" content=\"https:\/\/www.noticiasradioreflejos.com.ar\/2021\/wp-content\/uploads\/2021\/07\/logosol300x200.png\" \/>\n\t<meta property=\"og:image:width\" content=\"300\" \/>\n\t<meta property=\"og:image:height\" content=\"200\" \/>\n\t<meta property=\"og:image:type\" content=\"image\/png\" \/>\n<meta name=\"author\" content=\"Arnaldo Botto\" \/>\n<meta name=\"twitter:card\" content=\"summary_large_image\" \/>\n<script type=\"application\/ld+json\" class=\"yoast-schema-graph\">{\"@context\":\"https:\/\/schema.org\",\"@graph\":[{\"@type\":\"WebPage\",\"@id\":\"https:\/\/www.noticiasradioreflejos.com.ar\/2021\/el-pueblo-argentino-eligio-esta-politica-que-yo-no-tengo-dudas-esta-gobernando-para-una-elite-en-todo-el-pais-que-son-los-grandes-empresarios\/\",\"url\":\"https:\/\/www.noticiasradioreflejos.com.ar\/2021\/el-pueblo-argentino-eligio-esta-politica-que-yo-no-tengo-dudas-esta-gobernando-para-una-elite-en-todo-el-pais-que-son-los-grandes-empresarios\/\",\"name\":\"&quot;El pueblo argentino eligi\u00f3 esta pol\u00edtica que yo no tengo dudas, esta gobernando para una \u00e9lite en todo el pa\u00eds que son los grandes empresarios&quot; - Noticias Radio Reflejos\",\"isPartOf\":{\"@id\":\"https:\/\/www.noticiasradioreflejos.com.ar\/2021\/#website\"},\"datePublished\":\"2018-04-13T18:42:14+00:00\",\"author\":{\"@id\":\"https:\/\/www.noticiasradioreflejos.com.ar\/2021\/#\/schema\/person\/ad82545263dcc5ec0996818884fd5fb1\"},\"breadcrumb\":{\"@id\":\"https:\/\/www.noticiasradioreflejos.com.ar\/2021\/el-pueblo-argentino-eligio-esta-politica-que-yo-no-tengo-dudas-esta-gobernando-para-una-elite-en-todo-el-pais-que-son-los-grandes-empresarios\/#breadcrumb\"},\"inLanguage\":\"es\",\"potentialAction\":[{\"@type\":\"ReadAction\",\"target\":[\"https:\/\/www.noticiasradioreflejos.com.ar\/2021\/el-pueblo-argentino-eligio-esta-politica-que-yo-no-tengo-dudas-esta-gobernando-para-una-elite-en-todo-el-pais-que-son-los-grandes-empresarios\/\"]}]},{\"@type\":\"BreadcrumbList\",\"@id\":\"https:\/\/www.noticiasradioreflejos.com.ar\/2021\/el-pueblo-argentino-eligio-esta-politica-que-yo-no-tengo-dudas-esta-gobernando-para-una-elite-en-todo-el-pais-que-son-los-grandes-empresarios\/#breadcrumb\",\"itemListElement\":[{\"@type\":\"ListItem\",\"position\":1,\"name\":\"Portada\",\"item\":\"https:\/\/www.noticiasradioreflejos.com.ar\/2021\/\"},{\"@type\":\"ListItem\",\"position\":2,\"name\":\"&quot;El pueblo argentino eligi\u00f3 esta pol\u00edtica que yo no tengo dudas, esta gobernando para una \u00e9lite en todo el pa\u00eds que son los grandes empresarios&quot;\"}]},{\"@type\":\"WebSite\",\"@id\":\"https:\/\/www.noticiasradioreflejos.com.ar\/2021\/#website\",\"url\":\"https:\/\/www.noticiasradioreflejos.com.ar\/2021\/\",\"name\":\"Noticias Radio Reflejos\",\"description\":\"Las noticias de mi comarca\",\"potentialAction\":[{\"@type\":\"SearchAction\",\"target\":{\"@type\":\"EntryPoint\",\"urlTemplate\":\"https:\/\/www.noticiasradioreflejos.com.ar\/2021\/?s={search_term_string}\"},\"query-input\":{\"@type\":\"PropertyValueSpecification\",\"valueRequired\":true,\"valueName\":\"search_term_string\"}}],\"inLanguage\":\"es\"},{\"@type\":\"Person\",\"@id\":\"https:\/\/www.noticiasradioreflejos.com.ar\/2021\/#\/schema\/person\/ad82545263dcc5ec0996818884fd5fb1\",\"name\":\"Arnaldo Botto\",\"image\":{\"@type\":\"ImageObject\",\"inLanguage\":\"es\",\"@id\":\"https:\/\/www.noticiasradioreflejos.com.ar\/2021\/#\/schema\/person\/image\/\",\"url\":\"https:\/\/secure.gravatar.com\/avatar\/55cb5e37c1efa326397366e6974cb338056df65cb50e7d64d1cf314e87504837?s=96&d=mm&r=g\",\"contentUrl\":\"https:\/\/secure.gravatar.com\/avatar\/55cb5e37c1efa326397366e6974cb338056df65cb50e7d64d1cf314e87504837?s=96&d=mm&r=g\",\"caption\":\"Arnaldo Botto\"},\"url\":\"https:\/\/www.noticiasradioreflejos.com.ar\/2021\/author\/arnaldo\/\"}]}<\/script>\n<!-- \/ Yoast SEO plugin. -->","yoast_head_json":{"title":"&quot;El pueblo argentino eligi\u00f3 esta pol\u00edtica que yo no tengo dudas, esta gobernando para una \u00e9lite en todo el pa\u00eds que son los grandes empresarios&quot; - Noticias Radio Reflejos","robots":{"index":"index","follow":"follow","max-snippet":"max-snippet:-1","max-image-preview":"max-image-preview:large","max-video-preview":"max-video-preview:-1"},"canonical":"https:\/\/www.noticiasradioreflejos.com.ar\/2021\/el-pueblo-argentino-eligio-esta-politica-que-yo-no-tengo-dudas-esta-gobernando-para-una-elite-en-todo-el-pais-que-son-los-grandes-empresarios\/","og_locale":"es_ES","og_type":"article","og_title":"&quot;El pueblo argentino eligi\u00f3 esta pol\u00edtica que yo no tengo dudas, esta gobernando para una \u00e9lite en todo el pa\u00eds que son los grandes empresarios&quot; - Noticias Radio Reflejos","og_description":"Roberto \u00abGallego\u00bb Garc\u00eda, accedi\u00f3 a charlar con FM Reflejos para describir su punto de vista sobre la actual situaci\u00f3n econ\u00f3mica que atraviesa la comunidad frente a las elevadas tarifas el\u00e9ctricas que llegan a los hogares.","og_url":"https:\/\/www.noticiasradioreflejos.com.ar\/2021\/el-pueblo-argentino-eligio-esta-politica-que-yo-no-tengo-dudas-esta-gobernando-para-una-elite-en-todo-el-pais-que-son-los-grandes-empresarios\/","og_site_name":"Noticias Radio Reflejos","article_published_time":"2018-04-13T18:42:14+00:00","og_image":[{"width":300,"height":200,"url":"https:\/\/www.noticiasradioreflejos.com.ar\/2021\/wp-content\/uploads\/2021\/07\/logosol300x200.png","type":"image\/png"}],"author":"Arnaldo Botto","twitter_card":"summary_large_image","schema":{"@context":"https:\/\/schema.org","@graph":[{"@type":"WebPage","@id":"https:\/\/www.noticiasradioreflejos.com.ar\/2021\/el-pueblo-argentino-eligio-esta-politica-que-yo-no-tengo-dudas-esta-gobernando-para-una-elite-en-todo-el-pais-que-son-los-grandes-empresarios\/","url":"https:\/\/www.noticiasradioreflejos.com.ar\/2021\/el-pueblo-argentino-eligio-esta-politica-que-yo-no-tengo-dudas-esta-gobernando-para-una-elite-en-todo-el-pais-que-son-los-grandes-empresarios\/","name":"&quot;El pueblo argentino eligi\u00f3 esta pol\u00edtica que yo no tengo dudas, esta gobernando para una \u00e9lite en todo el pa\u00eds que son los grandes empresarios&quot; - Noticias Radio Reflejos","isPartOf":{"@id":"https:\/\/www.noticiasradioreflejos.com.ar\/2021\/#website"},"datePublished":"2018-04-13T18:42:14+00:00","author":{"@id":"https:\/\/www.noticiasradioreflejos.com.ar\/2021\/#\/schema\/person\/ad82545263dcc5ec0996818884fd5fb1"},"breadcrumb":{"@id":"https:\/\/www.noticiasradioreflejos.com.ar\/2021\/el-pueblo-argentino-eligio-esta-politica-que-yo-no-tengo-dudas-esta-gobernando-para-una-elite-en-todo-el-pais-que-son-los-grandes-empresarios\/#breadcrumb"},"inLanguage":"es","potentialAction":[{"@type":"ReadAction","target":["https:\/\/www.noticiasradioreflejos.com.ar\/2021\/el-pueblo-argentino-eligio-esta-politica-que-yo-no-tengo-dudas-esta-gobernando-para-una-elite-en-todo-el-pais-que-son-los-grandes-empresarios\/"]}]},{"@type":"BreadcrumbList","@id":"https:\/\/www.noticiasradioreflejos.com.ar\/2021\/el-pueblo-argentino-eligio-esta-politica-que-yo-no-tengo-dudas-esta-gobernando-para-una-elite-en-todo-el-pais-que-son-los-grandes-empresarios\/#breadcrumb","itemListElement":[{"@type":"ListItem","position":1,"name":"Portada","item":"https:\/\/www.noticiasradioreflejos.com.ar\/2021\/"},{"@type":"ListItem","position":2,"name":"&quot;El pueblo argentino eligi\u00f3 esta pol\u00edtica que yo no tengo dudas, esta gobernando para una \u00e9lite en todo el pa\u00eds que son los grandes empresarios&quot;"}]},{"@type":"WebSite","@id":"https:\/\/www.noticiasradioreflejos.com.ar\/2021\/#website","url":"https:\/\/www.noticiasradioreflejos.com.ar\/2021\/","name":"Noticias Radio Reflejos","description":"Las noticias de mi comarca","potentialAction":[{"@type":"SearchAction","target":{"@type":"EntryPoint","urlTemplate":"https:\/\/www.noticiasradioreflejos.com.ar\/2021\/?s={search_term_string}"},"query-input":{"@type":"PropertyValueSpecification","valueRequired":true,"valueName":"search_term_string"}}],"inLanguage":"es"},{"@type":"Person","@id":"https:\/\/www.noticiasradioreflejos.com.ar\/2021\/#\/schema\/person\/ad82545263dcc5ec0996818884fd5fb1","name":"Arnaldo Botto","image":{"@type":"ImageObject","inLanguage":"es","@id":"https:\/\/www.noticiasradioreflejos.com.ar\/2021\/#\/schema\/person\/image\/","url":"https:\/\/secure.gravatar.com\/avatar\/55cb5e37c1efa326397366e6974cb338056df65cb50e7d64d1cf314e87504837?s=96&d=mm&r=g","contentUrl":"https:\/\/secure.gravatar.com\/avatar\/55cb5e37c1efa326397366e6974cb338056df65cb50e7d64d1cf314e87504837?s=96&d=mm&r=g","caption":"Arnaldo Botto"},"url":"https:\/\/www.noticiasradioreflejos.com.ar\/2021\/author\/arnaldo\/"}]}},"_links":{"self":[{"href":"https:\/\/www.noticiasradioreflejos.com.ar\/2021\/wp-json\/wp\/v2\/posts\/20692","targetHints":{"allow":["GET"]}}],"collection":[{"href":"https:\/\/www.noticiasradioreflejos.com.ar\/2021\/wp-json\/wp\/v2\/posts"}],"about":[{"href":"https:\/\/www.noticiasradioreflejos.com.ar\/2021\/wp-json\/wp\/v2\/types\/post"}],"author":[{"embeddable":true,"href":"https:\/\/www.noticiasradioreflejos.com.ar\/2021\/wp-json\/wp\/v2\/users\/3"}],"replies":[{"embeddable":true,"href":"https:\/\/www.noticiasradioreflejos.com.ar\/2021\/wp-json\/wp\/v2\/comments?post=20692"}],"version-history":[{"count":0,"href":"https:\/\/www.noticiasradioreflejos.com.ar\/2021\/wp-json\/wp\/v2\/posts\/20692\/revisions"}],"wp:attachment":[{"href":"https:\/\/www.noticiasradioreflejos.com.ar\/2021\/wp-json\/wp\/v2\/media?parent=20692"}],"wp:term":[{"taxonomy":"category","embeddable":true,"href":"https:\/\/www.noticiasradioreflejos.com.ar\/2021\/wp-json\/wp\/v2\/categories?post=20692"},{"taxonomy":"post_tag","embeddable":true,"href":"https:\/\/www.noticiasradioreflejos.com.ar\/2021\/wp-json\/wp\/v2\/tags?post=20692"}],"curies":[{"name":"wp","href":"https:\/\/api.w.org\/{rel}","templated":true}]}}