{"id":20662,"date":"2018-04-12T08:07:51","date_gmt":"2018-04-12T11:07:51","guid":{"rendered":"http:\/\/www.noticiasradioreflejos.com.ar\/noticias\/?p=20662"},"modified":"2018-04-12T08:07:51","modified_gmt":"2018-04-12T11:07:51","slug":"el-pepo-en-vivo-en-la-fiesta-del-dia-del-amigo-del-club-union","status":"publish","type":"post","link":"https:\/\/www.noticiasradioreflejos.com.ar\/2021\/el-pepo-en-vivo-en-la-fiesta-del-dia-del-amigo-del-club-union\/","title":{"rendered":"\u201cEl Pepo\u201d, en vivo en la Fiesta del D\u00eda del Amigo del Club Uni\u00f3n"},"content":{"rendered":"<p>El s\u00e1bado 21 de julio es la fecha elegida para la realizaci\u00f3n de la fiesta del D\u00eda de Amigo del Club Uni\u00f3n, uno de los eventos m\u00e1s esperados por la juventud de Tornquist.<!--more--><br \/>\nComo cada a\u00f1o, tendr\u00e1 lugar a partir de las 21.30 hs en el sal\u00f3n de la Sociedad Italiana.<br \/>\nEn el marco de la organizaci\u00f3n de la fiesta, se confirm\u00f3 el principal show en vivo de la noche, que ser\u00e1 la presentaci\u00f3n de \u201cEl Pepo y la Superbanda Gedienta\u201d, una de las bandas m\u00e1s populares de la movida tropical y liderada por el reconocid\u00edsimo y carism\u00e1tico Pepo.<br \/>\nLas tarjetas tendr\u00e1n un valor de $700, se podr\u00e1n abonar al contado o en dos cuotas de $350 y saldr\u00e1n a la venta en los pr\u00f3ximos d\u00edas, durante los cuales tambi\u00e9n se informar\u00e1n m\u00e1s detalles del evento.<br \/>\nPrensa Club Uni\u00f3n<br \/>\nwww.uniondetornquist.com -clubuniondetornquist@gmail.com &#8211; \/ClubUnionDeTornquist-@UnionTornquist<\/p>\n","protected":false},"excerpt":{"rendered":"<p>El s\u00e1bado 21 de julio es la fecha elegida para la realizaci\u00f3n de la fiesta del D\u00eda de Amigo del Club Uni\u00f3n, uno de los eventos m\u00e1s esperados por la juventud de Tornquist.<\/p>\n","protected":false},"author":3,"featured_media":0,"comment_status":"closed","ping_status":"open","sticky":false,"template":"","format":"standard","meta":{"footnotes":""},"categories":[26],"tags":[],"class_list":["post-20662","post","type-post","status-publish","format-standard","hentry","category-sociedad"],"yoast_head":"<!-- This site is optimized with the Yoast SEO plugin v25.9 - https:\/\/yoast.com\/wordpress\/plugins\/seo\/ -->\n<title>\u201cEl Pepo\u201d, en vivo en la Fiesta del D\u00eda del Amigo del Club Uni\u00f3n - Noticias Radio Reflejos<\/title>\n<meta name=\"robots\" content=\"index, follow, max-snippet:-1, max-image-preview:large, max-video-preview:-1\" \/>\n<link rel=\"canonical\" href=\"https:\/\/www.noticiasradioreflejos.com.ar\/2021\/el-pepo-en-vivo-en-la-fiesta-del-dia-del-amigo-del-club-union\/\" \/>\n<meta property=\"og:locale\" content=\"es_ES\" \/>\n<meta property=\"og:type\" content=\"article\" \/>\n<meta property=\"og:title\" content=\"\u201cEl Pepo\u201d, en vivo en la Fiesta del D\u00eda del Amigo del Club Uni\u00f3n - Noticias Radio Reflejos\" \/>\n<meta property=\"og:description\" content=\"El s\u00e1bado 21 de julio es la fecha elegida para la realizaci\u00f3n de la fiesta del D\u00eda de Amigo del Club Uni\u00f3n, uno de los eventos m\u00e1s esperados por la juventud de Tornquist.\" \/>\n<meta property=\"og:url\" content=\"https:\/\/www.noticiasradioreflejos.com.ar\/2021\/el-pepo-en-vivo-en-la-fiesta-del-dia-del-amigo-del-club-union\/\" \/>\n<meta property=\"og:site_name\" content=\"Noticias Radio Reflejos\" \/>\n<meta property=\"article:published_time\" content=\"2018-04-12T11:07:51+00:00\" \/>\n<meta property=\"og:image\" content=\"https:\/\/www.noticiasradioreflejos.com.ar\/2021\/wp-content\/uploads\/2021\/07\/logosol300x200.png\" \/>\n\t<meta property=\"og:image:width\" content=\"300\" \/>\n\t<meta property=\"og:image:height\" content=\"200\" \/>\n\t<meta property=\"og:image:type\" content=\"image\/png\" \/>\n<meta name=\"author\" content=\"Arnaldo Botto\" \/>\n<meta name=\"twitter:card\" content=\"summary_large_image\" \/>\n<script type=\"application\/ld+json\" class=\"yoast-schema-graph\">{\"@context\":\"https:\/\/schema.org\",\"@graph\":[{\"@type\":\"WebPage\",\"@id\":\"https:\/\/www.noticiasradioreflejos.com.ar\/2021\/el-pepo-en-vivo-en-la-fiesta-del-dia-del-amigo-del-club-union\/\",\"url\":\"https:\/\/www.noticiasradioreflejos.com.ar\/2021\/el-pepo-en-vivo-en-la-fiesta-del-dia-del-amigo-del-club-union\/\",\"name\":\"\u201cEl Pepo\u201d, en vivo en la Fiesta del D\u00eda del Amigo del Club Uni\u00f3n - Noticias Radio Reflejos\",\"isPartOf\":{\"@id\":\"https:\/\/www.noticiasradioreflejos.com.ar\/2021\/#website\"},\"datePublished\":\"2018-04-12T11:07:51+00:00\",\"author\":{\"@id\":\"https:\/\/www.noticiasradioreflejos.com.ar\/2021\/#\/schema\/person\/ad82545263dcc5ec0996818884fd5fb1\"},\"breadcrumb\":{\"@id\":\"https:\/\/www.noticiasradioreflejos.com.ar\/2021\/el-pepo-en-vivo-en-la-fiesta-del-dia-del-amigo-del-club-union\/#breadcrumb\"},\"inLanguage\":\"es\",\"potentialAction\":[{\"@type\":\"ReadAction\",\"target\":[\"https:\/\/www.noticiasradioreflejos.com.ar\/2021\/el-pepo-en-vivo-en-la-fiesta-del-dia-del-amigo-del-club-union\/\"]}]},{\"@type\":\"BreadcrumbList\",\"@id\":\"https:\/\/www.noticiasradioreflejos.com.ar\/2021\/el-pepo-en-vivo-en-la-fiesta-del-dia-del-amigo-del-club-union\/#breadcrumb\",\"itemListElement\":[{\"@type\":\"ListItem\",\"position\":1,\"name\":\"Portada\",\"item\":\"https:\/\/www.noticiasradioreflejos.com.ar\/2021\/\"},{\"@type\":\"ListItem\",\"position\":2,\"name\":\"\u201cEl Pepo\u201d, en vivo en la Fiesta del D\u00eda del Amigo del Club Uni\u00f3n\"}]},{\"@type\":\"WebSite\",\"@id\":\"https:\/\/www.noticiasradioreflejos.com.ar\/2021\/#website\",\"url\":\"https:\/\/www.noticiasradioreflejos.com.ar\/2021\/\",\"name\":\"Noticias Radio Reflejos\",\"description\":\"Las noticias de mi comarca\",\"potentialAction\":[{\"@type\":\"SearchAction\",\"target\":{\"@type\":\"EntryPoint\",\"urlTemplate\":\"https:\/\/www.noticiasradioreflejos.com.ar\/2021\/?s={search_term_string}\"},\"query-input\":{\"@type\":\"PropertyValueSpecification\",\"valueRequired\":true,\"valueName\":\"search_term_string\"}}],\"inLanguage\":\"es\"},{\"@type\":\"Person\",\"@id\":\"https:\/\/www.noticiasradioreflejos.com.ar\/2021\/#\/schema\/person\/ad82545263dcc5ec0996818884fd5fb1\",\"name\":\"Arnaldo Botto\",\"image\":{\"@type\":\"ImageObject\",\"inLanguage\":\"es\",\"@id\":\"https:\/\/www.noticiasradioreflejos.com.ar\/2021\/#\/schema\/person\/image\/\",\"url\":\"https:\/\/secure.gravatar.com\/avatar\/55cb5e37c1efa326397366e6974cb338056df65cb50e7d64d1cf314e87504837?s=96&d=mm&r=g\",\"contentUrl\":\"https:\/\/secure.gravatar.com\/avatar\/55cb5e37c1efa326397366e6974cb338056df65cb50e7d64d1cf314e87504837?s=96&d=mm&r=g\",\"caption\":\"Arnaldo Botto\"},\"url\":\"https:\/\/www.noticiasradioreflejos.com.ar\/2021\/author\/arnaldo\/\"}]}<\/script>\n<!-- \/ Yoast SEO plugin. -->","yoast_head_json":{"title":"\u201cEl Pepo\u201d, en vivo en la Fiesta del D\u00eda del Amigo del Club Uni\u00f3n - Noticias Radio Reflejos","robots":{"index":"index","follow":"follow","max-snippet":"max-snippet:-1","max-image-preview":"max-image-preview:large","max-video-preview":"max-video-preview:-1"},"canonical":"https:\/\/www.noticiasradioreflejos.com.ar\/2021\/el-pepo-en-vivo-en-la-fiesta-del-dia-del-amigo-del-club-union\/","og_locale":"es_ES","og_type":"article","og_title":"\u201cEl Pepo\u201d, en vivo en la Fiesta del D\u00eda del Amigo del Club Uni\u00f3n - Noticias Radio Reflejos","og_description":"El s\u00e1bado 21 de julio es la fecha elegida para la realizaci\u00f3n de la fiesta del D\u00eda de Amigo del Club Uni\u00f3n, uno de los eventos m\u00e1s esperados por la juventud de Tornquist.","og_url":"https:\/\/www.noticiasradioreflejos.com.ar\/2021\/el-pepo-en-vivo-en-la-fiesta-del-dia-del-amigo-del-club-union\/","og_site_name":"Noticias Radio Reflejos","article_published_time":"2018-04-12T11:07:51+00:00","og_image":[{"width":300,"height":200,"url":"https:\/\/www.noticiasradioreflejos.com.ar\/2021\/wp-content\/uploads\/2021\/07\/logosol300x200.png","type":"image\/png"}],"author":"Arnaldo Botto","twitter_card":"summary_large_image","schema":{"@context":"https:\/\/schema.org","@graph":[{"@type":"WebPage","@id":"https:\/\/www.noticiasradioreflejos.com.ar\/2021\/el-pepo-en-vivo-en-la-fiesta-del-dia-del-amigo-del-club-union\/","url":"https:\/\/www.noticiasradioreflejos.com.ar\/2021\/el-pepo-en-vivo-en-la-fiesta-del-dia-del-amigo-del-club-union\/","name":"\u201cEl Pepo\u201d, en vivo en la Fiesta del D\u00eda del Amigo del Club Uni\u00f3n - Noticias Radio Reflejos","isPartOf":{"@id":"https:\/\/www.noticiasradioreflejos.com.ar\/2021\/#website"},"datePublished":"2018-04-12T11:07:51+00:00","author":{"@id":"https:\/\/www.noticiasradioreflejos.com.ar\/2021\/#\/schema\/person\/ad82545263dcc5ec0996818884fd5fb1"},"breadcrumb":{"@id":"https:\/\/www.noticiasradioreflejos.com.ar\/2021\/el-pepo-en-vivo-en-la-fiesta-del-dia-del-amigo-del-club-union\/#breadcrumb"},"inLanguage":"es","potentialAction":[{"@type":"ReadAction","target":["https:\/\/www.noticiasradioreflejos.com.ar\/2021\/el-pepo-en-vivo-en-la-fiesta-del-dia-del-amigo-del-club-union\/"]}]},{"@type":"BreadcrumbList","@id":"https:\/\/www.noticiasradioreflejos.com.ar\/2021\/el-pepo-en-vivo-en-la-fiesta-del-dia-del-amigo-del-club-union\/#breadcrumb","itemListElement":[{"@type":"ListItem","position":1,"name":"Portada","item":"https:\/\/www.noticiasradioreflejos.com.ar\/2021\/"},{"@type":"ListItem","position":2,"name":"\u201cEl Pepo\u201d, en vivo en la Fiesta del D\u00eda del Amigo del Club Uni\u00f3n"}]},{"@type":"WebSite","@id":"https:\/\/www.noticiasradioreflejos.com.ar\/2021\/#website","url":"https:\/\/www.noticiasradioreflejos.com.ar\/2021\/","name":"Noticias Radio Reflejos","description":"Las noticias de mi comarca","potentialAction":[{"@type":"SearchAction","target":{"@type":"EntryPoint","urlTemplate":"https:\/\/www.noticiasradioreflejos.com.ar\/2021\/?s={search_term_string}"},"query-input":{"@type":"PropertyValueSpecification","valueRequired":true,"valueName":"search_term_string"}}],"inLanguage":"es"},{"@type":"Person","@id":"https:\/\/www.noticiasradioreflejos.com.ar\/2021\/#\/schema\/person\/ad82545263dcc5ec0996818884fd5fb1","name":"Arnaldo Botto","image":{"@type":"ImageObject","inLanguage":"es","@id":"https:\/\/www.noticiasradioreflejos.com.ar\/2021\/#\/schema\/person\/image\/","url":"https:\/\/secure.gravatar.com\/avatar\/55cb5e37c1efa326397366e6974cb338056df65cb50e7d64d1cf314e87504837?s=96&d=mm&r=g","contentUrl":"https:\/\/secure.gravatar.com\/avatar\/55cb5e37c1efa326397366e6974cb338056df65cb50e7d64d1cf314e87504837?s=96&d=mm&r=g","caption":"Arnaldo Botto"},"url":"https:\/\/www.noticiasradioreflejos.com.ar\/2021\/author\/arnaldo\/"}]}},"_links":{"self":[{"href":"https:\/\/www.noticiasradioreflejos.com.ar\/2021\/wp-json\/wp\/v2\/posts\/20662","targetHints":{"allow":["GET"]}}],"collection":[{"href":"https:\/\/www.noticiasradioreflejos.com.ar\/2021\/wp-json\/wp\/v2\/posts"}],"about":[{"href":"https:\/\/www.noticiasradioreflejos.com.ar\/2021\/wp-json\/wp\/v2\/types\/post"}],"author":[{"embeddable":true,"href":"https:\/\/www.noticiasradioreflejos.com.ar\/2021\/wp-json\/wp\/v2\/users\/3"}],"replies":[{"embeddable":true,"href":"https:\/\/www.noticiasradioreflejos.com.ar\/2021\/wp-json\/wp\/v2\/comments?post=20662"}],"version-history":[{"count":0,"href":"https:\/\/www.noticiasradioreflejos.com.ar\/2021\/wp-json\/wp\/v2\/posts\/20662\/revisions"}],"wp:attachment":[{"href":"https:\/\/www.noticiasradioreflejos.com.ar\/2021\/wp-json\/wp\/v2\/media?parent=20662"}],"wp:term":[{"taxonomy":"category","embeddable":true,"href":"https:\/\/www.noticiasradioreflejos.com.ar\/2021\/wp-json\/wp\/v2\/categories?post=20662"},{"taxonomy":"post_tag","embeddable":true,"href":"https:\/\/www.noticiasradioreflejos.com.ar\/2021\/wp-json\/wp\/v2\/tags?post=20662"}],"curies":[{"name":"wp","href":"https:\/\/api.w.org\/{rel}","templated":true}]}}