{"id":20657,"date":"2018-04-11T20:14:21","date_gmt":"2018-04-11T23:14:21","guid":{"rendered":"http:\/\/www.noticiasradioreflejos.com.ar\/noticias\/?p=20657"},"modified":"2018-04-11T20:14:21","modified_gmt":"2018-04-11T23:14:21","slug":"asamblea-de-vecinos-por-contaminacion-ambiental-en-el-basural-a-cielo-abierto","status":"publish","type":"post","link":"https:\/\/www.noticiasradioreflejos.com.ar\/2021\/asamblea-de-vecinos-por-contaminacion-ambiental-en-el-basural-a-cielo-abierto\/","title":{"rendered":"Asamblea de vecinos por contaminaci\u00f3n ambiental en el basural a cielo abierto"},"content":{"rendered":"<p>Evento: emergencia por contaminaci\u00f3n ambiental originado en el basural a cielo abierto entre Sierra de la Ventana y Saldungaray entre los d\u00edas 3 y 7 de Abril del 2018.<!--more--><br \/>\n2do Encuentro,  Pr\u00f3ximo Lunes 16 de Abril a las 20 hs en la Biblioteca Popular Gral San Mart\u00edn de Saldungaray.<br \/>\nComprometieron su asistencia el Intendente Sr. Sergio Bordoni y Producci\u00f3n de Medio Ambiente del Municipio.<br \/>\nLa asamblea de vecinos convocada el pasado viernes por el evento de emergencia ambiental generado en el basural a cielo abierto, cuyo manejo est\u00e1 a cargo del Municipio de Tornquist, reaviv\u00f3 la semana pasada una antigua y manoseada tem\u00e1tica, la imperiosa necesidad de erradicaci\u00f3n del basural a cielo abierto entre las localidades de Sierra de la Ventana y Saldungaray.<br \/>\nLa gesti\u00f3n de lo p\u00fablico debe dar respuestas y soluciones que satisfagan las necesidades de la gente, para lograr erradicar este basurero a cielo abierto que desde d\u00e9cadas contamina la zona es necesaria la participaci\u00f3n de todos los vecinos en la pr\u00f3xima asamblea. Inicialmente el encuentro fue convocado por vecinos de Saldungaray en relaci\u00f3n a la operaci\u00f3n de este basurero que ha generado en ambas localidades un importante impacto ambiental sobre la salud y actividades de las personas que en cantidad fueron afectadas directamente durante m\u00e1s de cuatro d\u00edas.<br \/>\nNo se puede seguir acumulando basura en este lugar, no hay un plan de obras aprobado que cuente con una financiaci\u00f3n asegurada, no hay etapas definidas de un proyecto en curso que mejore la situaci\u00f3n, durante a\u00f1os distintas autoridades evaluaron alternativas y enarbolaron esta tem\u00e1tica como bandera en campa\u00f1as electorales pero luego nadie a resuelto o al menos encaminado a una soluci\u00f3n este grav\u00edsimo tema que hoy, por esa desidia, se transforma en conflicto.<br \/>\nVivimos, trabajamos y tributamos en un municipio ecol\u00f3gico y tur\u00edstico cuya cabecera de distrito, ir\u00f3nicamente, figura en una encuesta realizada por un ignorante de estas realidades, como entre las diez ciudades m\u00e1s limpias de la Provincia de Buenos Aires. Publicidad enga\u00f1osa, mucho tiempo sin soluciones, la naturaleza y su gente damnificada, faltan respuestas serias, id\u00f3neas y definitivas para resolver este tema que preocupa a nuestra poblaci\u00f3n.<br \/>\nVecinos de Sierra de la Ventana, Villa Ventana, Villa Arcadia y Saldungaray<\/p>\n","protected":false},"excerpt":{"rendered":"<p>Evento: emergencia por contaminaci\u00f3n ambiental originado en el basural a cielo abierto entre Sierra de la Ventana y Saldungaray entre los d\u00edas 3 y 7 de Abril del 2018.<\/p>\n","protected":false},"author":3,"featured_media":0,"comment_status":"closed","ping_status":"open","sticky":false,"template":"","format":"standard","meta":{"footnotes":""},"categories":[26],"tags":[],"class_list":["post-20657","post","type-post","status-publish","format-standard","hentry","category-sociedad"],"yoast_head":"<!-- This site is optimized with the Yoast SEO plugin v25.9 - https:\/\/yoast.com\/wordpress\/plugins\/seo\/ -->\n<title>Asamblea de vecinos por contaminaci\u00f3n ambiental en el basural a cielo abierto - Noticias Radio Reflejos<\/title>\n<meta name=\"robots\" content=\"index, follow, max-snippet:-1, max-image-preview:large, max-video-preview:-1\" \/>\n<link rel=\"canonical\" href=\"https:\/\/www.noticiasradioreflejos.com.ar\/2021\/asamblea-de-vecinos-por-contaminacion-ambiental-en-el-basural-a-cielo-abierto\/\" \/>\n<meta property=\"og:locale\" content=\"es_ES\" \/>\n<meta property=\"og:type\" content=\"article\" \/>\n<meta property=\"og:title\" content=\"Asamblea de vecinos por contaminaci\u00f3n ambiental en el basural a cielo abierto - Noticias Radio Reflejos\" \/>\n<meta property=\"og:description\" content=\"Evento: emergencia por contaminaci\u00f3n ambiental originado en el basural a cielo abierto entre Sierra de la Ventana y Saldungaray entre los d\u00edas 3 y 7 de Abril del 2018.\" \/>\n<meta property=\"og:url\" content=\"https:\/\/www.noticiasradioreflejos.com.ar\/2021\/asamblea-de-vecinos-por-contaminacion-ambiental-en-el-basural-a-cielo-abierto\/\" \/>\n<meta property=\"og:site_name\" content=\"Noticias Radio Reflejos\" \/>\n<meta property=\"article:published_time\" content=\"2018-04-11T23:14:21+00:00\" \/>\n<meta property=\"og:image\" content=\"https:\/\/www.noticiasradioreflejos.com.ar\/2021\/wp-content\/uploads\/2021\/07\/logosol300x200.png\" \/>\n\t<meta property=\"og:image:width\" content=\"300\" \/>\n\t<meta property=\"og:image:height\" content=\"200\" \/>\n\t<meta property=\"og:image:type\" content=\"image\/png\" \/>\n<meta name=\"author\" content=\"Arnaldo Botto\" \/>\n<meta name=\"twitter:card\" content=\"summary_large_image\" \/>\n<script type=\"application\/ld+json\" class=\"yoast-schema-graph\">{\"@context\":\"https:\/\/schema.org\",\"@graph\":[{\"@type\":\"WebPage\",\"@id\":\"https:\/\/www.noticiasradioreflejos.com.ar\/2021\/asamblea-de-vecinos-por-contaminacion-ambiental-en-el-basural-a-cielo-abierto\/\",\"url\":\"https:\/\/www.noticiasradioreflejos.com.ar\/2021\/asamblea-de-vecinos-por-contaminacion-ambiental-en-el-basural-a-cielo-abierto\/\",\"name\":\"Asamblea de vecinos por contaminaci\u00f3n ambiental en el basural a cielo abierto - Noticias Radio Reflejos\",\"isPartOf\":{\"@id\":\"https:\/\/www.noticiasradioreflejos.com.ar\/2021\/#website\"},\"datePublished\":\"2018-04-11T23:14:21+00:00\",\"author\":{\"@id\":\"https:\/\/www.noticiasradioreflejos.com.ar\/2021\/#\/schema\/person\/ad82545263dcc5ec0996818884fd5fb1\"},\"breadcrumb\":{\"@id\":\"https:\/\/www.noticiasradioreflejos.com.ar\/2021\/asamblea-de-vecinos-por-contaminacion-ambiental-en-el-basural-a-cielo-abierto\/#breadcrumb\"},\"inLanguage\":\"es\",\"potentialAction\":[{\"@type\":\"ReadAction\",\"target\":[\"https:\/\/www.noticiasradioreflejos.com.ar\/2021\/asamblea-de-vecinos-por-contaminacion-ambiental-en-el-basural-a-cielo-abierto\/\"]}]},{\"@type\":\"BreadcrumbList\",\"@id\":\"https:\/\/www.noticiasradioreflejos.com.ar\/2021\/asamblea-de-vecinos-por-contaminacion-ambiental-en-el-basural-a-cielo-abierto\/#breadcrumb\",\"itemListElement\":[{\"@type\":\"ListItem\",\"position\":1,\"name\":\"Portada\",\"item\":\"https:\/\/www.noticiasradioreflejos.com.ar\/2021\/\"},{\"@type\":\"ListItem\",\"position\":2,\"name\":\"Asamblea de vecinos por contaminaci\u00f3n ambiental en el basural a cielo abierto\"}]},{\"@type\":\"WebSite\",\"@id\":\"https:\/\/www.noticiasradioreflejos.com.ar\/2021\/#website\",\"url\":\"https:\/\/www.noticiasradioreflejos.com.ar\/2021\/\",\"name\":\"Noticias Radio Reflejos\",\"description\":\"Las noticias de mi comarca\",\"potentialAction\":[{\"@type\":\"SearchAction\",\"target\":{\"@type\":\"EntryPoint\",\"urlTemplate\":\"https:\/\/www.noticiasradioreflejos.com.ar\/2021\/?s={search_term_string}\"},\"query-input\":{\"@type\":\"PropertyValueSpecification\",\"valueRequired\":true,\"valueName\":\"search_term_string\"}}],\"inLanguage\":\"es\"},{\"@type\":\"Person\",\"@id\":\"https:\/\/www.noticiasradioreflejos.com.ar\/2021\/#\/schema\/person\/ad82545263dcc5ec0996818884fd5fb1\",\"name\":\"Arnaldo Botto\",\"image\":{\"@type\":\"ImageObject\",\"inLanguage\":\"es\",\"@id\":\"https:\/\/www.noticiasradioreflejos.com.ar\/2021\/#\/schema\/person\/image\/\",\"url\":\"https:\/\/secure.gravatar.com\/avatar\/55cb5e37c1efa326397366e6974cb338056df65cb50e7d64d1cf314e87504837?s=96&d=mm&r=g\",\"contentUrl\":\"https:\/\/secure.gravatar.com\/avatar\/55cb5e37c1efa326397366e6974cb338056df65cb50e7d64d1cf314e87504837?s=96&d=mm&r=g\",\"caption\":\"Arnaldo Botto\"},\"url\":\"https:\/\/www.noticiasradioreflejos.com.ar\/2021\/author\/arnaldo\/\"}]}<\/script>\n<!-- \/ Yoast SEO plugin. -->","yoast_head_json":{"title":"Asamblea de vecinos por contaminaci\u00f3n ambiental en el basural a cielo abierto - Noticias Radio Reflejos","robots":{"index":"index","follow":"follow","max-snippet":"max-snippet:-1","max-image-preview":"max-image-preview:large","max-video-preview":"max-video-preview:-1"},"canonical":"https:\/\/www.noticiasradioreflejos.com.ar\/2021\/asamblea-de-vecinos-por-contaminacion-ambiental-en-el-basural-a-cielo-abierto\/","og_locale":"es_ES","og_type":"article","og_title":"Asamblea de vecinos por contaminaci\u00f3n ambiental en el basural a cielo abierto - Noticias Radio Reflejos","og_description":"Evento: emergencia por contaminaci\u00f3n ambiental originado en el basural a cielo abierto entre Sierra de la Ventana y Saldungaray entre los d\u00edas 3 y 7 de Abril del 2018.","og_url":"https:\/\/www.noticiasradioreflejos.com.ar\/2021\/asamblea-de-vecinos-por-contaminacion-ambiental-en-el-basural-a-cielo-abierto\/","og_site_name":"Noticias Radio Reflejos","article_published_time":"2018-04-11T23:14:21+00:00","og_image":[{"width":300,"height":200,"url":"https:\/\/www.noticiasradioreflejos.com.ar\/2021\/wp-content\/uploads\/2021\/07\/logosol300x200.png","type":"image\/png"}],"author":"Arnaldo Botto","twitter_card":"summary_large_image","schema":{"@context":"https:\/\/schema.org","@graph":[{"@type":"WebPage","@id":"https:\/\/www.noticiasradioreflejos.com.ar\/2021\/asamblea-de-vecinos-por-contaminacion-ambiental-en-el-basural-a-cielo-abierto\/","url":"https:\/\/www.noticiasradioreflejos.com.ar\/2021\/asamblea-de-vecinos-por-contaminacion-ambiental-en-el-basural-a-cielo-abierto\/","name":"Asamblea de vecinos por contaminaci\u00f3n ambiental en el basural a cielo abierto - Noticias Radio Reflejos","isPartOf":{"@id":"https:\/\/www.noticiasradioreflejos.com.ar\/2021\/#website"},"datePublished":"2018-04-11T23:14:21+00:00","author":{"@id":"https:\/\/www.noticiasradioreflejos.com.ar\/2021\/#\/schema\/person\/ad82545263dcc5ec0996818884fd5fb1"},"breadcrumb":{"@id":"https:\/\/www.noticiasradioreflejos.com.ar\/2021\/asamblea-de-vecinos-por-contaminacion-ambiental-en-el-basural-a-cielo-abierto\/#breadcrumb"},"inLanguage":"es","potentialAction":[{"@type":"ReadAction","target":["https:\/\/www.noticiasradioreflejos.com.ar\/2021\/asamblea-de-vecinos-por-contaminacion-ambiental-en-el-basural-a-cielo-abierto\/"]}]},{"@type":"BreadcrumbList","@id":"https:\/\/www.noticiasradioreflejos.com.ar\/2021\/asamblea-de-vecinos-por-contaminacion-ambiental-en-el-basural-a-cielo-abierto\/#breadcrumb","itemListElement":[{"@type":"ListItem","position":1,"name":"Portada","item":"https:\/\/www.noticiasradioreflejos.com.ar\/2021\/"},{"@type":"ListItem","position":2,"name":"Asamblea de vecinos por contaminaci\u00f3n ambiental en el basural a cielo abierto"}]},{"@type":"WebSite","@id":"https:\/\/www.noticiasradioreflejos.com.ar\/2021\/#website","url":"https:\/\/www.noticiasradioreflejos.com.ar\/2021\/","name":"Noticias Radio Reflejos","description":"Las noticias de mi comarca","potentialAction":[{"@type":"SearchAction","target":{"@type":"EntryPoint","urlTemplate":"https:\/\/www.noticiasradioreflejos.com.ar\/2021\/?s={search_term_string}"},"query-input":{"@type":"PropertyValueSpecification","valueRequired":true,"valueName":"search_term_string"}}],"inLanguage":"es"},{"@type":"Person","@id":"https:\/\/www.noticiasradioreflejos.com.ar\/2021\/#\/schema\/person\/ad82545263dcc5ec0996818884fd5fb1","name":"Arnaldo Botto","image":{"@type":"ImageObject","inLanguage":"es","@id":"https:\/\/www.noticiasradioreflejos.com.ar\/2021\/#\/schema\/person\/image\/","url":"https:\/\/secure.gravatar.com\/avatar\/55cb5e37c1efa326397366e6974cb338056df65cb50e7d64d1cf314e87504837?s=96&d=mm&r=g","contentUrl":"https:\/\/secure.gravatar.com\/avatar\/55cb5e37c1efa326397366e6974cb338056df65cb50e7d64d1cf314e87504837?s=96&d=mm&r=g","caption":"Arnaldo Botto"},"url":"https:\/\/www.noticiasradioreflejos.com.ar\/2021\/author\/arnaldo\/"}]}},"_links":{"self":[{"href":"https:\/\/www.noticiasradioreflejos.com.ar\/2021\/wp-json\/wp\/v2\/posts\/20657","targetHints":{"allow":["GET"]}}],"collection":[{"href":"https:\/\/www.noticiasradioreflejos.com.ar\/2021\/wp-json\/wp\/v2\/posts"}],"about":[{"href":"https:\/\/www.noticiasradioreflejos.com.ar\/2021\/wp-json\/wp\/v2\/types\/post"}],"author":[{"embeddable":true,"href":"https:\/\/www.noticiasradioreflejos.com.ar\/2021\/wp-json\/wp\/v2\/users\/3"}],"replies":[{"embeddable":true,"href":"https:\/\/www.noticiasradioreflejos.com.ar\/2021\/wp-json\/wp\/v2\/comments?post=20657"}],"version-history":[{"count":0,"href":"https:\/\/www.noticiasradioreflejos.com.ar\/2021\/wp-json\/wp\/v2\/posts\/20657\/revisions"}],"wp:attachment":[{"href":"https:\/\/www.noticiasradioreflejos.com.ar\/2021\/wp-json\/wp\/v2\/media?parent=20657"}],"wp:term":[{"taxonomy":"category","embeddable":true,"href":"https:\/\/www.noticiasradioreflejos.com.ar\/2021\/wp-json\/wp\/v2\/categories?post=20657"},{"taxonomy":"post_tag","embeddable":true,"href":"https:\/\/www.noticiasradioreflejos.com.ar\/2021\/wp-json\/wp\/v2\/tags?post=20657"}],"curies":[{"name":"wp","href":"https:\/\/api.w.org\/{rel}","templated":true}]}}