{"id":20654,"date":"2018-04-11T20:00:55","date_gmt":"2018-04-11T23:00:55","guid":{"rendered":"http:\/\/www.noticiasradioreflejos.com.ar\/noticias\/?p=20654"},"modified":"2018-04-11T20:00:55","modified_gmt":"2018-04-11T23:00:55","slug":"el-semillero-verde-continua-con-sus-actividades","status":"publish","type":"post","link":"https:\/\/www.noticiasradioreflejos.com.ar\/2021\/el-semillero-verde-continua-con-sus-actividades\/","title":{"rendered":"El Semillero Verde contin\u00faa con sus actividades"},"content":{"rendered":"<p>El pasado s\u00e1bado, la escuelita del Club Uni\u00f3n \u2018Semillero Verde\u2019 particip\u00f3 en un encuentro realizado por el Club Tiro Federal de Bah\u00eda Blanca en sus instalaciones.<!--more--><br \/>\nLa delegaci\u00f3n Verde estuvo conformada por cuatro categor\u00edas que fueron integradas de la siguiente manera:<br \/>\n-Categor\u00eda 2008: Cabrera ian, Nicoli M\u00e1ximo, Soto Diego, Salinas Francisco, Uitixberea Santiago, Ram\u00edrez Bautista, Herrera Agust\u00edn, Schwab Felipe, S\u00e1nchez Brian, C\u00e1mara Agust\u00edn, Ortiz Juan Jos\u00e9, Quintulican Nehuen.<br \/>\n-Categor\u00eda 2009: P\u00e9rez Galo, Santamarina Felipe, P\u00e9rez Ezequiel, Bauer Genaro, Funes Ezequiel, Haag Santino, Facundo Marconi, Macniles Benjam\u00edn<br \/>\nCategor\u00eda 2010: Mayer juan Martin, Pilmartiri Ezequiel, Buschi \u00c1ngelo, Flores Nicol\u00e1s, Alarc\u00f3n Ian, Cabrera Kevin, Cabrera Thiago, Iparaguirre Dante, Chaure Martin, Ant\u00f3n Francisco, Tissera Nicol\u00e1s.<br \/>\nCategor\u00eda 2011\/2012: Bedouret Ian, Iparaguirre Fausto, Meriggi Santino, Seit Octavio, Iriarte Camilo, Garc\u00eda Lautaro, Latina Ignacio, \u00c1vila Thiago, Romano Alejo, Evangelista Manuel, Haag Mateo, Cincunegui Gabriel, Sandoval Sebasti\u00e1n, Macniles Benjam\u00edn<br \/>\nAdem\u00e1s de los anfitriones y de los ni\u00f1os del Verde, de la jornada fueron parte las escuelitas de los clubes Mundial F.C, Dublin, Olimpo, Pacifico, Patio Recreativo, Villa Mitre y Automoto.<br \/>\nEl venidero s\u00e1bado, las categor\u00edas 2005 a 2010 visitar\u00e1n a Olimpo para disputar una serie de amistosos y luego presenciar\u00e1n el partido entre el aurinegro y San Mart\u00edn de San Juan por la Superliga Argentina en el estadio Roberto Carminatti.<br \/>\nFotos: Sergio P\u00e9rez<br \/>\nPrensa Club Uni\u00f3n<br \/>\n<a href=\"http:\/\/www.uniondetornquist.com\">www.uniondetornquist.com<\/a><br \/>\n<a href=\"http:\/\/clubuniondetornquist@gmail.com\">clubuniondetornquist@gmail.com<\/a><br \/>\n<a href=\"\/ClubUnionDeTornquist\">\/ClubUnionDeTornquist<\/a><br \/>\n<a href=\"http:\/\/@UnionTornquist\">@UnionTornquist<\/a><br \/>\n<a href=\"http:\/\/farm1.staticflickr.com\/804\/27527119728_d96edb43b7_z.jpg\" title=\"semilleroo5\" rel=\"\"><img loading=\"lazy\" decoding=\"async\" src=\"http:\/\/farm1.staticflickr.com\/804\/27527119728_d96edb43b7_z.jpg\" width=\"640\" height=\"425\" alt=\"semilleroo5\" title=\"semilleroo5\" class=\"aligncenter\"><\/a><br \/>\n<a href=\"http:\/\/farm1.staticflickr.com\/902\/41354277112_a4d58a1214_z.jpg\" title=\"semilleroo4\" rel=\"\"><img loading=\"lazy\" decoding=\"async\" src=\"http:\/\/farm1.staticflickr.com\/902\/41354277112_a4d58a1214_z.jpg\" width=\"640\" height=\"425\" alt=\"semilleroo4\" title=\"semilleroo4\" class=\"aligncenter\"><\/a><br \/>\n<a href=\"http:\/\/farm1.staticflickr.com\/804\/41354277922_7c3cd625e5_z.jpg\" title=\"semilleroo3\" rel=\"\"><img loading=\"lazy\" decoding=\"async\" src=\"http:\/\/farm1.staticflickr.com\/804\/41354277922_7c3cd625e5_z.jpg\" width=\"640\" height=\"425\" alt=\"semilleroo3\" title=\"semilleroo3\" class=\"aligncenter\"><\/a><br \/>\n<a href=\"http:\/\/farm1.staticflickr.com\/789\/27527121168_6ec5136432_z.jpg\" title=\"semilleroo2\" rel=\"\"><img loading=\"lazy\" decoding=\"async\" src=\"http:\/\/farm1.staticflickr.com\/789\/27527121168_6ec5136432_z.jpg\" width=\"640\" height=\"425\" alt=\"semilleroo2\" title=\"semilleroo2\" class=\"aligncenter\"><\/a><\/p>\n","protected":false},"excerpt":{"rendered":"<p>El pasado s\u00e1bado, la escuelita del Club Uni\u00f3n \u2018Semillero Verde\u2019 particip\u00f3 en un encuentro realizado por el Club Tiro Federal de Bah\u00eda Blanca en sus instalaciones.<\/p>\n","protected":false},"author":3,"featured_media":0,"comment_status":"closed","ping_status":"open","sticky":false,"template":"","format":"standard","meta":{"footnotes":""},"categories":[27],"tags":[],"class_list":["post-20654","post","type-post","status-publish","format-standard","hentry","category-deportes"],"yoast_head":"<!-- This site is optimized with the Yoast SEO plugin v25.9 - https:\/\/yoast.com\/wordpress\/plugins\/seo\/ -->\n<title>El Semillero Verde contin\u00faa con sus actividades - Noticias Radio Reflejos<\/title>\n<meta name=\"robots\" content=\"index, follow, max-snippet:-1, max-image-preview:large, max-video-preview:-1\" \/>\n<link rel=\"canonical\" href=\"https:\/\/www.noticiasradioreflejos.com.ar\/2021\/el-semillero-verde-continua-con-sus-actividades\/\" \/>\n<meta property=\"og:locale\" content=\"es_ES\" \/>\n<meta property=\"og:type\" content=\"article\" \/>\n<meta property=\"og:title\" content=\"El Semillero Verde contin\u00faa con sus actividades - Noticias Radio Reflejos\" \/>\n<meta property=\"og:description\" content=\"El pasado s\u00e1bado, la escuelita del Club Uni\u00f3n \u2018Semillero Verde\u2019 particip\u00f3 en un encuentro realizado por el Club Tiro Federal de Bah\u00eda Blanca en sus instalaciones.\" \/>\n<meta property=\"og:url\" content=\"https:\/\/www.noticiasradioreflejos.com.ar\/2021\/el-semillero-verde-continua-con-sus-actividades\/\" \/>\n<meta property=\"og:site_name\" content=\"Noticias Radio Reflejos\" \/>\n<meta property=\"article:published_time\" content=\"2018-04-11T23:00:55+00:00\" \/>\n<meta property=\"og:image\" content=\"http:\/\/farm1.staticflickr.com\/804\/27527119728_d96edb43b7_z.jpg\" \/>\n<meta name=\"author\" content=\"Arnaldo Botto\" \/>\n<meta name=\"twitter:card\" content=\"summary_large_image\" \/>\n<script type=\"application\/ld+json\" class=\"yoast-schema-graph\">{\"@context\":\"https:\/\/schema.org\",\"@graph\":[{\"@type\":\"WebPage\",\"@id\":\"https:\/\/www.noticiasradioreflejos.com.ar\/2021\/el-semillero-verde-continua-con-sus-actividades\/\",\"url\":\"https:\/\/www.noticiasradioreflejos.com.ar\/2021\/el-semillero-verde-continua-con-sus-actividades\/\",\"name\":\"El Semillero Verde contin\u00faa con sus actividades - Noticias Radio Reflejos\",\"isPartOf\":{\"@id\":\"https:\/\/www.noticiasradioreflejos.com.ar\/2021\/#website\"},\"primaryImageOfPage\":{\"@id\":\"https:\/\/www.noticiasradioreflejos.com.ar\/2021\/el-semillero-verde-continua-con-sus-actividades\/#primaryimage\"},\"image\":{\"@id\":\"https:\/\/www.noticiasradioreflejos.com.ar\/2021\/el-semillero-verde-continua-con-sus-actividades\/#primaryimage\"},\"thumbnailUrl\":\"http:\/\/farm1.staticflickr.com\/804\/27527119728_d96edb43b7_z.jpg\",\"datePublished\":\"2018-04-11T23:00:55+00:00\",\"author\":{\"@id\":\"https:\/\/www.noticiasradioreflejos.com.ar\/2021\/#\/schema\/person\/ad82545263dcc5ec0996818884fd5fb1\"},\"breadcrumb\":{\"@id\":\"https:\/\/www.noticiasradioreflejos.com.ar\/2021\/el-semillero-verde-continua-con-sus-actividades\/#breadcrumb\"},\"inLanguage\":\"es\",\"potentialAction\":[{\"@type\":\"ReadAction\",\"target\":[\"https:\/\/www.noticiasradioreflejos.com.ar\/2021\/el-semillero-verde-continua-con-sus-actividades\/\"]}]},{\"@type\":\"ImageObject\",\"inLanguage\":\"es\",\"@id\":\"https:\/\/www.noticiasradioreflejos.com.ar\/2021\/el-semillero-verde-continua-con-sus-actividades\/#primaryimage\",\"url\":\"http:\/\/farm1.staticflickr.com\/804\/27527119728_d96edb43b7_z.jpg\",\"contentUrl\":\"http:\/\/farm1.staticflickr.com\/804\/27527119728_d96edb43b7_z.jpg\"},{\"@type\":\"BreadcrumbList\",\"@id\":\"https:\/\/www.noticiasradioreflejos.com.ar\/2021\/el-semillero-verde-continua-con-sus-actividades\/#breadcrumb\",\"itemListElement\":[{\"@type\":\"ListItem\",\"position\":1,\"name\":\"Portada\",\"item\":\"https:\/\/www.noticiasradioreflejos.com.ar\/2021\/\"},{\"@type\":\"ListItem\",\"position\":2,\"name\":\"El Semillero Verde contin\u00faa con sus actividades\"}]},{\"@type\":\"WebSite\",\"@id\":\"https:\/\/www.noticiasradioreflejos.com.ar\/2021\/#website\",\"url\":\"https:\/\/www.noticiasradioreflejos.com.ar\/2021\/\",\"name\":\"Noticias Radio Reflejos\",\"description\":\"Las noticias de mi comarca\",\"potentialAction\":[{\"@type\":\"SearchAction\",\"target\":{\"@type\":\"EntryPoint\",\"urlTemplate\":\"https:\/\/www.noticiasradioreflejos.com.ar\/2021\/?s={search_term_string}\"},\"query-input\":{\"@type\":\"PropertyValueSpecification\",\"valueRequired\":true,\"valueName\":\"search_term_string\"}}],\"inLanguage\":\"es\"},{\"@type\":\"Person\",\"@id\":\"https:\/\/www.noticiasradioreflejos.com.ar\/2021\/#\/schema\/person\/ad82545263dcc5ec0996818884fd5fb1\",\"name\":\"Arnaldo Botto\",\"image\":{\"@type\":\"ImageObject\",\"inLanguage\":\"es\",\"@id\":\"https:\/\/www.noticiasradioreflejos.com.ar\/2021\/#\/schema\/person\/image\/\",\"url\":\"https:\/\/secure.gravatar.com\/avatar\/55cb5e37c1efa326397366e6974cb338056df65cb50e7d64d1cf314e87504837?s=96&d=mm&r=g\",\"contentUrl\":\"https:\/\/secure.gravatar.com\/avatar\/55cb5e37c1efa326397366e6974cb338056df65cb50e7d64d1cf314e87504837?s=96&d=mm&r=g\",\"caption\":\"Arnaldo Botto\"},\"url\":\"https:\/\/www.noticiasradioreflejos.com.ar\/2021\/author\/arnaldo\/\"}]}<\/script>\n<!-- \/ Yoast SEO plugin. -->","yoast_head_json":{"title":"El Semillero Verde contin\u00faa con sus actividades - Noticias Radio Reflejos","robots":{"index":"index","follow":"follow","max-snippet":"max-snippet:-1","max-image-preview":"max-image-preview:large","max-video-preview":"max-video-preview:-1"},"canonical":"https:\/\/www.noticiasradioreflejos.com.ar\/2021\/el-semillero-verde-continua-con-sus-actividades\/","og_locale":"es_ES","og_type":"article","og_title":"El Semillero Verde contin\u00faa con sus actividades - Noticias Radio Reflejos","og_description":"El pasado s\u00e1bado, la escuelita del Club Uni\u00f3n \u2018Semillero Verde\u2019 particip\u00f3 en un encuentro realizado por el Club Tiro Federal de Bah\u00eda Blanca en sus instalaciones.","og_url":"https:\/\/www.noticiasradioreflejos.com.ar\/2021\/el-semillero-verde-continua-con-sus-actividades\/","og_site_name":"Noticias Radio Reflejos","article_published_time":"2018-04-11T23:00:55+00:00","og_image":[{"url":"http:\/\/farm1.staticflickr.com\/804\/27527119728_d96edb43b7_z.jpg","type":"","width":"","height":""}],"author":"Arnaldo Botto","twitter_card":"summary_large_image","schema":{"@context":"https:\/\/schema.org","@graph":[{"@type":"WebPage","@id":"https:\/\/www.noticiasradioreflejos.com.ar\/2021\/el-semillero-verde-continua-con-sus-actividades\/","url":"https:\/\/www.noticiasradioreflejos.com.ar\/2021\/el-semillero-verde-continua-con-sus-actividades\/","name":"El Semillero Verde contin\u00faa con sus actividades - Noticias Radio Reflejos","isPartOf":{"@id":"https:\/\/www.noticiasradioreflejos.com.ar\/2021\/#website"},"primaryImageOfPage":{"@id":"https:\/\/www.noticiasradioreflejos.com.ar\/2021\/el-semillero-verde-continua-con-sus-actividades\/#primaryimage"},"image":{"@id":"https:\/\/www.noticiasradioreflejos.com.ar\/2021\/el-semillero-verde-continua-con-sus-actividades\/#primaryimage"},"thumbnailUrl":"http:\/\/farm1.staticflickr.com\/804\/27527119728_d96edb43b7_z.jpg","datePublished":"2018-04-11T23:00:55+00:00","author":{"@id":"https:\/\/www.noticiasradioreflejos.com.ar\/2021\/#\/schema\/person\/ad82545263dcc5ec0996818884fd5fb1"},"breadcrumb":{"@id":"https:\/\/www.noticiasradioreflejos.com.ar\/2021\/el-semillero-verde-continua-con-sus-actividades\/#breadcrumb"},"inLanguage":"es","potentialAction":[{"@type":"ReadAction","target":["https:\/\/www.noticiasradioreflejos.com.ar\/2021\/el-semillero-verde-continua-con-sus-actividades\/"]}]},{"@type":"ImageObject","inLanguage":"es","@id":"https:\/\/www.noticiasradioreflejos.com.ar\/2021\/el-semillero-verde-continua-con-sus-actividades\/#primaryimage","url":"http:\/\/farm1.staticflickr.com\/804\/27527119728_d96edb43b7_z.jpg","contentUrl":"http:\/\/farm1.staticflickr.com\/804\/27527119728_d96edb43b7_z.jpg"},{"@type":"BreadcrumbList","@id":"https:\/\/www.noticiasradioreflejos.com.ar\/2021\/el-semillero-verde-continua-con-sus-actividades\/#breadcrumb","itemListElement":[{"@type":"ListItem","position":1,"name":"Portada","item":"https:\/\/www.noticiasradioreflejos.com.ar\/2021\/"},{"@type":"ListItem","position":2,"name":"El Semillero Verde contin\u00faa con sus actividades"}]},{"@type":"WebSite","@id":"https:\/\/www.noticiasradioreflejos.com.ar\/2021\/#website","url":"https:\/\/www.noticiasradioreflejos.com.ar\/2021\/","name":"Noticias Radio Reflejos","description":"Las noticias de mi comarca","potentialAction":[{"@type":"SearchAction","target":{"@type":"EntryPoint","urlTemplate":"https:\/\/www.noticiasradioreflejos.com.ar\/2021\/?s={search_term_string}"},"query-input":{"@type":"PropertyValueSpecification","valueRequired":true,"valueName":"search_term_string"}}],"inLanguage":"es"},{"@type":"Person","@id":"https:\/\/www.noticiasradioreflejos.com.ar\/2021\/#\/schema\/person\/ad82545263dcc5ec0996818884fd5fb1","name":"Arnaldo Botto","image":{"@type":"ImageObject","inLanguage":"es","@id":"https:\/\/www.noticiasradioreflejos.com.ar\/2021\/#\/schema\/person\/image\/","url":"https:\/\/secure.gravatar.com\/avatar\/55cb5e37c1efa326397366e6974cb338056df65cb50e7d64d1cf314e87504837?s=96&d=mm&r=g","contentUrl":"https:\/\/secure.gravatar.com\/avatar\/55cb5e37c1efa326397366e6974cb338056df65cb50e7d64d1cf314e87504837?s=96&d=mm&r=g","caption":"Arnaldo Botto"},"url":"https:\/\/www.noticiasradioreflejos.com.ar\/2021\/author\/arnaldo\/"}]}},"_links":{"self":[{"href":"https:\/\/www.noticiasradioreflejos.com.ar\/2021\/wp-json\/wp\/v2\/posts\/20654","targetHints":{"allow":["GET"]}}],"collection":[{"href":"https:\/\/www.noticiasradioreflejos.com.ar\/2021\/wp-json\/wp\/v2\/posts"}],"about":[{"href":"https:\/\/www.noticiasradioreflejos.com.ar\/2021\/wp-json\/wp\/v2\/types\/post"}],"author":[{"embeddable":true,"href":"https:\/\/www.noticiasradioreflejos.com.ar\/2021\/wp-json\/wp\/v2\/users\/3"}],"replies":[{"embeddable":true,"href":"https:\/\/www.noticiasradioreflejos.com.ar\/2021\/wp-json\/wp\/v2\/comments?post=20654"}],"version-history":[{"count":0,"href":"https:\/\/www.noticiasradioreflejos.com.ar\/2021\/wp-json\/wp\/v2\/posts\/20654\/revisions"}],"wp:attachment":[{"href":"https:\/\/www.noticiasradioreflejos.com.ar\/2021\/wp-json\/wp\/v2\/media?parent=20654"}],"wp:term":[{"taxonomy":"category","embeddable":true,"href":"https:\/\/www.noticiasradioreflejos.com.ar\/2021\/wp-json\/wp\/v2\/categories?post=20654"},{"taxonomy":"post_tag","embeddable":true,"href":"https:\/\/www.noticiasradioreflejos.com.ar\/2021\/wp-json\/wp\/v2\/tags?post=20654"}],"curies":[{"name":"wp","href":"https:\/\/api.w.org\/{rel}","templated":true}]}}