{"id":20651,"date":"2018-04-11T19:52:50","date_gmt":"2018-04-11T22:52:50","guid":{"rendered":"http:\/\/www.noticiasradioreflejos.com.ar\/noticias\/?p=20651"},"modified":"2018-04-11T19:52:50","modified_gmt":"2018-04-11T22:52:50","slug":"resena-presentacion-del-proyecto-arte-y-lectura-contra-la-violencia-de-genero","status":"publish","type":"post","link":"https:\/\/www.noticiasradioreflejos.com.ar\/2021\/resena-presentacion-del-proyecto-arte-y-lectura-contra-la-violencia-de-genero\/","title":{"rendered":"Rese\u00f1a presentaci\u00f3n del proyecto Arte y Lectura contra la violencia de g\u00e9nero"},"content":{"rendered":"<p>La violencia de g\u00e9nero naturalizada en \u00e1mbitos laborales, acad\u00e9micos y dom\u00e9sticos, es reforzada y sistematizada por los multimedios de comunicaci\u00f3n.<!--more--><br \/>\nEsto arroja una desigualdad en aumento en cuanto a oportunidades de estudio, de trabajo y tiene su  expresi\u00f3n m\u00e1s extrema en los actos de violaci\u00f3n y femicidios, que se traduce en una mujer muerta cada 30 horas, a manos de un hombre que ejerce violencia sobre ella.<br \/>\nLo programado para  la presentaci\u00f3n de la campa\u00f1a incluy\u00f3 cuatro mesas con actividades l\u00fadicas en relaci\u00f3n a los  ejes del proyecto:<br \/>\nEstereotipos y roles de g\u00e9nero &#8211; Prostituci\u00f3n y pornograf\u00eda<br \/>\nViolencia sexual y reproductiva &#8211; Noviazgos violentos<br \/>\nQuienes asistieron, en su mayor\u00eda docentes, participaron  de manera grupal en cada propuesta que inclu\u00eda adem\u00e1s, una breve opini\u00f3n o cuestionario por escrito. Esto permiti\u00f3 hacer una lectura final con posterior debate.<br \/>\nAdem\u00e1s, fue presentado el material bibliogr\u00e1fico con que cuenta la Biblioteca en esta tem\u00e1tica y que estar\u00e1 a disposici\u00f3n de la comunidad docente, alumnado y usuarios de la misma. Se comunic\u00f3 que se aceptar\u00e1n sugerencias tanto para adquirir m\u00e1s libros como para actividades o talleres que redunden en trabajo en las escuelas o contenidos \u00e1ulicos. De igual modo se abri\u00f3 la convocatoria a registrar la campa\u00f1a, ya sea en formato audiovisual, escrito, radial, etc. dese ahora hasta su finalizaci\u00f3n en noviembre del corriente a\u00f1o.<br \/>\nDurante el encuentro se exhibieron textos con datos estad\u00edsticos y de opini\u00f3n sobre la tem\u00e1tica del proyecto y hubo poemas susurrados de poetas mujeres contra la violencia de g\u00e9nero.<br \/>\nPara finalizar, se promocion\u00f3 la disertaci\u00f3n y debate con Ver\u00f3nica Bajo \u201cEstereotipos de g\u00e9nero y violencia simb\u00f3lica\u201d a realizarse el viernes 13 del corriente mes, en las instalaciones del CEPT 12, con invitaci\u00f3n a la EES n\u00b05 y EESA N\u00b01.<br \/>\nEl proyecto ha sido aprobado por Conabip y cuenta con la aprobaci\u00f3n de Jefatura Distrital y Regional de la Direcci\u00f3n General de Cultura y Educaci\u00f3n.<br \/>\n<a href=\"https:\/\/mujeresmacedonias.wordpress.com\/\">https:\/\/mujeresmacedonias.wordpress.com\/<\/a><br \/>\nAdem\u00e1s, les informamos, que en el marco de este proyecto, se realizar\u00e1 una disertaci\u00f3n y debate a cargo de Ver\u00f3nica Bajo sobre Estereotipos de g\u00e9nero y violencia simb\u00f3lica en el CEPT N\u00b012 de nuestra localidad el pr\u00f3ximo viernes a las 8 hs.<br \/>\n<a href=\"http:\/\/farm1.staticflickr.com\/807\/40501884095_8ebf1797fd_z.jpg\" title=\"violencia de genero5\" rel=\"\"><img loading=\"lazy\" decoding=\"async\" src=\"http:\/\/farm1.staticflickr.com\/807\/40501884095_8ebf1797fd_z.jpg\" width=\"460\" height=\"640\" alt=\"violencia de genero5\" title=\"violencia de genero5\" class=\"aligncenter\"><\/a><br \/>\n<a href=\"http:\/\/farm1.staticflickr.com\/804\/40501884585_7f8c424908_z.jpg\" title=\"violencia de genero4\" rel=\"\"><img loading=\"lazy\" decoding=\"async\" src=\"http:\/\/farm1.staticflickr.com\/804\/40501884585_7f8c424908_z.jpg\" width=\"640\" height=\"411\" alt=\"violencia de genero4\" title=\"violencia de genero4\" class=\"aligncenter\"><\/a><br \/>\n<a href=\"http:\/\/farm1.staticflickr.com\/786\/41354167242_5f73a112c4_z.jpg\" title=\"violencia de genero3\" rel=\"\"><img loading=\"lazy\" decoding=\"async\" src=\"http:\/\/farm1.staticflickr.com\/786\/41354167242_5f73a112c4_z.jpg\" width=\"640\" height=\"327\" alt=\"violencia de genero3\" title=\"violencia de genero3\" class=\"aligncenter\"><\/a><br \/>\n<a href=\"http:\/\/farm1.staticflickr.com\/803\/40501885475_aaf4ed5dbe_z.jpg\" title=\"violencia de genero2\" rel=\"\"><img loading=\"lazy\" decoding=\"async\" src=\"http:\/\/farm1.staticflickr.com\/803\/40501885475_aaf4ed5dbe_z.jpg\" width=\"640\" height=\"515\" alt=\"violencia de genero2\" title=\"violencia de genero2\" class=\"aligncenter\"><\/a><\/p>\n","protected":false},"excerpt":{"rendered":"<p>La violencia de g\u00e9nero naturalizada en \u00e1mbitos laborales, acad\u00e9micos y dom\u00e9sticos, es reforzada y sistematizada por los multimedios de comunicaci\u00f3n.<\/p>\n","protected":false},"author":3,"featured_media":0,"comment_status":"closed","ping_status":"open","sticky":false,"template":"","format":"standard","meta":{"footnotes":""},"categories":[35],"tags":[],"class_list":["post-20651","post","type-post","status-publish","format-standard","hentry","category-cultura"],"yoast_head":"<!-- This site is optimized with the Yoast SEO plugin v25.9 - https:\/\/yoast.com\/wordpress\/plugins\/seo\/ -->\n<title>Rese\u00f1a presentaci\u00f3n del proyecto Arte y Lectura contra la violencia de g\u00e9nero - Noticias Radio Reflejos<\/title>\n<meta name=\"robots\" content=\"index, follow, max-snippet:-1, max-image-preview:large, max-video-preview:-1\" \/>\n<link rel=\"canonical\" href=\"https:\/\/www.noticiasradioreflejos.com.ar\/2021\/resena-presentacion-del-proyecto-arte-y-lectura-contra-la-violencia-de-genero\/\" \/>\n<meta property=\"og:locale\" content=\"es_ES\" \/>\n<meta property=\"og:type\" content=\"article\" \/>\n<meta property=\"og:title\" content=\"Rese\u00f1a presentaci\u00f3n del proyecto Arte y Lectura contra la violencia de g\u00e9nero - Noticias Radio Reflejos\" \/>\n<meta property=\"og:description\" content=\"La violencia de g\u00e9nero naturalizada en \u00e1mbitos laborales, acad\u00e9micos y dom\u00e9sticos, es reforzada y sistematizada por los multimedios de comunicaci\u00f3n.\" \/>\n<meta property=\"og:url\" content=\"https:\/\/www.noticiasradioreflejos.com.ar\/2021\/resena-presentacion-del-proyecto-arte-y-lectura-contra-la-violencia-de-genero\/\" \/>\n<meta property=\"og:site_name\" content=\"Noticias Radio Reflejos\" \/>\n<meta property=\"article:published_time\" content=\"2018-04-11T22:52:50+00:00\" \/>\n<meta property=\"og:image\" content=\"http:\/\/farm1.staticflickr.com\/807\/40501884095_8ebf1797fd_z.jpg\" \/>\n<meta name=\"author\" content=\"Arnaldo Botto\" \/>\n<meta name=\"twitter:card\" content=\"summary_large_image\" \/>\n<script type=\"application\/ld+json\" class=\"yoast-schema-graph\">{\"@context\":\"https:\/\/schema.org\",\"@graph\":[{\"@type\":\"WebPage\",\"@id\":\"https:\/\/www.noticiasradioreflejos.com.ar\/2021\/resena-presentacion-del-proyecto-arte-y-lectura-contra-la-violencia-de-genero\/\",\"url\":\"https:\/\/www.noticiasradioreflejos.com.ar\/2021\/resena-presentacion-del-proyecto-arte-y-lectura-contra-la-violencia-de-genero\/\",\"name\":\"Rese\u00f1a presentaci\u00f3n del proyecto Arte y Lectura contra la violencia de g\u00e9nero - Noticias Radio Reflejos\",\"isPartOf\":{\"@id\":\"https:\/\/www.noticiasradioreflejos.com.ar\/2021\/#website\"},\"primaryImageOfPage\":{\"@id\":\"https:\/\/www.noticiasradioreflejos.com.ar\/2021\/resena-presentacion-del-proyecto-arte-y-lectura-contra-la-violencia-de-genero\/#primaryimage\"},\"image\":{\"@id\":\"https:\/\/www.noticiasradioreflejos.com.ar\/2021\/resena-presentacion-del-proyecto-arte-y-lectura-contra-la-violencia-de-genero\/#primaryimage\"},\"thumbnailUrl\":\"http:\/\/farm1.staticflickr.com\/807\/40501884095_8ebf1797fd_z.jpg\",\"datePublished\":\"2018-04-11T22:52:50+00:00\",\"author\":{\"@id\":\"https:\/\/www.noticiasradioreflejos.com.ar\/2021\/#\/schema\/person\/ad82545263dcc5ec0996818884fd5fb1\"},\"breadcrumb\":{\"@id\":\"https:\/\/www.noticiasradioreflejos.com.ar\/2021\/resena-presentacion-del-proyecto-arte-y-lectura-contra-la-violencia-de-genero\/#breadcrumb\"},\"inLanguage\":\"es\",\"potentialAction\":[{\"@type\":\"ReadAction\",\"target\":[\"https:\/\/www.noticiasradioreflejos.com.ar\/2021\/resena-presentacion-del-proyecto-arte-y-lectura-contra-la-violencia-de-genero\/\"]}]},{\"@type\":\"ImageObject\",\"inLanguage\":\"es\",\"@id\":\"https:\/\/www.noticiasradioreflejos.com.ar\/2021\/resena-presentacion-del-proyecto-arte-y-lectura-contra-la-violencia-de-genero\/#primaryimage\",\"url\":\"http:\/\/farm1.staticflickr.com\/807\/40501884095_8ebf1797fd_z.jpg\",\"contentUrl\":\"http:\/\/farm1.staticflickr.com\/807\/40501884095_8ebf1797fd_z.jpg\"},{\"@type\":\"BreadcrumbList\",\"@id\":\"https:\/\/www.noticiasradioreflejos.com.ar\/2021\/resena-presentacion-del-proyecto-arte-y-lectura-contra-la-violencia-de-genero\/#breadcrumb\",\"itemListElement\":[{\"@type\":\"ListItem\",\"position\":1,\"name\":\"Portada\",\"item\":\"https:\/\/www.noticiasradioreflejos.com.ar\/2021\/\"},{\"@type\":\"ListItem\",\"position\":2,\"name\":\"Rese\u00f1a presentaci\u00f3n del proyecto Arte y Lectura contra la violencia de g\u00e9nero\"}]},{\"@type\":\"WebSite\",\"@id\":\"https:\/\/www.noticiasradioreflejos.com.ar\/2021\/#website\",\"url\":\"https:\/\/www.noticiasradioreflejos.com.ar\/2021\/\",\"name\":\"Noticias Radio Reflejos\",\"description\":\"Las noticias de mi comarca\",\"potentialAction\":[{\"@type\":\"SearchAction\",\"target\":{\"@type\":\"EntryPoint\",\"urlTemplate\":\"https:\/\/www.noticiasradioreflejos.com.ar\/2021\/?s={search_term_string}\"},\"query-input\":{\"@type\":\"PropertyValueSpecification\",\"valueRequired\":true,\"valueName\":\"search_term_string\"}}],\"inLanguage\":\"es\"},{\"@type\":\"Person\",\"@id\":\"https:\/\/www.noticiasradioreflejos.com.ar\/2021\/#\/schema\/person\/ad82545263dcc5ec0996818884fd5fb1\",\"name\":\"Arnaldo Botto\",\"image\":{\"@type\":\"ImageObject\",\"inLanguage\":\"es\",\"@id\":\"https:\/\/www.noticiasradioreflejos.com.ar\/2021\/#\/schema\/person\/image\/\",\"url\":\"https:\/\/secure.gravatar.com\/avatar\/55cb5e37c1efa326397366e6974cb338056df65cb50e7d64d1cf314e87504837?s=96&d=mm&r=g\",\"contentUrl\":\"https:\/\/secure.gravatar.com\/avatar\/55cb5e37c1efa326397366e6974cb338056df65cb50e7d64d1cf314e87504837?s=96&d=mm&r=g\",\"caption\":\"Arnaldo Botto\"},\"url\":\"https:\/\/www.noticiasradioreflejos.com.ar\/2021\/author\/arnaldo\/\"}]}<\/script>\n<!-- \/ Yoast SEO plugin. -->","yoast_head_json":{"title":"Rese\u00f1a presentaci\u00f3n del proyecto Arte y Lectura contra la violencia de g\u00e9nero - Noticias Radio Reflejos","robots":{"index":"index","follow":"follow","max-snippet":"max-snippet:-1","max-image-preview":"max-image-preview:large","max-video-preview":"max-video-preview:-1"},"canonical":"https:\/\/www.noticiasradioreflejos.com.ar\/2021\/resena-presentacion-del-proyecto-arte-y-lectura-contra-la-violencia-de-genero\/","og_locale":"es_ES","og_type":"article","og_title":"Rese\u00f1a presentaci\u00f3n del proyecto Arte y Lectura contra la violencia de g\u00e9nero - Noticias Radio Reflejos","og_description":"La violencia de g\u00e9nero naturalizada en \u00e1mbitos laborales, acad\u00e9micos y dom\u00e9sticos, es reforzada y sistematizada por los multimedios de comunicaci\u00f3n.","og_url":"https:\/\/www.noticiasradioreflejos.com.ar\/2021\/resena-presentacion-del-proyecto-arte-y-lectura-contra-la-violencia-de-genero\/","og_site_name":"Noticias Radio Reflejos","article_published_time":"2018-04-11T22:52:50+00:00","og_image":[{"url":"http:\/\/farm1.staticflickr.com\/807\/40501884095_8ebf1797fd_z.jpg","type":"","width":"","height":""}],"author":"Arnaldo Botto","twitter_card":"summary_large_image","schema":{"@context":"https:\/\/schema.org","@graph":[{"@type":"WebPage","@id":"https:\/\/www.noticiasradioreflejos.com.ar\/2021\/resena-presentacion-del-proyecto-arte-y-lectura-contra-la-violencia-de-genero\/","url":"https:\/\/www.noticiasradioreflejos.com.ar\/2021\/resena-presentacion-del-proyecto-arte-y-lectura-contra-la-violencia-de-genero\/","name":"Rese\u00f1a presentaci\u00f3n del proyecto Arte y Lectura contra la violencia de g\u00e9nero - Noticias Radio Reflejos","isPartOf":{"@id":"https:\/\/www.noticiasradioreflejos.com.ar\/2021\/#website"},"primaryImageOfPage":{"@id":"https:\/\/www.noticiasradioreflejos.com.ar\/2021\/resena-presentacion-del-proyecto-arte-y-lectura-contra-la-violencia-de-genero\/#primaryimage"},"image":{"@id":"https:\/\/www.noticiasradioreflejos.com.ar\/2021\/resena-presentacion-del-proyecto-arte-y-lectura-contra-la-violencia-de-genero\/#primaryimage"},"thumbnailUrl":"http:\/\/farm1.staticflickr.com\/807\/40501884095_8ebf1797fd_z.jpg","datePublished":"2018-04-11T22:52:50+00:00","author":{"@id":"https:\/\/www.noticiasradioreflejos.com.ar\/2021\/#\/schema\/person\/ad82545263dcc5ec0996818884fd5fb1"},"breadcrumb":{"@id":"https:\/\/www.noticiasradioreflejos.com.ar\/2021\/resena-presentacion-del-proyecto-arte-y-lectura-contra-la-violencia-de-genero\/#breadcrumb"},"inLanguage":"es","potentialAction":[{"@type":"ReadAction","target":["https:\/\/www.noticiasradioreflejos.com.ar\/2021\/resena-presentacion-del-proyecto-arte-y-lectura-contra-la-violencia-de-genero\/"]}]},{"@type":"ImageObject","inLanguage":"es","@id":"https:\/\/www.noticiasradioreflejos.com.ar\/2021\/resena-presentacion-del-proyecto-arte-y-lectura-contra-la-violencia-de-genero\/#primaryimage","url":"http:\/\/farm1.staticflickr.com\/807\/40501884095_8ebf1797fd_z.jpg","contentUrl":"http:\/\/farm1.staticflickr.com\/807\/40501884095_8ebf1797fd_z.jpg"},{"@type":"BreadcrumbList","@id":"https:\/\/www.noticiasradioreflejos.com.ar\/2021\/resena-presentacion-del-proyecto-arte-y-lectura-contra-la-violencia-de-genero\/#breadcrumb","itemListElement":[{"@type":"ListItem","position":1,"name":"Portada","item":"https:\/\/www.noticiasradioreflejos.com.ar\/2021\/"},{"@type":"ListItem","position":2,"name":"Rese\u00f1a presentaci\u00f3n del proyecto Arte y Lectura contra la violencia de g\u00e9nero"}]},{"@type":"WebSite","@id":"https:\/\/www.noticiasradioreflejos.com.ar\/2021\/#website","url":"https:\/\/www.noticiasradioreflejos.com.ar\/2021\/","name":"Noticias Radio Reflejos","description":"Las noticias de mi comarca","potentialAction":[{"@type":"SearchAction","target":{"@type":"EntryPoint","urlTemplate":"https:\/\/www.noticiasradioreflejos.com.ar\/2021\/?s={search_term_string}"},"query-input":{"@type":"PropertyValueSpecification","valueRequired":true,"valueName":"search_term_string"}}],"inLanguage":"es"},{"@type":"Person","@id":"https:\/\/www.noticiasradioreflejos.com.ar\/2021\/#\/schema\/person\/ad82545263dcc5ec0996818884fd5fb1","name":"Arnaldo Botto","image":{"@type":"ImageObject","inLanguage":"es","@id":"https:\/\/www.noticiasradioreflejos.com.ar\/2021\/#\/schema\/person\/image\/","url":"https:\/\/secure.gravatar.com\/avatar\/55cb5e37c1efa326397366e6974cb338056df65cb50e7d64d1cf314e87504837?s=96&d=mm&r=g","contentUrl":"https:\/\/secure.gravatar.com\/avatar\/55cb5e37c1efa326397366e6974cb338056df65cb50e7d64d1cf314e87504837?s=96&d=mm&r=g","caption":"Arnaldo Botto"},"url":"https:\/\/www.noticiasradioreflejos.com.ar\/2021\/author\/arnaldo\/"}]}},"_links":{"self":[{"href":"https:\/\/www.noticiasradioreflejos.com.ar\/2021\/wp-json\/wp\/v2\/posts\/20651","targetHints":{"allow":["GET"]}}],"collection":[{"href":"https:\/\/www.noticiasradioreflejos.com.ar\/2021\/wp-json\/wp\/v2\/posts"}],"about":[{"href":"https:\/\/www.noticiasradioreflejos.com.ar\/2021\/wp-json\/wp\/v2\/types\/post"}],"author":[{"embeddable":true,"href":"https:\/\/www.noticiasradioreflejos.com.ar\/2021\/wp-json\/wp\/v2\/users\/3"}],"replies":[{"embeddable":true,"href":"https:\/\/www.noticiasradioreflejos.com.ar\/2021\/wp-json\/wp\/v2\/comments?post=20651"}],"version-history":[{"count":0,"href":"https:\/\/www.noticiasradioreflejos.com.ar\/2021\/wp-json\/wp\/v2\/posts\/20651\/revisions"}],"wp:attachment":[{"href":"https:\/\/www.noticiasradioreflejos.com.ar\/2021\/wp-json\/wp\/v2\/media?parent=20651"}],"wp:term":[{"taxonomy":"category","embeddable":true,"href":"https:\/\/www.noticiasradioreflejos.com.ar\/2021\/wp-json\/wp\/v2\/categories?post=20651"},{"taxonomy":"post_tag","embeddable":true,"href":"https:\/\/www.noticiasradioreflejos.com.ar\/2021\/wp-json\/wp\/v2\/tags?post=20651"}],"curies":[{"name":"wp","href":"https:\/\/api.w.org\/{rel}","templated":true}]}}