{"id":2064,"date":"2016-10-10T23:04:47","date_gmt":"2016-10-10T23:04:47","guid":{"rendered":"http:\/\/noticiasradioreflejos.com.ar\/noticias\/?p=2064"},"modified":"2016-10-10T23:04:47","modified_gmt":"2016-10-10T23:04:47","slug":"automoto-vivio-otro-encuentro-regional-de-escuelitas","status":"publish","type":"post","link":"https:\/\/www.noticiasradioreflejos.com.ar\/2021\/automoto-vivio-otro-encuentro-regional-de-escuelitas\/","title":{"rendered":"Automoto vivi\u00f3 otro Encuentro Regional de Escuelitas"},"content":{"rendered":"<p><a title=\"DSC_0051\" href=\"http:\/\/farm9.staticflickr.com\/8416\/29617607583_310e23180e.jpg\" rel=\"\"><img loading=\"lazy\" decoding=\"async\" class=\"alignleft\" style=\"float: left;\" title=\"DSC_0051\" src=\"http:\/\/farm9.staticflickr.com\/8416\/29617607583_310e23180e.jpg\" alt=\"DSC_0051\" width=\"500\" height=\"333\" \/><\/a>El mal clima no pudo detener el entusiasmo y la felicidad de los chicos corriendo detr\u00e1s de la pelota, como tampoco impidi\u00f3 la satisfacci\u00f3n de los padres que se dieron cita en las instalaciones del Automoto Club Deportivo, donde se realiz\u00f3 el 21\u00b0 Encuentro Regional de Escuelitas de F\u00fatbol.<br \/>\nFue una jornada inolvidable para los m\u00e1s de 600 peque\u00f1os que le dieron vida a otra edici\u00f3n de la iniciativa que anualmente organiza la entidad azulgrana, que nuevamente apost\u00f3 por un evento que re\u00fane a clubes de diferentes puntos de nuestra regi\u00f3n.<!--more--><br \/>\nEn esta oportunidad, adem\u00e1s de Automoto, participaron Olimpo, Dublin, Tiro Federal y Pac\u00edfico de Bah\u00eda Blanca; Puerto Comercial de Ingeniero White; Uni\u00f3n de Tornquist; Sporting, Tricolor y MyM de Punta Alta; Pac\u00edfico de Cabildo y San Mart\u00edn de Saavedra.<br \/>\nEn las 11 canchas distribuidas a lo largo del predio (ocho armadas en la principal y tres en el sector de los campos de juegos auxiliares) jugaron ni\u00f1os desde los 5 a los 11 a\u00f1os, que vibraron, sufrieron y se divirtieron ante cada jugada o gol convertido.<br \/>\nAdem\u00e1s de lo estrictamente futbol\u00edstico y el aprendizaje que cada participaci\u00f3n implica para los peque\u00f1os, la familia de Automoto dispuso su cl\u00e1sico servicio de cantina, que incluy\u00f3 los asadores armados a un costado de los vestuarios \u201cAndr\u00e9s Vanoli\u201d.<br \/>\nSi bien la lluvia oblig\u00f3 a interrumpir la jornada, el objetivo del encuentro fue largamente superado, debido a que todos los chicos tuvieron la oportunidad de participar, divertirse, compartir y aprender de la mejor manera: jugando.<br \/>\nLa comisi\u00f3n directiva del Automoto Club Deportivo agradece a todos aquellos que, de una u otra manera, ayudaron para que esta jornada fuera posible, principalmente a nuestros profesores, padres y habituales colaboradores, adem\u00e1s del cuerpo de inspectores y los integrantes de las \u00e1reas de Cultura y Salud municipal.<br \/>\n<a title=\"DSC_0248\" href=\"http:\/\/farm9.staticflickr.com\/8410\/29950747460_fdf5540b83.jpg\" rel=\"\"><img loading=\"lazy\" decoding=\"async\" class=\"aligncenter\" title=\"DSC_0248\" src=\"http:\/\/farm9.staticflickr.com\/8410\/29950747460_fdf5540b83.jpg\" alt=\"DSC_0248\" width=\"500\" height=\"333\" \/><\/a><a title=\"DSC_0169\" href=\"http:\/\/farm6.staticflickr.com\/5658\/29617604583_f1dd21463e.jpg\" rel=\"\"><img loading=\"lazy\" decoding=\"async\" class=\"aligncenter\" title=\"DSC_0169\" src=\"http:\/\/farm6.staticflickr.com\/5658\/29617604583_f1dd21463e.jpg\" alt=\"DSC_0169\" width=\"500\" height=\"333\" \/><\/a><a title=\"DSC_0207\" href=\"http:\/\/farm6.staticflickr.com\/5542\/30247277755_26ee8de455.jpg\" rel=\"\"><img loading=\"lazy\" decoding=\"async\" class=\"aligncenter\" title=\"DSC_0207\" src=\"http:\/\/farm6.staticflickr.com\/5542\/30247277755_26ee8de455.jpg\" alt=\"DSC_0207\" width=\"500\" height=\"333\" \/><\/a><\/p>\n","protected":false},"excerpt":{"rendered":"<p>El mal clima no pudo detener el entusiasmo y la felicidad de los chicos corriendo detr\u00e1s de la pelota, como tampoco impidi\u00f3 la satisfacci\u00f3n de los padres que se dieron cita en las instalaciones del Automoto Club Deportivo, donde se realiz\u00f3 el 21\u00b0 Encuentro Regional de Escuelitas de F\u00fatbol. Fue una jornada inolvidable para los [&hellip;]<\/p>\n","protected":false},"author":3,"featured_media":0,"comment_status":"closed","ping_status":"open","sticky":false,"template":"","format":"standard","meta":{"footnotes":""},"categories":[27],"tags":[],"class_list":["post-2064","post","type-post","status-publish","format-standard","hentry","category-deportes"],"yoast_head":"<!-- This site is optimized with the Yoast SEO plugin v25.9 - https:\/\/yoast.com\/wordpress\/plugins\/seo\/ -->\n<title>Automoto vivi\u00f3 otro Encuentro Regional de Escuelitas - Noticias Radio Reflejos<\/title>\n<meta name=\"robots\" content=\"index, follow, max-snippet:-1, max-image-preview:large, max-video-preview:-1\" \/>\n<link rel=\"canonical\" href=\"https:\/\/www.noticiasradioreflejos.com.ar\/2021\/automoto-vivio-otro-encuentro-regional-de-escuelitas\/\" \/>\n<meta property=\"og:locale\" content=\"es_ES\" \/>\n<meta property=\"og:type\" content=\"article\" \/>\n<meta property=\"og:title\" content=\"Automoto vivi\u00f3 otro Encuentro Regional de Escuelitas - Noticias Radio Reflejos\" \/>\n<meta property=\"og:description\" content=\"El mal clima no pudo detener el entusiasmo y la felicidad de los chicos corriendo detr\u00e1s de la pelota, como tampoco impidi\u00f3 la satisfacci\u00f3n de los padres que se dieron cita en las instalaciones del Automoto Club Deportivo, donde se realiz\u00f3 el 21\u00b0 Encuentro Regional de Escuelitas de F\u00fatbol. Fue una jornada inolvidable para los [&hellip;]\" \/>\n<meta property=\"og:url\" content=\"https:\/\/www.noticiasradioreflejos.com.ar\/2021\/automoto-vivio-otro-encuentro-regional-de-escuelitas\/\" \/>\n<meta property=\"og:site_name\" content=\"Noticias Radio Reflejos\" \/>\n<meta property=\"article:published_time\" content=\"2016-10-10T23:04:47+00:00\" \/>\n<meta property=\"og:image\" content=\"http:\/\/farm9.staticflickr.com\/8416\/29617607583_310e23180e.jpg\" \/>\n<meta name=\"author\" content=\"Arnaldo Botto\" \/>\n<meta name=\"twitter:card\" content=\"summary_large_image\" \/>\n<script type=\"application\/ld+json\" class=\"yoast-schema-graph\">{\"@context\":\"https:\/\/schema.org\",\"@graph\":[{\"@type\":\"WebPage\",\"@id\":\"https:\/\/www.noticiasradioreflejos.com.ar\/2021\/automoto-vivio-otro-encuentro-regional-de-escuelitas\/\",\"url\":\"https:\/\/www.noticiasradioreflejos.com.ar\/2021\/automoto-vivio-otro-encuentro-regional-de-escuelitas\/\",\"name\":\"Automoto vivi\u00f3 otro Encuentro Regional de Escuelitas - Noticias Radio Reflejos\",\"isPartOf\":{\"@id\":\"https:\/\/www.noticiasradioreflejos.com.ar\/2021\/#website\"},\"primaryImageOfPage\":{\"@id\":\"https:\/\/www.noticiasradioreflejos.com.ar\/2021\/automoto-vivio-otro-encuentro-regional-de-escuelitas\/#primaryimage\"},\"image\":{\"@id\":\"https:\/\/www.noticiasradioreflejos.com.ar\/2021\/automoto-vivio-otro-encuentro-regional-de-escuelitas\/#primaryimage\"},\"thumbnailUrl\":\"http:\/\/farm9.staticflickr.com\/8416\/29617607583_310e23180e.jpg\",\"datePublished\":\"2016-10-10T23:04:47+00:00\",\"author\":{\"@id\":\"https:\/\/www.noticiasradioreflejos.com.ar\/2021\/#\/schema\/person\/ad82545263dcc5ec0996818884fd5fb1\"},\"breadcrumb\":{\"@id\":\"https:\/\/www.noticiasradioreflejos.com.ar\/2021\/automoto-vivio-otro-encuentro-regional-de-escuelitas\/#breadcrumb\"},\"inLanguage\":\"es\",\"potentialAction\":[{\"@type\":\"ReadAction\",\"target\":[\"https:\/\/www.noticiasradioreflejos.com.ar\/2021\/automoto-vivio-otro-encuentro-regional-de-escuelitas\/\"]}]},{\"@type\":\"ImageObject\",\"inLanguage\":\"es\",\"@id\":\"https:\/\/www.noticiasradioreflejos.com.ar\/2021\/automoto-vivio-otro-encuentro-regional-de-escuelitas\/#primaryimage\",\"url\":\"http:\/\/farm9.staticflickr.com\/8416\/29617607583_310e23180e.jpg\",\"contentUrl\":\"http:\/\/farm9.staticflickr.com\/8416\/29617607583_310e23180e.jpg\"},{\"@type\":\"BreadcrumbList\",\"@id\":\"https:\/\/www.noticiasradioreflejos.com.ar\/2021\/automoto-vivio-otro-encuentro-regional-de-escuelitas\/#breadcrumb\",\"itemListElement\":[{\"@type\":\"ListItem\",\"position\":1,\"name\":\"Portada\",\"item\":\"https:\/\/www.noticiasradioreflejos.com.ar\/2021\/\"},{\"@type\":\"ListItem\",\"position\":2,\"name\":\"Automoto vivi\u00f3 otro Encuentro Regional de Escuelitas\"}]},{\"@type\":\"WebSite\",\"@id\":\"https:\/\/www.noticiasradioreflejos.com.ar\/2021\/#website\",\"url\":\"https:\/\/www.noticiasradioreflejos.com.ar\/2021\/\",\"name\":\"Noticias Radio Reflejos\",\"description\":\"Las noticias de mi comarca\",\"potentialAction\":[{\"@type\":\"SearchAction\",\"target\":{\"@type\":\"EntryPoint\",\"urlTemplate\":\"https:\/\/www.noticiasradioreflejos.com.ar\/2021\/?s={search_term_string}\"},\"query-input\":{\"@type\":\"PropertyValueSpecification\",\"valueRequired\":true,\"valueName\":\"search_term_string\"}}],\"inLanguage\":\"es\"},{\"@type\":\"Person\",\"@id\":\"https:\/\/www.noticiasradioreflejos.com.ar\/2021\/#\/schema\/person\/ad82545263dcc5ec0996818884fd5fb1\",\"name\":\"Arnaldo Botto\",\"image\":{\"@type\":\"ImageObject\",\"inLanguage\":\"es\",\"@id\":\"https:\/\/www.noticiasradioreflejos.com.ar\/2021\/#\/schema\/person\/image\/\",\"url\":\"https:\/\/secure.gravatar.com\/avatar\/55cb5e37c1efa326397366e6974cb338056df65cb50e7d64d1cf314e87504837?s=96&d=mm&r=g\",\"contentUrl\":\"https:\/\/secure.gravatar.com\/avatar\/55cb5e37c1efa326397366e6974cb338056df65cb50e7d64d1cf314e87504837?s=96&d=mm&r=g\",\"caption\":\"Arnaldo Botto\"},\"url\":\"https:\/\/www.noticiasradioreflejos.com.ar\/2021\/author\/arnaldo\/\"}]}<\/script>\n<!-- \/ Yoast SEO plugin. -->","yoast_head_json":{"title":"Automoto vivi\u00f3 otro Encuentro Regional de Escuelitas - Noticias Radio Reflejos","robots":{"index":"index","follow":"follow","max-snippet":"max-snippet:-1","max-image-preview":"max-image-preview:large","max-video-preview":"max-video-preview:-1"},"canonical":"https:\/\/www.noticiasradioreflejos.com.ar\/2021\/automoto-vivio-otro-encuentro-regional-de-escuelitas\/","og_locale":"es_ES","og_type":"article","og_title":"Automoto vivi\u00f3 otro Encuentro Regional de Escuelitas - Noticias Radio Reflejos","og_description":"El mal clima no pudo detener el entusiasmo y la felicidad de los chicos corriendo detr\u00e1s de la pelota, como tampoco impidi\u00f3 la satisfacci\u00f3n de los padres que se dieron cita en las instalaciones del Automoto Club Deportivo, donde se realiz\u00f3 el 21\u00b0 Encuentro Regional de Escuelitas de F\u00fatbol. Fue una jornada inolvidable para los [&hellip;]","og_url":"https:\/\/www.noticiasradioreflejos.com.ar\/2021\/automoto-vivio-otro-encuentro-regional-de-escuelitas\/","og_site_name":"Noticias Radio Reflejos","article_published_time":"2016-10-10T23:04:47+00:00","og_image":[{"url":"http:\/\/farm9.staticflickr.com\/8416\/29617607583_310e23180e.jpg","type":"","width":"","height":""}],"author":"Arnaldo Botto","twitter_card":"summary_large_image","schema":{"@context":"https:\/\/schema.org","@graph":[{"@type":"WebPage","@id":"https:\/\/www.noticiasradioreflejos.com.ar\/2021\/automoto-vivio-otro-encuentro-regional-de-escuelitas\/","url":"https:\/\/www.noticiasradioreflejos.com.ar\/2021\/automoto-vivio-otro-encuentro-regional-de-escuelitas\/","name":"Automoto vivi\u00f3 otro Encuentro Regional de Escuelitas - Noticias Radio Reflejos","isPartOf":{"@id":"https:\/\/www.noticiasradioreflejos.com.ar\/2021\/#website"},"primaryImageOfPage":{"@id":"https:\/\/www.noticiasradioreflejos.com.ar\/2021\/automoto-vivio-otro-encuentro-regional-de-escuelitas\/#primaryimage"},"image":{"@id":"https:\/\/www.noticiasradioreflejos.com.ar\/2021\/automoto-vivio-otro-encuentro-regional-de-escuelitas\/#primaryimage"},"thumbnailUrl":"http:\/\/farm9.staticflickr.com\/8416\/29617607583_310e23180e.jpg","datePublished":"2016-10-10T23:04:47+00:00","author":{"@id":"https:\/\/www.noticiasradioreflejos.com.ar\/2021\/#\/schema\/person\/ad82545263dcc5ec0996818884fd5fb1"},"breadcrumb":{"@id":"https:\/\/www.noticiasradioreflejos.com.ar\/2021\/automoto-vivio-otro-encuentro-regional-de-escuelitas\/#breadcrumb"},"inLanguage":"es","potentialAction":[{"@type":"ReadAction","target":["https:\/\/www.noticiasradioreflejos.com.ar\/2021\/automoto-vivio-otro-encuentro-regional-de-escuelitas\/"]}]},{"@type":"ImageObject","inLanguage":"es","@id":"https:\/\/www.noticiasradioreflejos.com.ar\/2021\/automoto-vivio-otro-encuentro-regional-de-escuelitas\/#primaryimage","url":"http:\/\/farm9.staticflickr.com\/8416\/29617607583_310e23180e.jpg","contentUrl":"http:\/\/farm9.staticflickr.com\/8416\/29617607583_310e23180e.jpg"},{"@type":"BreadcrumbList","@id":"https:\/\/www.noticiasradioreflejos.com.ar\/2021\/automoto-vivio-otro-encuentro-regional-de-escuelitas\/#breadcrumb","itemListElement":[{"@type":"ListItem","position":1,"name":"Portada","item":"https:\/\/www.noticiasradioreflejos.com.ar\/2021\/"},{"@type":"ListItem","position":2,"name":"Automoto vivi\u00f3 otro Encuentro Regional de Escuelitas"}]},{"@type":"WebSite","@id":"https:\/\/www.noticiasradioreflejos.com.ar\/2021\/#website","url":"https:\/\/www.noticiasradioreflejos.com.ar\/2021\/","name":"Noticias Radio Reflejos","description":"Las noticias de mi comarca","potentialAction":[{"@type":"SearchAction","target":{"@type":"EntryPoint","urlTemplate":"https:\/\/www.noticiasradioreflejos.com.ar\/2021\/?s={search_term_string}"},"query-input":{"@type":"PropertyValueSpecification","valueRequired":true,"valueName":"search_term_string"}}],"inLanguage":"es"},{"@type":"Person","@id":"https:\/\/www.noticiasradioreflejos.com.ar\/2021\/#\/schema\/person\/ad82545263dcc5ec0996818884fd5fb1","name":"Arnaldo Botto","image":{"@type":"ImageObject","inLanguage":"es","@id":"https:\/\/www.noticiasradioreflejos.com.ar\/2021\/#\/schema\/person\/image\/","url":"https:\/\/secure.gravatar.com\/avatar\/55cb5e37c1efa326397366e6974cb338056df65cb50e7d64d1cf314e87504837?s=96&d=mm&r=g","contentUrl":"https:\/\/secure.gravatar.com\/avatar\/55cb5e37c1efa326397366e6974cb338056df65cb50e7d64d1cf314e87504837?s=96&d=mm&r=g","caption":"Arnaldo Botto"},"url":"https:\/\/www.noticiasradioreflejos.com.ar\/2021\/author\/arnaldo\/"}]}},"_links":{"self":[{"href":"https:\/\/www.noticiasradioreflejos.com.ar\/2021\/wp-json\/wp\/v2\/posts\/2064","targetHints":{"allow":["GET"]}}],"collection":[{"href":"https:\/\/www.noticiasradioreflejos.com.ar\/2021\/wp-json\/wp\/v2\/posts"}],"about":[{"href":"https:\/\/www.noticiasradioreflejos.com.ar\/2021\/wp-json\/wp\/v2\/types\/post"}],"author":[{"embeddable":true,"href":"https:\/\/www.noticiasradioreflejos.com.ar\/2021\/wp-json\/wp\/v2\/users\/3"}],"replies":[{"embeddable":true,"href":"https:\/\/www.noticiasradioreflejos.com.ar\/2021\/wp-json\/wp\/v2\/comments?post=2064"}],"version-history":[{"count":0,"href":"https:\/\/www.noticiasradioreflejos.com.ar\/2021\/wp-json\/wp\/v2\/posts\/2064\/revisions"}],"wp:attachment":[{"href":"https:\/\/www.noticiasradioreflejos.com.ar\/2021\/wp-json\/wp\/v2\/media?parent=2064"}],"wp:term":[{"taxonomy":"category","embeddable":true,"href":"https:\/\/www.noticiasradioreflejos.com.ar\/2021\/wp-json\/wp\/v2\/categories?post=2064"},{"taxonomy":"post_tag","embeddable":true,"href":"https:\/\/www.noticiasradioreflejos.com.ar\/2021\/wp-json\/wp\/v2\/tags?post=2064"}],"curies":[{"name":"wp","href":"https:\/\/api.w.org\/{rel}","templated":true}]}}