{"id":20631,"date":"2018-04-11T08:49:11","date_gmt":"2018-04-11T11:49:11","guid":{"rendered":"http:\/\/www.noticiasradioreflejos.com.ar\/noticias\/?p=20631"},"modified":"2018-04-11T08:49:11","modified_gmt":"2018-04-11T11:49:11","slug":"abundante-lluvia-en-la-comarca","status":"publish","type":"post","link":"https:\/\/www.noticiasradioreflejos.com.ar\/2021\/abundante-lluvia-en-la-comarca\/","title":{"rendered":"Abundante lluvia en la comarca"},"content":{"rendered":"<p>Durante la madrugada de este mi\u00e9rcoles una intensa tormenta el\u00e9ctrica  acompa\u00f1ada de r\u00e1fagas de vientos que alcanzaron los 37 km\/h, dejaron abundantes lluvias que pasaron los 50 mm hasta las 8,00 de la ma\u00f1ana.<br \/>\nEl SMN anticip\u00f3 para el martes de esta semana un alerta meteorol\u00f3gico que pas\u00f3 sin dejar mas que algunas escasas lloviznas. Ayer la temperatura alcanz\u00f3 los 31\u00b0 en Sierra de la Ventana con una ST de 33.8\u00b0 acompa\u00f1ado de muy baja presi\u00f3n.<br \/>\nLos registros de lluvia ponen al tope a Villa Ventana con 52.8 mm y Sierra de la Ventana con 51.2 mm.<br \/>\nEl pron\u00f3stico para hoy dice: Inestable con lluvias hasta el mediod\u00eda, mejorando parcialmente a la tarde. M\u00e1xima estimada 25\u00b0.<br \/>\n<strong>Datos de la Zona hasta las 8,00 hs:<\/strong><br \/>\n51.2 mm en Sierra de la Ventana<br \/>\n37.5 mm en Calquin<br \/>\n52.8 mm en Villa Ventana<br \/>\n25 mm en Saldungaray<br \/>\n28 mm en Tornquist<!--more--><br \/>\n12 mm en Tres Picos<br \/>\n31 mm en Estancia Funke<br \/>\n22.4 mm en el Pantanoso<br \/>\n15.2 mm en San Eloy<br \/>\n33.6 mm en Dufaur<br \/>\n12.2 mm en Cabildo<br \/>\n12.3 mm en Bajo Hondo<br \/>\n21 mm en Monte Hermoso<br \/>\n15.8 mm en Cnel Dorrego<br \/>\n14.8 mm en Cnel Pringles<br \/>\n5.5 mm en Pig\u00fce<br \/>\n5.4 mm en Punta Alta<br \/>\n15.9 mm en Bah\u00eda Blanca<br \/>\n<strong>Foto de portada de Franco Scialpi<\/strong><\/p>\n","protected":false},"excerpt":{"rendered":"<p>Durante la madrugada de este mi\u00e9rcoles una intensa tormenta el\u00e9ctrica acompa\u00f1ada de r\u00e1fagas de vientos que alcanzaron los 37 km\/h, dejaron abundantes lluvias que pasaron los 50 mm hasta las 8,00 de la ma\u00f1ana. El SMN anticip\u00f3 para el martes de esta semana un alerta meteorol\u00f3gico que pas\u00f3 sin dejar mas que algunas escasas lloviznas. [&hellip;]<\/p>\n","protected":false},"author":3,"featured_media":0,"comment_status":"closed","ping_status":"open","sticky":false,"template":"","format":"standard","meta":{"footnotes":""},"categories":[26],"tags":[],"class_list":["post-20631","post","type-post","status-publish","format-standard","hentry","category-sociedad"],"yoast_head":"<!-- This site is optimized with the Yoast SEO plugin v25.9 - https:\/\/yoast.com\/wordpress\/plugins\/seo\/ -->\n<title>Abundante lluvia en la comarca - Noticias Radio Reflejos<\/title>\n<meta name=\"robots\" content=\"index, follow, max-snippet:-1, max-image-preview:large, max-video-preview:-1\" \/>\n<link rel=\"canonical\" href=\"https:\/\/www.noticiasradioreflejos.com.ar\/2021\/abundante-lluvia-en-la-comarca\/\" \/>\n<meta property=\"og:locale\" content=\"es_ES\" \/>\n<meta property=\"og:type\" content=\"article\" \/>\n<meta property=\"og:title\" content=\"Abundante lluvia en la comarca - Noticias Radio Reflejos\" \/>\n<meta property=\"og:description\" content=\"Durante la madrugada de este mi\u00e9rcoles una intensa tormenta el\u00e9ctrica acompa\u00f1ada de r\u00e1fagas de vientos que alcanzaron los 37 km\/h, dejaron abundantes lluvias que pasaron los 50 mm hasta las 8,00 de la ma\u00f1ana. El SMN anticip\u00f3 para el martes de esta semana un alerta meteorol\u00f3gico que pas\u00f3 sin dejar mas que algunas escasas lloviznas. [&hellip;]\" \/>\n<meta property=\"og:url\" content=\"https:\/\/www.noticiasradioreflejos.com.ar\/2021\/abundante-lluvia-en-la-comarca\/\" \/>\n<meta property=\"og:site_name\" content=\"Noticias Radio Reflejos\" \/>\n<meta property=\"article:published_time\" content=\"2018-04-11T11:49:11+00:00\" \/>\n<meta property=\"og:image\" content=\"https:\/\/www.noticiasradioreflejos.com.ar\/2021\/wp-content\/uploads\/2021\/07\/logosol300x200.png\" \/>\n\t<meta property=\"og:image:width\" content=\"300\" \/>\n\t<meta property=\"og:image:height\" content=\"200\" \/>\n\t<meta property=\"og:image:type\" content=\"image\/png\" \/>\n<meta name=\"author\" content=\"Arnaldo Botto\" \/>\n<meta name=\"twitter:card\" content=\"summary_large_image\" \/>\n<script type=\"application\/ld+json\" class=\"yoast-schema-graph\">{\"@context\":\"https:\/\/schema.org\",\"@graph\":[{\"@type\":\"WebPage\",\"@id\":\"https:\/\/www.noticiasradioreflejos.com.ar\/2021\/abundante-lluvia-en-la-comarca\/\",\"url\":\"https:\/\/www.noticiasradioreflejos.com.ar\/2021\/abundante-lluvia-en-la-comarca\/\",\"name\":\"Abundante lluvia en la comarca - Noticias Radio Reflejos\",\"isPartOf\":{\"@id\":\"https:\/\/www.noticiasradioreflejos.com.ar\/2021\/#website\"},\"datePublished\":\"2018-04-11T11:49:11+00:00\",\"author\":{\"@id\":\"https:\/\/www.noticiasradioreflejos.com.ar\/2021\/#\/schema\/person\/ad82545263dcc5ec0996818884fd5fb1\"},\"breadcrumb\":{\"@id\":\"https:\/\/www.noticiasradioreflejos.com.ar\/2021\/abundante-lluvia-en-la-comarca\/#breadcrumb\"},\"inLanguage\":\"es\",\"potentialAction\":[{\"@type\":\"ReadAction\",\"target\":[\"https:\/\/www.noticiasradioreflejos.com.ar\/2021\/abundante-lluvia-en-la-comarca\/\"]}]},{\"@type\":\"BreadcrumbList\",\"@id\":\"https:\/\/www.noticiasradioreflejos.com.ar\/2021\/abundante-lluvia-en-la-comarca\/#breadcrumb\",\"itemListElement\":[{\"@type\":\"ListItem\",\"position\":1,\"name\":\"Portada\",\"item\":\"https:\/\/www.noticiasradioreflejos.com.ar\/2021\/\"},{\"@type\":\"ListItem\",\"position\":2,\"name\":\"Abundante lluvia en la comarca\"}]},{\"@type\":\"WebSite\",\"@id\":\"https:\/\/www.noticiasradioreflejos.com.ar\/2021\/#website\",\"url\":\"https:\/\/www.noticiasradioreflejos.com.ar\/2021\/\",\"name\":\"Noticias Radio Reflejos\",\"description\":\"Las noticias de mi comarca\",\"potentialAction\":[{\"@type\":\"SearchAction\",\"target\":{\"@type\":\"EntryPoint\",\"urlTemplate\":\"https:\/\/www.noticiasradioreflejos.com.ar\/2021\/?s={search_term_string}\"},\"query-input\":{\"@type\":\"PropertyValueSpecification\",\"valueRequired\":true,\"valueName\":\"search_term_string\"}}],\"inLanguage\":\"es\"},{\"@type\":\"Person\",\"@id\":\"https:\/\/www.noticiasradioreflejos.com.ar\/2021\/#\/schema\/person\/ad82545263dcc5ec0996818884fd5fb1\",\"name\":\"Arnaldo Botto\",\"image\":{\"@type\":\"ImageObject\",\"inLanguage\":\"es\",\"@id\":\"https:\/\/www.noticiasradioreflejos.com.ar\/2021\/#\/schema\/person\/image\/\",\"url\":\"https:\/\/secure.gravatar.com\/avatar\/55cb5e37c1efa326397366e6974cb338056df65cb50e7d64d1cf314e87504837?s=96&d=mm&r=g\",\"contentUrl\":\"https:\/\/secure.gravatar.com\/avatar\/55cb5e37c1efa326397366e6974cb338056df65cb50e7d64d1cf314e87504837?s=96&d=mm&r=g\",\"caption\":\"Arnaldo Botto\"},\"url\":\"https:\/\/www.noticiasradioreflejos.com.ar\/2021\/author\/arnaldo\/\"}]}<\/script>\n<!-- \/ Yoast SEO plugin. -->","yoast_head_json":{"title":"Abundante lluvia en la comarca - Noticias Radio Reflejos","robots":{"index":"index","follow":"follow","max-snippet":"max-snippet:-1","max-image-preview":"max-image-preview:large","max-video-preview":"max-video-preview:-1"},"canonical":"https:\/\/www.noticiasradioreflejos.com.ar\/2021\/abundante-lluvia-en-la-comarca\/","og_locale":"es_ES","og_type":"article","og_title":"Abundante lluvia en la comarca - Noticias Radio Reflejos","og_description":"Durante la madrugada de este mi\u00e9rcoles una intensa tormenta el\u00e9ctrica acompa\u00f1ada de r\u00e1fagas de vientos que alcanzaron los 37 km\/h, dejaron abundantes lluvias que pasaron los 50 mm hasta las 8,00 de la ma\u00f1ana. El SMN anticip\u00f3 para el martes de esta semana un alerta meteorol\u00f3gico que pas\u00f3 sin dejar mas que algunas escasas lloviznas. [&hellip;]","og_url":"https:\/\/www.noticiasradioreflejos.com.ar\/2021\/abundante-lluvia-en-la-comarca\/","og_site_name":"Noticias Radio Reflejos","article_published_time":"2018-04-11T11:49:11+00:00","og_image":[{"width":300,"height":200,"url":"https:\/\/www.noticiasradioreflejos.com.ar\/2021\/wp-content\/uploads\/2021\/07\/logosol300x200.png","type":"image\/png"}],"author":"Arnaldo Botto","twitter_card":"summary_large_image","schema":{"@context":"https:\/\/schema.org","@graph":[{"@type":"WebPage","@id":"https:\/\/www.noticiasradioreflejos.com.ar\/2021\/abundante-lluvia-en-la-comarca\/","url":"https:\/\/www.noticiasradioreflejos.com.ar\/2021\/abundante-lluvia-en-la-comarca\/","name":"Abundante lluvia en la comarca - Noticias Radio Reflejos","isPartOf":{"@id":"https:\/\/www.noticiasradioreflejos.com.ar\/2021\/#website"},"datePublished":"2018-04-11T11:49:11+00:00","author":{"@id":"https:\/\/www.noticiasradioreflejos.com.ar\/2021\/#\/schema\/person\/ad82545263dcc5ec0996818884fd5fb1"},"breadcrumb":{"@id":"https:\/\/www.noticiasradioreflejos.com.ar\/2021\/abundante-lluvia-en-la-comarca\/#breadcrumb"},"inLanguage":"es","potentialAction":[{"@type":"ReadAction","target":["https:\/\/www.noticiasradioreflejos.com.ar\/2021\/abundante-lluvia-en-la-comarca\/"]}]},{"@type":"BreadcrumbList","@id":"https:\/\/www.noticiasradioreflejos.com.ar\/2021\/abundante-lluvia-en-la-comarca\/#breadcrumb","itemListElement":[{"@type":"ListItem","position":1,"name":"Portada","item":"https:\/\/www.noticiasradioreflejos.com.ar\/2021\/"},{"@type":"ListItem","position":2,"name":"Abundante lluvia en la comarca"}]},{"@type":"WebSite","@id":"https:\/\/www.noticiasradioreflejos.com.ar\/2021\/#website","url":"https:\/\/www.noticiasradioreflejos.com.ar\/2021\/","name":"Noticias Radio Reflejos","description":"Las noticias de mi comarca","potentialAction":[{"@type":"SearchAction","target":{"@type":"EntryPoint","urlTemplate":"https:\/\/www.noticiasradioreflejos.com.ar\/2021\/?s={search_term_string}"},"query-input":{"@type":"PropertyValueSpecification","valueRequired":true,"valueName":"search_term_string"}}],"inLanguage":"es"},{"@type":"Person","@id":"https:\/\/www.noticiasradioreflejos.com.ar\/2021\/#\/schema\/person\/ad82545263dcc5ec0996818884fd5fb1","name":"Arnaldo Botto","image":{"@type":"ImageObject","inLanguage":"es","@id":"https:\/\/www.noticiasradioreflejos.com.ar\/2021\/#\/schema\/person\/image\/","url":"https:\/\/secure.gravatar.com\/avatar\/55cb5e37c1efa326397366e6974cb338056df65cb50e7d64d1cf314e87504837?s=96&d=mm&r=g","contentUrl":"https:\/\/secure.gravatar.com\/avatar\/55cb5e37c1efa326397366e6974cb338056df65cb50e7d64d1cf314e87504837?s=96&d=mm&r=g","caption":"Arnaldo Botto"},"url":"https:\/\/www.noticiasradioreflejos.com.ar\/2021\/author\/arnaldo\/"}]}},"_links":{"self":[{"href":"https:\/\/www.noticiasradioreflejos.com.ar\/2021\/wp-json\/wp\/v2\/posts\/20631","targetHints":{"allow":["GET"]}}],"collection":[{"href":"https:\/\/www.noticiasradioreflejos.com.ar\/2021\/wp-json\/wp\/v2\/posts"}],"about":[{"href":"https:\/\/www.noticiasradioreflejos.com.ar\/2021\/wp-json\/wp\/v2\/types\/post"}],"author":[{"embeddable":true,"href":"https:\/\/www.noticiasradioreflejos.com.ar\/2021\/wp-json\/wp\/v2\/users\/3"}],"replies":[{"embeddable":true,"href":"https:\/\/www.noticiasradioreflejos.com.ar\/2021\/wp-json\/wp\/v2\/comments?post=20631"}],"version-history":[{"count":0,"href":"https:\/\/www.noticiasradioreflejos.com.ar\/2021\/wp-json\/wp\/v2\/posts\/20631\/revisions"}],"wp:attachment":[{"href":"https:\/\/www.noticiasradioreflejos.com.ar\/2021\/wp-json\/wp\/v2\/media?parent=20631"}],"wp:term":[{"taxonomy":"category","embeddable":true,"href":"https:\/\/www.noticiasradioreflejos.com.ar\/2021\/wp-json\/wp\/v2\/categories?post=20631"},{"taxonomy":"post_tag","embeddable":true,"href":"https:\/\/www.noticiasradioreflejos.com.ar\/2021\/wp-json\/wp\/v2\/tags?post=20631"}],"curies":[{"name":"wp","href":"https:\/\/api.w.org\/{rel}","templated":true}]}}