{"id":20624,"date":"2018-04-10T23:12:34","date_gmt":"2018-04-11T02:12:34","guid":{"rendered":"http:\/\/www.noticiasradioreflejos.com.ar\/noticias\/?p=20624"},"modified":"2018-04-10T23:12:34","modified_gmt":"2018-04-11T02:12:34","slug":"todos-nosotros-tenemos-la-capacidad-innata-dentro-nuestro-de-poder-perfeccionarnos-en-el-campo-espiritual","status":"publish","type":"post","link":"https:\/\/www.noticiasradioreflejos.com.ar\/2021\/todos-nosotros-tenemos-la-capacidad-innata-dentro-nuestro-de-poder-perfeccionarnos-en-el-campo-espiritual\/","title":{"rendered":"&quot;Todos nosotros tenemos la capacidad innata dentro nuestro de poder perfeccionarnos en el campo espiritual&quot;"},"content":{"rendered":"<p>En el programa \u00abSerendipia\u00bb del d\u00eda de hoy, mantuvimos una conversaci\u00f3n telef\u00f3nica con Guillermo Barrientos, experto en la b\u00fasqueda de actividad paranormal, uno de los 4 integrantes de DOGMA Argentina, que nace de un grupo de investigadores y estudiosos de lo paranormal, que sintieron que la mala informaci\u00f3n, la falta de estudio, y conocimientos validos para las personas que se dedican tanto a investigar fen\u00f3menos paranormales como a ense\u00f1ar las bases de lo holistico o las ciencias alternativas.<!--more--><br \/>\nHicieron que muchos j\u00f3venes o personas interesadas por estos temas, se vean afectados, tanto en sus vidas, intereses, conocimientos, como en lo profesional, la necesidad de muchas personas de entender mas all\u00e1 de lo que nuestros limitados sentidos nos permiten percibir, y lleva a muchos de ellos a recolectar de internet informaci\u00f3n con material pobre y sin una base firme de lo que se esta estudiando.<br \/>\nSe inici\u00f3 la entrevista consult\u00e1ndole como naci\u00f3 su inter\u00e9s por lo paranormal, a lo que Guillermo nos cont\u00f3, \u00abEn cuanto a mi participaci\u00f3n exclusivamente cuando me involucro con los fen\u00f3menos y empiezo a participar del grupo de investigaci\u00f3n hasta la fecha, yo estoy mas orientado en el tema t\u00e9cnico, es decir, trabajamos con tecnolog\u00eda nosotros para justamente evaluar cada caso, y determinar si son fen\u00f3menos an\u00f3malos o sino si tienen alguna explicaci\u00f3n l\u00f3gica, no cobramos absolutamente nada, es mucho mas que un hobbie porque lo tratamos de hacer con mucho profesionalismo, en el paso de los a\u00f1os hemos conseguido herramientas un poquito mas especificas que nos ayuden al trabajo, todo un esfuerzo, si bien es un hobbie, es algo que nos demanda tiempo, y tambi\u00e9n econ\u00f3micamente es un esfuerzo, pero lo hacemos todo con el apoyo de nuestras familias, y con el esfuerzo nuestro, porque cada uno tiene un trabajo particular\u00bb.<br \/>\nSe refiri\u00f3 a su compa\u00f1ero Ariel Lopez, con quien se conecta en primera instancia y nos cuenta que \u00e9l esta mas ligado a la parte espiritual, \u00abAriel es toda una eminencia en el campo, yo lo conoc\u00ed cuando me involucro en los grupos de investigaci\u00f3n, yo empiezo mi camino formando un grupo de investigaci\u00f3n, y en un encuentro entre varios grupos que exist\u00edan en ese momento, hace casi 10 a\u00f1os, lo conozco a Ariel y tuvimos qu\u00edmica, hicimos algunos trabajos juntos, y despu\u00e9s se formo una amistad que dijimos en un futuro vamos a hacer algo juntos y el tiempo nos dio la raz\u00f3n, hicimos nuestro camino, y hoy en d\u00eda estamos forjados por un grupo de 4 personas en la cual participa Ariel Lopez y tenemos otros dos participantes, Jorge y Luis, este ultimo se dedica a todo lo que es la parte v\u00eddeos, y Jorge es periodista profesional, asique nos permite indagar en las historias de los lugares, un poquito en referencia tambi\u00e9n de los cuidados del material que nosotros publicamos,etc\u00bb.<br \/>\nSe le pregunt\u00f3 tambi\u00e9n como es su metodolog\u00eda de trabajo, a lo que Barrientos nos cont\u00f3, \u00abEl primer paso es el contacto que se realiza hacia nosotros, el consultante, una familia, y nos empiezan a describir una serie de fen\u00f3menos que est\u00e1n percibiendo en su \u00e1mbito, ya sea en el trabajo o en la casa, y el primer filtro que hacemos nosotros es en funci\u00f3n de todo el relato que nos dicen ya estimamos mas o menos que es lo que podr\u00eda estar sucediendo, despu\u00e9s de eso existe un contacto personal, para que nos conozca a nosotros, entablar un vinculo, ah\u00ed indagamos un poquito mas profundamente en la historia del lugar, en los antecedentes, quiz\u00e1s en el dialogo cara a cara empiezan a surgir otros comentarios, que la gente por temor por ah\u00ed se los guarda, cuando ven que les prestamos atenci\u00f3n y entendemos lo que est\u00e1n pasando, se sueltan mas y te cuentan un poquito mas de cosas, despu\u00e9s el paso a seguir es concretar una fecha de investigaci\u00f3n, esto es necesario hacerlo, obviamente presentes en el lugar, y es una tarea que nos demanda aproximadamente entre 6 u 8 horas, con todo el desplazamiento del equipo que usamos nosotros en el \u00e1rea, con fotograf\u00eda, con v\u00eddeo, con grabadora, con otros elementos, con medidores de temperatura, y de campos electromagn\u00e9ticos\u00bb.<br \/>\nNos inform\u00f3 tambi\u00e9n de la experiencia mas traumatica que vivi\u00f3 en esta b\u00fasqueda, \u00abAmi particularmente me quedan todav\u00eda algunas pesadillas, de cuando estuve en la c\u00e1rcel del fin del mundo en Ushuaia, la c\u00e1rcel es como un pulpo, tiene un n\u00facleo y de ah\u00ed se desprenden varios brazos, con los pabellones, de estos brazos hay dos que quedan intactos, de la \u00e9poca cuando fueron c\u00e1rcel, las paredes son con adobe, est\u00e1n clausurados al publico, y caminar esos 100 metros en cada uno de los brazos, en una oscuridad total, con -5 grados de temperatura, empezar a escuchar ruidos de metal, de las celdas que se golpeaba, donde no hab\u00eda celdas, osea no hay nada met\u00e1lico en estos brazos, y corrientes de fri\u00f3, yo sent\u00ed en particular cuando llegue al fondo, sent\u00ed que me tocaron una pierna, y bueno una sensaci\u00f3n tambi\u00e9n de mucha pesadez, de mucho pesar, dolor, y tambi\u00e9n registramos algunas voces\u00bb.<br \/>\n\u00abLos cementerios son lugares de descanso y de respeto, y tenemos como pol\u00edtica no trabajar en ellos\u00bb.<br \/>\n\u00abEl fen\u00f3meno se puede presentar en cualquier tipo de lugar, hablando espec\u00edficamente de los cementerios, se requieren permisos especiales, si bien el guardia de seguridad puede tener alguna vivencia en un lugar publico, hay que tomarlo con mucho respeto y es una pol\u00edtica que hace varios a\u00f1os venimos sosteniendo, de no involucrarnos con esos lugares\u00bb.<br \/>\n\u00abLos porcentajes apuntan a una teor\u00eda, que estamos elaborando, que tiene que ver con el audio, el 90% de la evidencia comprobable de contacto con el mas all\u00e1 se establece a trav\u00e9s del audio, el resto que sobra 5 y 5 son v\u00eddeos y fotos, a pesar de que tenemos c\u00e1maras especializadas, visi\u00f3n nocturna, infrarrojas, de amplio espectro, que pueden ver mas all\u00e1 de nuestros ojos, es muy dif\u00edcil capturar una foto o un v\u00eddeo, en cambio el audio aparentemente parece que es el lazo mas sencillo y mas cercano desde nosotros hacia el otro plano, yo creo que hay vida despu\u00e9s de la muerte, es muy dif\u00edcil de generalizar, yo no estoy en condiciones y creo que nadie, de ser absolutistas de decir (sucede esto cuando nos morimos), son casos particulares, lo que puedo llegar a decir es que obviamente estamos hablando de otro plano de existencia, y en este plano juega un papel muy importante el tiempo, a veces se capturan frases, im\u00e1genes, que son a temporales es decir que no pertenecen al tiempo que estamos viviendo en este momento, puede ser el registro que haya quedado y queda en el tiempo y vos registres esa situaci\u00f3n, pasa tanto ac\u00e1 como en el resto del mundo, habr\u00e1n escuchado de los famosos fantasmas ingleses, y dem\u00e1s, en casos particulares podes entablar contactos inteligente en el mismo tiempo y espacio, aveces alguien cuando deja este plano se queda por algo, se queda preocupado, se queda acompa\u00f1ando a su familia, se queda cuidando el lugar donde vivi\u00f3 tantos a\u00f1os, entonces quedan con temor, en un estado que no saben que hacer, a donde ir\u00bb.<br \/>\n\u00abTodos nosotros tenemos la capacidad osea innata dentro nuestro de poder perfeccionarnos en el campo espiritual, ser mas sensibles a trav\u00e9s de la meditaci\u00f3n, de la respiraci\u00f3n, poder ser testigos de otros planos, y empezar a ver algunas cositas, lo que pasa que no lo hacemos porque no nos interesa, o porque nos dejamos llevar por la rutina o por la vida cotidiana, por temor, hay gente que a trav\u00e9s del temor evita todo esto, que te digo esta perfecto tambi\u00e9n\u00bb.<br \/>\nHablando de la Ouija y la copa, Guillermo nos advirti\u00f3, \u00abLa ouija y la copa es algo que desde ya no recomiendo hacerlo, si se hace tiene que ser alguien capacitado, para dicho fin y cuando digo capacitado me refiero a no conocer como se utiliza, si no que tiene que estar capacitado para mover energ\u00edas, y quiz\u00e1 para estar en contacto con otros planos, directamente no debemos usar ni la ouija ni la copa, son canalizadores de energ\u00eda por los cuales se genera un p\u00f3rtico que se establece el contacto\u00bb.<br \/>\nFinalmente, se despidi\u00f3 invit\u00e1ndonos el d\u00eda 3 de Mayo, a las 20hs, al teatro \u00abLa Fabula\u00bb, en Once, Buenos Aires, dar\u00e1n una charla de Psicofon\u00edas que es el registro de voces del mas all\u00e1, mostraran su evidencia, y trataran de explicar el fen\u00f3meno como se estudia, como se captan, y mostraran algunas cosas muy impresionantes. Pueden encontrar esta informaci\u00f3n en su pagina web <a href=\"http:\/\/dogma-argentina.com.ar\/\">http:\/\/dogma-argentina.com.ar\/<\/a> .<br \/>\nNOTA COMPLETA:<br \/>\n<iframe loading=\"lazy\" src=\"https:\/\/w.soundcloud.com\/player\/?url=https%3A\/\/api.soundcloud.com\/tracks\/427678317&amp;color=%23ff5500&amp;auto_play=false&amp;hide_related=false&amp;show_comments=true&amp;show_user=true&amp;show_reposts=false&amp;show_teaser=true\" width=\"100%\" height=\"166\" frameborder=\"no\" scrolling=\"no\"><\/iframe><br \/>\n<a title=\"flyer paranormal\" href=\"http:\/\/farm1.staticflickr.com\/784\/26507811337_ecd5aa613b_z.jpg\" rel=\"\"><img loading=\"lazy\" decoding=\"async\" class=\"aligncenter\" title=\"flyer paranormal\" src=\"http:\/\/farm1.staticflickr.com\/784\/26507811337_ecd5aa613b_z.jpg\" alt=\"flyer paranormal\" width=\"640\" height=\"360\" \/><\/a><\/p>\n","protected":false},"excerpt":{"rendered":"<p>En el programa \u00abSerendipia\u00bb del d\u00eda de hoy, mantuvimos una conversaci\u00f3n telef\u00f3nica con Guillermo Barrientos, experto en la b\u00fasqueda de actividad paranormal, uno de los 4 integrantes de DOGMA Argentina, que nace de un grupo de investigadores y estudiosos de lo paranormal, que sintieron que la mala informaci\u00f3n, la falta de estudio, y conocimientos validos [&hellip;]<\/p>\n","protected":false},"author":3,"featured_media":0,"comment_status":"closed","ping_status":"open","sticky":false,"template":"","format":"standard","meta":{"footnotes":""},"categories":[31],"tags":[],"class_list":["post-20624","post","type-post","status-publish","format-standard","hentry","category-programas"],"yoast_head":"<!-- This site is optimized with the Yoast SEO plugin v25.9 - https:\/\/yoast.com\/wordpress\/plugins\/seo\/ -->\n<title>&quot;Todos nosotros tenemos la capacidad innata dentro nuestro de poder perfeccionarnos en el campo espiritual&quot; - Noticias Radio Reflejos<\/title>\n<meta name=\"robots\" content=\"index, follow, max-snippet:-1, max-image-preview:large, max-video-preview:-1\" \/>\n<link rel=\"canonical\" href=\"https:\/\/www.noticiasradioreflejos.com.ar\/2021\/todos-nosotros-tenemos-la-capacidad-innata-dentro-nuestro-de-poder-perfeccionarnos-en-el-campo-espiritual\/\" \/>\n<meta property=\"og:locale\" content=\"es_ES\" \/>\n<meta property=\"og:type\" content=\"article\" \/>\n<meta property=\"og:title\" content=\"&quot;Todos nosotros tenemos la capacidad innata dentro nuestro de poder perfeccionarnos en el campo espiritual&quot; - Noticias Radio Reflejos\" \/>\n<meta property=\"og:description\" content=\"En el programa \u00abSerendipia\u00bb del d\u00eda de hoy, mantuvimos una conversaci\u00f3n telef\u00f3nica con Guillermo Barrientos, experto en la b\u00fasqueda de actividad paranormal, uno de los 4 integrantes de DOGMA Argentina, que nace de un grupo de investigadores y estudiosos de lo paranormal, que sintieron que la mala informaci\u00f3n, la falta de estudio, y conocimientos validos [&hellip;]\" \/>\n<meta property=\"og:url\" content=\"https:\/\/www.noticiasradioreflejos.com.ar\/2021\/todos-nosotros-tenemos-la-capacidad-innata-dentro-nuestro-de-poder-perfeccionarnos-en-el-campo-espiritual\/\" \/>\n<meta property=\"og:site_name\" content=\"Noticias Radio Reflejos\" \/>\n<meta property=\"article:published_time\" content=\"2018-04-11T02:12:34+00:00\" \/>\n<meta property=\"og:image\" content=\"http:\/\/farm1.staticflickr.com\/784\/26507811337_ecd5aa613b_z.jpg\" \/>\n<meta name=\"author\" content=\"Arnaldo Botto\" \/>\n<meta name=\"twitter:card\" content=\"summary_large_image\" \/>\n<script type=\"application\/ld+json\" class=\"yoast-schema-graph\">{\"@context\":\"https:\/\/schema.org\",\"@graph\":[{\"@type\":\"WebPage\",\"@id\":\"https:\/\/www.noticiasradioreflejos.com.ar\/2021\/todos-nosotros-tenemos-la-capacidad-innata-dentro-nuestro-de-poder-perfeccionarnos-en-el-campo-espiritual\/\",\"url\":\"https:\/\/www.noticiasradioreflejos.com.ar\/2021\/todos-nosotros-tenemos-la-capacidad-innata-dentro-nuestro-de-poder-perfeccionarnos-en-el-campo-espiritual\/\",\"name\":\"&quot;Todos nosotros tenemos la capacidad innata dentro nuestro de poder perfeccionarnos en el campo espiritual&quot; - Noticias Radio Reflejos\",\"isPartOf\":{\"@id\":\"https:\/\/www.noticiasradioreflejos.com.ar\/2021\/#website\"},\"primaryImageOfPage\":{\"@id\":\"https:\/\/www.noticiasradioreflejos.com.ar\/2021\/todos-nosotros-tenemos-la-capacidad-innata-dentro-nuestro-de-poder-perfeccionarnos-en-el-campo-espiritual\/#primaryimage\"},\"image\":{\"@id\":\"https:\/\/www.noticiasradioreflejos.com.ar\/2021\/todos-nosotros-tenemos-la-capacidad-innata-dentro-nuestro-de-poder-perfeccionarnos-en-el-campo-espiritual\/#primaryimage\"},\"thumbnailUrl\":\"http:\/\/farm1.staticflickr.com\/784\/26507811337_ecd5aa613b_z.jpg\",\"datePublished\":\"2018-04-11T02:12:34+00:00\",\"author\":{\"@id\":\"https:\/\/www.noticiasradioreflejos.com.ar\/2021\/#\/schema\/person\/ad82545263dcc5ec0996818884fd5fb1\"},\"breadcrumb\":{\"@id\":\"https:\/\/www.noticiasradioreflejos.com.ar\/2021\/todos-nosotros-tenemos-la-capacidad-innata-dentro-nuestro-de-poder-perfeccionarnos-en-el-campo-espiritual\/#breadcrumb\"},\"inLanguage\":\"es\",\"potentialAction\":[{\"@type\":\"ReadAction\",\"target\":[\"https:\/\/www.noticiasradioreflejos.com.ar\/2021\/todos-nosotros-tenemos-la-capacidad-innata-dentro-nuestro-de-poder-perfeccionarnos-en-el-campo-espiritual\/\"]}]},{\"@type\":\"ImageObject\",\"inLanguage\":\"es\",\"@id\":\"https:\/\/www.noticiasradioreflejos.com.ar\/2021\/todos-nosotros-tenemos-la-capacidad-innata-dentro-nuestro-de-poder-perfeccionarnos-en-el-campo-espiritual\/#primaryimage\",\"url\":\"http:\/\/farm1.staticflickr.com\/784\/26507811337_ecd5aa613b_z.jpg\",\"contentUrl\":\"http:\/\/farm1.staticflickr.com\/784\/26507811337_ecd5aa613b_z.jpg\"},{\"@type\":\"BreadcrumbList\",\"@id\":\"https:\/\/www.noticiasradioreflejos.com.ar\/2021\/todos-nosotros-tenemos-la-capacidad-innata-dentro-nuestro-de-poder-perfeccionarnos-en-el-campo-espiritual\/#breadcrumb\",\"itemListElement\":[{\"@type\":\"ListItem\",\"position\":1,\"name\":\"Portada\",\"item\":\"https:\/\/www.noticiasradioreflejos.com.ar\/2021\/\"},{\"@type\":\"ListItem\",\"position\":2,\"name\":\"&quot;Todos nosotros tenemos la capacidad innata dentro nuestro de poder perfeccionarnos en el campo espiritual&quot;\"}]},{\"@type\":\"WebSite\",\"@id\":\"https:\/\/www.noticiasradioreflejos.com.ar\/2021\/#website\",\"url\":\"https:\/\/www.noticiasradioreflejos.com.ar\/2021\/\",\"name\":\"Noticias Radio Reflejos\",\"description\":\"Las noticias de mi comarca\",\"potentialAction\":[{\"@type\":\"SearchAction\",\"target\":{\"@type\":\"EntryPoint\",\"urlTemplate\":\"https:\/\/www.noticiasradioreflejos.com.ar\/2021\/?s={search_term_string}\"},\"query-input\":{\"@type\":\"PropertyValueSpecification\",\"valueRequired\":true,\"valueName\":\"search_term_string\"}}],\"inLanguage\":\"es\"},{\"@type\":\"Person\",\"@id\":\"https:\/\/www.noticiasradioreflejos.com.ar\/2021\/#\/schema\/person\/ad82545263dcc5ec0996818884fd5fb1\",\"name\":\"Arnaldo Botto\",\"image\":{\"@type\":\"ImageObject\",\"inLanguage\":\"es\",\"@id\":\"https:\/\/www.noticiasradioreflejos.com.ar\/2021\/#\/schema\/person\/image\/\",\"url\":\"https:\/\/secure.gravatar.com\/avatar\/55cb5e37c1efa326397366e6974cb338056df65cb50e7d64d1cf314e87504837?s=96&d=mm&r=g\",\"contentUrl\":\"https:\/\/secure.gravatar.com\/avatar\/55cb5e37c1efa326397366e6974cb338056df65cb50e7d64d1cf314e87504837?s=96&d=mm&r=g\",\"caption\":\"Arnaldo Botto\"},\"url\":\"https:\/\/www.noticiasradioreflejos.com.ar\/2021\/author\/arnaldo\/\"}]}<\/script>\n<!-- \/ Yoast SEO plugin. -->","yoast_head_json":{"title":"&quot;Todos nosotros tenemos la capacidad innata dentro nuestro de poder perfeccionarnos en el campo espiritual&quot; - Noticias Radio Reflejos","robots":{"index":"index","follow":"follow","max-snippet":"max-snippet:-1","max-image-preview":"max-image-preview:large","max-video-preview":"max-video-preview:-1"},"canonical":"https:\/\/www.noticiasradioreflejos.com.ar\/2021\/todos-nosotros-tenemos-la-capacidad-innata-dentro-nuestro-de-poder-perfeccionarnos-en-el-campo-espiritual\/","og_locale":"es_ES","og_type":"article","og_title":"&quot;Todos nosotros tenemos la capacidad innata dentro nuestro de poder perfeccionarnos en el campo espiritual&quot; - Noticias Radio Reflejos","og_description":"En el programa \u00abSerendipia\u00bb del d\u00eda de hoy, mantuvimos una conversaci\u00f3n telef\u00f3nica con Guillermo Barrientos, experto en la b\u00fasqueda de actividad paranormal, uno de los 4 integrantes de DOGMA Argentina, que nace de un grupo de investigadores y estudiosos de lo paranormal, que sintieron que la mala informaci\u00f3n, la falta de estudio, y conocimientos validos [&hellip;]","og_url":"https:\/\/www.noticiasradioreflejos.com.ar\/2021\/todos-nosotros-tenemos-la-capacidad-innata-dentro-nuestro-de-poder-perfeccionarnos-en-el-campo-espiritual\/","og_site_name":"Noticias Radio Reflejos","article_published_time":"2018-04-11T02:12:34+00:00","og_image":[{"url":"http:\/\/farm1.staticflickr.com\/784\/26507811337_ecd5aa613b_z.jpg","type":"","width":"","height":""}],"author":"Arnaldo Botto","twitter_card":"summary_large_image","schema":{"@context":"https:\/\/schema.org","@graph":[{"@type":"WebPage","@id":"https:\/\/www.noticiasradioreflejos.com.ar\/2021\/todos-nosotros-tenemos-la-capacidad-innata-dentro-nuestro-de-poder-perfeccionarnos-en-el-campo-espiritual\/","url":"https:\/\/www.noticiasradioreflejos.com.ar\/2021\/todos-nosotros-tenemos-la-capacidad-innata-dentro-nuestro-de-poder-perfeccionarnos-en-el-campo-espiritual\/","name":"&quot;Todos nosotros tenemos la capacidad innata dentro nuestro de poder perfeccionarnos en el campo espiritual&quot; - Noticias Radio Reflejos","isPartOf":{"@id":"https:\/\/www.noticiasradioreflejos.com.ar\/2021\/#website"},"primaryImageOfPage":{"@id":"https:\/\/www.noticiasradioreflejos.com.ar\/2021\/todos-nosotros-tenemos-la-capacidad-innata-dentro-nuestro-de-poder-perfeccionarnos-en-el-campo-espiritual\/#primaryimage"},"image":{"@id":"https:\/\/www.noticiasradioreflejos.com.ar\/2021\/todos-nosotros-tenemos-la-capacidad-innata-dentro-nuestro-de-poder-perfeccionarnos-en-el-campo-espiritual\/#primaryimage"},"thumbnailUrl":"http:\/\/farm1.staticflickr.com\/784\/26507811337_ecd5aa613b_z.jpg","datePublished":"2018-04-11T02:12:34+00:00","author":{"@id":"https:\/\/www.noticiasradioreflejos.com.ar\/2021\/#\/schema\/person\/ad82545263dcc5ec0996818884fd5fb1"},"breadcrumb":{"@id":"https:\/\/www.noticiasradioreflejos.com.ar\/2021\/todos-nosotros-tenemos-la-capacidad-innata-dentro-nuestro-de-poder-perfeccionarnos-en-el-campo-espiritual\/#breadcrumb"},"inLanguage":"es","potentialAction":[{"@type":"ReadAction","target":["https:\/\/www.noticiasradioreflejos.com.ar\/2021\/todos-nosotros-tenemos-la-capacidad-innata-dentro-nuestro-de-poder-perfeccionarnos-en-el-campo-espiritual\/"]}]},{"@type":"ImageObject","inLanguage":"es","@id":"https:\/\/www.noticiasradioreflejos.com.ar\/2021\/todos-nosotros-tenemos-la-capacidad-innata-dentro-nuestro-de-poder-perfeccionarnos-en-el-campo-espiritual\/#primaryimage","url":"http:\/\/farm1.staticflickr.com\/784\/26507811337_ecd5aa613b_z.jpg","contentUrl":"http:\/\/farm1.staticflickr.com\/784\/26507811337_ecd5aa613b_z.jpg"},{"@type":"BreadcrumbList","@id":"https:\/\/www.noticiasradioreflejos.com.ar\/2021\/todos-nosotros-tenemos-la-capacidad-innata-dentro-nuestro-de-poder-perfeccionarnos-en-el-campo-espiritual\/#breadcrumb","itemListElement":[{"@type":"ListItem","position":1,"name":"Portada","item":"https:\/\/www.noticiasradioreflejos.com.ar\/2021\/"},{"@type":"ListItem","position":2,"name":"&quot;Todos nosotros tenemos la capacidad innata dentro nuestro de poder perfeccionarnos en el campo espiritual&quot;"}]},{"@type":"WebSite","@id":"https:\/\/www.noticiasradioreflejos.com.ar\/2021\/#website","url":"https:\/\/www.noticiasradioreflejos.com.ar\/2021\/","name":"Noticias Radio Reflejos","description":"Las noticias de mi comarca","potentialAction":[{"@type":"SearchAction","target":{"@type":"EntryPoint","urlTemplate":"https:\/\/www.noticiasradioreflejos.com.ar\/2021\/?s={search_term_string}"},"query-input":{"@type":"PropertyValueSpecification","valueRequired":true,"valueName":"search_term_string"}}],"inLanguage":"es"},{"@type":"Person","@id":"https:\/\/www.noticiasradioreflejos.com.ar\/2021\/#\/schema\/person\/ad82545263dcc5ec0996818884fd5fb1","name":"Arnaldo Botto","image":{"@type":"ImageObject","inLanguage":"es","@id":"https:\/\/www.noticiasradioreflejos.com.ar\/2021\/#\/schema\/person\/image\/","url":"https:\/\/secure.gravatar.com\/avatar\/55cb5e37c1efa326397366e6974cb338056df65cb50e7d64d1cf314e87504837?s=96&d=mm&r=g","contentUrl":"https:\/\/secure.gravatar.com\/avatar\/55cb5e37c1efa326397366e6974cb338056df65cb50e7d64d1cf314e87504837?s=96&d=mm&r=g","caption":"Arnaldo Botto"},"url":"https:\/\/www.noticiasradioreflejos.com.ar\/2021\/author\/arnaldo\/"}]}},"_links":{"self":[{"href":"https:\/\/www.noticiasradioreflejos.com.ar\/2021\/wp-json\/wp\/v2\/posts\/20624","targetHints":{"allow":["GET"]}}],"collection":[{"href":"https:\/\/www.noticiasradioreflejos.com.ar\/2021\/wp-json\/wp\/v2\/posts"}],"about":[{"href":"https:\/\/www.noticiasradioreflejos.com.ar\/2021\/wp-json\/wp\/v2\/types\/post"}],"author":[{"embeddable":true,"href":"https:\/\/www.noticiasradioreflejos.com.ar\/2021\/wp-json\/wp\/v2\/users\/3"}],"replies":[{"embeddable":true,"href":"https:\/\/www.noticiasradioreflejos.com.ar\/2021\/wp-json\/wp\/v2\/comments?post=20624"}],"version-history":[{"count":0,"href":"https:\/\/www.noticiasradioreflejos.com.ar\/2021\/wp-json\/wp\/v2\/posts\/20624\/revisions"}],"wp:attachment":[{"href":"https:\/\/www.noticiasradioreflejos.com.ar\/2021\/wp-json\/wp\/v2\/media?parent=20624"}],"wp:term":[{"taxonomy":"category","embeddable":true,"href":"https:\/\/www.noticiasradioreflejos.com.ar\/2021\/wp-json\/wp\/v2\/categories?post=20624"},{"taxonomy":"post_tag","embeddable":true,"href":"https:\/\/www.noticiasradioreflejos.com.ar\/2021\/wp-json\/wp\/v2\/tags?post=20624"}],"curies":[{"name":"wp","href":"https:\/\/api.w.org\/{rel}","templated":true}]}}