{"id":20615,"date":"2018-04-10T16:37:01","date_gmt":"2018-04-10T19:37:01","guid":{"rendered":"http:\/\/www.noticiasradioreflejos.com.ar\/noticias\/?p=20615"},"modified":"2018-04-10T16:37:01","modified_gmt":"2018-04-10T19:37:01","slug":"convenio-ioma-femeba-corre-riesgo-la-atencion-a-beneficiarios","status":"publish","type":"post","link":"https:\/\/www.noticiasradioreflejos.com.ar\/2021\/convenio-ioma-femeba-corre-riesgo-la-atencion-a-beneficiarios\/","title":{"rendered":"Convenio IOMA FEMEBA: corre riesgo la atenci\u00f3n a beneficiarios"},"content":{"rendered":"<p class=\"x_MsoNormal\"><span style=\"font-family: Arial;\">La\u00a0<a href=\"http:\/\/www.femeba.org.ar\/\" target=\"_blank\" rel=\"noreferrer noopener\">Federaci\u00f3n M\u00e9dica de la provincia de Buenos Aires<\/a>\u00a0eval\u00faa la posibilidad de establecer medidas de acci\u00f3n gremial ante la falta de pago por parte del IOMA de una serie de prestaciones, no descart\u00e1ndose el corte de servicios a los beneficiarios del Instituto.<u><\/u><u><\/u><\/span><\/p>\n<p><!--more--><\/p>\n<p class=\"x_MsoNormal\"><span style=\"font-family: Arial;\">En algunos casos la falta de pago llega hasta el mes de septiembre del a\u00f1o pasado, como ocurre por ejemplo con el pago de la aparatolog\u00eda propia.<u><\/u><u><\/u><\/span><\/p>\n<p class=\"x_MsoNormal\"><span style=\"font-family: Arial;\">Este prolongado atraso y el incumplimiento del IOMA de una serie de medidas prometidas, pone en riesgo la continuidad del convenio e interfiere en la normal atenci\u00f3n de los beneficiarios, dificultando su acceso a aquellos prestadores con mayor deuda acumulada, como ocurre con las cirug\u00edas laparoscopicas y las prestaciones de alta complejidad, tales como la tomograf\u00eda axial computada o la resonancia nuclear magn\u00e9tica.<u><\/u><u><\/u><\/span><\/p>\n<p class=\"x_MsoNormal\"><span style=\"font-family: Arial;\">Los dirigentes de los C\u00edrculos y Asociaciones M\u00e9dicas de m\u00e1s de 120 partidos bonaerenses ven con suma preocupaci\u00f3n la marcha del convenio y sienten que IOMA no les deja otra opci\u00f3n que adecuar los servicios hasta tanto el Instituto garantice el pago en tiempo y forma de los mismos.<u><\/u><u><\/u><\/span><\/p>\n<p class=\"x_MsoNormal\"><span style=\"font-family: Arial;\">Por otra parte, los valores no han tenido ninguna recomposici\u00f3n desde hace casi un a\u00f1o y se registra un retraso en casi el 25% respecto a los recursos necesarios para afrontar el pago de las prestaciones.<\/span><\/p>\n<p class=\"x_MsoNormal\"><span style=\"font-family: Arial;\">DR. GUILLERMO R. COBI\u00c1N<u><\/u><u><\/u><\/span><\/p>\n<p class=\"x_MsoNormal\"><span style=\"font-family: Arial;\">PRESIDENTE<\/span><\/p>\n","protected":false},"excerpt":{"rendered":"<p>La\u00a0Federaci\u00f3n M\u00e9dica de la provincia de Buenos Aires\u00a0eval\u00faa la posibilidad de establecer medidas de acci\u00f3n gremial ante la falta de pago por parte del IOMA de una serie de prestaciones, no descart\u00e1ndose el corte de servicios a los beneficiarios del Instituto.<\/p>\n","protected":false},"author":3,"featured_media":0,"comment_status":"closed","ping_status":"open","sticky":false,"template":"","format":"standard","meta":{"footnotes":""},"categories":[30],"tags":[],"class_list":["post-20615","post","type-post","status-publish","format-standard","hentry","category-salud"],"yoast_head":"<!-- This site is optimized with the Yoast SEO plugin v25.9 - https:\/\/yoast.com\/wordpress\/plugins\/seo\/ -->\n<title>Convenio IOMA FEMEBA: corre riesgo la atenci\u00f3n a beneficiarios - Noticias Radio Reflejos<\/title>\n<meta name=\"robots\" content=\"index, follow, max-snippet:-1, max-image-preview:large, max-video-preview:-1\" \/>\n<link rel=\"canonical\" href=\"https:\/\/www.noticiasradioreflejos.com.ar\/2021\/convenio-ioma-femeba-corre-riesgo-la-atencion-a-beneficiarios\/\" \/>\n<meta property=\"og:locale\" content=\"es_ES\" \/>\n<meta property=\"og:type\" content=\"article\" \/>\n<meta property=\"og:title\" content=\"Convenio IOMA FEMEBA: corre riesgo la atenci\u00f3n a beneficiarios - Noticias Radio Reflejos\" \/>\n<meta property=\"og:description\" content=\"La\u00a0Federaci\u00f3n M\u00e9dica de la provincia de Buenos Aires\u00a0eval\u00faa la posibilidad de establecer medidas de acci\u00f3n gremial ante la falta de pago por parte del IOMA de una serie de prestaciones, no descart\u00e1ndose el corte de servicios a los beneficiarios del Instituto.\" \/>\n<meta property=\"og:url\" content=\"https:\/\/www.noticiasradioreflejos.com.ar\/2021\/convenio-ioma-femeba-corre-riesgo-la-atencion-a-beneficiarios\/\" \/>\n<meta property=\"og:site_name\" content=\"Noticias Radio Reflejos\" \/>\n<meta property=\"article:published_time\" content=\"2018-04-10T19:37:01+00:00\" \/>\n<meta property=\"og:image\" content=\"https:\/\/www.noticiasradioreflejos.com.ar\/2021\/wp-content\/uploads\/2021\/07\/logosol300x200.png\" \/>\n\t<meta property=\"og:image:width\" content=\"300\" \/>\n\t<meta property=\"og:image:height\" content=\"200\" \/>\n\t<meta property=\"og:image:type\" content=\"image\/png\" \/>\n<meta name=\"author\" content=\"Arnaldo Botto\" \/>\n<meta name=\"twitter:card\" content=\"summary_large_image\" \/>\n<script type=\"application\/ld+json\" class=\"yoast-schema-graph\">{\"@context\":\"https:\/\/schema.org\",\"@graph\":[{\"@type\":\"WebPage\",\"@id\":\"https:\/\/www.noticiasradioreflejos.com.ar\/2021\/convenio-ioma-femeba-corre-riesgo-la-atencion-a-beneficiarios\/\",\"url\":\"https:\/\/www.noticiasradioreflejos.com.ar\/2021\/convenio-ioma-femeba-corre-riesgo-la-atencion-a-beneficiarios\/\",\"name\":\"Convenio IOMA FEMEBA: corre riesgo la atenci\u00f3n a beneficiarios - Noticias Radio Reflejos\",\"isPartOf\":{\"@id\":\"https:\/\/www.noticiasradioreflejos.com.ar\/2021\/#website\"},\"datePublished\":\"2018-04-10T19:37:01+00:00\",\"author\":{\"@id\":\"https:\/\/www.noticiasradioreflejos.com.ar\/2021\/#\/schema\/person\/ad82545263dcc5ec0996818884fd5fb1\"},\"breadcrumb\":{\"@id\":\"https:\/\/www.noticiasradioreflejos.com.ar\/2021\/convenio-ioma-femeba-corre-riesgo-la-atencion-a-beneficiarios\/#breadcrumb\"},\"inLanguage\":\"es\",\"potentialAction\":[{\"@type\":\"ReadAction\",\"target\":[\"https:\/\/www.noticiasradioreflejos.com.ar\/2021\/convenio-ioma-femeba-corre-riesgo-la-atencion-a-beneficiarios\/\"]}]},{\"@type\":\"BreadcrumbList\",\"@id\":\"https:\/\/www.noticiasradioreflejos.com.ar\/2021\/convenio-ioma-femeba-corre-riesgo-la-atencion-a-beneficiarios\/#breadcrumb\",\"itemListElement\":[{\"@type\":\"ListItem\",\"position\":1,\"name\":\"Portada\",\"item\":\"https:\/\/www.noticiasradioreflejos.com.ar\/2021\/\"},{\"@type\":\"ListItem\",\"position\":2,\"name\":\"Convenio IOMA FEMEBA: corre riesgo la atenci\u00f3n a beneficiarios\"}]},{\"@type\":\"WebSite\",\"@id\":\"https:\/\/www.noticiasradioreflejos.com.ar\/2021\/#website\",\"url\":\"https:\/\/www.noticiasradioreflejos.com.ar\/2021\/\",\"name\":\"Noticias Radio Reflejos\",\"description\":\"Las noticias de mi comarca\",\"potentialAction\":[{\"@type\":\"SearchAction\",\"target\":{\"@type\":\"EntryPoint\",\"urlTemplate\":\"https:\/\/www.noticiasradioreflejos.com.ar\/2021\/?s={search_term_string}\"},\"query-input\":{\"@type\":\"PropertyValueSpecification\",\"valueRequired\":true,\"valueName\":\"search_term_string\"}}],\"inLanguage\":\"es\"},{\"@type\":\"Person\",\"@id\":\"https:\/\/www.noticiasradioreflejos.com.ar\/2021\/#\/schema\/person\/ad82545263dcc5ec0996818884fd5fb1\",\"name\":\"Arnaldo Botto\",\"image\":{\"@type\":\"ImageObject\",\"inLanguage\":\"es\",\"@id\":\"https:\/\/www.noticiasradioreflejos.com.ar\/2021\/#\/schema\/person\/image\/\",\"url\":\"https:\/\/secure.gravatar.com\/avatar\/55cb5e37c1efa326397366e6974cb338056df65cb50e7d64d1cf314e87504837?s=96&d=mm&r=g\",\"contentUrl\":\"https:\/\/secure.gravatar.com\/avatar\/55cb5e37c1efa326397366e6974cb338056df65cb50e7d64d1cf314e87504837?s=96&d=mm&r=g\",\"caption\":\"Arnaldo Botto\"},\"url\":\"https:\/\/www.noticiasradioreflejos.com.ar\/2021\/author\/arnaldo\/\"}]}<\/script>\n<!-- \/ Yoast SEO plugin. -->","yoast_head_json":{"title":"Convenio IOMA FEMEBA: corre riesgo la atenci\u00f3n a beneficiarios - Noticias Radio Reflejos","robots":{"index":"index","follow":"follow","max-snippet":"max-snippet:-1","max-image-preview":"max-image-preview:large","max-video-preview":"max-video-preview:-1"},"canonical":"https:\/\/www.noticiasradioreflejos.com.ar\/2021\/convenio-ioma-femeba-corre-riesgo-la-atencion-a-beneficiarios\/","og_locale":"es_ES","og_type":"article","og_title":"Convenio IOMA FEMEBA: corre riesgo la atenci\u00f3n a beneficiarios - Noticias Radio Reflejos","og_description":"La\u00a0Federaci\u00f3n M\u00e9dica de la provincia de Buenos Aires\u00a0eval\u00faa la posibilidad de establecer medidas de acci\u00f3n gremial ante la falta de pago por parte del IOMA de una serie de prestaciones, no descart\u00e1ndose el corte de servicios a los beneficiarios del Instituto.","og_url":"https:\/\/www.noticiasradioreflejos.com.ar\/2021\/convenio-ioma-femeba-corre-riesgo-la-atencion-a-beneficiarios\/","og_site_name":"Noticias Radio Reflejos","article_published_time":"2018-04-10T19:37:01+00:00","og_image":[{"width":300,"height":200,"url":"https:\/\/www.noticiasradioreflejos.com.ar\/2021\/wp-content\/uploads\/2021\/07\/logosol300x200.png","type":"image\/png"}],"author":"Arnaldo Botto","twitter_card":"summary_large_image","schema":{"@context":"https:\/\/schema.org","@graph":[{"@type":"WebPage","@id":"https:\/\/www.noticiasradioreflejos.com.ar\/2021\/convenio-ioma-femeba-corre-riesgo-la-atencion-a-beneficiarios\/","url":"https:\/\/www.noticiasradioreflejos.com.ar\/2021\/convenio-ioma-femeba-corre-riesgo-la-atencion-a-beneficiarios\/","name":"Convenio IOMA FEMEBA: corre riesgo la atenci\u00f3n a beneficiarios - Noticias Radio Reflejos","isPartOf":{"@id":"https:\/\/www.noticiasradioreflejos.com.ar\/2021\/#website"},"datePublished":"2018-04-10T19:37:01+00:00","author":{"@id":"https:\/\/www.noticiasradioreflejos.com.ar\/2021\/#\/schema\/person\/ad82545263dcc5ec0996818884fd5fb1"},"breadcrumb":{"@id":"https:\/\/www.noticiasradioreflejos.com.ar\/2021\/convenio-ioma-femeba-corre-riesgo-la-atencion-a-beneficiarios\/#breadcrumb"},"inLanguage":"es","potentialAction":[{"@type":"ReadAction","target":["https:\/\/www.noticiasradioreflejos.com.ar\/2021\/convenio-ioma-femeba-corre-riesgo-la-atencion-a-beneficiarios\/"]}]},{"@type":"BreadcrumbList","@id":"https:\/\/www.noticiasradioreflejos.com.ar\/2021\/convenio-ioma-femeba-corre-riesgo-la-atencion-a-beneficiarios\/#breadcrumb","itemListElement":[{"@type":"ListItem","position":1,"name":"Portada","item":"https:\/\/www.noticiasradioreflejos.com.ar\/2021\/"},{"@type":"ListItem","position":2,"name":"Convenio IOMA FEMEBA: corre riesgo la atenci\u00f3n a beneficiarios"}]},{"@type":"WebSite","@id":"https:\/\/www.noticiasradioreflejos.com.ar\/2021\/#website","url":"https:\/\/www.noticiasradioreflejos.com.ar\/2021\/","name":"Noticias Radio Reflejos","description":"Las noticias de mi comarca","potentialAction":[{"@type":"SearchAction","target":{"@type":"EntryPoint","urlTemplate":"https:\/\/www.noticiasradioreflejos.com.ar\/2021\/?s={search_term_string}"},"query-input":{"@type":"PropertyValueSpecification","valueRequired":true,"valueName":"search_term_string"}}],"inLanguage":"es"},{"@type":"Person","@id":"https:\/\/www.noticiasradioreflejos.com.ar\/2021\/#\/schema\/person\/ad82545263dcc5ec0996818884fd5fb1","name":"Arnaldo Botto","image":{"@type":"ImageObject","inLanguage":"es","@id":"https:\/\/www.noticiasradioreflejos.com.ar\/2021\/#\/schema\/person\/image\/","url":"https:\/\/secure.gravatar.com\/avatar\/55cb5e37c1efa326397366e6974cb338056df65cb50e7d64d1cf314e87504837?s=96&d=mm&r=g","contentUrl":"https:\/\/secure.gravatar.com\/avatar\/55cb5e37c1efa326397366e6974cb338056df65cb50e7d64d1cf314e87504837?s=96&d=mm&r=g","caption":"Arnaldo Botto"},"url":"https:\/\/www.noticiasradioreflejos.com.ar\/2021\/author\/arnaldo\/"}]}},"_links":{"self":[{"href":"https:\/\/www.noticiasradioreflejos.com.ar\/2021\/wp-json\/wp\/v2\/posts\/20615","targetHints":{"allow":["GET"]}}],"collection":[{"href":"https:\/\/www.noticiasradioreflejos.com.ar\/2021\/wp-json\/wp\/v2\/posts"}],"about":[{"href":"https:\/\/www.noticiasradioreflejos.com.ar\/2021\/wp-json\/wp\/v2\/types\/post"}],"author":[{"embeddable":true,"href":"https:\/\/www.noticiasradioreflejos.com.ar\/2021\/wp-json\/wp\/v2\/users\/3"}],"replies":[{"embeddable":true,"href":"https:\/\/www.noticiasradioreflejos.com.ar\/2021\/wp-json\/wp\/v2\/comments?post=20615"}],"version-history":[{"count":0,"href":"https:\/\/www.noticiasradioreflejos.com.ar\/2021\/wp-json\/wp\/v2\/posts\/20615\/revisions"}],"wp:attachment":[{"href":"https:\/\/www.noticiasradioreflejos.com.ar\/2021\/wp-json\/wp\/v2\/media?parent=20615"}],"wp:term":[{"taxonomy":"category","embeddable":true,"href":"https:\/\/www.noticiasradioreflejos.com.ar\/2021\/wp-json\/wp\/v2\/categories?post=20615"},{"taxonomy":"post_tag","embeddable":true,"href":"https:\/\/www.noticiasradioreflejos.com.ar\/2021\/wp-json\/wp\/v2\/tags?post=20615"}],"curies":[{"name":"wp","href":"https:\/\/api.w.org\/{rel}","templated":true}]}}