{"id":20584,"date":"2018-04-10T07:44:35","date_gmt":"2018-04-10T10:44:35","guid":{"rendered":"http:\/\/www.noticiasradioreflejos.com.ar\/noticias\/?p=20584"},"modified":"2018-04-10T07:44:35","modified_gmt":"2018-04-10T10:44:35","slug":"piden-que-se-declare-en-el-distrito-la-emergencia-tarifaria","status":"publish","type":"post","link":"https:\/\/www.noticiasradioreflejos.com.ar\/2021\/piden-que-se-declare-en-el-distrito-la-emergencia-tarifaria\/","title":{"rendered":"Piden que se declare en el distrito la emergencia tarifaria"},"content":{"rendered":"<p>El Frente Popular 25 de Febrero, dado que no posee representacion politica en el Concejo Deliberante, ha presentado a traves de los Bloques Frente para la Victoria y Cumplir, el dia lunes 9\/4 un proyecto de resolucion, para que SE DECLARE EN EL DISTRITO DE TORNQUIST LA EMERGENCIA TARIFARIA. <!--more--><br \/>\nAsi mismo adhiere a la convocatoria de la Red de Multisectoriales Nacional, para un RUIDAZO CONTRA EL TARIFAZO para el 18 de Abril de 2018 a las 20 hs.<br \/>\nLos servicios p\u00fablicos domiciliarios de agua, luz y gas son indispensables para garantizar el derecho a la salud y la vida digna y est\u00e1n expresamente comprendidos dentro del derecho a una vivienda adecuada expresado en el Sistema de Protecci\u00f3n de Derechos Humanos de la ONU.<br \/>\nEn nuestro pa\u00eds los aumentos en las tarifas exceden el 500 por ciento incluyendo el \u00faltimo ajuste de febrero y, como estos aumentos son muy superiores a la suba de los ingresos de la poblaci\u00f3n, conducen inexorablemente a la pobreza energ\u00e9tica, dimensi\u00f3n espec\u00edfica de la pobreza en la cual los hogares presentan severas dificultades para hacer frente a esos gastos.<br \/>\nInvitamos a todas las instituciones del Distrito a adherir al mismo enviando una nota, y participando EL 18 DE ABRIL A LAS 20 HS EN LA PLAZA DEL RELOJ DE SIERRA DE LA VENTANA.<br \/>\nYa ha adherido al mismo CAMCOTISAS: \u201cDesde la Camara de Comercio,Turismo e Industria de S. de la Ventana, V. Arcadia y Saldungaray adherimos al RUIDAZO CONTRA EL TARIFAZO el 18\/4 a las 20 hs. ya que consideramos que los servicios de agua, luz y gas son indispensables para garantizar el derecho a la salud y la vida digna. Y porque el comercio no puede seguir pagando 500 por ciento o mas de incremento en los servicios cuando sus ventas est\u00e1n muy lejos de esos aumentos, y aunque abren nuevos comercios,muchos cierran por no poder costear los elevados gastos fijos( alquiler, luz, agua,gas ,impuestos, cargas sociales etc.)Por todo esto convocamos a toda la ciudadan\u00eda a sumarse al ruidazo contra el tarifazo en S. de la Ventana el 18\/4 a las 20hs\u201d<\/p>\n","protected":false},"excerpt":{"rendered":"<p>El Frente Popular 25 de Febrero, dado que no posee representacion politica en el Concejo Deliberante, ha presentado a traves de los Bloques Frente para la Victoria y Cumplir, el dia lunes 9\/4 un proyecto de resolucion, para que SE DECLARE EN EL DISTRITO DE TORNQUIST LA EMERGENCIA TARIFARIA.<\/p>\n","protected":false},"author":3,"featured_media":0,"comment_status":"closed","ping_status":"open","sticky":false,"template":"","format":"standard","meta":{"footnotes":""},"categories":[24],"tags":[],"class_list":["post-20584","post","type-post","status-publish","format-standard","hentry","category-politica"],"yoast_head":"<!-- This site is optimized with the Yoast SEO plugin v25.9 - https:\/\/yoast.com\/wordpress\/plugins\/seo\/ -->\n<title>Piden que se declare en el distrito la emergencia tarifaria - Noticias Radio Reflejos<\/title>\n<meta name=\"robots\" content=\"index, follow, max-snippet:-1, max-image-preview:large, max-video-preview:-1\" \/>\n<link rel=\"canonical\" href=\"https:\/\/www.noticiasradioreflejos.com.ar\/2021\/piden-que-se-declare-en-el-distrito-la-emergencia-tarifaria\/\" \/>\n<meta property=\"og:locale\" content=\"es_ES\" \/>\n<meta property=\"og:type\" content=\"article\" \/>\n<meta property=\"og:title\" content=\"Piden que se declare en el distrito la emergencia tarifaria - Noticias Radio Reflejos\" \/>\n<meta property=\"og:description\" content=\"El Frente Popular 25 de Febrero, dado que no posee representacion politica en el Concejo Deliberante, ha presentado a traves de los Bloques Frente para la Victoria y Cumplir, el dia lunes 9\/4 un proyecto de resolucion, para que SE DECLARE EN EL DISTRITO DE TORNQUIST LA EMERGENCIA TARIFARIA.\" \/>\n<meta property=\"og:url\" content=\"https:\/\/www.noticiasradioreflejos.com.ar\/2021\/piden-que-se-declare-en-el-distrito-la-emergencia-tarifaria\/\" \/>\n<meta property=\"og:site_name\" content=\"Noticias Radio Reflejos\" \/>\n<meta property=\"article:published_time\" content=\"2018-04-10T10:44:35+00:00\" \/>\n<meta property=\"og:image\" content=\"https:\/\/www.noticiasradioreflejos.com.ar\/2021\/wp-content\/uploads\/2021\/07\/logosol300x200.png\" \/>\n\t<meta property=\"og:image:width\" content=\"300\" \/>\n\t<meta property=\"og:image:height\" content=\"200\" \/>\n\t<meta property=\"og:image:type\" content=\"image\/png\" \/>\n<meta name=\"author\" content=\"Arnaldo Botto\" \/>\n<meta name=\"twitter:card\" content=\"summary_large_image\" \/>\n<script type=\"application\/ld+json\" class=\"yoast-schema-graph\">{\"@context\":\"https:\/\/schema.org\",\"@graph\":[{\"@type\":\"WebPage\",\"@id\":\"https:\/\/www.noticiasradioreflejos.com.ar\/2021\/piden-que-se-declare-en-el-distrito-la-emergencia-tarifaria\/\",\"url\":\"https:\/\/www.noticiasradioreflejos.com.ar\/2021\/piden-que-se-declare-en-el-distrito-la-emergencia-tarifaria\/\",\"name\":\"Piden que se declare en el distrito la emergencia tarifaria - Noticias Radio Reflejos\",\"isPartOf\":{\"@id\":\"https:\/\/www.noticiasradioreflejos.com.ar\/2021\/#website\"},\"datePublished\":\"2018-04-10T10:44:35+00:00\",\"author\":{\"@id\":\"https:\/\/www.noticiasradioreflejos.com.ar\/2021\/#\/schema\/person\/ad82545263dcc5ec0996818884fd5fb1\"},\"breadcrumb\":{\"@id\":\"https:\/\/www.noticiasradioreflejos.com.ar\/2021\/piden-que-se-declare-en-el-distrito-la-emergencia-tarifaria\/#breadcrumb\"},\"inLanguage\":\"es\",\"potentialAction\":[{\"@type\":\"ReadAction\",\"target\":[\"https:\/\/www.noticiasradioreflejos.com.ar\/2021\/piden-que-se-declare-en-el-distrito-la-emergencia-tarifaria\/\"]}]},{\"@type\":\"BreadcrumbList\",\"@id\":\"https:\/\/www.noticiasradioreflejos.com.ar\/2021\/piden-que-se-declare-en-el-distrito-la-emergencia-tarifaria\/#breadcrumb\",\"itemListElement\":[{\"@type\":\"ListItem\",\"position\":1,\"name\":\"Portada\",\"item\":\"https:\/\/www.noticiasradioreflejos.com.ar\/2021\/\"},{\"@type\":\"ListItem\",\"position\":2,\"name\":\"Piden que se declare en el distrito la emergencia tarifaria\"}]},{\"@type\":\"WebSite\",\"@id\":\"https:\/\/www.noticiasradioreflejos.com.ar\/2021\/#website\",\"url\":\"https:\/\/www.noticiasradioreflejos.com.ar\/2021\/\",\"name\":\"Noticias Radio Reflejos\",\"description\":\"Las noticias de mi comarca\",\"potentialAction\":[{\"@type\":\"SearchAction\",\"target\":{\"@type\":\"EntryPoint\",\"urlTemplate\":\"https:\/\/www.noticiasradioreflejos.com.ar\/2021\/?s={search_term_string}\"},\"query-input\":{\"@type\":\"PropertyValueSpecification\",\"valueRequired\":true,\"valueName\":\"search_term_string\"}}],\"inLanguage\":\"es\"},{\"@type\":\"Person\",\"@id\":\"https:\/\/www.noticiasradioreflejos.com.ar\/2021\/#\/schema\/person\/ad82545263dcc5ec0996818884fd5fb1\",\"name\":\"Arnaldo Botto\",\"image\":{\"@type\":\"ImageObject\",\"inLanguage\":\"es\",\"@id\":\"https:\/\/www.noticiasradioreflejos.com.ar\/2021\/#\/schema\/person\/image\/\",\"url\":\"https:\/\/secure.gravatar.com\/avatar\/55cb5e37c1efa326397366e6974cb338056df65cb50e7d64d1cf314e87504837?s=96&d=mm&r=g\",\"contentUrl\":\"https:\/\/secure.gravatar.com\/avatar\/55cb5e37c1efa326397366e6974cb338056df65cb50e7d64d1cf314e87504837?s=96&d=mm&r=g\",\"caption\":\"Arnaldo Botto\"},\"url\":\"https:\/\/www.noticiasradioreflejos.com.ar\/2021\/author\/arnaldo\/\"}]}<\/script>\n<!-- \/ Yoast SEO plugin. -->","yoast_head_json":{"title":"Piden que se declare en el distrito la emergencia tarifaria - Noticias Radio Reflejos","robots":{"index":"index","follow":"follow","max-snippet":"max-snippet:-1","max-image-preview":"max-image-preview:large","max-video-preview":"max-video-preview:-1"},"canonical":"https:\/\/www.noticiasradioreflejos.com.ar\/2021\/piden-que-se-declare-en-el-distrito-la-emergencia-tarifaria\/","og_locale":"es_ES","og_type":"article","og_title":"Piden que se declare en el distrito la emergencia tarifaria - Noticias Radio Reflejos","og_description":"El Frente Popular 25 de Febrero, dado que no posee representacion politica en el Concejo Deliberante, ha presentado a traves de los Bloques Frente para la Victoria y Cumplir, el dia lunes 9\/4 un proyecto de resolucion, para que SE DECLARE EN EL DISTRITO DE TORNQUIST LA EMERGENCIA TARIFARIA.","og_url":"https:\/\/www.noticiasradioreflejos.com.ar\/2021\/piden-que-se-declare-en-el-distrito-la-emergencia-tarifaria\/","og_site_name":"Noticias Radio Reflejos","article_published_time":"2018-04-10T10:44:35+00:00","og_image":[{"width":300,"height":200,"url":"https:\/\/www.noticiasradioreflejos.com.ar\/2021\/wp-content\/uploads\/2021\/07\/logosol300x200.png","type":"image\/png"}],"author":"Arnaldo Botto","twitter_card":"summary_large_image","schema":{"@context":"https:\/\/schema.org","@graph":[{"@type":"WebPage","@id":"https:\/\/www.noticiasradioreflejos.com.ar\/2021\/piden-que-se-declare-en-el-distrito-la-emergencia-tarifaria\/","url":"https:\/\/www.noticiasradioreflejos.com.ar\/2021\/piden-que-se-declare-en-el-distrito-la-emergencia-tarifaria\/","name":"Piden que se declare en el distrito la emergencia tarifaria - Noticias Radio Reflejos","isPartOf":{"@id":"https:\/\/www.noticiasradioreflejos.com.ar\/2021\/#website"},"datePublished":"2018-04-10T10:44:35+00:00","author":{"@id":"https:\/\/www.noticiasradioreflejos.com.ar\/2021\/#\/schema\/person\/ad82545263dcc5ec0996818884fd5fb1"},"breadcrumb":{"@id":"https:\/\/www.noticiasradioreflejos.com.ar\/2021\/piden-que-se-declare-en-el-distrito-la-emergencia-tarifaria\/#breadcrumb"},"inLanguage":"es","potentialAction":[{"@type":"ReadAction","target":["https:\/\/www.noticiasradioreflejos.com.ar\/2021\/piden-que-se-declare-en-el-distrito-la-emergencia-tarifaria\/"]}]},{"@type":"BreadcrumbList","@id":"https:\/\/www.noticiasradioreflejos.com.ar\/2021\/piden-que-se-declare-en-el-distrito-la-emergencia-tarifaria\/#breadcrumb","itemListElement":[{"@type":"ListItem","position":1,"name":"Portada","item":"https:\/\/www.noticiasradioreflejos.com.ar\/2021\/"},{"@type":"ListItem","position":2,"name":"Piden que se declare en el distrito la emergencia tarifaria"}]},{"@type":"WebSite","@id":"https:\/\/www.noticiasradioreflejos.com.ar\/2021\/#website","url":"https:\/\/www.noticiasradioreflejos.com.ar\/2021\/","name":"Noticias Radio Reflejos","description":"Las noticias de mi comarca","potentialAction":[{"@type":"SearchAction","target":{"@type":"EntryPoint","urlTemplate":"https:\/\/www.noticiasradioreflejos.com.ar\/2021\/?s={search_term_string}"},"query-input":{"@type":"PropertyValueSpecification","valueRequired":true,"valueName":"search_term_string"}}],"inLanguage":"es"},{"@type":"Person","@id":"https:\/\/www.noticiasradioreflejos.com.ar\/2021\/#\/schema\/person\/ad82545263dcc5ec0996818884fd5fb1","name":"Arnaldo Botto","image":{"@type":"ImageObject","inLanguage":"es","@id":"https:\/\/www.noticiasradioreflejos.com.ar\/2021\/#\/schema\/person\/image\/","url":"https:\/\/secure.gravatar.com\/avatar\/55cb5e37c1efa326397366e6974cb338056df65cb50e7d64d1cf314e87504837?s=96&d=mm&r=g","contentUrl":"https:\/\/secure.gravatar.com\/avatar\/55cb5e37c1efa326397366e6974cb338056df65cb50e7d64d1cf314e87504837?s=96&d=mm&r=g","caption":"Arnaldo Botto"},"url":"https:\/\/www.noticiasradioreflejos.com.ar\/2021\/author\/arnaldo\/"}]}},"_links":{"self":[{"href":"https:\/\/www.noticiasradioreflejos.com.ar\/2021\/wp-json\/wp\/v2\/posts\/20584","targetHints":{"allow":["GET"]}}],"collection":[{"href":"https:\/\/www.noticiasradioreflejos.com.ar\/2021\/wp-json\/wp\/v2\/posts"}],"about":[{"href":"https:\/\/www.noticiasradioreflejos.com.ar\/2021\/wp-json\/wp\/v2\/types\/post"}],"author":[{"embeddable":true,"href":"https:\/\/www.noticiasradioreflejos.com.ar\/2021\/wp-json\/wp\/v2\/users\/3"}],"replies":[{"embeddable":true,"href":"https:\/\/www.noticiasradioreflejos.com.ar\/2021\/wp-json\/wp\/v2\/comments?post=20584"}],"version-history":[{"count":0,"href":"https:\/\/www.noticiasradioreflejos.com.ar\/2021\/wp-json\/wp\/v2\/posts\/20584\/revisions"}],"wp:attachment":[{"href":"https:\/\/www.noticiasradioreflejos.com.ar\/2021\/wp-json\/wp\/v2\/media?parent=20584"}],"wp:term":[{"taxonomy":"category","embeddable":true,"href":"https:\/\/www.noticiasradioreflejos.com.ar\/2021\/wp-json\/wp\/v2\/categories?post=20584"},{"taxonomy":"post_tag","embeddable":true,"href":"https:\/\/www.noticiasradioreflejos.com.ar\/2021\/wp-json\/wp\/v2\/tags?post=20584"}],"curies":[{"name":"wp","href":"https:\/\/api.w.org\/{rel}","templated":true}]}}