{"id":20570,"date":"2018-04-09T15:14:31","date_gmt":"2018-04-09T18:14:31","guid":{"rendered":"http:\/\/www.noticiasradioreflejos.com.ar\/noticias\/?p=20570"},"modified":"2018-04-09T15:14:31","modified_gmt":"2018-04-09T18:14:31","slug":"encuesta-nacional-de-gastos-en-hogares-engho-en-torquinst","status":"publish","type":"post","link":"https:\/\/www.noticiasradioreflejos.com.ar\/2021\/encuesta-nacional-de-gastos-en-hogares-engho-en-torquinst\/","title":{"rendered":"Encuesta Nacional de Gastos en Hogares (ENGHo) en Tornquist"},"content":{"rendered":"<p><a title=\"comunicado-de-prensa\" href=\"http:\/\/farm1.staticflickr.com\/799\/39538823440_b837367e2d_z.jpg\" rel=\"\"><img loading=\"lazy\" decoding=\"async\" class=\"aligncenter\" title=\"comunicado-de-prensa\" src=\"http:\/\/farm1.staticflickr.com\/799\/39538823440_b837367e2d_z.jpg\" alt=\"comunicado-de-prensa\" width=\"640\" height=\"59\" \/><\/a><\/p>\n<div class=\"x_yiv9858053463gmail_quote\">\n<div dir=\"ltr\">\n<div class=\"x_yiv9858053463gmail_quote\">\n<div dir=\"ltr\">\n<div class=\"x_yiv9858053463gmail_quote\">\n<div dir=\"ltr\">\n<div class=\"x_yiv9858053463gmail_quote\">\n<div dir=\"ltr\">\n<div class=\"x_yiv9858053463gmail_quote\">\n<div dir=\"ltr\">\n<div class=\"x_yiv9858053463gmail_quote\">\n<div dir=\"ltr\">\n<div class=\"x_yiv9858053463gmail_quote\">\n<div dir=\"ltr\">\n<div class=\"x_yiv9858053463gmail_quote\">\n<div dir=\"ltr\">\n<div class=\"x_yiv9858053463gmail_quote\">\n<div dir=\"ltr\">\n<div class=\"x_yiv9858053463gmail_quote\">\n<div dir=\"ltr\">\n<div class=\"x_yiv9858053463gmail_quote\">\n<div dir=\"ltr\">\n<div class=\"x_yiv9858053463gmail_quote\">\n<div dir=\"ltr\">\n<div class=\"x_yiv9858053463gmail_quote\">\n<div dir=\"ltr\">\n<div class=\"x_yiv9858053463gmail_quote\">\n<div dir=\"ltr\">\n<div class=\"x_yiv9858053463gmail_quote\">\n<div dir=\"ltr\">\n<div class=\"x_yiv9858053463gmail_quote\">\n<div dir=\"ltr\">\n<div class=\"x_yiv9858053463gmail_quote\">\n<div dir=\"ltr\">\n<div class=\"x_yiv9858053463gmail_quote\">\n<div dir=\"ltr\">\n<div class=\"x_yiv9858053463gmail_quote\">\n<div dir=\"ltr\">\n<div class=\"x_yiv9858053463gmail_quote\">\n<div dir=\"ltr\">\n<div class=\"x_yiv9858053463gmail_quote\">\n<div dir=\"ltr\">\n<div class=\"x_yiv9858053463gmail_quote\">\n<div dir=\"ltr\">\n<div class=\"x_yiv9858053463gmail_quote\">\n<div dir=\"ltr\">\n<div class=\"x_yiv9858053463gmail_quote\">\n<div dir=\"ltr\">\n<div class=\"x_yiv9858053463gmail_quote\">\n<div dir=\"ltr\">\n<div class=\"x_yiv9858053463gmail_quote\">\n<div dir=\"ltr\">\n<div class=\"x_yiv9858053463gmail_quote\">\n<div dir=\"ltr\">\n<div class=\"x_yiv9858053463gmail_quote\">\n<div dir=\"ltr\">\n<div class=\"x_yiv9858053463gmail_quote\">\n<div dir=\"ltr\">\n<div class=\"x_yiv9858053463gmail_quote\">\n<div dir=\"ltr\">\n<div class=\"x_yiv9858053463gmail_quote\">\n<div dir=\"ltr\">\n<div class=\"x_yiv9858053463gmail_quote\">\n<div dir=\"ltr\">\n<div dir=\"ltr\">\n<div class=\"x_yiv9858053463gmail_quote\">\n<div dir=\"ltr\">\nDesde noviembre, la Direcci\u00f3n Provincial de Estad\u00edsticas (DPE) del Ministerio de Econom\u00eda ejecuta el operativo de campo en la Encuesta Nacional de Gastos de Hogares (ENGHo) en 40 localidades del interior de la Provincia, en el marco del operativo a nivel nacional coordinado por el Instituto Nacional de Estad\u00edsticas y Censos (INDEC).\u00a0En esta oportunidad las encuestas se estar\u00e1n realizando en la ciudad de\u00a0Tornquist.<!--more--><br \/>\nEsta encuesta permitir\u00e1 conocer el consumo de bienes y servicios que realizan los hogares seg\u00fan su composici\u00f3n, la edad de sus miembros, su provincia de residencia y su nivel de ingresos. Adem\u00e1s, provee informaci\u00f3n socioecon\u00f3mica fundamental para la planificaci\u00f3n de pol\u00edticas p\u00fablicas y la toma de decisiones que impactan directamente en el nivel de vida de los habitantes en cada una de las jurisdicciones del pa\u00eds.<br \/>\nLa ENGHo se lleva a cabo durante un a\u00f1o, desde noviembre de 2017 a septiembre de 2018, en hogares de centros urbanos de 2 mil o m\u00e1s habitantes de la Provincia y moviliza m\u00e1s de 550 agentes entre encuestadores y t\u00e9cnicos.<br \/>\nEn la Provincia, el operativo se llevar\u00e1 a cabo en las localidades de: Arrecifes, Ayacucho, Bah\u00eda Blanca, Baradero, Berisso, Campana, Carlos Casares, Chacabuco, Chivilcoy, Coronel Pringles, Dolores, Ensenada, General Daniel Cerri, General Mansilla, General Rojo, Jun\u00edn, La Plata, Lincoln, Luj\u00e1n, Mar del Plata, Mercedes, Monte Hermoso, Necochea y Quequ\u00e9n, Olavarr\u00eda, Parada Robles \u2013 Pav\u00f3n, Pehuaj\u00f3, Pergamino, Punta Alta, Ramallo, Rivera, Salto, San Antonio de Areco , Sierra de la Ventana, Tandil, Tornquist, 30 de Agosto, Trenque Lauquen, Tres Arroyos, Villa Alfredo Fortabat y Z\u00e1rate.<br \/>\nLa participaci\u00f3n de la ciudadan\u00eda es fundamental, ya que los hogares seleccionados de cada provincia representan a todos los hogares del pa\u00eds y todos los niveles socioecon\u00f3micos. Es importante que el ciudadano brinde informaci\u00f3n lo m\u00e1s completa y veraz posible. Los datos suministrados se encuentran protegidos: son confidenciales y s\u00f3lo se publican en compilaciones de conjunto con fines estad\u00edsticos.<br \/>\nLos hogares seleccionados para ser parte de la encuesta reciben una carta informativa sobre el operativo y el cuestionario. Las viviendas son visitadas por un encuestador identificado con credencial donde constan sus datos personales. Los mismos podr\u00e1n ser verificados ingresando a:\u00a0<a href=\"https:\/\/www.indec.gob.ar\/engho\/encuestadores.html\" target=\"_blank\" rel=\"nofollow noopener noreferrer\">https:\/\/www.indec.gob.ar\/en gho\/encuestadores.html<\/a>\n<\/div>\n<\/div>\n<\/div>\n<\/div>\n<\/div>\n<\/div>\n<\/div>\n<\/div>\n<\/div>\n<\/div>\n<\/div>\n<\/div>\n<\/div>\n<\/div>\n<\/div>\n<\/div>\n<\/div>\n<\/div>\n<\/div>\n<\/div>\n<\/div>\n<\/div>\n<\/div>\n<\/div>\n<\/div>\n<\/div>\n<\/div>\n<\/div>\n<\/div>\n<\/div>\n<\/div>\n<\/div>\n<\/div>\n<\/div>\n<\/div>\n<\/div>\n<\/div>\n<\/div>\n<\/div>\n<\/div>\n<\/div>\n<\/div>\n<\/div>\n<\/div>\n<\/div>\n<\/div>\n<\/div>\n<\/div>\n<\/div>\n<\/div>\n<\/div>\n<\/div>\n<\/div>\n<\/div>\n<\/div>\n<\/div>\n<\/div>\n<\/div>\n<\/div>\n<\/div>\n<\/div>\n<\/div>\n<\/div>\n<\/div>\n<\/div>\n<\/div>\n<\/div>\n<p><a title=\"firma_unidad_comunicacion\" href=\"http:\/\/farm1.staticflickr.com\/899\/40452267115_de6b2ba383.jpg\" rel=\"\"><img loading=\"lazy\" decoding=\"async\" class=\"aligncenter\" title=\"firma_unidad_comunicacion\" src=\"http:\/\/farm1.staticflickr.com\/899\/40452267115_de6b2ba383.jpg\" alt=\"firma_unidad_comunicacion\" width=\"429\" height=\"169\" \/><\/a><\/p>\n","protected":false},"excerpt":{"rendered":"<p>Desde noviembre, la Direcci\u00f3n Provincial de Estad\u00edsticas (DPE) del Ministerio de Econom\u00eda ejecuta el operativo de campo en la Encuesta Nacional de Gastos de Hogares (ENGHo) en 40 localidades del interior de la Provincia, en el marco del operativo a nivel nacional coordinado por el Instituto Nacional de Estad\u00edsticas y Censos (INDEC).\u00a0En esta oportunidad las [&hellip;]<\/p>\n","protected":false},"author":3,"featured_media":0,"comment_status":"closed","ping_status":"open","sticky":false,"template":"","format":"standard","meta":{"footnotes":""},"categories":[36],"tags":[],"class_list":["post-20570","post","type-post","status-publish","format-standard","hentry","category-economia"],"yoast_head":"<!-- This site is optimized with the Yoast SEO plugin v25.9 - https:\/\/yoast.com\/wordpress\/plugins\/seo\/ -->\n<title>Encuesta Nacional de Gastos en Hogares (ENGHo) en Tornquist - Noticias Radio Reflejos<\/title>\n<meta name=\"robots\" content=\"index, follow, max-snippet:-1, max-image-preview:large, max-video-preview:-1\" \/>\n<link rel=\"canonical\" href=\"https:\/\/www.noticiasradioreflejos.com.ar\/2021\/encuesta-nacional-de-gastos-en-hogares-engho-en-torquinst\/\" \/>\n<meta property=\"og:locale\" content=\"es_ES\" \/>\n<meta property=\"og:type\" content=\"article\" \/>\n<meta property=\"og:title\" content=\"Encuesta Nacional de Gastos en Hogares (ENGHo) en Tornquist - Noticias Radio Reflejos\" \/>\n<meta property=\"og:description\" content=\"Desde noviembre, la Direcci\u00f3n Provincial de Estad\u00edsticas (DPE) del Ministerio de Econom\u00eda ejecuta el operativo de campo en la Encuesta Nacional de Gastos de Hogares (ENGHo) en 40 localidades del interior de la Provincia, en el marco del operativo a nivel nacional coordinado por el Instituto Nacional de Estad\u00edsticas y Censos (INDEC).\u00a0En esta oportunidad las [&hellip;]\" \/>\n<meta property=\"og:url\" content=\"https:\/\/www.noticiasradioreflejos.com.ar\/2021\/encuesta-nacional-de-gastos-en-hogares-engho-en-torquinst\/\" \/>\n<meta property=\"og:site_name\" content=\"Noticias Radio Reflejos\" \/>\n<meta property=\"article:published_time\" content=\"2018-04-09T18:14:31+00:00\" \/>\n<meta property=\"og:image\" content=\"http:\/\/farm1.staticflickr.com\/799\/39538823440_b837367e2d_z.jpg\" \/>\n<meta name=\"author\" content=\"Arnaldo Botto\" \/>\n<meta name=\"twitter:card\" content=\"summary_large_image\" \/>\n<script type=\"application\/ld+json\" class=\"yoast-schema-graph\">{\"@context\":\"https:\/\/schema.org\",\"@graph\":[{\"@type\":\"WebPage\",\"@id\":\"https:\/\/www.noticiasradioreflejos.com.ar\/2021\/encuesta-nacional-de-gastos-en-hogares-engho-en-torquinst\/\",\"url\":\"https:\/\/www.noticiasradioreflejos.com.ar\/2021\/encuesta-nacional-de-gastos-en-hogares-engho-en-torquinst\/\",\"name\":\"Encuesta Nacional de Gastos en Hogares (ENGHo) en Tornquist - Noticias Radio Reflejos\",\"isPartOf\":{\"@id\":\"https:\/\/www.noticiasradioreflejos.com.ar\/2021\/#website\"},\"primaryImageOfPage\":{\"@id\":\"https:\/\/www.noticiasradioreflejos.com.ar\/2021\/encuesta-nacional-de-gastos-en-hogares-engho-en-torquinst\/#primaryimage\"},\"image\":{\"@id\":\"https:\/\/www.noticiasradioreflejos.com.ar\/2021\/encuesta-nacional-de-gastos-en-hogares-engho-en-torquinst\/#primaryimage\"},\"thumbnailUrl\":\"http:\/\/farm1.staticflickr.com\/799\/39538823440_b837367e2d_z.jpg\",\"datePublished\":\"2018-04-09T18:14:31+00:00\",\"author\":{\"@id\":\"https:\/\/www.noticiasradioreflejos.com.ar\/2021\/#\/schema\/person\/ad82545263dcc5ec0996818884fd5fb1\"},\"breadcrumb\":{\"@id\":\"https:\/\/www.noticiasradioreflejos.com.ar\/2021\/encuesta-nacional-de-gastos-en-hogares-engho-en-torquinst\/#breadcrumb\"},\"inLanguage\":\"es\",\"potentialAction\":[{\"@type\":\"ReadAction\",\"target\":[\"https:\/\/www.noticiasradioreflejos.com.ar\/2021\/encuesta-nacional-de-gastos-en-hogares-engho-en-torquinst\/\"]}]},{\"@type\":\"ImageObject\",\"inLanguage\":\"es\",\"@id\":\"https:\/\/www.noticiasradioreflejos.com.ar\/2021\/encuesta-nacional-de-gastos-en-hogares-engho-en-torquinst\/#primaryimage\",\"url\":\"http:\/\/farm1.staticflickr.com\/799\/39538823440_b837367e2d_z.jpg\",\"contentUrl\":\"http:\/\/farm1.staticflickr.com\/799\/39538823440_b837367e2d_z.jpg\"},{\"@type\":\"BreadcrumbList\",\"@id\":\"https:\/\/www.noticiasradioreflejos.com.ar\/2021\/encuesta-nacional-de-gastos-en-hogares-engho-en-torquinst\/#breadcrumb\",\"itemListElement\":[{\"@type\":\"ListItem\",\"position\":1,\"name\":\"Portada\",\"item\":\"https:\/\/www.noticiasradioreflejos.com.ar\/2021\/\"},{\"@type\":\"ListItem\",\"position\":2,\"name\":\"Encuesta Nacional de Gastos en Hogares (ENGHo) en Tornquist\"}]},{\"@type\":\"WebSite\",\"@id\":\"https:\/\/www.noticiasradioreflejos.com.ar\/2021\/#website\",\"url\":\"https:\/\/www.noticiasradioreflejos.com.ar\/2021\/\",\"name\":\"Noticias Radio Reflejos\",\"description\":\"Las noticias de mi comarca\",\"potentialAction\":[{\"@type\":\"SearchAction\",\"target\":{\"@type\":\"EntryPoint\",\"urlTemplate\":\"https:\/\/www.noticiasradioreflejos.com.ar\/2021\/?s={search_term_string}\"},\"query-input\":{\"@type\":\"PropertyValueSpecification\",\"valueRequired\":true,\"valueName\":\"search_term_string\"}}],\"inLanguage\":\"es\"},{\"@type\":\"Person\",\"@id\":\"https:\/\/www.noticiasradioreflejos.com.ar\/2021\/#\/schema\/person\/ad82545263dcc5ec0996818884fd5fb1\",\"name\":\"Arnaldo Botto\",\"image\":{\"@type\":\"ImageObject\",\"inLanguage\":\"es\",\"@id\":\"https:\/\/www.noticiasradioreflejos.com.ar\/2021\/#\/schema\/person\/image\/\",\"url\":\"https:\/\/secure.gravatar.com\/avatar\/55cb5e37c1efa326397366e6974cb338056df65cb50e7d64d1cf314e87504837?s=96&d=mm&r=g\",\"contentUrl\":\"https:\/\/secure.gravatar.com\/avatar\/55cb5e37c1efa326397366e6974cb338056df65cb50e7d64d1cf314e87504837?s=96&d=mm&r=g\",\"caption\":\"Arnaldo Botto\"},\"url\":\"https:\/\/www.noticiasradioreflejos.com.ar\/2021\/author\/arnaldo\/\"}]}<\/script>\n<!-- \/ Yoast SEO plugin. -->","yoast_head_json":{"title":"Encuesta Nacional de Gastos en Hogares (ENGHo) en Tornquist - Noticias Radio Reflejos","robots":{"index":"index","follow":"follow","max-snippet":"max-snippet:-1","max-image-preview":"max-image-preview:large","max-video-preview":"max-video-preview:-1"},"canonical":"https:\/\/www.noticiasradioreflejos.com.ar\/2021\/encuesta-nacional-de-gastos-en-hogares-engho-en-torquinst\/","og_locale":"es_ES","og_type":"article","og_title":"Encuesta Nacional de Gastos en Hogares (ENGHo) en Tornquist - Noticias Radio Reflejos","og_description":"Desde noviembre, la Direcci\u00f3n Provincial de Estad\u00edsticas (DPE) del Ministerio de Econom\u00eda ejecuta el operativo de campo en la Encuesta Nacional de Gastos de Hogares (ENGHo) en 40 localidades del interior de la Provincia, en el marco del operativo a nivel nacional coordinado por el Instituto Nacional de Estad\u00edsticas y Censos (INDEC).\u00a0En esta oportunidad las [&hellip;]","og_url":"https:\/\/www.noticiasradioreflejos.com.ar\/2021\/encuesta-nacional-de-gastos-en-hogares-engho-en-torquinst\/","og_site_name":"Noticias Radio Reflejos","article_published_time":"2018-04-09T18:14:31+00:00","og_image":[{"url":"http:\/\/farm1.staticflickr.com\/799\/39538823440_b837367e2d_z.jpg","type":"","width":"","height":""}],"author":"Arnaldo Botto","twitter_card":"summary_large_image","schema":{"@context":"https:\/\/schema.org","@graph":[{"@type":"WebPage","@id":"https:\/\/www.noticiasradioreflejos.com.ar\/2021\/encuesta-nacional-de-gastos-en-hogares-engho-en-torquinst\/","url":"https:\/\/www.noticiasradioreflejos.com.ar\/2021\/encuesta-nacional-de-gastos-en-hogares-engho-en-torquinst\/","name":"Encuesta Nacional de Gastos en Hogares (ENGHo) en Tornquist - Noticias Radio Reflejos","isPartOf":{"@id":"https:\/\/www.noticiasradioreflejos.com.ar\/2021\/#website"},"primaryImageOfPage":{"@id":"https:\/\/www.noticiasradioreflejos.com.ar\/2021\/encuesta-nacional-de-gastos-en-hogares-engho-en-torquinst\/#primaryimage"},"image":{"@id":"https:\/\/www.noticiasradioreflejos.com.ar\/2021\/encuesta-nacional-de-gastos-en-hogares-engho-en-torquinst\/#primaryimage"},"thumbnailUrl":"http:\/\/farm1.staticflickr.com\/799\/39538823440_b837367e2d_z.jpg","datePublished":"2018-04-09T18:14:31+00:00","author":{"@id":"https:\/\/www.noticiasradioreflejos.com.ar\/2021\/#\/schema\/person\/ad82545263dcc5ec0996818884fd5fb1"},"breadcrumb":{"@id":"https:\/\/www.noticiasradioreflejos.com.ar\/2021\/encuesta-nacional-de-gastos-en-hogares-engho-en-torquinst\/#breadcrumb"},"inLanguage":"es","potentialAction":[{"@type":"ReadAction","target":["https:\/\/www.noticiasradioreflejos.com.ar\/2021\/encuesta-nacional-de-gastos-en-hogares-engho-en-torquinst\/"]}]},{"@type":"ImageObject","inLanguage":"es","@id":"https:\/\/www.noticiasradioreflejos.com.ar\/2021\/encuesta-nacional-de-gastos-en-hogares-engho-en-torquinst\/#primaryimage","url":"http:\/\/farm1.staticflickr.com\/799\/39538823440_b837367e2d_z.jpg","contentUrl":"http:\/\/farm1.staticflickr.com\/799\/39538823440_b837367e2d_z.jpg"},{"@type":"BreadcrumbList","@id":"https:\/\/www.noticiasradioreflejos.com.ar\/2021\/encuesta-nacional-de-gastos-en-hogares-engho-en-torquinst\/#breadcrumb","itemListElement":[{"@type":"ListItem","position":1,"name":"Portada","item":"https:\/\/www.noticiasradioreflejos.com.ar\/2021\/"},{"@type":"ListItem","position":2,"name":"Encuesta Nacional de Gastos en Hogares (ENGHo) en Tornquist"}]},{"@type":"WebSite","@id":"https:\/\/www.noticiasradioreflejos.com.ar\/2021\/#website","url":"https:\/\/www.noticiasradioreflejos.com.ar\/2021\/","name":"Noticias Radio Reflejos","description":"Las noticias de mi comarca","potentialAction":[{"@type":"SearchAction","target":{"@type":"EntryPoint","urlTemplate":"https:\/\/www.noticiasradioreflejos.com.ar\/2021\/?s={search_term_string}"},"query-input":{"@type":"PropertyValueSpecification","valueRequired":true,"valueName":"search_term_string"}}],"inLanguage":"es"},{"@type":"Person","@id":"https:\/\/www.noticiasradioreflejos.com.ar\/2021\/#\/schema\/person\/ad82545263dcc5ec0996818884fd5fb1","name":"Arnaldo Botto","image":{"@type":"ImageObject","inLanguage":"es","@id":"https:\/\/www.noticiasradioreflejos.com.ar\/2021\/#\/schema\/person\/image\/","url":"https:\/\/secure.gravatar.com\/avatar\/55cb5e37c1efa326397366e6974cb338056df65cb50e7d64d1cf314e87504837?s=96&d=mm&r=g","contentUrl":"https:\/\/secure.gravatar.com\/avatar\/55cb5e37c1efa326397366e6974cb338056df65cb50e7d64d1cf314e87504837?s=96&d=mm&r=g","caption":"Arnaldo Botto"},"url":"https:\/\/www.noticiasradioreflejos.com.ar\/2021\/author\/arnaldo\/"}]}},"_links":{"self":[{"href":"https:\/\/www.noticiasradioreflejos.com.ar\/2021\/wp-json\/wp\/v2\/posts\/20570","targetHints":{"allow":["GET"]}}],"collection":[{"href":"https:\/\/www.noticiasradioreflejos.com.ar\/2021\/wp-json\/wp\/v2\/posts"}],"about":[{"href":"https:\/\/www.noticiasradioreflejos.com.ar\/2021\/wp-json\/wp\/v2\/types\/post"}],"author":[{"embeddable":true,"href":"https:\/\/www.noticiasradioreflejos.com.ar\/2021\/wp-json\/wp\/v2\/users\/3"}],"replies":[{"embeddable":true,"href":"https:\/\/www.noticiasradioreflejos.com.ar\/2021\/wp-json\/wp\/v2\/comments?post=20570"}],"version-history":[{"count":0,"href":"https:\/\/www.noticiasradioreflejos.com.ar\/2021\/wp-json\/wp\/v2\/posts\/20570\/revisions"}],"wp:attachment":[{"href":"https:\/\/www.noticiasradioreflejos.com.ar\/2021\/wp-json\/wp\/v2\/media?parent=20570"}],"wp:term":[{"taxonomy":"category","embeddable":true,"href":"https:\/\/www.noticiasradioreflejos.com.ar\/2021\/wp-json\/wp\/v2\/categories?post=20570"},{"taxonomy":"post_tag","embeddable":true,"href":"https:\/\/www.noticiasradioreflejos.com.ar\/2021\/wp-json\/wp\/v2\/tags?post=20570"}],"curies":[{"name":"wp","href":"https:\/\/api.w.org\/{rel}","templated":true}]}}