{"id":20563,"date":"2018-04-09T15:03:09","date_gmt":"2018-04-09T18:03:09","guid":{"rendered":"http:\/\/www.noticiasradioreflejos.com.ar\/noticias\/?p=20563"},"modified":"2018-04-09T15:03:09","modified_gmt":"2018-04-09T18:03:09","slug":"hechos-ocurridos-en-tornquist-durante-el-ultimo-fin-de-semana-con-alcoholemia-positiva","status":"publish","type":"post","link":"https:\/\/www.noticiasradioreflejos.com.ar\/2021\/hechos-ocurridos-en-tornquist-durante-el-ultimo-fin-de-semana-con-alcoholemia-positiva\/","title":{"rendered":"Hechos ocurridos en Tornquist durante el ultimo fin de semana, con alcoholemia positiva"},"content":{"rendered":"<p>PARTE DE PRENSA<br \/>\nLa Secretaria de Seguridad del Partido de Tornquist, lleva a conocimiento de la poblaci\u00f3n, de los diferentes hechos ocurridos durante el \u00faltimo fin de semana.<!--more--><br \/>\nEn donde con fecha 07 del corriente, personal de la Estaci\u00f3n de Polic\u00eda Comunal de Tornquist, en circunstancias en que divisa a un rodado Ford Fiesta, dominio CHI-653 andando a alta velocidad, procede a su interceptaci\u00f3n siendo conducido por el joven LUCAS EMMANUEL AGUILAR, solicitando la documentaci\u00f3n respectiva, careciendo de seguro obligatorio, not\u00e1ndoselo en aparente estado de ebriedad, realiz\u00e1ndose el test de alcoholemia arrojando un resultado de 1,61 g\/l, por lo que se labr\u00f3 la correspondiente acta de infracci\u00f3n y secuestro del rodado, con intervenci\u00f3n del Juzgado de Faltas de Tornquist, y a labrarse las correspondientes actuaciones contravencionales por INFRACCION AL ARTICULO 72 DEL DECRETO LEY 8031 (estado de ebriedad), con intervenci\u00f3n del Juzgado de Paz letrado de Tornquist.-<br \/>\nQue con fecha 08 del corriente, en momentos en que personal de la seccional policial de este medio en conjunto con Inspectores municipales y personal de la Agencia Nacional de Seguridad Vial, llevaban a cabo Operativo de Alcoholemia e interceptaci\u00f3n vehicular en esta ciudad de Tornquist, al interceptar un Chevrolet Corsa, dominio DET-052, al mando de DIEGO LUIS MORIAMES, al realizarle el correspondiente Test, se obtiene un resultado de 1,19 g\/l, procedi\u00e9ndose a labrar el acta de infracci\u00f3n con intervenci\u00f3n del Juzgado de Faltas de Tornquist, no obstante a ello, en momentos en que se realizara el acta respectiva, Moriames emprende una fuga del lugar, siendo inmediatamente interceptado, circunstancias en que Moriames se torna agresivo arremetiendo contra los uniformados, por lo que reducido fue conducido a la dependencia policial APREHENDIDO por los delitos de DESOBEDIENCIA y RESISTENCIA A LA AUTORIDAD, con intervenci\u00f3n de la Fiscal\u00eda Numero 15 de Flagrancia de Bah\u00eda Blanca.-<br \/>\nAsimismo de dicho operativo tambi\u00e9n se procedi\u00f3 a la retenci\u00f3n de la Licencia de Conducir del joven TORRES MIGUEL ANGEL, ya que el test realizado, arrojo un resultado de 1,69 g\/l, realiz\u00e1ndose la correspondiente acta de infracci\u00f3n, con intervenci\u00f3n del Juzgado de Faltas Municipal de Tornquist.-<br \/>\nTambi\u00e9n, con fecha 08 del corriente, en momentos en que se disputaba el encuentro futbol\u00edstico entre los clubes Uni\u00f3n de Tornquist vs. Tiro Federal de P\u00faan, se constata que un simpatizante del Club de P\u00faan, identificado como JOSE MARIA LUCIEN, de 42 a\u00f1os, domiciliado en Pigue, al trascurrir los 40 minutos del segundo tiempo, comienza a arrojar piedras hacia el interior de la cancha sin provocar lesiones o da\u00f1os, por lo que se procedi\u00f3 a su DETENCION por INFRACCION A LOS ARTICULOS 9 y 10 DE LA DEL DEPORTE N\u00ba 11.929, d\u00e1ndose intervenci\u00f3n al Juzgado de Paz Letrado de Tornquist.-<br \/>\nSECRETARIA DE SEGURIDAD \u2013 MUNICIPALIDAD DE TORNQUIST<\/p>\n","protected":false},"excerpt":{"rendered":"<p>PARTE DE PRENSA La Secretaria de Seguridad del Partido de Tornquist, lleva a conocimiento de la poblaci\u00f3n, de los diferentes hechos ocurridos durante el \u00faltimo fin de semana.<\/p>\n","protected":false},"author":3,"featured_media":0,"comment_status":"closed","ping_status":"open","sticky":false,"template":"","format":"standard","meta":{"footnotes":""},"categories":[29],"tags":[],"class_list":["post-20563","post","type-post","status-publish","format-standard","hentry","category-policiales"],"yoast_head":"<!-- This site is optimized with the Yoast SEO plugin v25.9 - https:\/\/yoast.com\/wordpress\/plugins\/seo\/ -->\n<title>Hechos ocurridos en Tornquist durante el ultimo fin de semana, con alcoholemia positiva - Noticias Radio Reflejos<\/title>\n<meta name=\"robots\" content=\"index, follow, max-snippet:-1, max-image-preview:large, max-video-preview:-1\" \/>\n<link rel=\"canonical\" href=\"https:\/\/www.noticiasradioreflejos.com.ar\/2021\/hechos-ocurridos-en-tornquist-durante-el-ultimo-fin-de-semana-con-alcoholemia-positiva\/\" \/>\n<meta property=\"og:locale\" content=\"es_ES\" \/>\n<meta property=\"og:type\" content=\"article\" \/>\n<meta property=\"og:title\" content=\"Hechos ocurridos en Tornquist durante el ultimo fin de semana, con alcoholemia positiva - Noticias Radio Reflejos\" \/>\n<meta property=\"og:description\" content=\"PARTE DE PRENSA La Secretaria de Seguridad del Partido de Tornquist, lleva a conocimiento de la poblaci\u00f3n, de los diferentes hechos ocurridos durante el \u00faltimo fin de semana.\" \/>\n<meta property=\"og:url\" content=\"https:\/\/www.noticiasradioreflejos.com.ar\/2021\/hechos-ocurridos-en-tornquist-durante-el-ultimo-fin-de-semana-con-alcoholemia-positiva\/\" \/>\n<meta property=\"og:site_name\" content=\"Noticias Radio Reflejos\" \/>\n<meta property=\"article:published_time\" content=\"2018-04-09T18:03:09+00:00\" \/>\n<meta property=\"og:image\" content=\"https:\/\/www.noticiasradioreflejos.com.ar\/2021\/wp-content\/uploads\/2021\/07\/logosol300x200.png\" \/>\n\t<meta property=\"og:image:width\" content=\"300\" \/>\n\t<meta property=\"og:image:height\" content=\"200\" \/>\n\t<meta property=\"og:image:type\" content=\"image\/png\" \/>\n<meta name=\"author\" content=\"Arnaldo Botto\" \/>\n<meta name=\"twitter:card\" content=\"summary_large_image\" \/>\n<script type=\"application\/ld+json\" class=\"yoast-schema-graph\">{\"@context\":\"https:\/\/schema.org\",\"@graph\":[{\"@type\":\"WebPage\",\"@id\":\"https:\/\/www.noticiasradioreflejos.com.ar\/2021\/hechos-ocurridos-en-tornquist-durante-el-ultimo-fin-de-semana-con-alcoholemia-positiva\/\",\"url\":\"https:\/\/www.noticiasradioreflejos.com.ar\/2021\/hechos-ocurridos-en-tornquist-durante-el-ultimo-fin-de-semana-con-alcoholemia-positiva\/\",\"name\":\"Hechos ocurridos en Tornquist durante el ultimo fin de semana, con alcoholemia positiva - Noticias Radio Reflejos\",\"isPartOf\":{\"@id\":\"https:\/\/www.noticiasradioreflejos.com.ar\/2021\/#website\"},\"datePublished\":\"2018-04-09T18:03:09+00:00\",\"author\":{\"@id\":\"https:\/\/www.noticiasradioreflejos.com.ar\/2021\/#\/schema\/person\/ad82545263dcc5ec0996818884fd5fb1\"},\"breadcrumb\":{\"@id\":\"https:\/\/www.noticiasradioreflejos.com.ar\/2021\/hechos-ocurridos-en-tornquist-durante-el-ultimo-fin-de-semana-con-alcoholemia-positiva\/#breadcrumb\"},\"inLanguage\":\"es\",\"potentialAction\":[{\"@type\":\"ReadAction\",\"target\":[\"https:\/\/www.noticiasradioreflejos.com.ar\/2021\/hechos-ocurridos-en-tornquist-durante-el-ultimo-fin-de-semana-con-alcoholemia-positiva\/\"]}]},{\"@type\":\"BreadcrumbList\",\"@id\":\"https:\/\/www.noticiasradioreflejos.com.ar\/2021\/hechos-ocurridos-en-tornquist-durante-el-ultimo-fin-de-semana-con-alcoholemia-positiva\/#breadcrumb\",\"itemListElement\":[{\"@type\":\"ListItem\",\"position\":1,\"name\":\"Portada\",\"item\":\"https:\/\/www.noticiasradioreflejos.com.ar\/2021\/\"},{\"@type\":\"ListItem\",\"position\":2,\"name\":\"Hechos ocurridos en Tornquist durante el ultimo fin de semana, con alcoholemia positiva\"}]},{\"@type\":\"WebSite\",\"@id\":\"https:\/\/www.noticiasradioreflejos.com.ar\/2021\/#website\",\"url\":\"https:\/\/www.noticiasradioreflejos.com.ar\/2021\/\",\"name\":\"Noticias Radio Reflejos\",\"description\":\"Las noticias de mi comarca\",\"potentialAction\":[{\"@type\":\"SearchAction\",\"target\":{\"@type\":\"EntryPoint\",\"urlTemplate\":\"https:\/\/www.noticiasradioreflejos.com.ar\/2021\/?s={search_term_string}\"},\"query-input\":{\"@type\":\"PropertyValueSpecification\",\"valueRequired\":true,\"valueName\":\"search_term_string\"}}],\"inLanguage\":\"es\"},{\"@type\":\"Person\",\"@id\":\"https:\/\/www.noticiasradioreflejos.com.ar\/2021\/#\/schema\/person\/ad82545263dcc5ec0996818884fd5fb1\",\"name\":\"Arnaldo Botto\",\"image\":{\"@type\":\"ImageObject\",\"inLanguage\":\"es\",\"@id\":\"https:\/\/www.noticiasradioreflejos.com.ar\/2021\/#\/schema\/person\/image\/\",\"url\":\"https:\/\/secure.gravatar.com\/avatar\/55cb5e37c1efa326397366e6974cb338056df65cb50e7d64d1cf314e87504837?s=96&d=mm&r=g\",\"contentUrl\":\"https:\/\/secure.gravatar.com\/avatar\/55cb5e37c1efa326397366e6974cb338056df65cb50e7d64d1cf314e87504837?s=96&d=mm&r=g\",\"caption\":\"Arnaldo Botto\"},\"url\":\"https:\/\/www.noticiasradioreflejos.com.ar\/2021\/author\/arnaldo\/\"}]}<\/script>\n<!-- \/ Yoast SEO plugin. -->","yoast_head_json":{"title":"Hechos ocurridos en Tornquist durante el ultimo fin de semana, con alcoholemia positiva - Noticias Radio Reflejos","robots":{"index":"index","follow":"follow","max-snippet":"max-snippet:-1","max-image-preview":"max-image-preview:large","max-video-preview":"max-video-preview:-1"},"canonical":"https:\/\/www.noticiasradioreflejos.com.ar\/2021\/hechos-ocurridos-en-tornquist-durante-el-ultimo-fin-de-semana-con-alcoholemia-positiva\/","og_locale":"es_ES","og_type":"article","og_title":"Hechos ocurridos en Tornquist durante el ultimo fin de semana, con alcoholemia positiva - Noticias Radio Reflejos","og_description":"PARTE DE PRENSA La Secretaria de Seguridad del Partido de Tornquist, lleva a conocimiento de la poblaci\u00f3n, de los diferentes hechos ocurridos durante el \u00faltimo fin de semana.","og_url":"https:\/\/www.noticiasradioreflejos.com.ar\/2021\/hechos-ocurridos-en-tornquist-durante-el-ultimo-fin-de-semana-con-alcoholemia-positiva\/","og_site_name":"Noticias Radio Reflejos","article_published_time":"2018-04-09T18:03:09+00:00","og_image":[{"width":300,"height":200,"url":"https:\/\/www.noticiasradioreflejos.com.ar\/2021\/wp-content\/uploads\/2021\/07\/logosol300x200.png","type":"image\/png"}],"author":"Arnaldo Botto","twitter_card":"summary_large_image","schema":{"@context":"https:\/\/schema.org","@graph":[{"@type":"WebPage","@id":"https:\/\/www.noticiasradioreflejos.com.ar\/2021\/hechos-ocurridos-en-tornquist-durante-el-ultimo-fin-de-semana-con-alcoholemia-positiva\/","url":"https:\/\/www.noticiasradioreflejos.com.ar\/2021\/hechos-ocurridos-en-tornquist-durante-el-ultimo-fin-de-semana-con-alcoholemia-positiva\/","name":"Hechos ocurridos en Tornquist durante el ultimo fin de semana, con alcoholemia positiva - Noticias Radio Reflejos","isPartOf":{"@id":"https:\/\/www.noticiasradioreflejos.com.ar\/2021\/#website"},"datePublished":"2018-04-09T18:03:09+00:00","author":{"@id":"https:\/\/www.noticiasradioreflejos.com.ar\/2021\/#\/schema\/person\/ad82545263dcc5ec0996818884fd5fb1"},"breadcrumb":{"@id":"https:\/\/www.noticiasradioreflejos.com.ar\/2021\/hechos-ocurridos-en-tornquist-durante-el-ultimo-fin-de-semana-con-alcoholemia-positiva\/#breadcrumb"},"inLanguage":"es","potentialAction":[{"@type":"ReadAction","target":["https:\/\/www.noticiasradioreflejos.com.ar\/2021\/hechos-ocurridos-en-tornquist-durante-el-ultimo-fin-de-semana-con-alcoholemia-positiva\/"]}]},{"@type":"BreadcrumbList","@id":"https:\/\/www.noticiasradioreflejos.com.ar\/2021\/hechos-ocurridos-en-tornquist-durante-el-ultimo-fin-de-semana-con-alcoholemia-positiva\/#breadcrumb","itemListElement":[{"@type":"ListItem","position":1,"name":"Portada","item":"https:\/\/www.noticiasradioreflejos.com.ar\/2021\/"},{"@type":"ListItem","position":2,"name":"Hechos ocurridos en Tornquist durante el ultimo fin de semana, con alcoholemia positiva"}]},{"@type":"WebSite","@id":"https:\/\/www.noticiasradioreflejos.com.ar\/2021\/#website","url":"https:\/\/www.noticiasradioreflejos.com.ar\/2021\/","name":"Noticias Radio Reflejos","description":"Las noticias de mi comarca","potentialAction":[{"@type":"SearchAction","target":{"@type":"EntryPoint","urlTemplate":"https:\/\/www.noticiasradioreflejos.com.ar\/2021\/?s={search_term_string}"},"query-input":{"@type":"PropertyValueSpecification","valueRequired":true,"valueName":"search_term_string"}}],"inLanguage":"es"},{"@type":"Person","@id":"https:\/\/www.noticiasradioreflejos.com.ar\/2021\/#\/schema\/person\/ad82545263dcc5ec0996818884fd5fb1","name":"Arnaldo Botto","image":{"@type":"ImageObject","inLanguage":"es","@id":"https:\/\/www.noticiasradioreflejos.com.ar\/2021\/#\/schema\/person\/image\/","url":"https:\/\/secure.gravatar.com\/avatar\/55cb5e37c1efa326397366e6974cb338056df65cb50e7d64d1cf314e87504837?s=96&d=mm&r=g","contentUrl":"https:\/\/secure.gravatar.com\/avatar\/55cb5e37c1efa326397366e6974cb338056df65cb50e7d64d1cf314e87504837?s=96&d=mm&r=g","caption":"Arnaldo Botto"},"url":"https:\/\/www.noticiasradioreflejos.com.ar\/2021\/author\/arnaldo\/"}]}},"_links":{"self":[{"href":"https:\/\/www.noticiasradioreflejos.com.ar\/2021\/wp-json\/wp\/v2\/posts\/20563","targetHints":{"allow":["GET"]}}],"collection":[{"href":"https:\/\/www.noticiasradioreflejos.com.ar\/2021\/wp-json\/wp\/v2\/posts"}],"about":[{"href":"https:\/\/www.noticiasradioreflejos.com.ar\/2021\/wp-json\/wp\/v2\/types\/post"}],"author":[{"embeddable":true,"href":"https:\/\/www.noticiasradioreflejos.com.ar\/2021\/wp-json\/wp\/v2\/users\/3"}],"replies":[{"embeddable":true,"href":"https:\/\/www.noticiasradioreflejos.com.ar\/2021\/wp-json\/wp\/v2\/comments?post=20563"}],"version-history":[{"count":0,"href":"https:\/\/www.noticiasradioreflejos.com.ar\/2021\/wp-json\/wp\/v2\/posts\/20563\/revisions"}],"wp:attachment":[{"href":"https:\/\/www.noticiasradioreflejos.com.ar\/2021\/wp-json\/wp\/v2\/media?parent=20563"}],"wp:term":[{"taxonomy":"category","embeddable":true,"href":"https:\/\/www.noticiasradioreflejos.com.ar\/2021\/wp-json\/wp\/v2\/categories?post=20563"},{"taxonomy":"post_tag","embeddable":true,"href":"https:\/\/www.noticiasradioreflejos.com.ar\/2021\/wp-json\/wp\/v2\/tags?post=20563"}],"curies":[{"name":"wp","href":"https:\/\/api.w.org\/{rel}","templated":true}]}}