{"id":20544,"date":"2018-04-09T14:05:53","date_gmt":"2018-04-09T17:05:53","guid":{"rendered":"http:\/\/www.noticiasradioreflejos.com.ar\/noticias\/?p=20544"},"modified":"2018-04-09T14:05:53","modified_gmt":"2018-04-09T17:05:53","slug":"creemos-en-los-que-crean","status":"publish","type":"post","link":"https:\/\/www.noticiasradioreflejos.com.ar\/2021\/creemos-en-los-que-crean\/","title":{"rendered":"Creemos en los que crean"},"content":{"rendered":"<table border=\"0\" width=\"100%\" cellspacing=\"0\" cellpadding=\"0\">\n<tbody>\n<tr>\n<td>\n<table border=\"0\" width=\"100%\" cellspacing=\"0\" cellpadding=\"0\">\n<tbody>\n<tr>\n<td>\n<table class=\"x_m_1217085435612293226m_-2676368786414589478m_-5769714339367201419wrapper--outer\" align=\"center\" bgcolor=\"#FFFFFF\">\n<tbody>\n<tr>\n<td class=\"x_m_1217085435612293226m_-2676368786414589478m_-5769714339367201419column--1\">\n<table width=\"100%\">\n<tbody>\n<tr>\n<td class=\"x_m_1217085435612293226m_-2676368786414589478m_-5769714339367201419wrapper--column\">\n<table class=\"x_m_1217085435612293226m_-2676368786414589478m_-5769714339367201419wrapper--content\">\n<tbody>\n<tr>\n<td class=\"x_m_1217085435612293226m_-2676368786414589478m_-5769714339367201419element_center\" align=\"center\">\n<div><span class=\"x_m_1217085435612293226m_-2676368786414589478m_-5769714339367201419font-line-height-medium\">Cree<\/span><span class=\"x_m_1217085435612293226m_-2676368786414589478m_-5769714339367201419font-line-height-medium\">m<\/span><span class=\"x_m_1217085435612293226m_-2676368786414589478m_-5769714339367201419font-line-height-medium\">os en los que crean<\/span><\/div>\n<\/td>\n<\/tr>\n<\/tbody>\n<\/table>\n<\/td>\n<\/tr>\n<\/tbody>\n<\/table>\n<\/td>\n<\/tr>\n<\/tbody>\n<\/table>\n<\/td>\n<\/tr>\n<\/tbody>\n<\/table>\n<\/td>\n<\/tr>\n<tr>\n<td>\n<table border=\"0\" width=\"100%\" cellspacing=\"0\" cellpadding=\"0\">\n<tbody>\n<tr>\n<td>\n<table class=\"x_m_1217085435612293226m_-2676368786414589478m_-5769714339367201419wrapper--outer\" align=\"center\" bgcolor=\"#FFFFFF\">\n<tbody>\n<tr>\n<td class=\"x_m_1217085435612293226m_-2676368786414589478m_-5769714339367201419column--1\">\n<table width=\"100%\">\n<tbody>\n<tr>\n<td class=\"x_m_1217085435612293226m_-2676368786414589478m_-5769714339367201419wrapper--column\">\n<table class=\"x_m_1217085435612293226m_-2676368786414589478m_-5769714339367201419wrapper--content\">\n<tbody>\n<tr>\n<td class=\"x_m_1217085435612293226m_-2676368786414589478m_-5769714339367201419element_center\" align=\"left\">\n<div><b><span class=\"x_m_1217085435612293226m_-2676368786414589478m_-5769714339367201419font-line-height-large\">\/Pr\u00f3ximas convocatorias<\/span><\/b><\/div>\n<\/td>\n<\/tr>\n<\/tbody>\n<\/table>\n<\/td>\n<\/tr>\n<\/tbody>\n<\/table>\n<\/td>\n<\/tr>\n<\/tbody>\n<\/table>\n<\/td>\n<\/tr>\n<\/tbody>\n<\/table>\n<\/td>\n<\/tr>\n<\/tbody>\n<\/table>\n<p><!--more--><br \/>\n<a title=\"conteo gif\" href=\"http:\/\/farm1.staticflickr.com\/890\/26474661897_0fd8e765ef.jpg\" rel=\"\"><img loading=\"lazy\" decoding=\"async\" class=\"aligncenter\" title=\"conteo gif\" src=\"http:\/\/farm1.staticflickr.com\/890\/26474661897_0fd8e765ef.jpg\" alt=\"conteo gif\" width=\"400\" height=\"400\" \/><\/a><br \/>\nConcurso de Artes Audiovisuales<br \/>\nCategor\u00edas: Cortometraje, Guion Largometraje, Largometraje documental y Series Web<br \/>\nDel 10 de abril hasta el 24 de mayo<br \/>\n<a title=\"artes escenicas\" href=\"http:\/\/farm1.staticflickr.com\/893\/40632435954_7579cece73.jpg\" rel=\"\"><img loading=\"lazy\" decoding=\"async\" class=\"aligncenter\" title=\"artes escenicas\" src=\"http:\/\/farm1.staticflickr.com\/893\/40632435954_7579cece73.jpg\" alt=\"artes escenicas\" width=\"300\" height=\"300\" \/><\/a><br \/>\nConcurso de Artes Esc\u00e9nicas<br \/>\nCategor\u00edas: Dramaturgia y Teatro F\u00edsico\/Danza<br \/>\nLanzamiento: 24 de abril<br \/>\n<a href=\"https:\/\/fnartes.gob.ar\/becas\">Becas promovemos la creaci\u00f3n y la formaci\u00f3n art\u00edstica <\/a><br \/>\nBecas Creaci\u00f3n<br \/>\nBecas de $50.000 para crear proyectos art\u00edsticos individuales o grupales en todas las disciplinas.<br \/>\nLanzamiento: 17 de abril<br \/>\n&nbsp;<br \/>\n<b>\/Convocatorias abiertas<\/b><br \/>\n&nbsp;<br \/>\n<a href=\"https:\/\/fnartes.gob.ar\/concursos\">Concursos de Letras y Proyectos Editoriales<\/a><br \/>\nConcurso de Letras en Cuento, Novela, Poes\u00eda y Ensayo y para Proyectos Editoriales.<br \/>\nCierre: 15 de mayo<br \/>\n<a href=\"https:\/\/fnartes.gob.ar\/concursos\">Concursos de M\u00fasica y Proyectos Discogr\u00e1ficos<\/a><br \/>\nConcurso de Composici\u00f3n \u00abPremio Juan Carlos Paz\u00bb, de M\u00fasica Popular y para Proyectos Discogr\u00e1ficos.<br \/>\nCierre: 17 de mayo<br \/>\n<a href=\"https:\/\/fnartes.gob.ar\/prestamos\"> Pr\u00e9stamos Pr\u00e9stamos Ventanilla abierta todo el a\u00f1o<\/a><br \/>\n\/Microcr\u00e9ditos<br \/>\nPlazo m\u00e1ximo de reintegro: 60 cuotas mensuales (5 a\u00f1os).<br \/>\nTasa fija: 13% anual.<br \/>\nHasta $ 75.000.<br \/>\n\/Personales<br \/>\nPlazo m\u00e1ximo de reintegro de 84 cuotas mensuales (7 a\u00f1os).<br \/>\nTasa fija del 15% anual.<br \/>\nHasta $ 500.000 pesos.<br \/>\nPr\u00f3ximamente lanzaremos los Pr\u00e9stamos Hipotecarios.<br \/>\n<a href=\"https:\/\/fnartes.gob.ar\/subsidios\">Acompa\u00f1amos proyectos culturales y mejoras de espacios art\u00edsticos <\/a><br \/>\nSubsidios<br \/>\nVentanilla abierta todo el a\u00f1o<br \/>\nPara Asociaciones Civiles, Fundaciones, Cooperativas y Empresas Culturales.<br \/>\nDestinados a:<br \/>\n\/Mejora de Espacios Culturales<br \/>\n\/Proyectos Culturales<br \/>\nSegunda quincena de abril<br \/>\n\/Cooperativas de Teatro y Danza<br \/>\n\/Comunidades Ind\u00edgenas<br \/>\n<a href=\"https:\/\/fnartes.gob.ar\/muestras\/josefina-robirosa-antologica\">Muestra Josefina Robirosa Antol\u00f3gica <\/a><br \/>\n\u00abJosefina Robirosa.<br \/>\nAntol\u00f3gica 1956-1997\u00bb<br \/>\nCurada por Mercedes Casanegra<br \/>\nExposici\u00f3n compuesta por pinturas y dibujos de la reconocida artista.<br \/>\nCierre: 15 de mayo.<br \/>\nCasa Victoria Ocampo.<br \/>\nRufino de Elizalde 2831, CABA.<br \/>\nEntrada libre y gratuita.<br \/>\n<a href=\"https:\/\/fnartes.gob.ar\/novedades\/premios-ganadores-artesvisuales2017\">Se entregaron los premios a los ganadores del Concurso de Artes Visuales<\/a><br \/>\n\u00abUna comunidad imaginada\u00bb<br \/>\nExposici\u00f3n de las obras seleccionadas y premiadas en el concurso de Artes Visuales 2017.<br \/>\nTres categor\u00edas: Pintura\/Dibujo, Escultura\/Objeto y Fotograf\u00eda.<br \/>\nCierre: 29 de abril.<br \/>\nCasa Nacional del Bicentenario.<br \/>\nRiobamba 985, CABA.<br \/>\nEntrada libre y gratuita.<br \/>\n<a title=\"Aplicaciones_Logo-06\" href=\"http:\/\/farm1.staticflickr.com\/807\/39537508640_5dea0ca3d9.jpg\" rel=\"\"><img loading=\"lazy\" decoding=\"async\" class=\"aligncenter\" title=\"Aplicaciones_Logo-06\" src=\"http:\/\/farm1.staticflickr.com\/807\/39537508640_5dea0ca3d9.jpg\" alt=\"Aplicaciones_Logo-06\" width=\"461\" height=\"446\" \/><\/a><br \/>\nContinuamos acerc\u00e1ndonos a los ganadores de las Becas Creaci\u00f3n del FNA de todo el pa\u00eds, a trav\u00e9s de nuestros encuentros interdisciplinarios.<br \/>\n10 de abril Lab CABA en CVO<br \/>\n21 y 22 Lab Patagonia en Bariloche<br \/>\n<a href=\"https:\/\/fnartes.gob.ar\/novedades\/ciclos-cvo-abril-2018\">Arte para todos los gustos<\/a><br \/>\nCiclos en CVO<br \/>\n* Letras: \u00abLiteratura Expandida\u00bb. Performance- Cuarto Intermedio: Gu\u00eda pr\u00e1ctica para audiencias de lesa humanidad<br \/>\nInt\u00e9rpretes: Monica Zwaig y F\u00e9lix Bruzzone<br \/>\nDirecci\u00f3n y video: Juan Schnitman<br \/>\nOperaci\u00f3n t\u00e9cnica: Milo Schnitman<br \/>\n3 funciones: mi\u00e9rcoles 11; jueves 19 y jueves 26 -19.30 h<br \/>\n* Cine: \u00abLos que hacen el cine: diez encuentros con creadores\u00bb. Primera cita \u00abEl maestro y su disc\u00edpulo\u00bb. Di\u00e1logo entre Jos\u00e9 Mart\u00ednez Su\u00e1rez y Juan Jos\u00e9 Campanella<br \/>\nviernes 27 &#8211; 19 h<br \/>\nRufino de Elizalde 2831 &#8211; CABA<br \/>\nEntrada libre gratuita<br \/>\n<b><span class=\"x_m_1217085435612293226m_-2676368786414589478m_-5769714339367201419font-line-height-large\">\/Noticias<\/span><\/b><br \/>\n&nbsp;<br \/>\n<a href=\"https:\/\/fnartes.gob.ar\/novedades\/fondos-municipales-ganadoes-3-de-febrero\">Fondos Municipales de las Artes y la Transformaci\u00f3n Social: se conocieron los ganadores de Tres de Febrero<\/a><br \/>\nFondos Municipales de las Artes y Transformaci\u00f3n Social<br \/>\nSe dieron a conocer los ganadores de esta iniciativa del FNA, programa realizado en el conurbano bonaerense. Estos son los 21 ganadores del FMAyTs en el Municipio de Tres de Febrero.<br \/>\n<a href=\"https:\/\/becar.cultura.gob.ar\/\">Becar Cultura<\/a><\/p>\n<div><span class=\"x_m_1217085435612293226m_-2676368786414589478m_-5769714339367201419font-line-height-xl\">El Ministerio de Cultura de la Naci\u00f3n en alianza con el FNA ofrecen becas completas a artistas de distintas disciplinas para que desarrollen proyectos creativos o de investigaci\u00f3n en el exterior.<\/span><\/div>\n<div><span class=\"x_m_1217085435612293226m_-2676368786414589478m_-5769714339367201419font-line-height-xl\">Informes en inscripci\u00f3n: &lt;a href=\u00bb<a href=\"http:\/\/lt.mydplr.org\/25c5f197ea44c23102d695798d69bcd3-f393fb228cd5e58ad5f0a1f3cf322c0d\" target=\"_blank\" rel=\"noreferrer noopener\">http:\/\/lt.mydplr.org\/25c5f197ea44c23102d695798d69bcd3-f393fb228cd5e58ad5f0a1f3cf322c0d<\/a>\u00bb style=\u00bbtext-decoration:underli<\/span><\/div>\n","protected":false},"excerpt":{"rendered":"<p>Creemos en los que crean \/Pr\u00f3ximas convocatorias<\/p>\n","protected":false},"author":3,"featured_media":0,"comment_status":"closed","ping_status":"open","sticky":false,"template":"","format":"standard","meta":{"footnotes":""},"categories":[35],"tags":[],"class_list":["post-20544","post","type-post","status-publish","format-standard","hentry","category-cultura"],"yoast_head":"<!-- This site is optimized with the Yoast SEO plugin v25.9 - https:\/\/yoast.com\/wordpress\/plugins\/seo\/ -->\n<title>Creemos en los que crean - Noticias Radio Reflejos<\/title>\n<meta name=\"robots\" content=\"index, follow, max-snippet:-1, max-image-preview:large, max-video-preview:-1\" \/>\n<link rel=\"canonical\" href=\"https:\/\/www.noticiasradioreflejos.com.ar\/2021\/creemos-en-los-que-crean\/\" \/>\n<meta property=\"og:locale\" content=\"es_ES\" \/>\n<meta property=\"og:type\" content=\"article\" \/>\n<meta property=\"og:title\" content=\"Creemos en los que crean - Noticias Radio Reflejos\" \/>\n<meta property=\"og:description\" content=\"Creemos en los que crean \/Pr\u00f3ximas convocatorias\" \/>\n<meta property=\"og:url\" content=\"https:\/\/www.noticiasradioreflejos.com.ar\/2021\/creemos-en-los-que-crean\/\" \/>\n<meta property=\"og:site_name\" content=\"Noticias Radio Reflejos\" \/>\n<meta property=\"article:published_time\" content=\"2018-04-09T17:05:53+00:00\" \/>\n<meta property=\"og:image\" content=\"http:\/\/farm1.staticflickr.com\/890\/26474661897_0fd8e765ef.jpg\" \/>\n<meta name=\"author\" content=\"Arnaldo Botto\" \/>\n<meta name=\"twitter:card\" content=\"summary_large_image\" \/>\n<script type=\"application\/ld+json\" class=\"yoast-schema-graph\">{\"@context\":\"https:\/\/schema.org\",\"@graph\":[{\"@type\":\"WebPage\",\"@id\":\"https:\/\/www.noticiasradioreflejos.com.ar\/2021\/creemos-en-los-que-crean\/\",\"url\":\"https:\/\/www.noticiasradioreflejos.com.ar\/2021\/creemos-en-los-que-crean\/\",\"name\":\"Creemos en los que crean - Noticias Radio Reflejos\",\"isPartOf\":{\"@id\":\"https:\/\/www.noticiasradioreflejos.com.ar\/2021\/#website\"},\"primaryImageOfPage\":{\"@id\":\"https:\/\/www.noticiasradioreflejos.com.ar\/2021\/creemos-en-los-que-crean\/#primaryimage\"},\"image\":{\"@id\":\"https:\/\/www.noticiasradioreflejos.com.ar\/2021\/creemos-en-los-que-crean\/#primaryimage\"},\"thumbnailUrl\":\"http:\/\/farm1.staticflickr.com\/890\/26474661897_0fd8e765ef.jpg\",\"datePublished\":\"2018-04-09T17:05:53+00:00\",\"author\":{\"@id\":\"https:\/\/www.noticiasradioreflejos.com.ar\/2021\/#\/schema\/person\/ad82545263dcc5ec0996818884fd5fb1\"},\"breadcrumb\":{\"@id\":\"https:\/\/www.noticiasradioreflejos.com.ar\/2021\/creemos-en-los-que-crean\/#breadcrumb\"},\"inLanguage\":\"es\",\"potentialAction\":[{\"@type\":\"ReadAction\",\"target\":[\"https:\/\/www.noticiasradioreflejos.com.ar\/2021\/creemos-en-los-que-crean\/\"]}]},{\"@type\":\"ImageObject\",\"inLanguage\":\"es\",\"@id\":\"https:\/\/www.noticiasradioreflejos.com.ar\/2021\/creemos-en-los-que-crean\/#primaryimage\",\"url\":\"http:\/\/farm1.staticflickr.com\/890\/26474661897_0fd8e765ef.jpg\",\"contentUrl\":\"http:\/\/farm1.staticflickr.com\/890\/26474661897_0fd8e765ef.jpg\"},{\"@type\":\"BreadcrumbList\",\"@id\":\"https:\/\/www.noticiasradioreflejos.com.ar\/2021\/creemos-en-los-que-crean\/#breadcrumb\",\"itemListElement\":[{\"@type\":\"ListItem\",\"position\":1,\"name\":\"Portada\",\"item\":\"https:\/\/www.noticiasradioreflejos.com.ar\/2021\/\"},{\"@type\":\"ListItem\",\"position\":2,\"name\":\"Creemos en los que crean\"}]},{\"@type\":\"WebSite\",\"@id\":\"https:\/\/www.noticiasradioreflejos.com.ar\/2021\/#website\",\"url\":\"https:\/\/www.noticiasradioreflejos.com.ar\/2021\/\",\"name\":\"Noticias Radio Reflejos\",\"description\":\"Las noticias de mi comarca\",\"potentialAction\":[{\"@type\":\"SearchAction\",\"target\":{\"@type\":\"EntryPoint\",\"urlTemplate\":\"https:\/\/www.noticiasradioreflejos.com.ar\/2021\/?s={search_term_string}\"},\"query-input\":{\"@type\":\"PropertyValueSpecification\",\"valueRequired\":true,\"valueName\":\"search_term_string\"}}],\"inLanguage\":\"es\"},{\"@type\":\"Person\",\"@id\":\"https:\/\/www.noticiasradioreflejos.com.ar\/2021\/#\/schema\/person\/ad82545263dcc5ec0996818884fd5fb1\",\"name\":\"Arnaldo Botto\",\"image\":{\"@type\":\"ImageObject\",\"inLanguage\":\"es\",\"@id\":\"https:\/\/www.noticiasradioreflejos.com.ar\/2021\/#\/schema\/person\/image\/\",\"url\":\"https:\/\/secure.gravatar.com\/avatar\/55cb5e37c1efa326397366e6974cb338056df65cb50e7d64d1cf314e87504837?s=96&d=mm&r=g\",\"contentUrl\":\"https:\/\/secure.gravatar.com\/avatar\/55cb5e37c1efa326397366e6974cb338056df65cb50e7d64d1cf314e87504837?s=96&d=mm&r=g\",\"caption\":\"Arnaldo Botto\"},\"url\":\"https:\/\/www.noticiasradioreflejos.com.ar\/2021\/author\/arnaldo\/\"}]}<\/script>\n<!-- \/ Yoast SEO plugin. -->","yoast_head_json":{"title":"Creemos en los que crean - Noticias Radio Reflejos","robots":{"index":"index","follow":"follow","max-snippet":"max-snippet:-1","max-image-preview":"max-image-preview:large","max-video-preview":"max-video-preview:-1"},"canonical":"https:\/\/www.noticiasradioreflejos.com.ar\/2021\/creemos-en-los-que-crean\/","og_locale":"es_ES","og_type":"article","og_title":"Creemos en los que crean - Noticias Radio Reflejos","og_description":"Creemos en los que crean \/Pr\u00f3ximas convocatorias","og_url":"https:\/\/www.noticiasradioreflejos.com.ar\/2021\/creemos-en-los-que-crean\/","og_site_name":"Noticias Radio Reflejos","article_published_time":"2018-04-09T17:05:53+00:00","og_image":[{"url":"http:\/\/farm1.staticflickr.com\/890\/26474661897_0fd8e765ef.jpg","type":"","width":"","height":""}],"author":"Arnaldo Botto","twitter_card":"summary_large_image","schema":{"@context":"https:\/\/schema.org","@graph":[{"@type":"WebPage","@id":"https:\/\/www.noticiasradioreflejos.com.ar\/2021\/creemos-en-los-que-crean\/","url":"https:\/\/www.noticiasradioreflejos.com.ar\/2021\/creemos-en-los-que-crean\/","name":"Creemos en los que crean - Noticias Radio Reflejos","isPartOf":{"@id":"https:\/\/www.noticiasradioreflejos.com.ar\/2021\/#website"},"primaryImageOfPage":{"@id":"https:\/\/www.noticiasradioreflejos.com.ar\/2021\/creemos-en-los-que-crean\/#primaryimage"},"image":{"@id":"https:\/\/www.noticiasradioreflejos.com.ar\/2021\/creemos-en-los-que-crean\/#primaryimage"},"thumbnailUrl":"http:\/\/farm1.staticflickr.com\/890\/26474661897_0fd8e765ef.jpg","datePublished":"2018-04-09T17:05:53+00:00","author":{"@id":"https:\/\/www.noticiasradioreflejos.com.ar\/2021\/#\/schema\/person\/ad82545263dcc5ec0996818884fd5fb1"},"breadcrumb":{"@id":"https:\/\/www.noticiasradioreflejos.com.ar\/2021\/creemos-en-los-que-crean\/#breadcrumb"},"inLanguage":"es","potentialAction":[{"@type":"ReadAction","target":["https:\/\/www.noticiasradioreflejos.com.ar\/2021\/creemos-en-los-que-crean\/"]}]},{"@type":"ImageObject","inLanguage":"es","@id":"https:\/\/www.noticiasradioreflejos.com.ar\/2021\/creemos-en-los-que-crean\/#primaryimage","url":"http:\/\/farm1.staticflickr.com\/890\/26474661897_0fd8e765ef.jpg","contentUrl":"http:\/\/farm1.staticflickr.com\/890\/26474661897_0fd8e765ef.jpg"},{"@type":"BreadcrumbList","@id":"https:\/\/www.noticiasradioreflejos.com.ar\/2021\/creemos-en-los-que-crean\/#breadcrumb","itemListElement":[{"@type":"ListItem","position":1,"name":"Portada","item":"https:\/\/www.noticiasradioreflejos.com.ar\/2021\/"},{"@type":"ListItem","position":2,"name":"Creemos en los que crean"}]},{"@type":"WebSite","@id":"https:\/\/www.noticiasradioreflejos.com.ar\/2021\/#website","url":"https:\/\/www.noticiasradioreflejos.com.ar\/2021\/","name":"Noticias Radio Reflejos","description":"Las noticias de mi comarca","potentialAction":[{"@type":"SearchAction","target":{"@type":"EntryPoint","urlTemplate":"https:\/\/www.noticiasradioreflejos.com.ar\/2021\/?s={search_term_string}"},"query-input":{"@type":"PropertyValueSpecification","valueRequired":true,"valueName":"search_term_string"}}],"inLanguage":"es"},{"@type":"Person","@id":"https:\/\/www.noticiasradioreflejos.com.ar\/2021\/#\/schema\/person\/ad82545263dcc5ec0996818884fd5fb1","name":"Arnaldo Botto","image":{"@type":"ImageObject","inLanguage":"es","@id":"https:\/\/www.noticiasradioreflejos.com.ar\/2021\/#\/schema\/person\/image\/","url":"https:\/\/secure.gravatar.com\/avatar\/55cb5e37c1efa326397366e6974cb338056df65cb50e7d64d1cf314e87504837?s=96&d=mm&r=g","contentUrl":"https:\/\/secure.gravatar.com\/avatar\/55cb5e37c1efa326397366e6974cb338056df65cb50e7d64d1cf314e87504837?s=96&d=mm&r=g","caption":"Arnaldo Botto"},"url":"https:\/\/www.noticiasradioreflejos.com.ar\/2021\/author\/arnaldo\/"}]}},"_links":{"self":[{"href":"https:\/\/www.noticiasradioreflejos.com.ar\/2021\/wp-json\/wp\/v2\/posts\/20544","targetHints":{"allow":["GET"]}}],"collection":[{"href":"https:\/\/www.noticiasradioreflejos.com.ar\/2021\/wp-json\/wp\/v2\/posts"}],"about":[{"href":"https:\/\/www.noticiasradioreflejos.com.ar\/2021\/wp-json\/wp\/v2\/types\/post"}],"author":[{"embeddable":true,"href":"https:\/\/www.noticiasradioreflejos.com.ar\/2021\/wp-json\/wp\/v2\/users\/3"}],"replies":[{"embeddable":true,"href":"https:\/\/www.noticiasradioreflejos.com.ar\/2021\/wp-json\/wp\/v2\/comments?post=20544"}],"version-history":[{"count":0,"href":"https:\/\/www.noticiasradioreflejos.com.ar\/2021\/wp-json\/wp\/v2\/posts\/20544\/revisions"}],"wp:attachment":[{"href":"https:\/\/www.noticiasradioreflejos.com.ar\/2021\/wp-json\/wp\/v2\/media?parent=20544"}],"wp:term":[{"taxonomy":"category","embeddable":true,"href":"https:\/\/www.noticiasradioreflejos.com.ar\/2021\/wp-json\/wp\/v2\/categories?post=20544"},{"taxonomy":"post_tag","embeddable":true,"href":"https:\/\/www.noticiasradioreflejos.com.ar\/2021\/wp-json\/wp\/v2\/tags?post=20544"}],"curies":[{"name":"wp","href":"https:\/\/api.w.org\/{rel}","templated":true}]}}