{"id":20535,"date":"2018-04-09T09:13:31","date_gmt":"2018-04-09T12:13:31","guid":{"rendered":"http:\/\/www.noticiasradioreflejos.com.ar\/noticias\/?p=20535"},"modified":"2018-04-09T09:13:31","modified_gmt":"2018-04-09T12:13:31","slug":"atletico-ventana-empato-frente-al-lomo-negro","status":"publish","type":"post","link":"https:\/\/www.noticiasradioreflejos.com.ar\/2021\/atletico-ventana-empato-frente-al-lomo-negro\/","title":{"rendered":"Atl\u00e9tico Ventana empat\u00f3 frente al &quot;Lomo Negro&quot;"},"content":{"rendered":"<p><a title=\"30415332_1938704589475281_1575081059970711552_n\" href=\"http:\/\/farm1.staticflickr.com\/876\/39531502880_2f5c2068fe_s.jpg\" rel=\"\"><img loading=\"lazy\" decoding=\"async\" class=\"alignleft\" style=\"float: left;\" title=\"30415332_1938704589475281_1575081059970711552_n\" src=\"http:\/\/farm1.staticflickr.com\/876\/39531502880_2f5c2068fe.jpg\" alt=\"30415332_1938704589475281_1575081059970711552_n\" width=\"370\" height=\"500\" \/><\/a>Se jug\u00f3 la tercera fecha del campeonato de F\u00fatbol Regional y en Sierra de la Ventana, Atl\u00e9tico igual\u00f3 1 a 1 con Independiente. En cancha de Almaceneros, el local se impuso por la m\u00ednima y es \u00fanico puntero de la zona en Pringles.<!--more--><br \/>\nCon el gol de Gianfranco Romero, de cabeza y sobre el final del partido, Almaceneros pudo vencer a Alumni por 1 a 0 y quedarse como \u00fanico l\u00edder de la Ligas.<br \/>\nAlem tampoco pudo con Pelota y fue 2 a 2 en el Tel\u00e9sforo Subijana.<br \/>\n<strong>Los resultados de la fecha futbol\u00edstica<\/strong><br \/>\nAlmaceneros 1 Vs. Alumni 0<br \/>\nGol: Gianfranco Romero (Alma).<br \/>\nExpulsados: Hern\u00e1n Heim (Alu).<br \/>\nLN Alem 2 Vs. Club de Pelota 2<br \/>\nGoles: Guillermo Irastorza, Marcos Daniele (LNA); Mariano Young, Tom\u00e1s Guti\u00e9rrez de penal (CdP).<br \/>\nIncidencias: Guillermo Irastorza err\u00f3 penal (LNA).<br \/>\nAtl\u00e9tico Ventana 1 Vs. Independiente 1<br \/>\nGoles: Ariel Esp\u00ednola (AV); Gino Peretti (I).<br \/>\n<a title=\"30442495_1938707552808318_7986845205670133760_n\" href=\"http:\/\/farm1.staticflickr.com\/866\/39531502770_c700ef6306.jpg\" rel=\"\"><img loading=\"lazy\" decoding=\"async\" class=\"aligncenter\" title=\"30442495_1938707552808318_7986845205670133760_n\" src=\"http:\/\/farm1.staticflickr.com\/866\/39531502770_c700ef6306.jpg\" alt=\"30442495_1938707552808318_7986845205670133760_n\" width=\"500\" height=\"500\" \/><\/a><br \/>\nRESERVA<br \/>\nAlmaceneros 9 Vs. Alumni 1<br \/>\nGoles: David Haderne -3, Facundo Cuevas -2 (uno de penal), Franco Barrag\u00e1n -2, Emanuel Cardozo, Brian Montenegro (Alam); Alejandro Gacomasso de penal (Alu).<br \/>\nLN Alem 3 Vs. Club de Pelota 1<br \/>\nGoles: Federico Pellegrino, Walter Correa, Juan Ahumada (LNA); Franco Bajeneta (CdP).<br \/>\nAtl\u00e9tico Ventana 0 Vs. Independiente 0<br \/>\nExpulsados: Santiago Quiroga (I).<br \/>\n<a title=\"talba pringles\" href=\"http:\/\/farm1.staticflickr.com\/895\/27468611878_f44cb71664_s.jpg\" rel=\"\"><img loading=\"lazy\" decoding=\"async\" class=\"aligncenter\" title=\"talba pringles\" src=\"http:\/\/farm1.staticflickr.com\/895\/27468611878_f44cb71664.jpg\" alt=\"talba pringles\" width=\"409\" height=\"350\" \/><\/a><br \/>\nLo que viene<br \/>\nSer\u00e1 la 4\u00ba Fecha con este programa de partidos<br \/>\nAtl\u00e9tico Ventana Vs. Sportivo Pringles<br \/>\nIndependiente Vs. LN Alem<br \/>\nClub de Pelota Vs. Almaceneros<br \/>\nAlumni Vs. Divisorio<br \/>\n<strong>Fuente: El Diario de Pringles<\/strong><br \/>\n<strong>Fotos de Emilce Seguetta<\/strong><br \/>\n&nbsp;<\/p>\n","protected":false},"excerpt":{"rendered":"<p>Se jug\u00f3 la tercera fecha del campeonato de F\u00fatbol Regional y en Sierra de la Ventana, Atl\u00e9tico igual\u00f3 1 a 1 con Independiente. En cancha de Almaceneros, el local se impuso por la m\u00ednima y es \u00fanico puntero de la zona en Pringles.<\/p>\n","protected":false},"author":3,"featured_media":0,"comment_status":"closed","ping_status":"open","sticky":false,"template":"","format":"standard","meta":{"footnotes":""},"categories":[27],"tags":[],"class_list":["post-20535","post","type-post","status-publish","format-standard","hentry","category-deportes"],"yoast_head":"<!-- This site is optimized with the Yoast SEO plugin v25.9 - https:\/\/yoast.com\/wordpress\/plugins\/seo\/ -->\n<title>Atl\u00e9tico Ventana empat\u00f3 frente al &quot;Lomo Negro&quot; - Noticias Radio Reflejos<\/title>\n<meta name=\"robots\" content=\"index, follow, max-snippet:-1, max-image-preview:large, max-video-preview:-1\" \/>\n<link rel=\"canonical\" href=\"https:\/\/www.noticiasradioreflejos.com.ar\/2021\/atletico-ventana-empato-frente-al-lomo-negro\/\" \/>\n<meta property=\"og:locale\" content=\"es_ES\" \/>\n<meta property=\"og:type\" content=\"article\" \/>\n<meta property=\"og:title\" content=\"Atl\u00e9tico Ventana empat\u00f3 frente al &quot;Lomo Negro&quot; - Noticias Radio Reflejos\" \/>\n<meta property=\"og:description\" content=\"Se jug\u00f3 la tercera fecha del campeonato de F\u00fatbol Regional y en Sierra de la Ventana, Atl\u00e9tico igual\u00f3 1 a 1 con Independiente. En cancha de Almaceneros, el local se impuso por la m\u00ednima y es \u00fanico puntero de la zona en Pringles.\" \/>\n<meta property=\"og:url\" content=\"https:\/\/www.noticiasradioreflejos.com.ar\/2021\/atletico-ventana-empato-frente-al-lomo-negro\/\" \/>\n<meta property=\"og:site_name\" content=\"Noticias Radio Reflejos\" \/>\n<meta property=\"article:published_time\" content=\"2018-04-09T12:13:31+00:00\" \/>\n<meta property=\"og:image\" content=\"http:\/\/farm1.staticflickr.com\/876\/39531502880_2f5c2068fe.jpg\" \/>\n<meta name=\"author\" content=\"Arnaldo Botto\" \/>\n<meta name=\"twitter:card\" content=\"summary_large_image\" \/>\n<script type=\"application\/ld+json\" class=\"yoast-schema-graph\">{\"@context\":\"https:\/\/schema.org\",\"@graph\":[{\"@type\":\"WebPage\",\"@id\":\"https:\/\/www.noticiasradioreflejos.com.ar\/2021\/atletico-ventana-empato-frente-al-lomo-negro\/\",\"url\":\"https:\/\/www.noticiasradioreflejos.com.ar\/2021\/atletico-ventana-empato-frente-al-lomo-negro\/\",\"name\":\"Atl\u00e9tico Ventana empat\u00f3 frente al &quot;Lomo Negro&quot; - Noticias Radio Reflejos\",\"isPartOf\":{\"@id\":\"https:\/\/www.noticiasradioreflejos.com.ar\/2021\/#website\"},\"primaryImageOfPage\":{\"@id\":\"https:\/\/www.noticiasradioreflejos.com.ar\/2021\/atletico-ventana-empato-frente-al-lomo-negro\/#primaryimage\"},\"image\":{\"@id\":\"https:\/\/www.noticiasradioreflejos.com.ar\/2021\/atletico-ventana-empato-frente-al-lomo-negro\/#primaryimage\"},\"thumbnailUrl\":\"http:\/\/farm1.staticflickr.com\/876\/39531502880_2f5c2068fe.jpg\",\"datePublished\":\"2018-04-09T12:13:31+00:00\",\"author\":{\"@id\":\"https:\/\/www.noticiasradioreflejos.com.ar\/2021\/#\/schema\/person\/ad82545263dcc5ec0996818884fd5fb1\"},\"breadcrumb\":{\"@id\":\"https:\/\/www.noticiasradioreflejos.com.ar\/2021\/atletico-ventana-empato-frente-al-lomo-negro\/#breadcrumb\"},\"inLanguage\":\"es\",\"potentialAction\":[{\"@type\":\"ReadAction\",\"target\":[\"https:\/\/www.noticiasradioreflejos.com.ar\/2021\/atletico-ventana-empato-frente-al-lomo-negro\/\"]}]},{\"@type\":\"ImageObject\",\"inLanguage\":\"es\",\"@id\":\"https:\/\/www.noticiasradioreflejos.com.ar\/2021\/atletico-ventana-empato-frente-al-lomo-negro\/#primaryimage\",\"url\":\"http:\/\/farm1.staticflickr.com\/876\/39531502880_2f5c2068fe.jpg\",\"contentUrl\":\"http:\/\/farm1.staticflickr.com\/876\/39531502880_2f5c2068fe.jpg\"},{\"@type\":\"BreadcrumbList\",\"@id\":\"https:\/\/www.noticiasradioreflejos.com.ar\/2021\/atletico-ventana-empato-frente-al-lomo-negro\/#breadcrumb\",\"itemListElement\":[{\"@type\":\"ListItem\",\"position\":1,\"name\":\"Portada\",\"item\":\"https:\/\/www.noticiasradioreflejos.com.ar\/2021\/\"},{\"@type\":\"ListItem\",\"position\":2,\"name\":\"Atl\u00e9tico Ventana empat\u00f3 frente al &quot;Lomo Negro&quot;\"}]},{\"@type\":\"WebSite\",\"@id\":\"https:\/\/www.noticiasradioreflejos.com.ar\/2021\/#website\",\"url\":\"https:\/\/www.noticiasradioreflejos.com.ar\/2021\/\",\"name\":\"Noticias Radio Reflejos\",\"description\":\"Las noticias de mi comarca\",\"potentialAction\":[{\"@type\":\"SearchAction\",\"target\":{\"@type\":\"EntryPoint\",\"urlTemplate\":\"https:\/\/www.noticiasradioreflejos.com.ar\/2021\/?s={search_term_string}\"},\"query-input\":{\"@type\":\"PropertyValueSpecification\",\"valueRequired\":true,\"valueName\":\"search_term_string\"}}],\"inLanguage\":\"es\"},{\"@type\":\"Person\",\"@id\":\"https:\/\/www.noticiasradioreflejos.com.ar\/2021\/#\/schema\/person\/ad82545263dcc5ec0996818884fd5fb1\",\"name\":\"Arnaldo Botto\",\"image\":{\"@type\":\"ImageObject\",\"inLanguage\":\"es\",\"@id\":\"https:\/\/www.noticiasradioreflejos.com.ar\/2021\/#\/schema\/person\/image\/\",\"url\":\"https:\/\/secure.gravatar.com\/avatar\/55cb5e37c1efa326397366e6974cb338056df65cb50e7d64d1cf314e87504837?s=96&d=mm&r=g\",\"contentUrl\":\"https:\/\/secure.gravatar.com\/avatar\/55cb5e37c1efa326397366e6974cb338056df65cb50e7d64d1cf314e87504837?s=96&d=mm&r=g\",\"caption\":\"Arnaldo Botto\"},\"url\":\"https:\/\/www.noticiasradioreflejos.com.ar\/2021\/author\/arnaldo\/\"}]}<\/script>\n<!-- \/ Yoast SEO plugin. -->","yoast_head_json":{"title":"Atl\u00e9tico Ventana empat\u00f3 frente al &quot;Lomo Negro&quot; - Noticias Radio Reflejos","robots":{"index":"index","follow":"follow","max-snippet":"max-snippet:-1","max-image-preview":"max-image-preview:large","max-video-preview":"max-video-preview:-1"},"canonical":"https:\/\/www.noticiasradioreflejos.com.ar\/2021\/atletico-ventana-empato-frente-al-lomo-negro\/","og_locale":"es_ES","og_type":"article","og_title":"Atl\u00e9tico Ventana empat\u00f3 frente al &quot;Lomo Negro&quot; - Noticias Radio Reflejos","og_description":"Se jug\u00f3 la tercera fecha del campeonato de F\u00fatbol Regional y en Sierra de la Ventana, Atl\u00e9tico igual\u00f3 1 a 1 con Independiente. En cancha de Almaceneros, el local se impuso por la m\u00ednima y es \u00fanico puntero de la zona en Pringles.","og_url":"https:\/\/www.noticiasradioreflejos.com.ar\/2021\/atletico-ventana-empato-frente-al-lomo-negro\/","og_site_name":"Noticias Radio Reflejos","article_published_time":"2018-04-09T12:13:31+00:00","og_image":[{"url":"http:\/\/farm1.staticflickr.com\/876\/39531502880_2f5c2068fe.jpg","type":"","width":"","height":""}],"author":"Arnaldo Botto","twitter_card":"summary_large_image","schema":{"@context":"https:\/\/schema.org","@graph":[{"@type":"WebPage","@id":"https:\/\/www.noticiasradioreflejos.com.ar\/2021\/atletico-ventana-empato-frente-al-lomo-negro\/","url":"https:\/\/www.noticiasradioreflejos.com.ar\/2021\/atletico-ventana-empato-frente-al-lomo-negro\/","name":"Atl\u00e9tico Ventana empat\u00f3 frente al &quot;Lomo Negro&quot; - Noticias Radio Reflejos","isPartOf":{"@id":"https:\/\/www.noticiasradioreflejos.com.ar\/2021\/#website"},"primaryImageOfPage":{"@id":"https:\/\/www.noticiasradioreflejos.com.ar\/2021\/atletico-ventana-empato-frente-al-lomo-negro\/#primaryimage"},"image":{"@id":"https:\/\/www.noticiasradioreflejos.com.ar\/2021\/atletico-ventana-empato-frente-al-lomo-negro\/#primaryimage"},"thumbnailUrl":"http:\/\/farm1.staticflickr.com\/876\/39531502880_2f5c2068fe.jpg","datePublished":"2018-04-09T12:13:31+00:00","author":{"@id":"https:\/\/www.noticiasradioreflejos.com.ar\/2021\/#\/schema\/person\/ad82545263dcc5ec0996818884fd5fb1"},"breadcrumb":{"@id":"https:\/\/www.noticiasradioreflejos.com.ar\/2021\/atletico-ventana-empato-frente-al-lomo-negro\/#breadcrumb"},"inLanguage":"es","potentialAction":[{"@type":"ReadAction","target":["https:\/\/www.noticiasradioreflejos.com.ar\/2021\/atletico-ventana-empato-frente-al-lomo-negro\/"]}]},{"@type":"ImageObject","inLanguage":"es","@id":"https:\/\/www.noticiasradioreflejos.com.ar\/2021\/atletico-ventana-empato-frente-al-lomo-negro\/#primaryimage","url":"http:\/\/farm1.staticflickr.com\/876\/39531502880_2f5c2068fe.jpg","contentUrl":"http:\/\/farm1.staticflickr.com\/876\/39531502880_2f5c2068fe.jpg"},{"@type":"BreadcrumbList","@id":"https:\/\/www.noticiasradioreflejos.com.ar\/2021\/atletico-ventana-empato-frente-al-lomo-negro\/#breadcrumb","itemListElement":[{"@type":"ListItem","position":1,"name":"Portada","item":"https:\/\/www.noticiasradioreflejos.com.ar\/2021\/"},{"@type":"ListItem","position":2,"name":"Atl\u00e9tico Ventana empat\u00f3 frente al &quot;Lomo Negro&quot;"}]},{"@type":"WebSite","@id":"https:\/\/www.noticiasradioreflejos.com.ar\/2021\/#website","url":"https:\/\/www.noticiasradioreflejos.com.ar\/2021\/","name":"Noticias Radio Reflejos","description":"Las noticias de mi comarca","potentialAction":[{"@type":"SearchAction","target":{"@type":"EntryPoint","urlTemplate":"https:\/\/www.noticiasradioreflejos.com.ar\/2021\/?s={search_term_string}"},"query-input":{"@type":"PropertyValueSpecification","valueRequired":true,"valueName":"search_term_string"}}],"inLanguage":"es"},{"@type":"Person","@id":"https:\/\/www.noticiasradioreflejos.com.ar\/2021\/#\/schema\/person\/ad82545263dcc5ec0996818884fd5fb1","name":"Arnaldo Botto","image":{"@type":"ImageObject","inLanguage":"es","@id":"https:\/\/www.noticiasradioreflejos.com.ar\/2021\/#\/schema\/person\/image\/","url":"https:\/\/secure.gravatar.com\/avatar\/55cb5e37c1efa326397366e6974cb338056df65cb50e7d64d1cf314e87504837?s=96&d=mm&r=g","contentUrl":"https:\/\/secure.gravatar.com\/avatar\/55cb5e37c1efa326397366e6974cb338056df65cb50e7d64d1cf314e87504837?s=96&d=mm&r=g","caption":"Arnaldo Botto"},"url":"https:\/\/www.noticiasradioreflejos.com.ar\/2021\/author\/arnaldo\/"}]}},"_links":{"self":[{"href":"https:\/\/www.noticiasradioreflejos.com.ar\/2021\/wp-json\/wp\/v2\/posts\/20535","targetHints":{"allow":["GET"]}}],"collection":[{"href":"https:\/\/www.noticiasradioreflejos.com.ar\/2021\/wp-json\/wp\/v2\/posts"}],"about":[{"href":"https:\/\/www.noticiasradioreflejos.com.ar\/2021\/wp-json\/wp\/v2\/types\/post"}],"author":[{"embeddable":true,"href":"https:\/\/www.noticiasradioreflejos.com.ar\/2021\/wp-json\/wp\/v2\/users\/3"}],"replies":[{"embeddable":true,"href":"https:\/\/www.noticiasradioreflejos.com.ar\/2021\/wp-json\/wp\/v2\/comments?post=20535"}],"version-history":[{"count":0,"href":"https:\/\/www.noticiasradioreflejos.com.ar\/2021\/wp-json\/wp\/v2\/posts\/20535\/revisions"}],"wp:attachment":[{"href":"https:\/\/www.noticiasradioreflejos.com.ar\/2021\/wp-json\/wp\/v2\/media?parent=20535"}],"wp:term":[{"taxonomy":"category","embeddable":true,"href":"https:\/\/www.noticiasradioreflejos.com.ar\/2021\/wp-json\/wp\/v2\/categories?post=20535"},{"taxonomy":"post_tag","embeddable":true,"href":"https:\/\/www.noticiasradioreflejos.com.ar\/2021\/wp-json\/wp\/v2\/tags?post=20535"}],"curies":[{"name":"wp","href":"https:\/\/api.w.org\/{rel}","templated":true}]}}