{"id":20504,"date":"2018-04-06T21:36:50","date_gmt":"2018-04-07T00:36:50","guid":{"rendered":"http:\/\/www.noticiasradioreflejos.com.ar\/noticias\/?p=20504"},"modified":"2018-04-06T21:36:50","modified_gmt":"2018-04-07T00:36:50","slug":"la-escuela-tecnica-de-tornquist-andara-en-un-auto-solar","status":"publish","type":"post","link":"https:\/\/www.noticiasradioreflejos.com.ar\/2021\/la-escuela-tecnica-de-tornquist-andara-en-un-auto-solar\/","title":{"rendered":"La Escuela T\u00e9cnica de Tornquist andar\u00e1 en un auto solar."},"content":{"rendered":"<p>Durante la emisi\u00f3n del Micro Tiempo Educativo, en nuestro programa Un Mate y un Caf\u00e9 mantuvimos una entrevista con el director de la escuela t\u00e9cnica N\u00aa 1 de Tornquist, profesor Luis Quintana, para interiorizarnos sobre la realizaci\u00f3n y puesta en marcha de un calentador de agua y cargadores de celulares solares en la localidad de Sierra de la Ventana.<br \/>\nAdem\u00e1s de valorizar la puesta en funcionamiento de este importante emprendimiento que significa un servicio y una mejora para los ciudadanos de la localidad y especialmente para turistas; el director del establecimiento educativo profundiz\u00f3 los aspectos educativos, sociales y culturales que buscan integrar a toda la comunidad educativa en un continuo aprendizaje en servicio.<!--more--><br \/>\nPRIMICIA DE AUTO SOLAR<br \/>\nDurante la entrevista nos comparti\u00f3 un proyecto para la realizaci\u00f3n de un autom\u00f3vil 100 % el\u00e9ctrico, que ser\u00e1 alimentado con energ\u00eda convencional y solar. La nueva iniciativa implica un desaf\u00edo mayor para la comunidad educativa de la escuela t\u00e9cnica y ser\u00e1 desarrollado a partir del presente ciclo lectivo.<br \/>\nPara tal fin la escuela ya cuenta con un autom\u00f3vil donado por uno de los padres de la escuela y adem\u00e1s tambi\u00e9n el proyecto cuenta con la posibilidad de la realizaci\u00f3n de un prototipo construido totalmente en la escuela t\u00e9cnica N\u00aa1 de Tornquist. La realizaci\u00f3n del proyecto comienza el presente a\u00f1o -con un auto FIAT 125- y para la realizaci\u00f3n de todo el proyecto se tiene estipulado un plazo de tres a\u00f1os.<br \/>\nCon proyectos como este la \u201cjoven\u201d escuela t\u00e9cnica N\u00aa 1 de Tornquist se propone ser cada d\u00eda una plataforma de real transformaci\u00f3n para sus estudiantes y para la regi\u00f3n donde desarrolla sus actividades.<br \/>\nEl audio de la nota completa<br \/>\n<iframe loading=\"lazy\" width=\"100%\" height=\"166\" scrolling=\"no\" frameborder=\"no\" allow=\"autoplay\" src=\"https:\/\/w.soundcloud.com\/player\/?url=https%3A\/\/api.soundcloud.com\/tracks\/425726847&#038;color=%23ff5500&#038;auto_play=false&#038;hide_related=false&#038;show_comments=true&#038;show_user=true&#038;show_reposts=false&#038;show_teaser=true\"><\/iframe><\/p>\n","protected":false},"excerpt":{"rendered":"<p>Durante la emisi\u00f3n del Micro Tiempo Educativo, en nuestro programa Un Mate y un Caf\u00e9 mantuvimos una entrevista con el director de la escuela t\u00e9cnica N\u00aa 1 de Tornquist, profesor Luis Quintana, para interiorizarnos sobre la realizaci\u00f3n y puesta en marcha de un calentador de agua y cargadores de celulares solares en la localidad de [&hellip;]<\/p>\n","protected":false},"author":3,"featured_media":0,"comment_status":"closed","ping_status":"open","sticky":false,"template":"","format":"standard","meta":{"footnotes":""},"categories":[34],"tags":[],"class_list":["post-20504","post","type-post","status-publish","format-standard","hentry","category-educacion"],"yoast_head":"<!-- This site is optimized with the Yoast SEO plugin v25.9 - https:\/\/yoast.com\/wordpress\/plugins\/seo\/ -->\n<title>La Escuela T\u00e9cnica de Tornquist andar\u00e1 en un auto solar. - Noticias Radio Reflejos<\/title>\n<meta name=\"robots\" content=\"index, follow, max-snippet:-1, max-image-preview:large, max-video-preview:-1\" \/>\n<link rel=\"canonical\" href=\"https:\/\/www.noticiasradioreflejos.com.ar\/2021\/la-escuela-tecnica-de-tornquist-andara-en-un-auto-solar\/\" \/>\n<meta property=\"og:locale\" content=\"es_ES\" \/>\n<meta property=\"og:type\" content=\"article\" \/>\n<meta property=\"og:title\" content=\"La Escuela T\u00e9cnica de Tornquist andar\u00e1 en un auto solar. - Noticias Radio Reflejos\" \/>\n<meta property=\"og:description\" content=\"Durante la emisi\u00f3n del Micro Tiempo Educativo, en nuestro programa Un Mate y un Caf\u00e9 mantuvimos una entrevista con el director de la escuela t\u00e9cnica N\u00aa 1 de Tornquist, profesor Luis Quintana, para interiorizarnos sobre la realizaci\u00f3n y puesta en marcha de un calentador de agua y cargadores de celulares solares en la localidad de [&hellip;]\" \/>\n<meta property=\"og:url\" content=\"https:\/\/www.noticiasradioreflejos.com.ar\/2021\/la-escuela-tecnica-de-tornquist-andara-en-un-auto-solar\/\" \/>\n<meta property=\"og:site_name\" content=\"Noticias Radio Reflejos\" \/>\n<meta property=\"article:published_time\" content=\"2018-04-07T00:36:50+00:00\" \/>\n<meta property=\"og:image\" content=\"https:\/\/www.noticiasradioreflejos.com.ar\/2021\/wp-content\/uploads\/2021\/07\/logosol300x200.png\" \/>\n\t<meta property=\"og:image:width\" content=\"300\" \/>\n\t<meta property=\"og:image:height\" content=\"200\" \/>\n\t<meta property=\"og:image:type\" content=\"image\/png\" \/>\n<meta name=\"author\" content=\"Arnaldo Botto\" \/>\n<meta name=\"twitter:card\" content=\"summary_large_image\" \/>\n<script type=\"application\/ld+json\" class=\"yoast-schema-graph\">{\"@context\":\"https:\/\/schema.org\",\"@graph\":[{\"@type\":\"WebPage\",\"@id\":\"https:\/\/www.noticiasradioreflejos.com.ar\/2021\/la-escuela-tecnica-de-tornquist-andara-en-un-auto-solar\/\",\"url\":\"https:\/\/www.noticiasradioreflejos.com.ar\/2021\/la-escuela-tecnica-de-tornquist-andara-en-un-auto-solar\/\",\"name\":\"La Escuela T\u00e9cnica de Tornquist andar\u00e1 en un auto solar. - Noticias Radio Reflejos\",\"isPartOf\":{\"@id\":\"https:\/\/www.noticiasradioreflejos.com.ar\/2021\/#website\"},\"datePublished\":\"2018-04-07T00:36:50+00:00\",\"author\":{\"@id\":\"https:\/\/www.noticiasradioreflejos.com.ar\/2021\/#\/schema\/person\/ad82545263dcc5ec0996818884fd5fb1\"},\"breadcrumb\":{\"@id\":\"https:\/\/www.noticiasradioreflejos.com.ar\/2021\/la-escuela-tecnica-de-tornquist-andara-en-un-auto-solar\/#breadcrumb\"},\"inLanguage\":\"es\",\"potentialAction\":[{\"@type\":\"ReadAction\",\"target\":[\"https:\/\/www.noticiasradioreflejos.com.ar\/2021\/la-escuela-tecnica-de-tornquist-andara-en-un-auto-solar\/\"]}]},{\"@type\":\"BreadcrumbList\",\"@id\":\"https:\/\/www.noticiasradioreflejos.com.ar\/2021\/la-escuela-tecnica-de-tornquist-andara-en-un-auto-solar\/#breadcrumb\",\"itemListElement\":[{\"@type\":\"ListItem\",\"position\":1,\"name\":\"Portada\",\"item\":\"https:\/\/www.noticiasradioreflejos.com.ar\/2021\/\"},{\"@type\":\"ListItem\",\"position\":2,\"name\":\"La Escuela T\u00e9cnica de Tornquist andar\u00e1 en un auto solar.\"}]},{\"@type\":\"WebSite\",\"@id\":\"https:\/\/www.noticiasradioreflejos.com.ar\/2021\/#website\",\"url\":\"https:\/\/www.noticiasradioreflejos.com.ar\/2021\/\",\"name\":\"Noticias Radio Reflejos\",\"description\":\"Las noticias de mi comarca\",\"potentialAction\":[{\"@type\":\"SearchAction\",\"target\":{\"@type\":\"EntryPoint\",\"urlTemplate\":\"https:\/\/www.noticiasradioreflejos.com.ar\/2021\/?s={search_term_string}\"},\"query-input\":{\"@type\":\"PropertyValueSpecification\",\"valueRequired\":true,\"valueName\":\"search_term_string\"}}],\"inLanguage\":\"es\"},{\"@type\":\"Person\",\"@id\":\"https:\/\/www.noticiasradioreflejos.com.ar\/2021\/#\/schema\/person\/ad82545263dcc5ec0996818884fd5fb1\",\"name\":\"Arnaldo Botto\",\"image\":{\"@type\":\"ImageObject\",\"inLanguage\":\"es\",\"@id\":\"https:\/\/www.noticiasradioreflejos.com.ar\/2021\/#\/schema\/person\/image\/\",\"url\":\"https:\/\/secure.gravatar.com\/avatar\/55cb5e37c1efa326397366e6974cb338056df65cb50e7d64d1cf314e87504837?s=96&d=mm&r=g\",\"contentUrl\":\"https:\/\/secure.gravatar.com\/avatar\/55cb5e37c1efa326397366e6974cb338056df65cb50e7d64d1cf314e87504837?s=96&d=mm&r=g\",\"caption\":\"Arnaldo Botto\"},\"url\":\"https:\/\/www.noticiasradioreflejos.com.ar\/2021\/author\/arnaldo\/\"}]}<\/script>\n<!-- \/ Yoast SEO plugin. -->","yoast_head_json":{"title":"La Escuela T\u00e9cnica de Tornquist andar\u00e1 en un auto solar. - Noticias Radio Reflejos","robots":{"index":"index","follow":"follow","max-snippet":"max-snippet:-1","max-image-preview":"max-image-preview:large","max-video-preview":"max-video-preview:-1"},"canonical":"https:\/\/www.noticiasradioreflejos.com.ar\/2021\/la-escuela-tecnica-de-tornquist-andara-en-un-auto-solar\/","og_locale":"es_ES","og_type":"article","og_title":"La Escuela T\u00e9cnica de Tornquist andar\u00e1 en un auto solar. - Noticias Radio Reflejos","og_description":"Durante la emisi\u00f3n del Micro Tiempo Educativo, en nuestro programa Un Mate y un Caf\u00e9 mantuvimos una entrevista con el director de la escuela t\u00e9cnica N\u00aa 1 de Tornquist, profesor Luis Quintana, para interiorizarnos sobre la realizaci\u00f3n y puesta en marcha de un calentador de agua y cargadores de celulares solares en la localidad de [&hellip;]","og_url":"https:\/\/www.noticiasradioreflejos.com.ar\/2021\/la-escuela-tecnica-de-tornquist-andara-en-un-auto-solar\/","og_site_name":"Noticias Radio Reflejos","article_published_time":"2018-04-07T00:36:50+00:00","og_image":[{"width":300,"height":200,"url":"https:\/\/www.noticiasradioreflejos.com.ar\/2021\/wp-content\/uploads\/2021\/07\/logosol300x200.png","type":"image\/png"}],"author":"Arnaldo Botto","twitter_card":"summary_large_image","schema":{"@context":"https:\/\/schema.org","@graph":[{"@type":"WebPage","@id":"https:\/\/www.noticiasradioreflejos.com.ar\/2021\/la-escuela-tecnica-de-tornquist-andara-en-un-auto-solar\/","url":"https:\/\/www.noticiasradioreflejos.com.ar\/2021\/la-escuela-tecnica-de-tornquist-andara-en-un-auto-solar\/","name":"La Escuela T\u00e9cnica de Tornquist andar\u00e1 en un auto solar. - Noticias Radio Reflejos","isPartOf":{"@id":"https:\/\/www.noticiasradioreflejos.com.ar\/2021\/#website"},"datePublished":"2018-04-07T00:36:50+00:00","author":{"@id":"https:\/\/www.noticiasradioreflejos.com.ar\/2021\/#\/schema\/person\/ad82545263dcc5ec0996818884fd5fb1"},"breadcrumb":{"@id":"https:\/\/www.noticiasradioreflejos.com.ar\/2021\/la-escuela-tecnica-de-tornquist-andara-en-un-auto-solar\/#breadcrumb"},"inLanguage":"es","potentialAction":[{"@type":"ReadAction","target":["https:\/\/www.noticiasradioreflejos.com.ar\/2021\/la-escuela-tecnica-de-tornquist-andara-en-un-auto-solar\/"]}]},{"@type":"BreadcrumbList","@id":"https:\/\/www.noticiasradioreflejos.com.ar\/2021\/la-escuela-tecnica-de-tornquist-andara-en-un-auto-solar\/#breadcrumb","itemListElement":[{"@type":"ListItem","position":1,"name":"Portada","item":"https:\/\/www.noticiasradioreflejos.com.ar\/2021\/"},{"@type":"ListItem","position":2,"name":"La Escuela T\u00e9cnica de Tornquist andar\u00e1 en un auto solar."}]},{"@type":"WebSite","@id":"https:\/\/www.noticiasradioreflejos.com.ar\/2021\/#website","url":"https:\/\/www.noticiasradioreflejos.com.ar\/2021\/","name":"Noticias Radio Reflejos","description":"Las noticias de mi comarca","potentialAction":[{"@type":"SearchAction","target":{"@type":"EntryPoint","urlTemplate":"https:\/\/www.noticiasradioreflejos.com.ar\/2021\/?s={search_term_string}"},"query-input":{"@type":"PropertyValueSpecification","valueRequired":true,"valueName":"search_term_string"}}],"inLanguage":"es"},{"@type":"Person","@id":"https:\/\/www.noticiasradioreflejos.com.ar\/2021\/#\/schema\/person\/ad82545263dcc5ec0996818884fd5fb1","name":"Arnaldo Botto","image":{"@type":"ImageObject","inLanguage":"es","@id":"https:\/\/www.noticiasradioreflejos.com.ar\/2021\/#\/schema\/person\/image\/","url":"https:\/\/secure.gravatar.com\/avatar\/55cb5e37c1efa326397366e6974cb338056df65cb50e7d64d1cf314e87504837?s=96&d=mm&r=g","contentUrl":"https:\/\/secure.gravatar.com\/avatar\/55cb5e37c1efa326397366e6974cb338056df65cb50e7d64d1cf314e87504837?s=96&d=mm&r=g","caption":"Arnaldo Botto"},"url":"https:\/\/www.noticiasradioreflejos.com.ar\/2021\/author\/arnaldo\/"}]}},"_links":{"self":[{"href":"https:\/\/www.noticiasradioreflejos.com.ar\/2021\/wp-json\/wp\/v2\/posts\/20504","targetHints":{"allow":["GET"]}}],"collection":[{"href":"https:\/\/www.noticiasradioreflejos.com.ar\/2021\/wp-json\/wp\/v2\/posts"}],"about":[{"href":"https:\/\/www.noticiasradioreflejos.com.ar\/2021\/wp-json\/wp\/v2\/types\/post"}],"author":[{"embeddable":true,"href":"https:\/\/www.noticiasradioreflejos.com.ar\/2021\/wp-json\/wp\/v2\/users\/3"}],"replies":[{"embeddable":true,"href":"https:\/\/www.noticiasradioreflejos.com.ar\/2021\/wp-json\/wp\/v2\/comments?post=20504"}],"version-history":[{"count":0,"href":"https:\/\/www.noticiasradioreflejos.com.ar\/2021\/wp-json\/wp\/v2\/posts\/20504\/revisions"}],"wp:attachment":[{"href":"https:\/\/www.noticiasradioreflejos.com.ar\/2021\/wp-json\/wp\/v2\/media?parent=20504"}],"wp:term":[{"taxonomy":"category","embeddable":true,"href":"https:\/\/www.noticiasradioreflejos.com.ar\/2021\/wp-json\/wp\/v2\/categories?post=20504"},{"taxonomy":"post_tag","embeddable":true,"href":"https:\/\/www.noticiasradioreflejos.com.ar\/2021\/wp-json\/wp\/v2\/tags?post=20504"}],"curies":[{"name":"wp","href":"https:\/\/api.w.org\/{rel}","templated":true}]}}