{"id":20480,"date":"2018-04-06T16:13:14","date_gmt":"2018-04-06T19:13:14","guid":{"rendered":"http:\/\/www.noticiasradioreflejos.com.ar\/noticias\/?p=20480"},"modified":"2018-04-06T16:13:14","modified_gmt":"2018-04-06T19:13:14","slug":"averiguacion-de-paradero-de-miranda-elias-leonardo","status":"publish","type":"post","link":"https:\/\/www.noticiasradioreflejos.com.ar\/2021\/averiguacion-de-paradero-de-miranda-elias-leonardo\/","title":{"rendered":"Averiguaci\u00f3n de paradero de MIRANDA ELIAS LEONARDO"},"content":{"rendered":"<p>MIRANDA ELIAS LEONARDO, de 16 a\u00f1os de edad, domiciliado en la calle \u00c1ngel Rufino N\u00b01280 de Quilmes, quien el mismo resulta ser de contextura delgada, de 1.60 metro de altura aproximadamente, pelo corto morocho, de tez trigue\u00f1a, el mismo posee una cicatriz en el medio del abdomen por una operaci\u00f3n de vieja data.<br \/>\nQuien tenga informaci\u00f3n de dicho paradero, llamar al 911 -o- tel: 4253-2151\/ 4253-4433   <\/p>\n","protected":false},"excerpt":{"rendered":"<p>MIRANDA ELIAS LEONARDO, de 16 a\u00f1os de edad, domiciliado en la calle \u00c1ngel Rufino N\u00b01280 de Quilmes, quien el mismo resulta ser de contextura delgada, de 1.60 metro de altura aproximadamente, pelo corto morocho, de tez trigue\u00f1a, el mismo posee una cicatriz en el medio del abdomen por una operaci\u00f3n de vieja data. Quien tenga [&hellip;]<\/p>\n","protected":false},"author":3,"featured_media":0,"comment_status":"closed","ping_status":"open","sticky":false,"template":"","format":"standard","meta":{"footnotes":""},"categories":[26],"tags":[],"class_list":["post-20480","post","type-post","status-publish","format-standard","hentry","category-sociedad"],"yoast_head":"<!-- This site is optimized with the Yoast SEO plugin v25.9 - https:\/\/yoast.com\/wordpress\/plugins\/seo\/ -->\n<title>Averiguaci\u00f3n de paradero de MIRANDA ELIAS LEONARDO - Noticias Radio Reflejos<\/title>\n<meta name=\"robots\" content=\"index, follow, max-snippet:-1, max-image-preview:large, max-video-preview:-1\" \/>\n<link rel=\"canonical\" href=\"https:\/\/www.noticiasradioreflejos.com.ar\/2021\/averiguacion-de-paradero-de-miranda-elias-leonardo\/\" \/>\n<meta property=\"og:locale\" content=\"es_ES\" \/>\n<meta property=\"og:type\" content=\"article\" \/>\n<meta property=\"og:title\" content=\"Averiguaci\u00f3n de paradero de MIRANDA ELIAS LEONARDO - Noticias Radio Reflejos\" \/>\n<meta property=\"og:description\" content=\"MIRANDA ELIAS LEONARDO, de 16 a\u00f1os de edad, domiciliado en la calle \u00c1ngel Rufino N\u00b01280 de Quilmes, quien el mismo resulta ser de contextura delgada, de 1.60 metro de altura aproximadamente, pelo corto morocho, de tez trigue\u00f1a, el mismo posee una cicatriz en el medio del abdomen por una operaci\u00f3n de vieja data. Quien tenga [&hellip;]\" \/>\n<meta property=\"og:url\" content=\"https:\/\/www.noticiasradioreflejos.com.ar\/2021\/averiguacion-de-paradero-de-miranda-elias-leonardo\/\" \/>\n<meta property=\"og:site_name\" content=\"Noticias Radio Reflejos\" \/>\n<meta property=\"article:published_time\" content=\"2018-04-06T19:13:14+00:00\" \/>\n<meta property=\"og:image\" content=\"https:\/\/www.noticiasradioreflejos.com.ar\/2021\/wp-content\/uploads\/2021\/07\/logosol300x200.png\" \/>\n\t<meta property=\"og:image:width\" content=\"300\" \/>\n\t<meta property=\"og:image:height\" content=\"200\" \/>\n\t<meta property=\"og:image:type\" content=\"image\/png\" \/>\n<meta name=\"author\" content=\"Arnaldo Botto\" \/>\n<meta name=\"twitter:card\" content=\"summary_large_image\" \/>\n<script type=\"application\/ld+json\" class=\"yoast-schema-graph\">{\"@context\":\"https:\/\/schema.org\",\"@graph\":[{\"@type\":\"WebPage\",\"@id\":\"https:\/\/www.noticiasradioreflejos.com.ar\/2021\/averiguacion-de-paradero-de-miranda-elias-leonardo\/\",\"url\":\"https:\/\/www.noticiasradioreflejos.com.ar\/2021\/averiguacion-de-paradero-de-miranda-elias-leonardo\/\",\"name\":\"Averiguaci\u00f3n de paradero de MIRANDA ELIAS LEONARDO - Noticias Radio Reflejos\",\"isPartOf\":{\"@id\":\"https:\/\/www.noticiasradioreflejos.com.ar\/2021\/#website\"},\"datePublished\":\"2018-04-06T19:13:14+00:00\",\"author\":{\"@id\":\"https:\/\/www.noticiasradioreflejos.com.ar\/2021\/#\/schema\/person\/ad82545263dcc5ec0996818884fd5fb1\"},\"breadcrumb\":{\"@id\":\"https:\/\/www.noticiasradioreflejos.com.ar\/2021\/averiguacion-de-paradero-de-miranda-elias-leonardo\/#breadcrumb\"},\"inLanguage\":\"es\",\"potentialAction\":[{\"@type\":\"ReadAction\",\"target\":[\"https:\/\/www.noticiasradioreflejos.com.ar\/2021\/averiguacion-de-paradero-de-miranda-elias-leonardo\/\"]}]},{\"@type\":\"BreadcrumbList\",\"@id\":\"https:\/\/www.noticiasradioreflejos.com.ar\/2021\/averiguacion-de-paradero-de-miranda-elias-leonardo\/#breadcrumb\",\"itemListElement\":[{\"@type\":\"ListItem\",\"position\":1,\"name\":\"Portada\",\"item\":\"https:\/\/www.noticiasradioreflejos.com.ar\/2021\/\"},{\"@type\":\"ListItem\",\"position\":2,\"name\":\"Averiguaci\u00f3n de paradero de MIRANDA ELIAS LEONARDO\"}]},{\"@type\":\"WebSite\",\"@id\":\"https:\/\/www.noticiasradioreflejos.com.ar\/2021\/#website\",\"url\":\"https:\/\/www.noticiasradioreflejos.com.ar\/2021\/\",\"name\":\"Noticias Radio Reflejos\",\"description\":\"Las noticias de mi comarca\",\"potentialAction\":[{\"@type\":\"SearchAction\",\"target\":{\"@type\":\"EntryPoint\",\"urlTemplate\":\"https:\/\/www.noticiasradioreflejos.com.ar\/2021\/?s={search_term_string}\"},\"query-input\":{\"@type\":\"PropertyValueSpecification\",\"valueRequired\":true,\"valueName\":\"search_term_string\"}}],\"inLanguage\":\"es\"},{\"@type\":\"Person\",\"@id\":\"https:\/\/www.noticiasradioreflejos.com.ar\/2021\/#\/schema\/person\/ad82545263dcc5ec0996818884fd5fb1\",\"name\":\"Arnaldo Botto\",\"image\":{\"@type\":\"ImageObject\",\"inLanguage\":\"es\",\"@id\":\"https:\/\/www.noticiasradioreflejos.com.ar\/2021\/#\/schema\/person\/image\/\",\"url\":\"https:\/\/secure.gravatar.com\/avatar\/55cb5e37c1efa326397366e6974cb338056df65cb50e7d64d1cf314e87504837?s=96&d=mm&r=g\",\"contentUrl\":\"https:\/\/secure.gravatar.com\/avatar\/55cb5e37c1efa326397366e6974cb338056df65cb50e7d64d1cf314e87504837?s=96&d=mm&r=g\",\"caption\":\"Arnaldo Botto\"},\"url\":\"https:\/\/www.noticiasradioreflejos.com.ar\/2021\/author\/arnaldo\/\"}]}<\/script>\n<!-- \/ Yoast SEO plugin. -->","yoast_head_json":{"title":"Averiguaci\u00f3n de paradero de MIRANDA ELIAS LEONARDO - Noticias Radio Reflejos","robots":{"index":"index","follow":"follow","max-snippet":"max-snippet:-1","max-image-preview":"max-image-preview:large","max-video-preview":"max-video-preview:-1"},"canonical":"https:\/\/www.noticiasradioreflejos.com.ar\/2021\/averiguacion-de-paradero-de-miranda-elias-leonardo\/","og_locale":"es_ES","og_type":"article","og_title":"Averiguaci\u00f3n de paradero de MIRANDA ELIAS LEONARDO - Noticias Radio Reflejos","og_description":"MIRANDA ELIAS LEONARDO, de 16 a\u00f1os de edad, domiciliado en la calle \u00c1ngel Rufino N\u00b01280 de Quilmes, quien el mismo resulta ser de contextura delgada, de 1.60 metro de altura aproximadamente, pelo corto morocho, de tez trigue\u00f1a, el mismo posee una cicatriz en el medio del abdomen por una operaci\u00f3n de vieja data. Quien tenga [&hellip;]","og_url":"https:\/\/www.noticiasradioreflejos.com.ar\/2021\/averiguacion-de-paradero-de-miranda-elias-leonardo\/","og_site_name":"Noticias Radio Reflejos","article_published_time":"2018-04-06T19:13:14+00:00","og_image":[{"width":300,"height":200,"url":"https:\/\/www.noticiasradioreflejos.com.ar\/2021\/wp-content\/uploads\/2021\/07\/logosol300x200.png","type":"image\/png"}],"author":"Arnaldo Botto","twitter_card":"summary_large_image","schema":{"@context":"https:\/\/schema.org","@graph":[{"@type":"WebPage","@id":"https:\/\/www.noticiasradioreflejos.com.ar\/2021\/averiguacion-de-paradero-de-miranda-elias-leonardo\/","url":"https:\/\/www.noticiasradioreflejos.com.ar\/2021\/averiguacion-de-paradero-de-miranda-elias-leonardo\/","name":"Averiguaci\u00f3n de paradero de MIRANDA ELIAS LEONARDO - Noticias Radio Reflejos","isPartOf":{"@id":"https:\/\/www.noticiasradioreflejos.com.ar\/2021\/#website"},"datePublished":"2018-04-06T19:13:14+00:00","author":{"@id":"https:\/\/www.noticiasradioreflejos.com.ar\/2021\/#\/schema\/person\/ad82545263dcc5ec0996818884fd5fb1"},"breadcrumb":{"@id":"https:\/\/www.noticiasradioreflejos.com.ar\/2021\/averiguacion-de-paradero-de-miranda-elias-leonardo\/#breadcrumb"},"inLanguage":"es","potentialAction":[{"@type":"ReadAction","target":["https:\/\/www.noticiasradioreflejos.com.ar\/2021\/averiguacion-de-paradero-de-miranda-elias-leonardo\/"]}]},{"@type":"BreadcrumbList","@id":"https:\/\/www.noticiasradioreflejos.com.ar\/2021\/averiguacion-de-paradero-de-miranda-elias-leonardo\/#breadcrumb","itemListElement":[{"@type":"ListItem","position":1,"name":"Portada","item":"https:\/\/www.noticiasradioreflejos.com.ar\/2021\/"},{"@type":"ListItem","position":2,"name":"Averiguaci\u00f3n de paradero de MIRANDA ELIAS LEONARDO"}]},{"@type":"WebSite","@id":"https:\/\/www.noticiasradioreflejos.com.ar\/2021\/#website","url":"https:\/\/www.noticiasradioreflejos.com.ar\/2021\/","name":"Noticias Radio Reflejos","description":"Las noticias de mi comarca","potentialAction":[{"@type":"SearchAction","target":{"@type":"EntryPoint","urlTemplate":"https:\/\/www.noticiasradioreflejos.com.ar\/2021\/?s={search_term_string}"},"query-input":{"@type":"PropertyValueSpecification","valueRequired":true,"valueName":"search_term_string"}}],"inLanguage":"es"},{"@type":"Person","@id":"https:\/\/www.noticiasradioreflejos.com.ar\/2021\/#\/schema\/person\/ad82545263dcc5ec0996818884fd5fb1","name":"Arnaldo Botto","image":{"@type":"ImageObject","inLanguage":"es","@id":"https:\/\/www.noticiasradioreflejos.com.ar\/2021\/#\/schema\/person\/image\/","url":"https:\/\/secure.gravatar.com\/avatar\/55cb5e37c1efa326397366e6974cb338056df65cb50e7d64d1cf314e87504837?s=96&d=mm&r=g","contentUrl":"https:\/\/secure.gravatar.com\/avatar\/55cb5e37c1efa326397366e6974cb338056df65cb50e7d64d1cf314e87504837?s=96&d=mm&r=g","caption":"Arnaldo Botto"},"url":"https:\/\/www.noticiasradioreflejos.com.ar\/2021\/author\/arnaldo\/"}]}},"_links":{"self":[{"href":"https:\/\/www.noticiasradioreflejos.com.ar\/2021\/wp-json\/wp\/v2\/posts\/20480","targetHints":{"allow":["GET"]}}],"collection":[{"href":"https:\/\/www.noticiasradioreflejos.com.ar\/2021\/wp-json\/wp\/v2\/posts"}],"about":[{"href":"https:\/\/www.noticiasradioreflejos.com.ar\/2021\/wp-json\/wp\/v2\/types\/post"}],"author":[{"embeddable":true,"href":"https:\/\/www.noticiasradioreflejos.com.ar\/2021\/wp-json\/wp\/v2\/users\/3"}],"replies":[{"embeddable":true,"href":"https:\/\/www.noticiasradioreflejos.com.ar\/2021\/wp-json\/wp\/v2\/comments?post=20480"}],"version-history":[{"count":0,"href":"https:\/\/www.noticiasradioreflejos.com.ar\/2021\/wp-json\/wp\/v2\/posts\/20480\/revisions"}],"wp:attachment":[{"href":"https:\/\/www.noticiasradioreflejos.com.ar\/2021\/wp-json\/wp\/v2\/media?parent=20480"}],"wp:term":[{"taxonomy":"category","embeddable":true,"href":"https:\/\/www.noticiasradioreflejos.com.ar\/2021\/wp-json\/wp\/v2\/categories?post=20480"},{"taxonomy":"post_tag","embeddable":true,"href":"https:\/\/www.noticiasradioreflejos.com.ar\/2021\/wp-json\/wp\/v2\/tags?post=20480"}],"curies":[{"name":"wp","href":"https:\/\/api.w.org\/{rel}","templated":true}]}}