{"id":20474,"date":"2018-04-06T15:55:37","date_gmt":"2018-04-06T18:55:37","guid":{"rendered":"http:\/\/www.noticiasradioreflejos.com.ar\/noticias\/?p=20474"},"modified":"2018-04-06T15:55:37","modified_gmt":"2018-04-06T18:55:37","slug":"averiguacion-de-paradero-de-ricardo-dario-obertello","status":"publish","type":"post","link":"https:\/\/www.noticiasradioreflejos.com.ar\/2021\/averiguacion-de-paradero-de-ricardo-dario-obertello\/","title":{"rendered":"Averiguaci\u00f3n de paradero de Ricardo Dario Obertello"},"content":{"rendered":"<p>RICARDO DARIO OBERTELLO, de 32 a\u00f1os de edad, nacido el 23\/04\/1985, DNI: 31.862.137 , quien falta de su hogar de la ciudad de Esquina, provincia de Corrientes, desde el d\u00eda 19 de Febrero del 2018, a las 23hs, y se encontrar\u00eda bajo tratamiento psiqui\u00e1trico permanente.<!--more--><br \/>\nMide 1,75 metro, delgado, piel trigue\u00f1a, ojos marrones oscuros, pelo semi ondulado corto, sin bigotes, con la barba del d\u00eda, o de uno o dos d\u00edas al momento de la desaparici\u00f3n, le falta una falange del dedo me\u00f1ique izquierdo, lleva una pulsera de oro y plata en la mu\u00f1eca izquierda, al momento de ausentarse llevaba puesta una remera blanca con puntitos negros, pantal\u00f3n de jean color gris claro con parches en las rodillas, zapatillas de tela de avi\u00f3n azul con cordones verdes, gorra de lona de color azul y amarillo, y la inscripci\u00f3n Boca Juniors, y tiene un tatuaje en el antebrazo izquierdo. Fue visto por ultima vez en la zona de la costanera y la plaza de la ciudad de Esquina, el lunes 19 de Febrero de 2018 a la medianoche, manifestando sus familiares que el se\u00f1or RICARDO DARIO OBERTELLO no sabe nadar, cualquier novedad al respecto comunicarse a los tel\u00e9fonos: 03777-460101 de comisaria primera Esquina, 03777-468100 de Fiscal\u00eda de Instrucci\u00f3n Esquina, 03777-460368 de Juzgado de Instrucci\u00f3n Esquina, 03794-15950969 telefono celular Institucional de Fiscal\u00eda, o al correo electronico de Fiscal\u00eda <a href=\"http:\/\/rosaecaferata@juscorrientes.gov.ar\">rosaecaferata@juscorrientes.gov.ar<\/a><\/p>\n","protected":false},"excerpt":{"rendered":"<p>RICARDO DARIO OBERTELLO, de 32 a\u00f1os de edad, nacido el 23\/04\/1985, DNI: 31.862.137 , quien falta de su hogar de la ciudad de Esquina, provincia de Corrientes, desde el d\u00eda 19 de Febrero del 2018, a las 23hs, y se encontrar\u00eda bajo tratamiento psiqui\u00e1trico permanente.<\/p>\n","protected":false},"author":3,"featured_media":0,"comment_status":"closed","ping_status":"open","sticky":false,"template":"","format":"standard","meta":{"footnotes":""},"categories":[26],"tags":[],"class_list":["post-20474","post","type-post","status-publish","format-standard","hentry","category-sociedad"],"yoast_head":"<!-- This site is optimized with the Yoast SEO plugin v25.9 - https:\/\/yoast.com\/wordpress\/plugins\/seo\/ -->\n<title>Averiguaci\u00f3n de paradero de Ricardo Dario Obertello - Noticias Radio Reflejos<\/title>\n<meta name=\"robots\" content=\"index, follow, max-snippet:-1, max-image-preview:large, max-video-preview:-1\" \/>\n<link rel=\"canonical\" href=\"https:\/\/www.noticiasradioreflejos.com.ar\/2021\/averiguacion-de-paradero-de-ricardo-dario-obertello\/\" \/>\n<meta property=\"og:locale\" content=\"es_ES\" \/>\n<meta property=\"og:type\" content=\"article\" \/>\n<meta property=\"og:title\" content=\"Averiguaci\u00f3n de paradero de Ricardo Dario Obertello - Noticias Radio Reflejos\" \/>\n<meta property=\"og:description\" content=\"RICARDO DARIO OBERTELLO, de 32 a\u00f1os de edad, nacido el 23\/04\/1985, DNI: 31.862.137 , quien falta de su hogar de la ciudad de Esquina, provincia de Corrientes, desde el d\u00eda 19 de Febrero del 2018, a las 23hs, y se encontrar\u00eda bajo tratamiento psiqui\u00e1trico permanente.\" \/>\n<meta property=\"og:url\" content=\"https:\/\/www.noticiasradioreflejos.com.ar\/2021\/averiguacion-de-paradero-de-ricardo-dario-obertello\/\" \/>\n<meta property=\"og:site_name\" content=\"Noticias Radio Reflejos\" \/>\n<meta property=\"article:published_time\" content=\"2018-04-06T18:55:37+00:00\" \/>\n<meta property=\"og:image\" content=\"https:\/\/www.noticiasradioreflejos.com.ar\/2021\/wp-content\/uploads\/2021\/07\/logosol300x200.png\" \/>\n\t<meta property=\"og:image:width\" content=\"300\" \/>\n\t<meta property=\"og:image:height\" content=\"200\" \/>\n\t<meta property=\"og:image:type\" content=\"image\/png\" \/>\n<meta name=\"author\" content=\"Arnaldo Botto\" \/>\n<meta name=\"twitter:card\" content=\"summary_large_image\" \/>\n<script type=\"application\/ld+json\" class=\"yoast-schema-graph\">{\"@context\":\"https:\/\/schema.org\",\"@graph\":[{\"@type\":\"WebPage\",\"@id\":\"https:\/\/www.noticiasradioreflejos.com.ar\/2021\/averiguacion-de-paradero-de-ricardo-dario-obertello\/\",\"url\":\"https:\/\/www.noticiasradioreflejos.com.ar\/2021\/averiguacion-de-paradero-de-ricardo-dario-obertello\/\",\"name\":\"Averiguaci\u00f3n de paradero de Ricardo Dario Obertello - Noticias Radio Reflejos\",\"isPartOf\":{\"@id\":\"https:\/\/www.noticiasradioreflejos.com.ar\/2021\/#website\"},\"datePublished\":\"2018-04-06T18:55:37+00:00\",\"author\":{\"@id\":\"https:\/\/www.noticiasradioreflejos.com.ar\/2021\/#\/schema\/person\/ad82545263dcc5ec0996818884fd5fb1\"},\"breadcrumb\":{\"@id\":\"https:\/\/www.noticiasradioreflejos.com.ar\/2021\/averiguacion-de-paradero-de-ricardo-dario-obertello\/#breadcrumb\"},\"inLanguage\":\"es\",\"potentialAction\":[{\"@type\":\"ReadAction\",\"target\":[\"https:\/\/www.noticiasradioreflejos.com.ar\/2021\/averiguacion-de-paradero-de-ricardo-dario-obertello\/\"]}]},{\"@type\":\"BreadcrumbList\",\"@id\":\"https:\/\/www.noticiasradioreflejos.com.ar\/2021\/averiguacion-de-paradero-de-ricardo-dario-obertello\/#breadcrumb\",\"itemListElement\":[{\"@type\":\"ListItem\",\"position\":1,\"name\":\"Portada\",\"item\":\"https:\/\/www.noticiasradioreflejos.com.ar\/2021\/\"},{\"@type\":\"ListItem\",\"position\":2,\"name\":\"Averiguaci\u00f3n de paradero de Ricardo Dario Obertello\"}]},{\"@type\":\"WebSite\",\"@id\":\"https:\/\/www.noticiasradioreflejos.com.ar\/2021\/#website\",\"url\":\"https:\/\/www.noticiasradioreflejos.com.ar\/2021\/\",\"name\":\"Noticias Radio Reflejos\",\"description\":\"Las noticias de mi comarca\",\"potentialAction\":[{\"@type\":\"SearchAction\",\"target\":{\"@type\":\"EntryPoint\",\"urlTemplate\":\"https:\/\/www.noticiasradioreflejos.com.ar\/2021\/?s={search_term_string}\"},\"query-input\":{\"@type\":\"PropertyValueSpecification\",\"valueRequired\":true,\"valueName\":\"search_term_string\"}}],\"inLanguage\":\"es\"},{\"@type\":\"Person\",\"@id\":\"https:\/\/www.noticiasradioreflejos.com.ar\/2021\/#\/schema\/person\/ad82545263dcc5ec0996818884fd5fb1\",\"name\":\"Arnaldo Botto\",\"image\":{\"@type\":\"ImageObject\",\"inLanguage\":\"es\",\"@id\":\"https:\/\/www.noticiasradioreflejos.com.ar\/2021\/#\/schema\/person\/image\/\",\"url\":\"https:\/\/secure.gravatar.com\/avatar\/55cb5e37c1efa326397366e6974cb338056df65cb50e7d64d1cf314e87504837?s=96&d=mm&r=g\",\"contentUrl\":\"https:\/\/secure.gravatar.com\/avatar\/55cb5e37c1efa326397366e6974cb338056df65cb50e7d64d1cf314e87504837?s=96&d=mm&r=g\",\"caption\":\"Arnaldo Botto\"},\"url\":\"https:\/\/www.noticiasradioreflejos.com.ar\/2021\/author\/arnaldo\/\"}]}<\/script>\n<!-- \/ Yoast SEO plugin. -->","yoast_head_json":{"title":"Averiguaci\u00f3n de paradero de Ricardo Dario Obertello - Noticias Radio Reflejos","robots":{"index":"index","follow":"follow","max-snippet":"max-snippet:-1","max-image-preview":"max-image-preview:large","max-video-preview":"max-video-preview:-1"},"canonical":"https:\/\/www.noticiasradioreflejos.com.ar\/2021\/averiguacion-de-paradero-de-ricardo-dario-obertello\/","og_locale":"es_ES","og_type":"article","og_title":"Averiguaci\u00f3n de paradero de Ricardo Dario Obertello - Noticias Radio Reflejos","og_description":"RICARDO DARIO OBERTELLO, de 32 a\u00f1os de edad, nacido el 23\/04\/1985, DNI: 31.862.137 , quien falta de su hogar de la ciudad de Esquina, provincia de Corrientes, desde el d\u00eda 19 de Febrero del 2018, a las 23hs, y se encontrar\u00eda bajo tratamiento psiqui\u00e1trico permanente.","og_url":"https:\/\/www.noticiasradioreflejos.com.ar\/2021\/averiguacion-de-paradero-de-ricardo-dario-obertello\/","og_site_name":"Noticias Radio Reflejos","article_published_time":"2018-04-06T18:55:37+00:00","og_image":[{"width":300,"height":200,"url":"https:\/\/www.noticiasradioreflejos.com.ar\/2021\/wp-content\/uploads\/2021\/07\/logosol300x200.png","type":"image\/png"}],"author":"Arnaldo Botto","twitter_card":"summary_large_image","schema":{"@context":"https:\/\/schema.org","@graph":[{"@type":"WebPage","@id":"https:\/\/www.noticiasradioreflejos.com.ar\/2021\/averiguacion-de-paradero-de-ricardo-dario-obertello\/","url":"https:\/\/www.noticiasradioreflejos.com.ar\/2021\/averiguacion-de-paradero-de-ricardo-dario-obertello\/","name":"Averiguaci\u00f3n de paradero de Ricardo Dario Obertello - Noticias Radio Reflejos","isPartOf":{"@id":"https:\/\/www.noticiasradioreflejos.com.ar\/2021\/#website"},"datePublished":"2018-04-06T18:55:37+00:00","author":{"@id":"https:\/\/www.noticiasradioreflejos.com.ar\/2021\/#\/schema\/person\/ad82545263dcc5ec0996818884fd5fb1"},"breadcrumb":{"@id":"https:\/\/www.noticiasradioreflejos.com.ar\/2021\/averiguacion-de-paradero-de-ricardo-dario-obertello\/#breadcrumb"},"inLanguage":"es","potentialAction":[{"@type":"ReadAction","target":["https:\/\/www.noticiasradioreflejos.com.ar\/2021\/averiguacion-de-paradero-de-ricardo-dario-obertello\/"]}]},{"@type":"BreadcrumbList","@id":"https:\/\/www.noticiasradioreflejos.com.ar\/2021\/averiguacion-de-paradero-de-ricardo-dario-obertello\/#breadcrumb","itemListElement":[{"@type":"ListItem","position":1,"name":"Portada","item":"https:\/\/www.noticiasradioreflejos.com.ar\/2021\/"},{"@type":"ListItem","position":2,"name":"Averiguaci\u00f3n de paradero de Ricardo Dario Obertello"}]},{"@type":"WebSite","@id":"https:\/\/www.noticiasradioreflejos.com.ar\/2021\/#website","url":"https:\/\/www.noticiasradioreflejos.com.ar\/2021\/","name":"Noticias Radio Reflejos","description":"Las noticias de mi comarca","potentialAction":[{"@type":"SearchAction","target":{"@type":"EntryPoint","urlTemplate":"https:\/\/www.noticiasradioreflejos.com.ar\/2021\/?s={search_term_string}"},"query-input":{"@type":"PropertyValueSpecification","valueRequired":true,"valueName":"search_term_string"}}],"inLanguage":"es"},{"@type":"Person","@id":"https:\/\/www.noticiasradioreflejos.com.ar\/2021\/#\/schema\/person\/ad82545263dcc5ec0996818884fd5fb1","name":"Arnaldo Botto","image":{"@type":"ImageObject","inLanguage":"es","@id":"https:\/\/www.noticiasradioreflejos.com.ar\/2021\/#\/schema\/person\/image\/","url":"https:\/\/secure.gravatar.com\/avatar\/55cb5e37c1efa326397366e6974cb338056df65cb50e7d64d1cf314e87504837?s=96&d=mm&r=g","contentUrl":"https:\/\/secure.gravatar.com\/avatar\/55cb5e37c1efa326397366e6974cb338056df65cb50e7d64d1cf314e87504837?s=96&d=mm&r=g","caption":"Arnaldo Botto"},"url":"https:\/\/www.noticiasradioreflejos.com.ar\/2021\/author\/arnaldo\/"}]}},"_links":{"self":[{"href":"https:\/\/www.noticiasradioreflejos.com.ar\/2021\/wp-json\/wp\/v2\/posts\/20474","targetHints":{"allow":["GET"]}}],"collection":[{"href":"https:\/\/www.noticiasradioreflejos.com.ar\/2021\/wp-json\/wp\/v2\/posts"}],"about":[{"href":"https:\/\/www.noticiasradioreflejos.com.ar\/2021\/wp-json\/wp\/v2\/types\/post"}],"author":[{"embeddable":true,"href":"https:\/\/www.noticiasradioreflejos.com.ar\/2021\/wp-json\/wp\/v2\/users\/3"}],"replies":[{"embeddable":true,"href":"https:\/\/www.noticiasradioreflejos.com.ar\/2021\/wp-json\/wp\/v2\/comments?post=20474"}],"version-history":[{"count":0,"href":"https:\/\/www.noticiasradioreflejos.com.ar\/2021\/wp-json\/wp\/v2\/posts\/20474\/revisions"}],"wp:attachment":[{"href":"https:\/\/www.noticiasradioreflejos.com.ar\/2021\/wp-json\/wp\/v2\/media?parent=20474"}],"wp:term":[{"taxonomy":"category","embeddable":true,"href":"https:\/\/www.noticiasradioreflejos.com.ar\/2021\/wp-json\/wp\/v2\/categories?post=20474"},{"taxonomy":"post_tag","embeddable":true,"href":"https:\/\/www.noticiasradioreflejos.com.ar\/2021\/wp-json\/wp\/v2\/tags?post=20474"}],"curies":[{"name":"wp","href":"https:\/\/api.w.org\/{rel}","templated":true}]}}