{"id":20469,"date":"2018-04-06T15:19:54","date_gmt":"2018-04-06T18:19:54","guid":{"rendered":"http:\/\/www.noticiasradioreflejos.com.ar\/noticias\/?p=20469"},"modified":"2018-04-06T15:19:54","modified_gmt":"2018-04-06T18:19:54","slug":"automoto-sumo-un-profe-de-experiencia-nacional-para-inferiores-y-escuelita","status":"publish","type":"post","link":"https:\/\/www.noticiasradioreflejos.com.ar\/2021\/automoto-sumo-un-profe-de-experiencia-nacional-para-inferiores-y-escuelita\/","title":{"rendered":"Automoto sum\u00f3 un \u201cprofe\u201d de experiencia nacional para Inferiores y Escuelita"},"content":{"rendered":"<p>Con el objetivo de fortalecer el gran trabajo que vienen realizando los diferentes cuerpos t\u00e9cnicos de Inferiores y Escuelita, el Automoto Club Deportivo incorpor\u00f3 en las \u00faltimas horas al profesor Marcelo Dubi\u00e9, un profesional de reconocida y extensa trayectoria nacional.<!--more--><br \/>\nDubi\u00e9 se sum\u00f3 al grupo de trabajo que encabezan Mauricio Kugler (f\u00fatbol infantil) y Juli\u00e1n Toy (Escuelita Azulgrana), dos referentes de la instituci\u00f3n, que vienen trabajando con los chicos del club desde hace much\u00edsimos a\u00f1os.<br \/>\nEl flamante integrante de la familia azulgrana, de 49 a\u00f1os de edad, posee una enorme experiencia en el trabajo con menores y juveniles de clubes de primera divisi\u00f3n del f\u00fatbol nacional.<br \/>\nEntre las entidades m\u00e1s trascendentes en las cuales prest\u00f3 su servicio figuran Boca Juniors (2004-2008), Argentinos Juniors (2000-2003), Olimpo (2014-2015) y Hurac\u00e1n de Parque Patricios (2011). Tambi\u00e9n pas\u00f3 por All Boys, Deportivo Anzoategui de Venezuela, Atl\u00e9tico Lugano, Juventud Unida, General Lamadrid y Tiro Federal de Bah\u00eda Blanca. Adem\u00e1s, trabaj\u00f3 en la Secretar\u00eda de Deportes de la Naci\u00f3n.<br \/>\nDe esta manera, Dubi\u00e9 se une a los grupos de trabajo integrados por Mauricio Kugler (coordinador y DT de Quinta y Sexta), Juan Salazar (entrenador de S\u00e9ptima y Octava), Juan Gisler (preparador f\u00edsico) y Arturo Peralta (ayudante) en Inferiores, y Juli\u00e1n Toy (coordinador y entrenador), Hern\u00e1n Bilbao, Sof\u00eda Urriaga y Agust\u00edn Franco en Escuelita.<br \/>\nAutomoto viene desarrollando desde hace varios a\u00f1os un proyecto integral para su departamento de f\u00fatbol menor e infantil. Esta incorporaci\u00f3n responde al objetivo de continuar en la misma senda, capacitando a los entrenadores y preparadores f\u00edsicos del club, que no s\u00f3lo est\u00e1n formando a los futuros jugadores de la primera divisi\u00f3n, sino tambi\u00e9n a personas que ocupar\u00e1n roles importantes en la sociedad.<br \/>\nDepartamento de Prensa \u2013 Automoto Club Deportivo<br \/>\n<a href=\"http:\/\/www.clubautomotopasion.com.ar\">www.clubautomotopasion.com.ar<\/a><br \/>\nFacebook: \/automototornquist<br \/>\nTwitter: @ClubAutomoto<br \/>\n<a href=\"http:\/\/farm1.staticflickr.com\/902\/41280148911_fb6ce77d80_z.jpg\" title=\"nuevo profe4\" rel=\"\"><img loading=\"lazy\" decoding=\"async\" src=\"http:\/\/farm1.staticflickr.com\/902\/41280148911_fb6ce77d80_z.jpg\" width=\"640\" height=\"480\" alt=\"nuevo profe4\" title=\"nuevo profe4\" class=\"aligncenter\"><\/a><br \/>\n<a href=\"http:\/\/farm1.staticflickr.com\/901\/40565937294_482979a37d_z.jpg\" title=\"nuevo profe3\" rel=\"\"><img loading=\"lazy\" decoding=\"async\" src=\"http:\/\/farm1.staticflickr.com\/901\/40565937294_482979a37d_z.jpg\" width=\"640\" height=\"480\" alt=\"nuevo profe3\" title=\"nuevo profe3\" class=\"aligncenter\"><\/a><br \/>\n<a href=\"http:\/\/farm1.staticflickr.com\/784\/41236705412_c02e3556f9_z.jpg\" title=\"nuevo profe2\" rel=\"\"><img loading=\"lazy\" decoding=\"async\" src=\"http:\/\/farm1.staticflickr.com\/784\/41236705412_c02e3556f9_z.jpg\" width=\"640\" height=\"480\" alt=\"nuevo profe2\" title=\"nuevo profe2\" class=\"aligncenter\"><\/a><\/p>\n","protected":false},"excerpt":{"rendered":"<p>Con el objetivo de fortalecer el gran trabajo que vienen realizando los diferentes cuerpos t\u00e9cnicos de Inferiores y Escuelita, el Automoto Club Deportivo incorpor\u00f3 en las \u00faltimas horas al profesor Marcelo Dubi\u00e9, un profesional de reconocida y extensa trayectoria nacional.<\/p>\n","protected":false},"author":3,"featured_media":0,"comment_status":"closed","ping_status":"open","sticky":false,"template":"","format":"standard","meta":{"footnotes":""},"categories":[27],"tags":[],"class_list":["post-20469","post","type-post","status-publish","format-standard","hentry","category-deportes"],"yoast_head":"<!-- This site is optimized with the Yoast SEO plugin v25.9 - https:\/\/yoast.com\/wordpress\/plugins\/seo\/ -->\n<title>Automoto sum\u00f3 un \u201cprofe\u201d de experiencia nacional para Inferiores y Escuelita - Noticias Radio Reflejos<\/title>\n<meta name=\"robots\" content=\"index, follow, max-snippet:-1, max-image-preview:large, max-video-preview:-1\" \/>\n<link rel=\"canonical\" href=\"https:\/\/www.noticiasradioreflejos.com.ar\/2021\/automoto-sumo-un-profe-de-experiencia-nacional-para-inferiores-y-escuelita\/\" \/>\n<meta property=\"og:locale\" content=\"es_ES\" \/>\n<meta property=\"og:type\" content=\"article\" \/>\n<meta property=\"og:title\" content=\"Automoto sum\u00f3 un \u201cprofe\u201d de experiencia nacional para Inferiores y Escuelita - Noticias Radio Reflejos\" \/>\n<meta property=\"og:description\" content=\"Con el objetivo de fortalecer el gran trabajo que vienen realizando los diferentes cuerpos t\u00e9cnicos de Inferiores y Escuelita, el Automoto Club Deportivo incorpor\u00f3 en las \u00faltimas horas al profesor Marcelo Dubi\u00e9, un profesional de reconocida y extensa trayectoria nacional.\" \/>\n<meta property=\"og:url\" content=\"https:\/\/www.noticiasradioreflejos.com.ar\/2021\/automoto-sumo-un-profe-de-experiencia-nacional-para-inferiores-y-escuelita\/\" \/>\n<meta property=\"og:site_name\" content=\"Noticias Radio Reflejos\" \/>\n<meta property=\"article:published_time\" content=\"2018-04-06T18:19:54+00:00\" \/>\n<meta property=\"og:image\" content=\"http:\/\/farm1.staticflickr.com\/902\/41280148911_fb6ce77d80_z.jpg\" \/>\n<meta name=\"author\" content=\"Arnaldo Botto\" \/>\n<meta name=\"twitter:card\" content=\"summary_large_image\" \/>\n<script type=\"application\/ld+json\" class=\"yoast-schema-graph\">{\"@context\":\"https:\/\/schema.org\",\"@graph\":[{\"@type\":\"WebPage\",\"@id\":\"https:\/\/www.noticiasradioreflejos.com.ar\/2021\/automoto-sumo-un-profe-de-experiencia-nacional-para-inferiores-y-escuelita\/\",\"url\":\"https:\/\/www.noticiasradioreflejos.com.ar\/2021\/automoto-sumo-un-profe-de-experiencia-nacional-para-inferiores-y-escuelita\/\",\"name\":\"Automoto sum\u00f3 un \u201cprofe\u201d de experiencia nacional para Inferiores y Escuelita - Noticias Radio Reflejos\",\"isPartOf\":{\"@id\":\"https:\/\/www.noticiasradioreflejos.com.ar\/2021\/#website\"},\"primaryImageOfPage\":{\"@id\":\"https:\/\/www.noticiasradioreflejos.com.ar\/2021\/automoto-sumo-un-profe-de-experiencia-nacional-para-inferiores-y-escuelita\/#primaryimage\"},\"image\":{\"@id\":\"https:\/\/www.noticiasradioreflejos.com.ar\/2021\/automoto-sumo-un-profe-de-experiencia-nacional-para-inferiores-y-escuelita\/#primaryimage\"},\"thumbnailUrl\":\"http:\/\/farm1.staticflickr.com\/902\/41280148911_fb6ce77d80_z.jpg\",\"datePublished\":\"2018-04-06T18:19:54+00:00\",\"author\":{\"@id\":\"https:\/\/www.noticiasradioreflejos.com.ar\/2021\/#\/schema\/person\/ad82545263dcc5ec0996818884fd5fb1\"},\"breadcrumb\":{\"@id\":\"https:\/\/www.noticiasradioreflejos.com.ar\/2021\/automoto-sumo-un-profe-de-experiencia-nacional-para-inferiores-y-escuelita\/#breadcrumb\"},\"inLanguage\":\"es\",\"potentialAction\":[{\"@type\":\"ReadAction\",\"target\":[\"https:\/\/www.noticiasradioreflejos.com.ar\/2021\/automoto-sumo-un-profe-de-experiencia-nacional-para-inferiores-y-escuelita\/\"]}]},{\"@type\":\"ImageObject\",\"inLanguage\":\"es\",\"@id\":\"https:\/\/www.noticiasradioreflejos.com.ar\/2021\/automoto-sumo-un-profe-de-experiencia-nacional-para-inferiores-y-escuelita\/#primaryimage\",\"url\":\"http:\/\/farm1.staticflickr.com\/902\/41280148911_fb6ce77d80_z.jpg\",\"contentUrl\":\"http:\/\/farm1.staticflickr.com\/902\/41280148911_fb6ce77d80_z.jpg\"},{\"@type\":\"BreadcrumbList\",\"@id\":\"https:\/\/www.noticiasradioreflejos.com.ar\/2021\/automoto-sumo-un-profe-de-experiencia-nacional-para-inferiores-y-escuelita\/#breadcrumb\",\"itemListElement\":[{\"@type\":\"ListItem\",\"position\":1,\"name\":\"Portada\",\"item\":\"https:\/\/www.noticiasradioreflejos.com.ar\/2021\/\"},{\"@type\":\"ListItem\",\"position\":2,\"name\":\"Automoto sum\u00f3 un \u201cprofe\u201d de experiencia nacional para Inferiores y Escuelita\"}]},{\"@type\":\"WebSite\",\"@id\":\"https:\/\/www.noticiasradioreflejos.com.ar\/2021\/#website\",\"url\":\"https:\/\/www.noticiasradioreflejos.com.ar\/2021\/\",\"name\":\"Noticias Radio Reflejos\",\"description\":\"Las noticias de mi comarca\",\"potentialAction\":[{\"@type\":\"SearchAction\",\"target\":{\"@type\":\"EntryPoint\",\"urlTemplate\":\"https:\/\/www.noticiasradioreflejos.com.ar\/2021\/?s={search_term_string}\"},\"query-input\":{\"@type\":\"PropertyValueSpecification\",\"valueRequired\":true,\"valueName\":\"search_term_string\"}}],\"inLanguage\":\"es\"},{\"@type\":\"Person\",\"@id\":\"https:\/\/www.noticiasradioreflejos.com.ar\/2021\/#\/schema\/person\/ad82545263dcc5ec0996818884fd5fb1\",\"name\":\"Arnaldo Botto\",\"image\":{\"@type\":\"ImageObject\",\"inLanguage\":\"es\",\"@id\":\"https:\/\/www.noticiasradioreflejos.com.ar\/2021\/#\/schema\/person\/image\/\",\"url\":\"https:\/\/secure.gravatar.com\/avatar\/55cb5e37c1efa326397366e6974cb338056df65cb50e7d64d1cf314e87504837?s=96&d=mm&r=g\",\"contentUrl\":\"https:\/\/secure.gravatar.com\/avatar\/55cb5e37c1efa326397366e6974cb338056df65cb50e7d64d1cf314e87504837?s=96&d=mm&r=g\",\"caption\":\"Arnaldo Botto\"},\"url\":\"https:\/\/www.noticiasradioreflejos.com.ar\/2021\/author\/arnaldo\/\"}]}<\/script>\n<!-- \/ Yoast SEO plugin. -->","yoast_head_json":{"title":"Automoto sum\u00f3 un \u201cprofe\u201d de experiencia nacional para Inferiores y Escuelita - Noticias Radio Reflejos","robots":{"index":"index","follow":"follow","max-snippet":"max-snippet:-1","max-image-preview":"max-image-preview:large","max-video-preview":"max-video-preview:-1"},"canonical":"https:\/\/www.noticiasradioreflejos.com.ar\/2021\/automoto-sumo-un-profe-de-experiencia-nacional-para-inferiores-y-escuelita\/","og_locale":"es_ES","og_type":"article","og_title":"Automoto sum\u00f3 un \u201cprofe\u201d de experiencia nacional para Inferiores y Escuelita - Noticias Radio Reflejos","og_description":"Con el objetivo de fortalecer el gran trabajo que vienen realizando los diferentes cuerpos t\u00e9cnicos de Inferiores y Escuelita, el Automoto Club Deportivo incorpor\u00f3 en las \u00faltimas horas al profesor Marcelo Dubi\u00e9, un profesional de reconocida y extensa trayectoria nacional.","og_url":"https:\/\/www.noticiasradioreflejos.com.ar\/2021\/automoto-sumo-un-profe-de-experiencia-nacional-para-inferiores-y-escuelita\/","og_site_name":"Noticias Radio Reflejos","article_published_time":"2018-04-06T18:19:54+00:00","og_image":[{"url":"http:\/\/farm1.staticflickr.com\/902\/41280148911_fb6ce77d80_z.jpg","type":"","width":"","height":""}],"author":"Arnaldo Botto","twitter_card":"summary_large_image","schema":{"@context":"https:\/\/schema.org","@graph":[{"@type":"WebPage","@id":"https:\/\/www.noticiasradioreflejos.com.ar\/2021\/automoto-sumo-un-profe-de-experiencia-nacional-para-inferiores-y-escuelita\/","url":"https:\/\/www.noticiasradioreflejos.com.ar\/2021\/automoto-sumo-un-profe-de-experiencia-nacional-para-inferiores-y-escuelita\/","name":"Automoto sum\u00f3 un \u201cprofe\u201d de experiencia nacional para Inferiores y Escuelita - Noticias Radio Reflejos","isPartOf":{"@id":"https:\/\/www.noticiasradioreflejos.com.ar\/2021\/#website"},"primaryImageOfPage":{"@id":"https:\/\/www.noticiasradioreflejos.com.ar\/2021\/automoto-sumo-un-profe-de-experiencia-nacional-para-inferiores-y-escuelita\/#primaryimage"},"image":{"@id":"https:\/\/www.noticiasradioreflejos.com.ar\/2021\/automoto-sumo-un-profe-de-experiencia-nacional-para-inferiores-y-escuelita\/#primaryimage"},"thumbnailUrl":"http:\/\/farm1.staticflickr.com\/902\/41280148911_fb6ce77d80_z.jpg","datePublished":"2018-04-06T18:19:54+00:00","author":{"@id":"https:\/\/www.noticiasradioreflejos.com.ar\/2021\/#\/schema\/person\/ad82545263dcc5ec0996818884fd5fb1"},"breadcrumb":{"@id":"https:\/\/www.noticiasradioreflejos.com.ar\/2021\/automoto-sumo-un-profe-de-experiencia-nacional-para-inferiores-y-escuelita\/#breadcrumb"},"inLanguage":"es","potentialAction":[{"@type":"ReadAction","target":["https:\/\/www.noticiasradioreflejos.com.ar\/2021\/automoto-sumo-un-profe-de-experiencia-nacional-para-inferiores-y-escuelita\/"]}]},{"@type":"ImageObject","inLanguage":"es","@id":"https:\/\/www.noticiasradioreflejos.com.ar\/2021\/automoto-sumo-un-profe-de-experiencia-nacional-para-inferiores-y-escuelita\/#primaryimage","url":"http:\/\/farm1.staticflickr.com\/902\/41280148911_fb6ce77d80_z.jpg","contentUrl":"http:\/\/farm1.staticflickr.com\/902\/41280148911_fb6ce77d80_z.jpg"},{"@type":"BreadcrumbList","@id":"https:\/\/www.noticiasradioreflejos.com.ar\/2021\/automoto-sumo-un-profe-de-experiencia-nacional-para-inferiores-y-escuelita\/#breadcrumb","itemListElement":[{"@type":"ListItem","position":1,"name":"Portada","item":"https:\/\/www.noticiasradioreflejos.com.ar\/2021\/"},{"@type":"ListItem","position":2,"name":"Automoto sum\u00f3 un \u201cprofe\u201d de experiencia nacional para Inferiores y Escuelita"}]},{"@type":"WebSite","@id":"https:\/\/www.noticiasradioreflejos.com.ar\/2021\/#website","url":"https:\/\/www.noticiasradioreflejos.com.ar\/2021\/","name":"Noticias Radio Reflejos","description":"Las noticias de mi comarca","potentialAction":[{"@type":"SearchAction","target":{"@type":"EntryPoint","urlTemplate":"https:\/\/www.noticiasradioreflejos.com.ar\/2021\/?s={search_term_string}"},"query-input":{"@type":"PropertyValueSpecification","valueRequired":true,"valueName":"search_term_string"}}],"inLanguage":"es"},{"@type":"Person","@id":"https:\/\/www.noticiasradioreflejos.com.ar\/2021\/#\/schema\/person\/ad82545263dcc5ec0996818884fd5fb1","name":"Arnaldo Botto","image":{"@type":"ImageObject","inLanguage":"es","@id":"https:\/\/www.noticiasradioreflejos.com.ar\/2021\/#\/schema\/person\/image\/","url":"https:\/\/secure.gravatar.com\/avatar\/55cb5e37c1efa326397366e6974cb338056df65cb50e7d64d1cf314e87504837?s=96&d=mm&r=g","contentUrl":"https:\/\/secure.gravatar.com\/avatar\/55cb5e37c1efa326397366e6974cb338056df65cb50e7d64d1cf314e87504837?s=96&d=mm&r=g","caption":"Arnaldo Botto"},"url":"https:\/\/www.noticiasradioreflejos.com.ar\/2021\/author\/arnaldo\/"}]}},"_links":{"self":[{"href":"https:\/\/www.noticiasradioreflejos.com.ar\/2021\/wp-json\/wp\/v2\/posts\/20469","targetHints":{"allow":["GET"]}}],"collection":[{"href":"https:\/\/www.noticiasradioreflejos.com.ar\/2021\/wp-json\/wp\/v2\/posts"}],"about":[{"href":"https:\/\/www.noticiasradioreflejos.com.ar\/2021\/wp-json\/wp\/v2\/types\/post"}],"author":[{"embeddable":true,"href":"https:\/\/www.noticiasradioreflejos.com.ar\/2021\/wp-json\/wp\/v2\/users\/3"}],"replies":[{"embeddable":true,"href":"https:\/\/www.noticiasradioreflejos.com.ar\/2021\/wp-json\/wp\/v2\/comments?post=20469"}],"version-history":[{"count":0,"href":"https:\/\/www.noticiasradioreflejos.com.ar\/2021\/wp-json\/wp\/v2\/posts\/20469\/revisions"}],"wp:attachment":[{"href":"https:\/\/www.noticiasradioreflejos.com.ar\/2021\/wp-json\/wp\/v2\/media?parent=20469"}],"wp:term":[{"taxonomy":"category","embeddable":true,"href":"https:\/\/www.noticiasradioreflejos.com.ar\/2021\/wp-json\/wp\/v2\/categories?post=20469"},{"taxonomy":"post_tag","embeddable":true,"href":"https:\/\/www.noticiasradioreflejos.com.ar\/2021\/wp-json\/wp\/v2\/tags?post=20469"}],"curies":[{"name":"wp","href":"https:\/\/api.w.org\/{rel}","templated":true}]}}