{"id":20464,"date":"2018-04-09T01:16:09","date_gmt":"2018-04-09T04:16:09","guid":{"rendered":"http:\/\/www.noticiasradioreflejos.com.ar\/noticias\/?p=20464"},"modified":"2018-04-09T01:16:09","modified_gmt":"2018-04-09T04:16:09","slug":"tenemos-una-generacion-de-padres-adolescentes-donde-uno-se-hace-amigo-de-los-hijos-y-no-somos-amigos-de-los-hijos-somos-padres","status":"publish","type":"post","link":"https:\/\/www.noticiasradioreflejos.com.ar\/2021\/tenemos-una-generacion-de-padres-adolescentes-donde-uno-se-hace-amigo-de-los-hijos-y-no-somos-amigos-de-los-hijos-somos-padres\/","title":{"rendered":"&quot;Tenemos una generaci\u00f3n de padres adolescentes donde uno se hace amigo de los hijos, y no somos amigos de los hijos, somos padres&quot;"},"content":{"rendered":"<p>En el ultimo programa de Serendipia, hablamos con Emilio Federico Cort\u00e9s, profesor en Ciencias Pol\u00edticas, Eviscerador Forense, sobre la realidad que se esta atravesando en la actualidad a nivel social, en lo que respecta a inseguridad, drogas, suicidio, redes sociales, y que ata\u00f1e en su mayor\u00eda a ni\u00f1os y j\u00f3venes, se abord\u00f3 el tema social y familiar.<!--more--><br \/>\nComenzamos hablando de la crisis social en la que se encuentra inversa la ciudad de Bah\u00eda Blanca y su zona de influencia, a ra\u00edz de los hechos delictivos de suma gravedad y publico conocimiento en los que varios j\u00f3venes han perdido la vida en diferentes circunstancias, y la influencia de las redes sociales en nuestro diario vivir, \u00abYo voy a hablar desde mi punto de vista, ya que soy docente, aparte de haber trabajado en medicina legal, y t\u00e9cnico eviscerador en la morgue, (Se encuentra con retiro activo ,desde hace varios a\u00f1os de la Polic\u00eda de la Provincia de Buenos Aires). De leer antiguos apuntes de autores contempor\u00e1neos, en lo que respecta a suicidio de j\u00f3venes, y en lo que respecta a hablar de n\u00fameros seria como cosificar a la persona que comete este acto de quitarse la vida. Ac\u00e1 hay una falla, yo le echo un poco de culpa a los padres, y me echo, porque yo tambi\u00e9n soy padre, y he cometido muchos errores. Hoy la droga esta muy metida, el alcohol, otra adicci\u00f3n lo cual no se habla tanto, sin ir mas lejos si ves las publicidades si no consum\u00eds alcohol no sos divertido, el consumismo plantea el concepto de la felicidad, pero nos estamos olvidando de lo mas importante, que es la persona. Otro aspecto importante es que tenemos una generaci\u00f3n de padres adolescentes, y cuando hablamos de suicidio, no solamente se habla de quitarse la vida, sino de la tentativa que se da cuando uno ingiere alcohol, drogas, si ves la calle hoy se ve muchos j\u00f3venes conduciendo en estado deplorable, y eso es una forma de quitarse la vida tambi\u00e9n. Y el problema tambi\u00e9n radica en que estamos viviendo en una sociedad totalmente individualista \u00ab. Expres\u00f3.<br \/>\n\u00abCuando uno muere el mundo sigue girando, y el problema es que hemos naturalizado la violencia. Un ejemplo pasado es cuando uno ve\u00eda a unos chicos jugando al f\u00fatbol en medio oriente y atr\u00e1s un bombardeo, eso de naturalizar la violencia la hace parecer normal, y ac\u00e1 esta pasando exactamente lo mismo, se esta naturalizando la violencia, entonces un hecho tapa al otro, paso lo de esta chiquita que la tiraron en Bah\u00eda en la puerta de un hospital, y a ese caso ya lo esta tapando el de la otra chica\u00bb.<br \/>\nCuando uno se pregunta en referencia a los casos en los que se hayan involucrados menores, en tema drogas, alcohol y muerte, donde estaban los padres?, Emilio respondi\u00f3, \u00abUno siempre pide que el otro haga por uno\u00bb, he hizo menci\u00f3n a un hecho similar ocurrido en Mar del Plata donde una adolescente fallece por sobredosis. \u00abPor eso digo que tenemos una generaci\u00f3n de padres adolescentes donde uno se hace amigo de los hijos, y no somos amigos de los hijos, somos padres, y no tomamos el rol de tales, entonces cuando suceden los hechos, pedimos justicia, y esto es una auto critica que nos tenemos que hacer todos los padres, y no lo estamos haciendo. Hoy estamos viviendo una sociedad de familias disfuncionales. Y no solamente hablamos de padres separados, hablamos de la convivencia, los padres est\u00e1n inversos en sus funciones, en sus trabajos, en el consumismo, que en la atenci\u00f3n de nuestros hijos, y cuando llegan esos padres a la casa, se encuentran con sus hijos que quieren tener un dialogo con sus padres, y no lo logran, porque los padres siguen inversos en su problem\u00e1tica, y eso hace que haya un distanciamiento, y entonces el chico donde busca?, busca relacionarse con quien lo entienda, busca alguien que lo escuche, alguien que le de una contenci\u00f3n que en la casa no tiene, y ah\u00ed es donde est\u00e1n los puntos d\u00e9biles, y ah\u00ed aparece el grooming, la droga, aparece el alcohol, aparecen los depredadores como en el caso de Disney Word donde se encontraron 32 pedofilos, esa gente esta en un coto de caza a la b\u00fasqueda de una victima, y los padres sin saberlo se lo est\u00e1n brindando, por necesidad, o por ignorancia, o por desidia\u00bb.<br \/>\nEn referencia a las redes sociales, Emilio expres\u00f3, \u00abLos padres son quienes deben controlar, y tengamos en cuenta que un chico de corta edad ya entra en las redes sociales, y esta en los adultos controlar eso, cosa que no se esta haciendo, como el caso de Francia donde aparece el juego de la asfixia. En una oportunidad hable con un legislador, que tenia como slogan (\u00abno al aborto, si a la vida\u00bb), y le pregunte porque no se mete con la redes sociales, y \u00e9l me dijo que no se puede meter con eso porque le costar\u00eda su carrera pol\u00edtica, y as\u00ed cuando hablo de individualismo tambi\u00e9n me refiero a ellos, y hay gente que tampoco se anima a tocar determinados temas por los costos que ello acarrea, incluso laboralmente, y la gente solo quiere escuchar cosas lindas, y quiere obviar lo feo, y cuando entramos en esa, entramos en una burbuja, que no nos deja ver la realidad, y cuando la realidad sacude la piojera como dec\u00eda mi viejo, ah\u00ed es donde queremos actuar, y aveces es tarde, y es lo que esta pasando hoy muchas veces con los chicos, el tema de las redes sociales es muy compleja, es dif\u00edcil de manejar, y esta lleno de depredadores, a la espera, y saben que esta ocurriendo eso, porque no nos olvidemos que ese tipo de gente tiene una caracter\u00edstica psicopatica que su inteligencia va mas all\u00e1 de la inteligencia com\u00fan, y hoy las herramientas que tienen los favorece aun mas\u00bb.<br \/>\nNOTA COMPLETA:<br \/>\n<iframe loading=\"lazy\" src=\"https:\/\/w.soundcloud.com\/player\/?url=https%3A\/\/api.soundcloud.com\/tracks\/425194623&amp;color=%23ff5500&amp;auto_play=false&amp;hide_related=false&amp;show_comments=true&amp;show_user=true&amp;show_reposts=false&amp;show_teaser=true\" width=\"100%\" height=\"166\" frameborder=\"no\" scrolling=\"no\"><\/iframe><\/p>\n","protected":false},"excerpt":{"rendered":"<p>En el ultimo programa de Serendipia, hablamos con Emilio Federico Cort\u00e9s, profesor en Ciencias Pol\u00edticas, Eviscerador Forense, sobre la realidad que se esta atravesando en la actualidad a nivel social, en lo que respecta a inseguridad, drogas, suicidio, redes sociales, y que ata\u00f1e en su mayor\u00eda a ni\u00f1os y j\u00f3venes, se abord\u00f3 el tema social [&hellip;]<\/p>\n","protected":false},"author":3,"featured_media":0,"comment_status":"closed","ping_status":"open","sticky":false,"template":"","format":"standard","meta":{"footnotes":""},"categories":[31],"tags":[],"class_list":["post-20464","post","type-post","status-publish","format-standard","hentry","category-programas"],"yoast_head":"<!-- This site is optimized with the Yoast SEO plugin v25.9 - https:\/\/yoast.com\/wordpress\/plugins\/seo\/ -->\n<title>&quot;Tenemos una generaci\u00f3n de padres adolescentes donde uno se hace amigo de los hijos, y no somos amigos de los hijos, somos padres&quot; - Noticias Radio Reflejos<\/title>\n<meta name=\"robots\" content=\"index, follow, max-snippet:-1, max-image-preview:large, max-video-preview:-1\" \/>\n<link rel=\"canonical\" href=\"https:\/\/www.noticiasradioreflejos.com.ar\/2021\/tenemos-una-generacion-de-padres-adolescentes-donde-uno-se-hace-amigo-de-los-hijos-y-no-somos-amigos-de-los-hijos-somos-padres\/\" \/>\n<meta property=\"og:locale\" content=\"es_ES\" \/>\n<meta property=\"og:type\" content=\"article\" \/>\n<meta property=\"og:title\" content=\"&quot;Tenemos una generaci\u00f3n de padres adolescentes donde uno se hace amigo de los hijos, y no somos amigos de los hijos, somos padres&quot; - Noticias Radio Reflejos\" \/>\n<meta property=\"og:description\" content=\"En el ultimo programa de Serendipia, hablamos con Emilio Federico Cort\u00e9s, profesor en Ciencias Pol\u00edticas, Eviscerador Forense, sobre la realidad que se esta atravesando en la actualidad a nivel social, en lo que respecta a inseguridad, drogas, suicidio, redes sociales, y que ata\u00f1e en su mayor\u00eda a ni\u00f1os y j\u00f3venes, se abord\u00f3 el tema social [&hellip;]\" \/>\n<meta property=\"og:url\" content=\"https:\/\/www.noticiasradioreflejos.com.ar\/2021\/tenemos-una-generacion-de-padres-adolescentes-donde-uno-se-hace-amigo-de-los-hijos-y-no-somos-amigos-de-los-hijos-somos-padres\/\" \/>\n<meta property=\"og:site_name\" content=\"Noticias Radio Reflejos\" \/>\n<meta property=\"article:published_time\" content=\"2018-04-09T04:16:09+00:00\" \/>\n<meta property=\"og:image\" content=\"https:\/\/www.noticiasradioreflejos.com.ar\/2021\/wp-content\/uploads\/2021\/07\/logosol300x200.png\" \/>\n\t<meta property=\"og:image:width\" content=\"300\" \/>\n\t<meta property=\"og:image:height\" content=\"200\" \/>\n\t<meta property=\"og:image:type\" content=\"image\/png\" \/>\n<meta name=\"author\" content=\"Arnaldo Botto\" \/>\n<meta name=\"twitter:card\" content=\"summary_large_image\" \/>\n<script type=\"application\/ld+json\" class=\"yoast-schema-graph\">{\"@context\":\"https:\/\/schema.org\",\"@graph\":[{\"@type\":\"WebPage\",\"@id\":\"https:\/\/www.noticiasradioreflejos.com.ar\/2021\/tenemos-una-generacion-de-padres-adolescentes-donde-uno-se-hace-amigo-de-los-hijos-y-no-somos-amigos-de-los-hijos-somos-padres\/\",\"url\":\"https:\/\/www.noticiasradioreflejos.com.ar\/2021\/tenemos-una-generacion-de-padres-adolescentes-donde-uno-se-hace-amigo-de-los-hijos-y-no-somos-amigos-de-los-hijos-somos-padres\/\",\"name\":\"&quot;Tenemos una generaci\u00f3n de padres adolescentes donde uno se hace amigo de los hijos, y no somos amigos de los hijos, somos padres&quot; - Noticias Radio Reflejos\",\"isPartOf\":{\"@id\":\"https:\/\/www.noticiasradioreflejos.com.ar\/2021\/#website\"},\"datePublished\":\"2018-04-09T04:16:09+00:00\",\"author\":{\"@id\":\"https:\/\/www.noticiasradioreflejos.com.ar\/2021\/#\/schema\/person\/ad82545263dcc5ec0996818884fd5fb1\"},\"breadcrumb\":{\"@id\":\"https:\/\/www.noticiasradioreflejos.com.ar\/2021\/tenemos-una-generacion-de-padres-adolescentes-donde-uno-se-hace-amigo-de-los-hijos-y-no-somos-amigos-de-los-hijos-somos-padres\/#breadcrumb\"},\"inLanguage\":\"es\",\"potentialAction\":[{\"@type\":\"ReadAction\",\"target\":[\"https:\/\/www.noticiasradioreflejos.com.ar\/2021\/tenemos-una-generacion-de-padres-adolescentes-donde-uno-se-hace-amigo-de-los-hijos-y-no-somos-amigos-de-los-hijos-somos-padres\/\"]}]},{\"@type\":\"BreadcrumbList\",\"@id\":\"https:\/\/www.noticiasradioreflejos.com.ar\/2021\/tenemos-una-generacion-de-padres-adolescentes-donde-uno-se-hace-amigo-de-los-hijos-y-no-somos-amigos-de-los-hijos-somos-padres\/#breadcrumb\",\"itemListElement\":[{\"@type\":\"ListItem\",\"position\":1,\"name\":\"Portada\",\"item\":\"https:\/\/www.noticiasradioreflejos.com.ar\/2021\/\"},{\"@type\":\"ListItem\",\"position\":2,\"name\":\"&quot;Tenemos una generaci\u00f3n de padres adolescentes donde uno se hace amigo de los hijos, y no somos amigos de los hijos, somos padres&quot;\"}]},{\"@type\":\"WebSite\",\"@id\":\"https:\/\/www.noticiasradioreflejos.com.ar\/2021\/#website\",\"url\":\"https:\/\/www.noticiasradioreflejos.com.ar\/2021\/\",\"name\":\"Noticias Radio Reflejos\",\"description\":\"Las noticias de mi comarca\",\"potentialAction\":[{\"@type\":\"SearchAction\",\"target\":{\"@type\":\"EntryPoint\",\"urlTemplate\":\"https:\/\/www.noticiasradioreflejos.com.ar\/2021\/?s={search_term_string}\"},\"query-input\":{\"@type\":\"PropertyValueSpecification\",\"valueRequired\":true,\"valueName\":\"search_term_string\"}}],\"inLanguage\":\"es\"},{\"@type\":\"Person\",\"@id\":\"https:\/\/www.noticiasradioreflejos.com.ar\/2021\/#\/schema\/person\/ad82545263dcc5ec0996818884fd5fb1\",\"name\":\"Arnaldo Botto\",\"image\":{\"@type\":\"ImageObject\",\"inLanguage\":\"es\",\"@id\":\"https:\/\/www.noticiasradioreflejos.com.ar\/2021\/#\/schema\/person\/image\/\",\"url\":\"https:\/\/secure.gravatar.com\/avatar\/55cb5e37c1efa326397366e6974cb338056df65cb50e7d64d1cf314e87504837?s=96&d=mm&r=g\",\"contentUrl\":\"https:\/\/secure.gravatar.com\/avatar\/55cb5e37c1efa326397366e6974cb338056df65cb50e7d64d1cf314e87504837?s=96&d=mm&r=g\",\"caption\":\"Arnaldo Botto\"},\"url\":\"https:\/\/www.noticiasradioreflejos.com.ar\/2021\/author\/arnaldo\/\"}]}<\/script>\n<!-- \/ Yoast SEO plugin. -->","yoast_head_json":{"title":"&quot;Tenemos una generaci\u00f3n de padres adolescentes donde uno se hace amigo de los hijos, y no somos amigos de los hijos, somos padres&quot; - Noticias Radio Reflejos","robots":{"index":"index","follow":"follow","max-snippet":"max-snippet:-1","max-image-preview":"max-image-preview:large","max-video-preview":"max-video-preview:-1"},"canonical":"https:\/\/www.noticiasradioreflejos.com.ar\/2021\/tenemos-una-generacion-de-padres-adolescentes-donde-uno-se-hace-amigo-de-los-hijos-y-no-somos-amigos-de-los-hijos-somos-padres\/","og_locale":"es_ES","og_type":"article","og_title":"&quot;Tenemos una generaci\u00f3n de padres adolescentes donde uno se hace amigo de los hijos, y no somos amigos de los hijos, somos padres&quot; - Noticias Radio Reflejos","og_description":"En el ultimo programa de Serendipia, hablamos con Emilio Federico Cort\u00e9s, profesor en Ciencias Pol\u00edticas, Eviscerador Forense, sobre la realidad que se esta atravesando en la actualidad a nivel social, en lo que respecta a inseguridad, drogas, suicidio, redes sociales, y que ata\u00f1e en su mayor\u00eda a ni\u00f1os y j\u00f3venes, se abord\u00f3 el tema social [&hellip;]","og_url":"https:\/\/www.noticiasradioreflejos.com.ar\/2021\/tenemos-una-generacion-de-padres-adolescentes-donde-uno-se-hace-amigo-de-los-hijos-y-no-somos-amigos-de-los-hijos-somos-padres\/","og_site_name":"Noticias Radio Reflejos","article_published_time":"2018-04-09T04:16:09+00:00","og_image":[{"width":300,"height":200,"url":"https:\/\/www.noticiasradioreflejos.com.ar\/2021\/wp-content\/uploads\/2021\/07\/logosol300x200.png","type":"image\/png"}],"author":"Arnaldo Botto","twitter_card":"summary_large_image","schema":{"@context":"https:\/\/schema.org","@graph":[{"@type":"WebPage","@id":"https:\/\/www.noticiasradioreflejos.com.ar\/2021\/tenemos-una-generacion-de-padres-adolescentes-donde-uno-se-hace-amigo-de-los-hijos-y-no-somos-amigos-de-los-hijos-somos-padres\/","url":"https:\/\/www.noticiasradioreflejos.com.ar\/2021\/tenemos-una-generacion-de-padres-adolescentes-donde-uno-se-hace-amigo-de-los-hijos-y-no-somos-amigos-de-los-hijos-somos-padres\/","name":"&quot;Tenemos una generaci\u00f3n de padres adolescentes donde uno se hace amigo de los hijos, y no somos amigos de los hijos, somos padres&quot; - Noticias Radio Reflejos","isPartOf":{"@id":"https:\/\/www.noticiasradioreflejos.com.ar\/2021\/#website"},"datePublished":"2018-04-09T04:16:09+00:00","author":{"@id":"https:\/\/www.noticiasradioreflejos.com.ar\/2021\/#\/schema\/person\/ad82545263dcc5ec0996818884fd5fb1"},"breadcrumb":{"@id":"https:\/\/www.noticiasradioreflejos.com.ar\/2021\/tenemos-una-generacion-de-padres-adolescentes-donde-uno-se-hace-amigo-de-los-hijos-y-no-somos-amigos-de-los-hijos-somos-padres\/#breadcrumb"},"inLanguage":"es","potentialAction":[{"@type":"ReadAction","target":["https:\/\/www.noticiasradioreflejos.com.ar\/2021\/tenemos-una-generacion-de-padres-adolescentes-donde-uno-se-hace-amigo-de-los-hijos-y-no-somos-amigos-de-los-hijos-somos-padres\/"]}]},{"@type":"BreadcrumbList","@id":"https:\/\/www.noticiasradioreflejos.com.ar\/2021\/tenemos-una-generacion-de-padres-adolescentes-donde-uno-se-hace-amigo-de-los-hijos-y-no-somos-amigos-de-los-hijos-somos-padres\/#breadcrumb","itemListElement":[{"@type":"ListItem","position":1,"name":"Portada","item":"https:\/\/www.noticiasradioreflejos.com.ar\/2021\/"},{"@type":"ListItem","position":2,"name":"&quot;Tenemos una generaci\u00f3n de padres adolescentes donde uno se hace amigo de los hijos, y no somos amigos de los hijos, somos padres&quot;"}]},{"@type":"WebSite","@id":"https:\/\/www.noticiasradioreflejos.com.ar\/2021\/#website","url":"https:\/\/www.noticiasradioreflejos.com.ar\/2021\/","name":"Noticias Radio Reflejos","description":"Las noticias de mi comarca","potentialAction":[{"@type":"SearchAction","target":{"@type":"EntryPoint","urlTemplate":"https:\/\/www.noticiasradioreflejos.com.ar\/2021\/?s={search_term_string}"},"query-input":{"@type":"PropertyValueSpecification","valueRequired":true,"valueName":"search_term_string"}}],"inLanguage":"es"},{"@type":"Person","@id":"https:\/\/www.noticiasradioreflejos.com.ar\/2021\/#\/schema\/person\/ad82545263dcc5ec0996818884fd5fb1","name":"Arnaldo Botto","image":{"@type":"ImageObject","inLanguage":"es","@id":"https:\/\/www.noticiasradioreflejos.com.ar\/2021\/#\/schema\/person\/image\/","url":"https:\/\/secure.gravatar.com\/avatar\/55cb5e37c1efa326397366e6974cb338056df65cb50e7d64d1cf314e87504837?s=96&d=mm&r=g","contentUrl":"https:\/\/secure.gravatar.com\/avatar\/55cb5e37c1efa326397366e6974cb338056df65cb50e7d64d1cf314e87504837?s=96&d=mm&r=g","caption":"Arnaldo Botto"},"url":"https:\/\/www.noticiasradioreflejos.com.ar\/2021\/author\/arnaldo\/"}]}},"_links":{"self":[{"href":"https:\/\/www.noticiasradioreflejos.com.ar\/2021\/wp-json\/wp\/v2\/posts\/20464","targetHints":{"allow":["GET"]}}],"collection":[{"href":"https:\/\/www.noticiasradioreflejos.com.ar\/2021\/wp-json\/wp\/v2\/posts"}],"about":[{"href":"https:\/\/www.noticiasradioreflejos.com.ar\/2021\/wp-json\/wp\/v2\/types\/post"}],"author":[{"embeddable":true,"href":"https:\/\/www.noticiasradioreflejos.com.ar\/2021\/wp-json\/wp\/v2\/users\/3"}],"replies":[{"embeddable":true,"href":"https:\/\/www.noticiasradioreflejos.com.ar\/2021\/wp-json\/wp\/v2\/comments?post=20464"}],"version-history":[{"count":0,"href":"https:\/\/www.noticiasradioreflejos.com.ar\/2021\/wp-json\/wp\/v2\/posts\/20464\/revisions"}],"wp:attachment":[{"href":"https:\/\/www.noticiasradioreflejos.com.ar\/2021\/wp-json\/wp\/v2\/media?parent=20464"}],"wp:term":[{"taxonomy":"category","embeddable":true,"href":"https:\/\/www.noticiasradioreflejos.com.ar\/2021\/wp-json\/wp\/v2\/categories?post=20464"},{"taxonomy":"post_tag","embeddable":true,"href":"https:\/\/www.noticiasradioreflejos.com.ar\/2021\/wp-json\/wp\/v2\/tags?post=20464"}],"curies":[{"name":"wp","href":"https:\/\/api.w.org\/{rel}","templated":true}]}}