{"id":20418,"date":"2018-04-06T08:03:59","date_gmt":"2018-04-06T11:03:59","guid":{"rendered":"http:\/\/www.noticiasradioreflejos.com.ar\/noticias\/?p=20418"},"modified":"2018-04-06T08:03:59","modified_gmt":"2018-04-06T11:03:59","slug":"recursos-para-empezar-a-verse-armonizate-y-equilibra-tu-vida","status":"publish","type":"post","link":"https:\/\/www.noticiasradioreflejos.com.ar\/2021\/recursos-para-empezar-a-verse-armonizate-y-equilibra-tu-vida\/","title":{"rendered":"&quot;Recursos para empezar a verse, armonizate y equilibra tu vida&quot;"},"content":{"rendered":"<p>Se suma una nueva secci\u00f3n a nuestra pagina, a cargo de Valeria C\u00e1mara, sobre la parte espiritual, la indagaci\u00f3n con p\u00e9ndulo para la sanaci\u00f3n, los chakras, talismanes naturales de protecci\u00f3n, como proteger nuestro hogar, y todo lo que podemos lograr mediante energ\u00eda, y se informar\u00e1 tambi\u00e9n como afectan las emociones a las cosas cotidianas, en nuestro ser.<br \/>\n<!--more--><br \/>\nEn muchas oportunidades se atribuye el cansancio a un esfuerzo f\u00edsico, sin darnos cuenta que aveces tiene que ver con las energ\u00edas negativas que absorbemos de lo cotidiano de los dem\u00e1s, las malas vibras y es sin darnos cuenta como nuestro universo interno pierde su armon\u00eda y su equilibrio.<!--more--><br \/>\nEn la columna de hoy, informar\u00e9 sobre \u00abLas cuatro leyes de la espiritualidad\u00bb.<br \/>\n\u274a La primera dice:<br \/>\n\u25b2\u00bbLa persona que llega es la persona correcta\u00bb \u25bc<br \/>\nEs decir que nadie llega a nuestras vidas por casualidad, todas las personas que nos rodean, que interact\u00faan con nosotros, est\u00e1n all\u00ed por algo, para hacernos aprender y avanzar en cada situaci\u00f3n.<\/p>\n<div class=\"text_exposed_show\">\n\u274aLa segunda ley dice:<br \/>\n\u25b2\u00bbLo que sucede es la \u00fanica cosa que pod\u00eda haber sucedido\u00bb.\u25bc<br \/>\nNada, pero nada, absolutamente nada de lo que nos sucede en nuestras vidas podr\u00eda haber sido de otra manera. Ni siquiera el detalle m\u00e1s insignificante. No existe el: \u00absi hubiera hecho tal cosa&#8230;hubiera sucedido tal otra&#8230;\u00bb. No. Lo que pas\u00f3 fue lo \u00fanico que pudo haber pasado, y tuvo que haber sido as\u00ed para que aprendamos esa lecci\u00f3n y sigamos adelante. Todas y cada una de las situaciones que nos suceden en nuestras vidas son perfectas, aunque nuestra mente y nuestro ego se resistan y no quieran aceptarlo.<br \/>\n\u274aLa tercera dice:<br \/>\n\u25b2\u00bbEn cualquier momento que comience es el momento correcto\u00bb.\u25bc<br \/>\nTodo comienza en el momento indicado, ni antes, ni despu\u00e9s. Cuando estamos preparados para que algo nuevo empiece en nuestras vidas, es all\u00ed cuando comenzar\u00e1.<br \/>\n\u274aLa cuarta y \u00faltima:<br \/>\n\u25b2\u00bbCuando algo termina, termina\u00bb\u25bc<br \/>\nSimplemente as\u00ed. Si algo termin\u00f3 en nuestras vidas, es para nuestra evoluci\u00f3n, por lo tanto es mejor dejarlo, seguir adelante y avanzar ya enriquecidos con esa experiencia. Creo que no es casual que est\u00e9n leyendo esto; si este texto llega a nuestras vidas hoy es porque estamos preparados para entender que ning\u00fan copo de nieve cae alguna vez en el lugar equivocado!\n<\/div>\n<p><a title=\"4 leyes de la espiritualidad\" href=\"http:\/\/farm1.staticflickr.com\/806\/39448329890_b0e78e46ba.jpg\" rel=\"\"><img loading=\"lazy\" decoding=\"async\" class=\"aligncenter\" title=\"4 leyes de la espiritualidad\" src=\"http:\/\/farm1.staticflickr.com\/806\/39448329890_b0e78e46ba.jpg\" alt=\"4 leyes de la espiritualidad\" width=\"432\" height=\"227\" \/><\/a><br \/>\nPara contactarme, por Facebook pueden hacerlo busc\u00e1ndome como \u00abValeria C\u00e1mara\u00bb \u00f3 a traves de mi pagina de Facebook, como \u00abIndagaci\u00f3n con p\u00e9ndulo para sanaci\u00f3n &#8211; Valeria C\u00e1mara\u00bb<br \/>\nNumero de contacto: 0291-154196713 (whatsapp).<br \/>\n<a title=\"logo nuevo\" href=\"http:\/\/farm1.staticflickr.com\/896\/27384040068_e2b3b2b21a_z.jpg\" rel=\"\"><img loading=\"lazy\" decoding=\"async\" class=\"aligncenter\" title=\"logo nuevo\" src=\"http:\/\/farm1.staticflickr.com\/896\/27384040068_e2b3b2b21a_z.jpg\" alt=\"logo nuevo\" width=\"640\" height=\"360\" \/><\/a><\/p>\n","protected":false},"excerpt":{"rendered":"<p>Se suma una nueva secci\u00f3n a nuestra pagina, a cargo de Valeria C\u00e1mara, sobre la parte espiritual, la indagaci\u00f3n con p\u00e9ndulo para la sanaci\u00f3n, los chakras, talismanes naturales de protecci\u00f3n, como proteger nuestro hogar, y todo lo que podemos lograr mediante energ\u00eda, y se informar\u00e1 tambi\u00e9n como afectan las emociones a las cosas cotidianas, en [&hellip;]<\/p>\n","protected":false},"author":3,"featured_media":0,"comment_status":"closed","ping_status":"open","sticky":false,"template":"","format":"standard","meta":{"footnotes":""},"categories":[26],"tags":[],"class_list":["post-20418","post","type-post","status-publish","format-standard","hentry","category-sociedad"],"yoast_head":"<!-- This site is optimized with the Yoast SEO plugin v25.9 - https:\/\/yoast.com\/wordpress\/plugins\/seo\/ -->\n<title>&quot;Recursos para empezar a verse, armonizate y equilibra tu vida&quot; - Noticias Radio Reflejos<\/title>\n<meta name=\"robots\" content=\"index, follow, max-snippet:-1, max-image-preview:large, max-video-preview:-1\" \/>\n<link rel=\"canonical\" href=\"https:\/\/www.noticiasradioreflejos.com.ar\/2021\/recursos-para-empezar-a-verse-armonizate-y-equilibra-tu-vida\/\" \/>\n<meta property=\"og:locale\" content=\"es_ES\" \/>\n<meta property=\"og:type\" content=\"article\" \/>\n<meta property=\"og:title\" content=\"&quot;Recursos para empezar a verse, armonizate y equilibra tu vida&quot; - Noticias Radio Reflejos\" \/>\n<meta property=\"og:description\" content=\"Se suma una nueva secci\u00f3n a nuestra pagina, a cargo de Valeria C\u00e1mara, sobre la parte espiritual, la indagaci\u00f3n con p\u00e9ndulo para la sanaci\u00f3n, los chakras, talismanes naturales de protecci\u00f3n, como proteger nuestro hogar, y todo lo que podemos lograr mediante energ\u00eda, y se informar\u00e1 tambi\u00e9n como afectan las emociones a las cosas cotidianas, en [&hellip;]\" \/>\n<meta property=\"og:url\" content=\"https:\/\/www.noticiasradioreflejos.com.ar\/2021\/recursos-para-empezar-a-verse-armonizate-y-equilibra-tu-vida\/\" \/>\n<meta property=\"og:site_name\" content=\"Noticias Radio Reflejos\" \/>\n<meta property=\"article:published_time\" content=\"2018-04-06T11:03:59+00:00\" \/>\n<meta property=\"og:image\" content=\"http:\/\/farm1.staticflickr.com\/806\/39448329890_b0e78e46ba.jpg\" \/>\n<meta name=\"author\" content=\"Arnaldo Botto\" \/>\n<meta name=\"twitter:card\" content=\"summary_large_image\" \/>\n<script type=\"application\/ld+json\" class=\"yoast-schema-graph\">{\"@context\":\"https:\/\/schema.org\",\"@graph\":[{\"@type\":\"WebPage\",\"@id\":\"https:\/\/www.noticiasradioreflejos.com.ar\/2021\/recursos-para-empezar-a-verse-armonizate-y-equilibra-tu-vida\/\",\"url\":\"https:\/\/www.noticiasradioreflejos.com.ar\/2021\/recursos-para-empezar-a-verse-armonizate-y-equilibra-tu-vida\/\",\"name\":\"&quot;Recursos para empezar a verse, armonizate y equilibra tu vida&quot; - Noticias Radio Reflejos\",\"isPartOf\":{\"@id\":\"https:\/\/www.noticiasradioreflejos.com.ar\/2021\/#website\"},\"primaryImageOfPage\":{\"@id\":\"https:\/\/www.noticiasradioreflejos.com.ar\/2021\/recursos-para-empezar-a-verse-armonizate-y-equilibra-tu-vida\/#primaryimage\"},\"image\":{\"@id\":\"https:\/\/www.noticiasradioreflejos.com.ar\/2021\/recursos-para-empezar-a-verse-armonizate-y-equilibra-tu-vida\/#primaryimage\"},\"thumbnailUrl\":\"http:\/\/farm1.staticflickr.com\/806\/39448329890_b0e78e46ba.jpg\",\"datePublished\":\"2018-04-06T11:03:59+00:00\",\"author\":{\"@id\":\"https:\/\/www.noticiasradioreflejos.com.ar\/2021\/#\/schema\/person\/ad82545263dcc5ec0996818884fd5fb1\"},\"breadcrumb\":{\"@id\":\"https:\/\/www.noticiasradioreflejos.com.ar\/2021\/recursos-para-empezar-a-verse-armonizate-y-equilibra-tu-vida\/#breadcrumb\"},\"inLanguage\":\"es\",\"potentialAction\":[{\"@type\":\"ReadAction\",\"target\":[\"https:\/\/www.noticiasradioreflejos.com.ar\/2021\/recursos-para-empezar-a-verse-armonizate-y-equilibra-tu-vida\/\"]}]},{\"@type\":\"ImageObject\",\"inLanguage\":\"es\",\"@id\":\"https:\/\/www.noticiasradioreflejos.com.ar\/2021\/recursos-para-empezar-a-verse-armonizate-y-equilibra-tu-vida\/#primaryimage\",\"url\":\"http:\/\/farm1.staticflickr.com\/806\/39448329890_b0e78e46ba.jpg\",\"contentUrl\":\"http:\/\/farm1.staticflickr.com\/806\/39448329890_b0e78e46ba.jpg\"},{\"@type\":\"BreadcrumbList\",\"@id\":\"https:\/\/www.noticiasradioreflejos.com.ar\/2021\/recursos-para-empezar-a-verse-armonizate-y-equilibra-tu-vida\/#breadcrumb\",\"itemListElement\":[{\"@type\":\"ListItem\",\"position\":1,\"name\":\"Portada\",\"item\":\"https:\/\/www.noticiasradioreflejos.com.ar\/2021\/\"},{\"@type\":\"ListItem\",\"position\":2,\"name\":\"&quot;Recursos para empezar a verse, armonizate y equilibra tu vida&quot;\"}]},{\"@type\":\"WebSite\",\"@id\":\"https:\/\/www.noticiasradioreflejos.com.ar\/2021\/#website\",\"url\":\"https:\/\/www.noticiasradioreflejos.com.ar\/2021\/\",\"name\":\"Noticias Radio Reflejos\",\"description\":\"Las noticias de mi comarca\",\"potentialAction\":[{\"@type\":\"SearchAction\",\"target\":{\"@type\":\"EntryPoint\",\"urlTemplate\":\"https:\/\/www.noticiasradioreflejos.com.ar\/2021\/?s={search_term_string}\"},\"query-input\":{\"@type\":\"PropertyValueSpecification\",\"valueRequired\":true,\"valueName\":\"search_term_string\"}}],\"inLanguage\":\"es\"},{\"@type\":\"Person\",\"@id\":\"https:\/\/www.noticiasradioreflejos.com.ar\/2021\/#\/schema\/person\/ad82545263dcc5ec0996818884fd5fb1\",\"name\":\"Arnaldo Botto\",\"image\":{\"@type\":\"ImageObject\",\"inLanguage\":\"es\",\"@id\":\"https:\/\/www.noticiasradioreflejos.com.ar\/2021\/#\/schema\/person\/image\/\",\"url\":\"https:\/\/secure.gravatar.com\/avatar\/55cb5e37c1efa326397366e6974cb338056df65cb50e7d64d1cf314e87504837?s=96&d=mm&r=g\",\"contentUrl\":\"https:\/\/secure.gravatar.com\/avatar\/55cb5e37c1efa326397366e6974cb338056df65cb50e7d64d1cf314e87504837?s=96&d=mm&r=g\",\"caption\":\"Arnaldo Botto\"},\"url\":\"https:\/\/www.noticiasradioreflejos.com.ar\/2021\/author\/arnaldo\/\"}]}<\/script>\n<!-- \/ Yoast SEO plugin. -->","yoast_head_json":{"title":"&quot;Recursos para empezar a verse, armonizate y equilibra tu vida&quot; - Noticias Radio Reflejos","robots":{"index":"index","follow":"follow","max-snippet":"max-snippet:-1","max-image-preview":"max-image-preview:large","max-video-preview":"max-video-preview:-1"},"canonical":"https:\/\/www.noticiasradioreflejos.com.ar\/2021\/recursos-para-empezar-a-verse-armonizate-y-equilibra-tu-vida\/","og_locale":"es_ES","og_type":"article","og_title":"&quot;Recursos para empezar a verse, armonizate y equilibra tu vida&quot; - Noticias Radio Reflejos","og_description":"Se suma una nueva secci\u00f3n a nuestra pagina, a cargo de Valeria C\u00e1mara, sobre la parte espiritual, la indagaci\u00f3n con p\u00e9ndulo para la sanaci\u00f3n, los chakras, talismanes naturales de protecci\u00f3n, como proteger nuestro hogar, y todo lo que podemos lograr mediante energ\u00eda, y se informar\u00e1 tambi\u00e9n como afectan las emociones a las cosas cotidianas, en [&hellip;]","og_url":"https:\/\/www.noticiasradioreflejos.com.ar\/2021\/recursos-para-empezar-a-verse-armonizate-y-equilibra-tu-vida\/","og_site_name":"Noticias Radio Reflejos","article_published_time":"2018-04-06T11:03:59+00:00","og_image":[{"url":"http:\/\/farm1.staticflickr.com\/806\/39448329890_b0e78e46ba.jpg","type":"","width":"","height":""}],"author":"Arnaldo Botto","twitter_card":"summary_large_image","schema":{"@context":"https:\/\/schema.org","@graph":[{"@type":"WebPage","@id":"https:\/\/www.noticiasradioreflejos.com.ar\/2021\/recursos-para-empezar-a-verse-armonizate-y-equilibra-tu-vida\/","url":"https:\/\/www.noticiasradioreflejos.com.ar\/2021\/recursos-para-empezar-a-verse-armonizate-y-equilibra-tu-vida\/","name":"&quot;Recursos para empezar a verse, armonizate y equilibra tu vida&quot; - Noticias Radio Reflejos","isPartOf":{"@id":"https:\/\/www.noticiasradioreflejos.com.ar\/2021\/#website"},"primaryImageOfPage":{"@id":"https:\/\/www.noticiasradioreflejos.com.ar\/2021\/recursos-para-empezar-a-verse-armonizate-y-equilibra-tu-vida\/#primaryimage"},"image":{"@id":"https:\/\/www.noticiasradioreflejos.com.ar\/2021\/recursos-para-empezar-a-verse-armonizate-y-equilibra-tu-vida\/#primaryimage"},"thumbnailUrl":"http:\/\/farm1.staticflickr.com\/806\/39448329890_b0e78e46ba.jpg","datePublished":"2018-04-06T11:03:59+00:00","author":{"@id":"https:\/\/www.noticiasradioreflejos.com.ar\/2021\/#\/schema\/person\/ad82545263dcc5ec0996818884fd5fb1"},"breadcrumb":{"@id":"https:\/\/www.noticiasradioreflejos.com.ar\/2021\/recursos-para-empezar-a-verse-armonizate-y-equilibra-tu-vida\/#breadcrumb"},"inLanguage":"es","potentialAction":[{"@type":"ReadAction","target":["https:\/\/www.noticiasradioreflejos.com.ar\/2021\/recursos-para-empezar-a-verse-armonizate-y-equilibra-tu-vida\/"]}]},{"@type":"ImageObject","inLanguage":"es","@id":"https:\/\/www.noticiasradioreflejos.com.ar\/2021\/recursos-para-empezar-a-verse-armonizate-y-equilibra-tu-vida\/#primaryimage","url":"http:\/\/farm1.staticflickr.com\/806\/39448329890_b0e78e46ba.jpg","contentUrl":"http:\/\/farm1.staticflickr.com\/806\/39448329890_b0e78e46ba.jpg"},{"@type":"BreadcrumbList","@id":"https:\/\/www.noticiasradioreflejos.com.ar\/2021\/recursos-para-empezar-a-verse-armonizate-y-equilibra-tu-vida\/#breadcrumb","itemListElement":[{"@type":"ListItem","position":1,"name":"Portada","item":"https:\/\/www.noticiasradioreflejos.com.ar\/2021\/"},{"@type":"ListItem","position":2,"name":"&quot;Recursos para empezar a verse, armonizate y equilibra tu vida&quot;"}]},{"@type":"WebSite","@id":"https:\/\/www.noticiasradioreflejos.com.ar\/2021\/#website","url":"https:\/\/www.noticiasradioreflejos.com.ar\/2021\/","name":"Noticias Radio Reflejos","description":"Las noticias de mi comarca","potentialAction":[{"@type":"SearchAction","target":{"@type":"EntryPoint","urlTemplate":"https:\/\/www.noticiasradioreflejos.com.ar\/2021\/?s={search_term_string}"},"query-input":{"@type":"PropertyValueSpecification","valueRequired":true,"valueName":"search_term_string"}}],"inLanguage":"es"},{"@type":"Person","@id":"https:\/\/www.noticiasradioreflejos.com.ar\/2021\/#\/schema\/person\/ad82545263dcc5ec0996818884fd5fb1","name":"Arnaldo Botto","image":{"@type":"ImageObject","inLanguage":"es","@id":"https:\/\/www.noticiasradioreflejos.com.ar\/2021\/#\/schema\/person\/image\/","url":"https:\/\/secure.gravatar.com\/avatar\/55cb5e37c1efa326397366e6974cb338056df65cb50e7d64d1cf314e87504837?s=96&d=mm&r=g","contentUrl":"https:\/\/secure.gravatar.com\/avatar\/55cb5e37c1efa326397366e6974cb338056df65cb50e7d64d1cf314e87504837?s=96&d=mm&r=g","caption":"Arnaldo Botto"},"url":"https:\/\/www.noticiasradioreflejos.com.ar\/2021\/author\/arnaldo\/"}]}},"_links":{"self":[{"href":"https:\/\/www.noticiasradioreflejos.com.ar\/2021\/wp-json\/wp\/v2\/posts\/20418","targetHints":{"allow":["GET"]}}],"collection":[{"href":"https:\/\/www.noticiasradioreflejos.com.ar\/2021\/wp-json\/wp\/v2\/posts"}],"about":[{"href":"https:\/\/www.noticiasradioreflejos.com.ar\/2021\/wp-json\/wp\/v2\/types\/post"}],"author":[{"embeddable":true,"href":"https:\/\/www.noticiasradioreflejos.com.ar\/2021\/wp-json\/wp\/v2\/users\/3"}],"replies":[{"embeddable":true,"href":"https:\/\/www.noticiasradioreflejos.com.ar\/2021\/wp-json\/wp\/v2\/comments?post=20418"}],"version-history":[{"count":0,"href":"https:\/\/www.noticiasradioreflejos.com.ar\/2021\/wp-json\/wp\/v2\/posts\/20418\/revisions"}],"wp:attachment":[{"href":"https:\/\/www.noticiasradioreflejos.com.ar\/2021\/wp-json\/wp\/v2\/media?parent=20418"}],"wp:term":[{"taxonomy":"category","embeddable":true,"href":"https:\/\/www.noticiasradioreflejos.com.ar\/2021\/wp-json\/wp\/v2\/categories?post=20418"},{"taxonomy":"post_tag","embeddable":true,"href":"https:\/\/www.noticiasradioreflejos.com.ar\/2021\/wp-json\/wp\/v2\/tags?post=20418"}],"curies":[{"name":"wp","href":"https:\/\/api.w.org\/{rel}","templated":true}]}}