{"id":20409,"date":"2018-04-05T12:38:54","date_gmt":"2018-04-05T15:38:54","guid":{"rendered":"http:\/\/www.noticiasradioreflejos.com.ar\/noticias\/?p=20409"},"modified":"2018-04-05T12:38:54","modified_gmt":"2018-04-05T15:38:54","slug":"este-viernes-6-de-abril-no-habra-bancos-en-todo-el-pais","status":"publish","type":"post","link":"https:\/\/www.noticiasradioreflejos.com.ar\/2021\/este-viernes-6-de-abril-no-habra-bancos-en-todo-el-pais\/","title":{"rendered":"Este viernes 6 de abril no habr\u00e1 bancos en todo el pa\u00eds."},"content":{"rendered":"<p>La Asociaci\u00f3n Bancaria (AB) que conduce Sergio Palazzo decidi\u00f3 esta noche \u201cun paro nacional activo\u201d de 24 horas para el viernes pr\u00f3ximo en todas las entidades financieras p\u00fablicas y privadas ante \u201cla ausencia de una propuesta salarial superadora por parte de las c\u00e1maras patronales\u201d, dijeron fuentes gremiales.<!--more--><br \/>\nLos informantes advirtieron que la semana pr\u00f3xima, en fecha a determinar, habr\u00e1 otra huelga, esta vez de 48 horas, si no hay \u201csoluciones definitivas\u201d.<br \/>\nLos voceros gremiales de la organizaci\u00f3n sindical confirmaron esta noche a T\u00e9lam que el paro nacional del viernes en la totalidad de las entidades financieras p\u00fablicas y privadas ser\u00e1 \u201cactivo\u201d, es decir, habr\u00e1 movilizaciones y marchas en las principales ciudades.<br \/>\nLas fuentes sindicales denunciaron \u201cla ausencia absoluta de propuestas paritarias justas\u201d por parte de los empresarios de las cuatro c\u00e1maras y el Banco Central (BCRA), por lo que el gremio convoc\u00f3 a la huelga nacional del viernes pr\u00f3ximo y advirti\u00f3 que la semana pr\u00f3xima habr\u00e1 otro paro de dos d\u00edas si \u201cno se ofrecen soluciones definitivas\u201d.<br \/>\n\u201cNo hubo ni hay hasta ahora una propuesta salarial superadora que garantice salarios dignos y justos\u201d, se\u00f1alaron los voceros gremiales a esta agencia, y realzaron que esa realidad provoca \u201cserias consecuencias sobre la econom\u00eda familiar de los trabajadores\u201d.<br \/>\nAdem\u00e1s, los voceros se\u00f1alaron que la segunda jornada de huelga en el Banco Provincia de Buenos Aires (Bapro) -realizada en todas las sucursales- al igual que ayer cosech\u00f3 \u201cun acatamiento de m\u00e1s del 90 por ciento\u201d en demanda de \u201cuna paritaria justa y la inmediata modificaci\u00f3n de la ley de reforma previsional\u201d para ese personal.<\/p>\n","protected":false},"excerpt":{"rendered":"<p>La Asociaci\u00f3n Bancaria (AB) que conduce Sergio Palazzo decidi\u00f3 esta noche \u201cun paro nacional activo\u201d de 24 horas para el viernes pr\u00f3ximo en todas las entidades financieras p\u00fablicas y privadas ante \u201cla ausencia de una propuesta salarial superadora por parte de las c\u00e1maras patronales\u201d, dijeron fuentes gremiales.<\/p>\n","protected":false},"author":3,"featured_media":0,"comment_status":"closed","ping_status":"open","sticky":false,"template":"","format":"standard","meta":{"footnotes":""},"categories":[26],"tags":[],"class_list":["post-20409","post","type-post","status-publish","format-standard","hentry","category-sociedad"],"yoast_head":"<!-- This site is optimized with the Yoast SEO plugin v25.9 - https:\/\/yoast.com\/wordpress\/plugins\/seo\/ -->\n<title>Este viernes 6 de abril no habr\u00e1 bancos en todo el pa\u00eds. - Noticias Radio Reflejos<\/title>\n<meta name=\"robots\" content=\"index, follow, max-snippet:-1, max-image-preview:large, max-video-preview:-1\" \/>\n<link rel=\"canonical\" href=\"https:\/\/www.noticiasradioreflejos.com.ar\/2021\/este-viernes-6-de-abril-no-habra-bancos-en-todo-el-pais\/\" \/>\n<meta property=\"og:locale\" content=\"es_ES\" \/>\n<meta property=\"og:type\" content=\"article\" \/>\n<meta property=\"og:title\" content=\"Este viernes 6 de abril no habr\u00e1 bancos en todo el pa\u00eds. - Noticias Radio Reflejos\" \/>\n<meta property=\"og:description\" content=\"La Asociaci\u00f3n Bancaria (AB) que conduce Sergio Palazzo decidi\u00f3 esta noche \u201cun paro nacional activo\u201d de 24 horas para el viernes pr\u00f3ximo en todas las entidades financieras p\u00fablicas y privadas ante \u201cla ausencia de una propuesta salarial superadora por parte de las c\u00e1maras patronales\u201d, dijeron fuentes gremiales.\" \/>\n<meta property=\"og:url\" content=\"https:\/\/www.noticiasradioreflejos.com.ar\/2021\/este-viernes-6-de-abril-no-habra-bancos-en-todo-el-pais\/\" \/>\n<meta property=\"og:site_name\" content=\"Noticias Radio Reflejos\" \/>\n<meta property=\"article:published_time\" content=\"2018-04-05T15:38:54+00:00\" \/>\n<meta property=\"og:image\" content=\"https:\/\/www.noticiasradioreflejos.com.ar\/2021\/wp-content\/uploads\/2021\/07\/logosol300x200.png\" \/>\n\t<meta property=\"og:image:width\" content=\"300\" \/>\n\t<meta property=\"og:image:height\" content=\"200\" \/>\n\t<meta property=\"og:image:type\" content=\"image\/png\" \/>\n<meta name=\"author\" content=\"Arnaldo Botto\" \/>\n<meta name=\"twitter:card\" content=\"summary_large_image\" \/>\n<script type=\"application\/ld+json\" class=\"yoast-schema-graph\">{\"@context\":\"https:\/\/schema.org\",\"@graph\":[{\"@type\":\"WebPage\",\"@id\":\"https:\/\/www.noticiasradioreflejos.com.ar\/2021\/este-viernes-6-de-abril-no-habra-bancos-en-todo-el-pais\/\",\"url\":\"https:\/\/www.noticiasradioreflejos.com.ar\/2021\/este-viernes-6-de-abril-no-habra-bancos-en-todo-el-pais\/\",\"name\":\"Este viernes 6 de abril no habr\u00e1 bancos en todo el pa\u00eds. - Noticias Radio Reflejos\",\"isPartOf\":{\"@id\":\"https:\/\/www.noticiasradioreflejos.com.ar\/2021\/#website\"},\"datePublished\":\"2018-04-05T15:38:54+00:00\",\"author\":{\"@id\":\"https:\/\/www.noticiasradioreflejos.com.ar\/2021\/#\/schema\/person\/ad82545263dcc5ec0996818884fd5fb1\"},\"breadcrumb\":{\"@id\":\"https:\/\/www.noticiasradioreflejos.com.ar\/2021\/este-viernes-6-de-abril-no-habra-bancos-en-todo-el-pais\/#breadcrumb\"},\"inLanguage\":\"es\",\"potentialAction\":[{\"@type\":\"ReadAction\",\"target\":[\"https:\/\/www.noticiasradioreflejos.com.ar\/2021\/este-viernes-6-de-abril-no-habra-bancos-en-todo-el-pais\/\"]}]},{\"@type\":\"BreadcrumbList\",\"@id\":\"https:\/\/www.noticiasradioreflejos.com.ar\/2021\/este-viernes-6-de-abril-no-habra-bancos-en-todo-el-pais\/#breadcrumb\",\"itemListElement\":[{\"@type\":\"ListItem\",\"position\":1,\"name\":\"Portada\",\"item\":\"https:\/\/www.noticiasradioreflejos.com.ar\/2021\/\"},{\"@type\":\"ListItem\",\"position\":2,\"name\":\"Este viernes 6 de abril no habr\u00e1 bancos en todo el pa\u00eds.\"}]},{\"@type\":\"WebSite\",\"@id\":\"https:\/\/www.noticiasradioreflejos.com.ar\/2021\/#website\",\"url\":\"https:\/\/www.noticiasradioreflejos.com.ar\/2021\/\",\"name\":\"Noticias Radio Reflejos\",\"description\":\"Las noticias de mi comarca\",\"potentialAction\":[{\"@type\":\"SearchAction\",\"target\":{\"@type\":\"EntryPoint\",\"urlTemplate\":\"https:\/\/www.noticiasradioreflejos.com.ar\/2021\/?s={search_term_string}\"},\"query-input\":{\"@type\":\"PropertyValueSpecification\",\"valueRequired\":true,\"valueName\":\"search_term_string\"}}],\"inLanguage\":\"es\"},{\"@type\":\"Person\",\"@id\":\"https:\/\/www.noticiasradioreflejos.com.ar\/2021\/#\/schema\/person\/ad82545263dcc5ec0996818884fd5fb1\",\"name\":\"Arnaldo Botto\",\"image\":{\"@type\":\"ImageObject\",\"inLanguage\":\"es\",\"@id\":\"https:\/\/www.noticiasradioreflejos.com.ar\/2021\/#\/schema\/person\/image\/\",\"url\":\"https:\/\/secure.gravatar.com\/avatar\/55cb5e37c1efa326397366e6974cb338056df65cb50e7d64d1cf314e87504837?s=96&d=mm&r=g\",\"contentUrl\":\"https:\/\/secure.gravatar.com\/avatar\/55cb5e37c1efa326397366e6974cb338056df65cb50e7d64d1cf314e87504837?s=96&d=mm&r=g\",\"caption\":\"Arnaldo Botto\"},\"url\":\"https:\/\/www.noticiasradioreflejos.com.ar\/2021\/author\/arnaldo\/\"}]}<\/script>\n<!-- \/ Yoast SEO plugin. -->","yoast_head_json":{"title":"Este viernes 6 de abril no habr\u00e1 bancos en todo el pa\u00eds. - Noticias Radio Reflejos","robots":{"index":"index","follow":"follow","max-snippet":"max-snippet:-1","max-image-preview":"max-image-preview:large","max-video-preview":"max-video-preview:-1"},"canonical":"https:\/\/www.noticiasradioreflejos.com.ar\/2021\/este-viernes-6-de-abril-no-habra-bancos-en-todo-el-pais\/","og_locale":"es_ES","og_type":"article","og_title":"Este viernes 6 de abril no habr\u00e1 bancos en todo el pa\u00eds. - Noticias Radio Reflejos","og_description":"La Asociaci\u00f3n Bancaria (AB) que conduce Sergio Palazzo decidi\u00f3 esta noche \u201cun paro nacional activo\u201d de 24 horas para el viernes pr\u00f3ximo en todas las entidades financieras p\u00fablicas y privadas ante \u201cla ausencia de una propuesta salarial superadora por parte de las c\u00e1maras patronales\u201d, dijeron fuentes gremiales.","og_url":"https:\/\/www.noticiasradioreflejos.com.ar\/2021\/este-viernes-6-de-abril-no-habra-bancos-en-todo-el-pais\/","og_site_name":"Noticias Radio Reflejos","article_published_time":"2018-04-05T15:38:54+00:00","og_image":[{"width":300,"height":200,"url":"https:\/\/www.noticiasradioreflejos.com.ar\/2021\/wp-content\/uploads\/2021\/07\/logosol300x200.png","type":"image\/png"}],"author":"Arnaldo Botto","twitter_card":"summary_large_image","schema":{"@context":"https:\/\/schema.org","@graph":[{"@type":"WebPage","@id":"https:\/\/www.noticiasradioreflejos.com.ar\/2021\/este-viernes-6-de-abril-no-habra-bancos-en-todo-el-pais\/","url":"https:\/\/www.noticiasradioreflejos.com.ar\/2021\/este-viernes-6-de-abril-no-habra-bancos-en-todo-el-pais\/","name":"Este viernes 6 de abril no habr\u00e1 bancos en todo el pa\u00eds. - Noticias Radio Reflejos","isPartOf":{"@id":"https:\/\/www.noticiasradioreflejos.com.ar\/2021\/#website"},"datePublished":"2018-04-05T15:38:54+00:00","author":{"@id":"https:\/\/www.noticiasradioreflejos.com.ar\/2021\/#\/schema\/person\/ad82545263dcc5ec0996818884fd5fb1"},"breadcrumb":{"@id":"https:\/\/www.noticiasradioreflejos.com.ar\/2021\/este-viernes-6-de-abril-no-habra-bancos-en-todo-el-pais\/#breadcrumb"},"inLanguage":"es","potentialAction":[{"@type":"ReadAction","target":["https:\/\/www.noticiasradioreflejos.com.ar\/2021\/este-viernes-6-de-abril-no-habra-bancos-en-todo-el-pais\/"]}]},{"@type":"BreadcrumbList","@id":"https:\/\/www.noticiasradioreflejos.com.ar\/2021\/este-viernes-6-de-abril-no-habra-bancos-en-todo-el-pais\/#breadcrumb","itemListElement":[{"@type":"ListItem","position":1,"name":"Portada","item":"https:\/\/www.noticiasradioreflejos.com.ar\/2021\/"},{"@type":"ListItem","position":2,"name":"Este viernes 6 de abril no habr\u00e1 bancos en todo el pa\u00eds."}]},{"@type":"WebSite","@id":"https:\/\/www.noticiasradioreflejos.com.ar\/2021\/#website","url":"https:\/\/www.noticiasradioreflejos.com.ar\/2021\/","name":"Noticias Radio Reflejos","description":"Las noticias de mi comarca","potentialAction":[{"@type":"SearchAction","target":{"@type":"EntryPoint","urlTemplate":"https:\/\/www.noticiasradioreflejos.com.ar\/2021\/?s={search_term_string}"},"query-input":{"@type":"PropertyValueSpecification","valueRequired":true,"valueName":"search_term_string"}}],"inLanguage":"es"},{"@type":"Person","@id":"https:\/\/www.noticiasradioreflejos.com.ar\/2021\/#\/schema\/person\/ad82545263dcc5ec0996818884fd5fb1","name":"Arnaldo Botto","image":{"@type":"ImageObject","inLanguage":"es","@id":"https:\/\/www.noticiasradioreflejos.com.ar\/2021\/#\/schema\/person\/image\/","url":"https:\/\/secure.gravatar.com\/avatar\/55cb5e37c1efa326397366e6974cb338056df65cb50e7d64d1cf314e87504837?s=96&d=mm&r=g","contentUrl":"https:\/\/secure.gravatar.com\/avatar\/55cb5e37c1efa326397366e6974cb338056df65cb50e7d64d1cf314e87504837?s=96&d=mm&r=g","caption":"Arnaldo Botto"},"url":"https:\/\/www.noticiasradioreflejos.com.ar\/2021\/author\/arnaldo\/"}]}},"_links":{"self":[{"href":"https:\/\/www.noticiasradioreflejos.com.ar\/2021\/wp-json\/wp\/v2\/posts\/20409","targetHints":{"allow":["GET"]}}],"collection":[{"href":"https:\/\/www.noticiasradioreflejos.com.ar\/2021\/wp-json\/wp\/v2\/posts"}],"about":[{"href":"https:\/\/www.noticiasradioreflejos.com.ar\/2021\/wp-json\/wp\/v2\/types\/post"}],"author":[{"embeddable":true,"href":"https:\/\/www.noticiasradioreflejos.com.ar\/2021\/wp-json\/wp\/v2\/users\/3"}],"replies":[{"embeddable":true,"href":"https:\/\/www.noticiasradioreflejos.com.ar\/2021\/wp-json\/wp\/v2\/comments?post=20409"}],"version-history":[{"count":0,"href":"https:\/\/www.noticiasradioreflejos.com.ar\/2021\/wp-json\/wp\/v2\/posts\/20409\/revisions"}],"wp:attachment":[{"href":"https:\/\/www.noticiasradioreflejos.com.ar\/2021\/wp-json\/wp\/v2\/media?parent=20409"}],"wp:term":[{"taxonomy":"category","embeddable":true,"href":"https:\/\/www.noticiasradioreflejos.com.ar\/2021\/wp-json\/wp\/v2\/categories?post=20409"},{"taxonomy":"post_tag","embeddable":true,"href":"https:\/\/www.noticiasradioreflejos.com.ar\/2021\/wp-json\/wp\/v2\/tags?post=20409"}],"curies":[{"name":"wp","href":"https:\/\/api.w.org\/{rel}","templated":true}]}}