{"id":20392,"date":"2018-04-05T08:42:23","date_gmt":"2018-04-05T11:42:23","guid":{"rendered":"http:\/\/www.noticiasradioreflejos.com.ar\/noticias\/?p=20392"},"modified":"2018-04-05T08:42:23","modified_gmt":"2018-04-05T11:42:23","slug":"un-buen-gobierno","status":"publish","type":"post","link":"https:\/\/www.noticiasradioreflejos.com.ar\/2021\/un-buen-gobierno\/","title":{"rendered":"Un &quot;buen&quot; Gobierno&#8230;"},"content":{"rendered":"<p><strong>Carta de lectores del Sr. Carlos Dana:<\/strong><br \/>\nUn Gobierno es bueno cuando mejora la calidad de vida de los vecinos, genera oportunidades laborales, planifica y controla las acciones diariamente.<br \/>\nEs muy bueno cuando sus vecinos est\u00e1n seguros, cuando las tasas de inseguridad bajan, cuando adem\u00e1s los salarios de los trabajadores municipales est\u00e1n igualados o por encima de la inflaci\u00f3n.<!--more--><br \/>\nUn Gobierno local es bueno cuando sus representantes traen soluciones desde la Provincia y desde el gobierno Nacional y no cr\u00edticas y berrinches como si en las elecciones no hubiesen compartido la misma boleta.<br \/>\nUn Gobierno es muy bueno cuando se traducen en servicios de calidad, las tasas que pagamos los vecinos.<br \/>\nUn Gobierno es bueno cuando fomenta el cooperativismo en todos los niveles; y cuando sus cargos t\u00e9cnicos son concursados y ocupados por personas id\u00f3neas y probas.<br \/>\nUn Gobierno es excelentemente bueno cuando sus docentes cobran salarios dignos y los establecimientos educativos son modelo.<br \/>\nUn Gobierno es brillante cuando saca a familias de la pobreza y las inserta en el mundo laboral.<br \/>\nUn Gobierno se fortalece diariamente con el presente y no gobierna hablando del pasado.<br \/>\nAhora, cuando un gobierno tiene precarizaci\u00f3n laboral; cuando no resuelven hechos delictivos menores dentro de las localidades, cuando ofrecen el 15% de aumento en tres veces contra el 24% de inflaci\u00f3n proyectada.<br \/>\nCuando se presupuestaron en la Provincia, miles de millones de pesos en obras para rutas y no podemos arreglar las que llegan al Distrito; cuando pagamos tasas viales por \u00abcaminos\u00bb que en realidad son huellas.<br \/>\nCuando no existen controles de ning\u00fan tipo, ni siquiera las Ordenanzas promovidas por el propio Gobierno.<br \/>\nCuando le damos trabajo a los amigos y parientes.<br \/>\nCuando las cooperadoras de los establecimientos educativos hacen colectas, venden pizzas y bonos para comprar ventiladores, pintar aulas o arreglar fotocopiadoras&#8230;.<br \/>\nUn Gobierno es excelente cuando ESCUCHA y entiende lo que le pasa a sus vecinos.<br \/>\nEstamos muy lejos de ser un \u00abbuen\u00bb Gobierno.<br \/>\n<strong>CARLOS MIGUEL DANA<br \/>\n21715565<\/strong><\/p>\n","protected":false},"excerpt":{"rendered":"<p>Carta de lectores del Sr. Carlos Dana: Un Gobierno es bueno cuando mejora la calidad de vida de los vecinos, genera oportunidades laborales, planifica y controla las acciones diariamente. Es muy bueno cuando sus vecinos est\u00e1n seguros, cuando las tasas de inseguridad bajan, cuando adem\u00e1s los salarios de los trabajadores municipales est\u00e1n igualados o por [&hellip;]<\/p>\n","protected":false},"author":3,"featured_media":0,"comment_status":"closed","ping_status":"open","sticky":false,"template":"","format":"standard","meta":{"footnotes":""},"categories":[26],"tags":[],"class_list":["post-20392","post","type-post","status-publish","format-standard","hentry","category-sociedad"],"yoast_head":"<!-- This site is optimized with the Yoast SEO plugin v25.9 - https:\/\/yoast.com\/wordpress\/plugins\/seo\/ -->\n<title>Un &quot;buen&quot; Gobierno... - Noticias Radio Reflejos<\/title>\n<meta name=\"robots\" content=\"index, follow, max-snippet:-1, max-image-preview:large, max-video-preview:-1\" \/>\n<link rel=\"canonical\" href=\"https:\/\/www.noticiasradioreflejos.com.ar\/2021\/un-buen-gobierno\/\" \/>\n<meta property=\"og:locale\" content=\"es_ES\" \/>\n<meta property=\"og:type\" content=\"article\" \/>\n<meta property=\"og:title\" content=\"Un &quot;buen&quot; Gobierno... - Noticias Radio Reflejos\" \/>\n<meta property=\"og:description\" content=\"Carta de lectores del Sr. Carlos Dana: Un Gobierno es bueno cuando mejora la calidad de vida de los vecinos, genera oportunidades laborales, planifica y controla las acciones diariamente. Es muy bueno cuando sus vecinos est\u00e1n seguros, cuando las tasas de inseguridad bajan, cuando adem\u00e1s los salarios de los trabajadores municipales est\u00e1n igualados o por [&hellip;]\" \/>\n<meta property=\"og:url\" content=\"https:\/\/www.noticiasradioreflejos.com.ar\/2021\/un-buen-gobierno\/\" \/>\n<meta property=\"og:site_name\" content=\"Noticias Radio Reflejos\" \/>\n<meta property=\"article:published_time\" content=\"2018-04-05T11:42:23+00:00\" \/>\n<meta property=\"og:image\" content=\"https:\/\/www.noticiasradioreflejos.com.ar\/2021\/wp-content\/uploads\/2018\/04\/carta_lector_1.jpg\" \/>\n\t<meta property=\"og:image:width\" content=\"935\" \/>\n\t<meta property=\"og:image:height\" content=\"595\" \/>\n\t<meta property=\"og:image:type\" content=\"image\/jpeg\" \/>\n<meta name=\"author\" content=\"Arnaldo Botto\" \/>\n<meta name=\"twitter:card\" content=\"summary_large_image\" \/>\n<script type=\"application\/ld+json\" class=\"yoast-schema-graph\">{\"@context\":\"https:\/\/schema.org\",\"@graph\":[{\"@type\":\"WebPage\",\"@id\":\"https:\/\/www.noticiasradioreflejos.com.ar\/2021\/un-buen-gobierno\/\",\"url\":\"https:\/\/www.noticiasradioreflejos.com.ar\/2021\/un-buen-gobierno\/\",\"name\":\"Un &quot;buen&quot; Gobierno... - Noticias Radio Reflejos\",\"isPartOf\":{\"@id\":\"https:\/\/www.noticiasradioreflejos.com.ar\/2021\/#website\"},\"datePublished\":\"2018-04-05T11:42:23+00:00\",\"author\":{\"@id\":\"https:\/\/www.noticiasradioreflejos.com.ar\/2021\/#\/schema\/person\/ad82545263dcc5ec0996818884fd5fb1\"},\"breadcrumb\":{\"@id\":\"https:\/\/www.noticiasradioreflejos.com.ar\/2021\/un-buen-gobierno\/#breadcrumb\"},\"inLanguage\":\"es\",\"potentialAction\":[{\"@type\":\"ReadAction\",\"target\":[\"https:\/\/www.noticiasradioreflejos.com.ar\/2021\/un-buen-gobierno\/\"]}]},{\"@type\":\"BreadcrumbList\",\"@id\":\"https:\/\/www.noticiasradioreflejos.com.ar\/2021\/un-buen-gobierno\/#breadcrumb\",\"itemListElement\":[{\"@type\":\"ListItem\",\"position\":1,\"name\":\"Portada\",\"item\":\"https:\/\/www.noticiasradioreflejos.com.ar\/2021\/\"},{\"@type\":\"ListItem\",\"position\":2,\"name\":\"Un &quot;buen&quot; Gobierno&#8230;\"}]},{\"@type\":\"WebSite\",\"@id\":\"https:\/\/www.noticiasradioreflejos.com.ar\/2021\/#website\",\"url\":\"https:\/\/www.noticiasradioreflejos.com.ar\/2021\/\",\"name\":\"Noticias Radio Reflejos\",\"description\":\"Las noticias de mi comarca\",\"potentialAction\":[{\"@type\":\"SearchAction\",\"target\":{\"@type\":\"EntryPoint\",\"urlTemplate\":\"https:\/\/www.noticiasradioreflejos.com.ar\/2021\/?s={search_term_string}\"},\"query-input\":{\"@type\":\"PropertyValueSpecification\",\"valueRequired\":true,\"valueName\":\"search_term_string\"}}],\"inLanguage\":\"es\"},{\"@type\":\"Person\",\"@id\":\"https:\/\/www.noticiasradioreflejos.com.ar\/2021\/#\/schema\/person\/ad82545263dcc5ec0996818884fd5fb1\",\"name\":\"Arnaldo Botto\",\"image\":{\"@type\":\"ImageObject\",\"inLanguage\":\"es\",\"@id\":\"https:\/\/www.noticiasradioreflejos.com.ar\/2021\/#\/schema\/person\/image\/\",\"url\":\"https:\/\/secure.gravatar.com\/avatar\/55cb5e37c1efa326397366e6974cb338056df65cb50e7d64d1cf314e87504837?s=96&d=mm&r=g\",\"contentUrl\":\"https:\/\/secure.gravatar.com\/avatar\/55cb5e37c1efa326397366e6974cb338056df65cb50e7d64d1cf314e87504837?s=96&d=mm&r=g\",\"caption\":\"Arnaldo Botto\"},\"url\":\"https:\/\/www.noticiasradioreflejos.com.ar\/2021\/author\/arnaldo\/\"}]}<\/script>\n<!-- \/ Yoast SEO plugin. -->","yoast_head_json":{"title":"Un &quot;buen&quot; Gobierno... - Noticias Radio Reflejos","robots":{"index":"index","follow":"follow","max-snippet":"max-snippet:-1","max-image-preview":"max-image-preview:large","max-video-preview":"max-video-preview:-1"},"canonical":"https:\/\/www.noticiasradioreflejos.com.ar\/2021\/un-buen-gobierno\/","og_locale":"es_ES","og_type":"article","og_title":"Un &quot;buen&quot; Gobierno... - Noticias Radio Reflejos","og_description":"Carta de lectores del Sr. Carlos Dana: Un Gobierno es bueno cuando mejora la calidad de vida de los vecinos, genera oportunidades laborales, planifica y controla las acciones diariamente. Es muy bueno cuando sus vecinos est\u00e1n seguros, cuando las tasas de inseguridad bajan, cuando adem\u00e1s los salarios de los trabajadores municipales est\u00e1n igualados o por [&hellip;]","og_url":"https:\/\/www.noticiasradioreflejos.com.ar\/2021\/un-buen-gobierno\/","og_site_name":"Noticias Radio Reflejos","article_published_time":"2018-04-05T11:42:23+00:00","og_image":[{"width":935,"height":595,"url":"https:\/\/www.noticiasradioreflejos.com.ar\/2021\/wp-content\/uploads\/2018\/04\/carta_lector_1.jpg","type":"image\/jpeg"}],"author":"Arnaldo Botto","twitter_card":"summary_large_image","schema":{"@context":"https:\/\/schema.org","@graph":[{"@type":"WebPage","@id":"https:\/\/www.noticiasradioreflejos.com.ar\/2021\/un-buen-gobierno\/","url":"https:\/\/www.noticiasradioreflejos.com.ar\/2021\/un-buen-gobierno\/","name":"Un &quot;buen&quot; Gobierno... - Noticias Radio Reflejos","isPartOf":{"@id":"https:\/\/www.noticiasradioreflejos.com.ar\/2021\/#website"},"datePublished":"2018-04-05T11:42:23+00:00","author":{"@id":"https:\/\/www.noticiasradioreflejos.com.ar\/2021\/#\/schema\/person\/ad82545263dcc5ec0996818884fd5fb1"},"breadcrumb":{"@id":"https:\/\/www.noticiasradioreflejos.com.ar\/2021\/un-buen-gobierno\/#breadcrumb"},"inLanguage":"es","potentialAction":[{"@type":"ReadAction","target":["https:\/\/www.noticiasradioreflejos.com.ar\/2021\/un-buen-gobierno\/"]}]},{"@type":"BreadcrumbList","@id":"https:\/\/www.noticiasradioreflejos.com.ar\/2021\/un-buen-gobierno\/#breadcrumb","itemListElement":[{"@type":"ListItem","position":1,"name":"Portada","item":"https:\/\/www.noticiasradioreflejos.com.ar\/2021\/"},{"@type":"ListItem","position":2,"name":"Un &quot;buen&quot; Gobierno&#8230;"}]},{"@type":"WebSite","@id":"https:\/\/www.noticiasradioreflejos.com.ar\/2021\/#website","url":"https:\/\/www.noticiasradioreflejos.com.ar\/2021\/","name":"Noticias Radio Reflejos","description":"Las noticias de mi comarca","potentialAction":[{"@type":"SearchAction","target":{"@type":"EntryPoint","urlTemplate":"https:\/\/www.noticiasradioreflejos.com.ar\/2021\/?s={search_term_string}"},"query-input":{"@type":"PropertyValueSpecification","valueRequired":true,"valueName":"search_term_string"}}],"inLanguage":"es"},{"@type":"Person","@id":"https:\/\/www.noticiasradioreflejos.com.ar\/2021\/#\/schema\/person\/ad82545263dcc5ec0996818884fd5fb1","name":"Arnaldo Botto","image":{"@type":"ImageObject","inLanguage":"es","@id":"https:\/\/www.noticiasradioreflejos.com.ar\/2021\/#\/schema\/person\/image\/","url":"https:\/\/secure.gravatar.com\/avatar\/55cb5e37c1efa326397366e6974cb338056df65cb50e7d64d1cf314e87504837?s=96&d=mm&r=g","contentUrl":"https:\/\/secure.gravatar.com\/avatar\/55cb5e37c1efa326397366e6974cb338056df65cb50e7d64d1cf314e87504837?s=96&d=mm&r=g","caption":"Arnaldo Botto"},"url":"https:\/\/www.noticiasradioreflejos.com.ar\/2021\/author\/arnaldo\/"}]}},"_links":{"self":[{"href":"https:\/\/www.noticiasradioreflejos.com.ar\/2021\/wp-json\/wp\/v2\/posts\/20392","targetHints":{"allow":["GET"]}}],"collection":[{"href":"https:\/\/www.noticiasradioreflejos.com.ar\/2021\/wp-json\/wp\/v2\/posts"}],"about":[{"href":"https:\/\/www.noticiasradioreflejos.com.ar\/2021\/wp-json\/wp\/v2\/types\/post"}],"author":[{"embeddable":true,"href":"https:\/\/www.noticiasradioreflejos.com.ar\/2021\/wp-json\/wp\/v2\/users\/3"}],"replies":[{"embeddable":true,"href":"https:\/\/www.noticiasradioreflejos.com.ar\/2021\/wp-json\/wp\/v2\/comments?post=20392"}],"version-history":[{"count":0,"href":"https:\/\/www.noticiasradioreflejos.com.ar\/2021\/wp-json\/wp\/v2\/posts\/20392\/revisions"}],"wp:attachment":[{"href":"https:\/\/www.noticiasradioreflejos.com.ar\/2021\/wp-json\/wp\/v2\/media?parent=20392"}],"wp:term":[{"taxonomy":"category","embeddable":true,"href":"https:\/\/www.noticiasradioreflejos.com.ar\/2021\/wp-json\/wp\/v2\/categories?post=20392"},{"taxonomy":"post_tag","embeddable":true,"href":"https:\/\/www.noticiasradioreflejos.com.ar\/2021\/wp-json\/wp\/v2\/tags?post=20392"}],"curies":[{"name":"wp","href":"https:\/\/api.w.org\/{rel}","templated":true}]}}