{"id":20389,"date":"2018-04-05T08:36:10","date_gmt":"2018-04-05T11:36:10","guid":{"rendered":"http:\/\/www.noticiasradioreflejos.com.ar\/noticias\/?p=20389"},"modified":"2018-04-05T08:36:10","modified_gmt":"2018-04-05T11:36:10","slug":"permanecera-cortada-la-ruta-provincial-51-entre-cnel-pringles-y-pje-frapal","status":"publish","type":"post","link":"https:\/\/www.noticiasradioreflejos.com.ar\/2021\/permanecera-cortada-la-ruta-provincial-51-entre-cnel-pringles-y-pje-frapal\/","title":{"rendered":"Permanecer\u00e1 cortada la Ruta Provincial 51 entre Cnel Pringles y Pje Frapal"},"content":{"rendered":"<p>La Direcci\u00f3n de Vialidad de la Provincia de Buenos Aires, dependiente del Ministerio de Infraestructura y Servicios P\u00fablicos, comunica que, debido a las obras viales que se est\u00e1n llevando a cabo en la Ruta Provincial 51, el d\u00eda jueves 5 de abril -de 8 a 18 hs- se cerrar\u00e1 el tr\u00e1nsito desde Coronel Pringles hasta El Despe\u00f1adero.<!--more--><br \/>\nEn el marco de los trabajos de ensanche y repavimentaci\u00f3n de calzada, se proceder\u00e1 a efectuar las tareas de voladura de material p\u00e9treo y la posterior limpieza, a la altura del Km 644 del corredor bonaerense. Consecuentemente, y con el objetivo de garantizar la seguridad vial, se interrumpir\u00e1 en forma total el tr\u00e1nsito de dicha arteria.<br \/>\nPor tal motivo, quienes circulen por Ruta 51 sentido Bah\u00eda Blanca tendr\u00e1n dos alternativas de desv\u00edo: la primera, tomar por Ruta 85 hasta su empalme con Ruta Nacional 3 para luego empalmar con Ruta 72 o continuar por la Ruta Nacional 3 hacia Bah\u00eda Blanca. La segunda, por Ruta 85 hasta su empalme con Ruta 76 para luego empalmar con la Ruta 72 y retomar la Ruta 51. Para ambas opciones el recorrido ser\u00e1 el mismo en sentido contrario.<br \/>\nLa Direcci\u00f3n de Vialidad solicita a los veh\u00edculos respetar los desv\u00edos a cargo del personal ubicado en la zona de trabajo, para as\u00ed evitar inconvenientes en el desplazamiento vehicular.<br \/>\n<strong>Prensa y Comunicaci\u00f3n.<br \/>\nDirecci\u00f3n de Vialidad de la Provincia de Buenos Aires.<br \/>\n<\/strong><\/p>\n","protected":false},"excerpt":{"rendered":"<p>La Direcci\u00f3n de Vialidad de la Provincia de Buenos Aires, dependiente del Ministerio de Infraestructura y Servicios P\u00fablicos, comunica que, debido a las obras viales que se est\u00e1n llevando a cabo en la Ruta Provincial 51, el d\u00eda jueves 5 de abril -de 8 a 18 hs- se cerrar\u00e1 el tr\u00e1nsito desde Coronel Pringles hasta [&hellip;]<\/p>\n","protected":false},"author":3,"featured_media":0,"comment_status":"closed","ping_status":"open","sticky":false,"template":"","format":"standard","meta":{"footnotes":""},"categories":[26],"tags":[],"class_list":["post-20389","post","type-post","status-publish","format-standard","hentry","category-sociedad"],"yoast_head":"<!-- This site is optimized with the Yoast SEO plugin v25.9 - https:\/\/yoast.com\/wordpress\/plugins\/seo\/ -->\n<title>Permanecer\u00e1 cortada la Ruta Provincial 51 entre Cnel Pringles y Pje Frapal - Noticias Radio Reflejos<\/title>\n<meta name=\"robots\" content=\"index, follow, max-snippet:-1, max-image-preview:large, max-video-preview:-1\" \/>\n<link rel=\"canonical\" href=\"https:\/\/www.noticiasradioreflejos.com.ar\/2021\/permanecera-cortada-la-ruta-provincial-51-entre-cnel-pringles-y-pje-frapal\/\" \/>\n<meta property=\"og:locale\" content=\"es_ES\" \/>\n<meta property=\"og:type\" content=\"article\" \/>\n<meta property=\"og:title\" content=\"Permanecer\u00e1 cortada la Ruta Provincial 51 entre Cnel Pringles y Pje Frapal - Noticias Radio Reflejos\" \/>\n<meta property=\"og:description\" content=\"La Direcci\u00f3n de Vialidad de la Provincia de Buenos Aires, dependiente del Ministerio de Infraestructura y Servicios P\u00fablicos, comunica que, debido a las obras viales que se est\u00e1n llevando a cabo en la Ruta Provincial 51, el d\u00eda jueves 5 de abril -de 8 a 18 hs- se cerrar\u00e1 el tr\u00e1nsito desde Coronel Pringles hasta [&hellip;]\" \/>\n<meta property=\"og:url\" content=\"https:\/\/www.noticiasradioreflejos.com.ar\/2021\/permanecera-cortada-la-ruta-provincial-51-entre-cnel-pringles-y-pje-frapal\/\" \/>\n<meta property=\"og:site_name\" content=\"Noticias Radio Reflejos\" \/>\n<meta property=\"article:published_time\" content=\"2018-04-05T11:36:10+00:00\" \/>\n<meta property=\"og:image\" content=\"https:\/\/www.noticiasradioreflejos.com.ar\/2021\/wp-content\/uploads\/2021\/07\/logosol300x200.png\" \/>\n\t<meta property=\"og:image:width\" content=\"300\" \/>\n\t<meta property=\"og:image:height\" content=\"200\" \/>\n\t<meta property=\"og:image:type\" content=\"image\/png\" \/>\n<meta name=\"author\" content=\"Arnaldo Botto\" \/>\n<meta name=\"twitter:card\" content=\"summary_large_image\" \/>\n<script type=\"application\/ld+json\" class=\"yoast-schema-graph\">{\"@context\":\"https:\/\/schema.org\",\"@graph\":[{\"@type\":\"WebPage\",\"@id\":\"https:\/\/www.noticiasradioreflejos.com.ar\/2021\/permanecera-cortada-la-ruta-provincial-51-entre-cnel-pringles-y-pje-frapal\/\",\"url\":\"https:\/\/www.noticiasradioreflejos.com.ar\/2021\/permanecera-cortada-la-ruta-provincial-51-entre-cnel-pringles-y-pje-frapal\/\",\"name\":\"Permanecer\u00e1 cortada la Ruta Provincial 51 entre Cnel Pringles y Pje Frapal - Noticias Radio Reflejos\",\"isPartOf\":{\"@id\":\"https:\/\/www.noticiasradioreflejos.com.ar\/2021\/#website\"},\"datePublished\":\"2018-04-05T11:36:10+00:00\",\"author\":{\"@id\":\"https:\/\/www.noticiasradioreflejos.com.ar\/2021\/#\/schema\/person\/ad82545263dcc5ec0996818884fd5fb1\"},\"breadcrumb\":{\"@id\":\"https:\/\/www.noticiasradioreflejos.com.ar\/2021\/permanecera-cortada-la-ruta-provincial-51-entre-cnel-pringles-y-pje-frapal\/#breadcrumb\"},\"inLanguage\":\"es\",\"potentialAction\":[{\"@type\":\"ReadAction\",\"target\":[\"https:\/\/www.noticiasradioreflejos.com.ar\/2021\/permanecera-cortada-la-ruta-provincial-51-entre-cnel-pringles-y-pje-frapal\/\"]}]},{\"@type\":\"BreadcrumbList\",\"@id\":\"https:\/\/www.noticiasradioreflejos.com.ar\/2021\/permanecera-cortada-la-ruta-provincial-51-entre-cnel-pringles-y-pje-frapal\/#breadcrumb\",\"itemListElement\":[{\"@type\":\"ListItem\",\"position\":1,\"name\":\"Portada\",\"item\":\"https:\/\/www.noticiasradioreflejos.com.ar\/2021\/\"},{\"@type\":\"ListItem\",\"position\":2,\"name\":\"Permanecer\u00e1 cortada la Ruta Provincial 51 entre Cnel Pringles y Pje Frapal\"}]},{\"@type\":\"WebSite\",\"@id\":\"https:\/\/www.noticiasradioreflejos.com.ar\/2021\/#website\",\"url\":\"https:\/\/www.noticiasradioreflejos.com.ar\/2021\/\",\"name\":\"Noticias Radio Reflejos\",\"description\":\"Las noticias de mi comarca\",\"potentialAction\":[{\"@type\":\"SearchAction\",\"target\":{\"@type\":\"EntryPoint\",\"urlTemplate\":\"https:\/\/www.noticiasradioreflejos.com.ar\/2021\/?s={search_term_string}\"},\"query-input\":{\"@type\":\"PropertyValueSpecification\",\"valueRequired\":true,\"valueName\":\"search_term_string\"}}],\"inLanguage\":\"es\"},{\"@type\":\"Person\",\"@id\":\"https:\/\/www.noticiasradioreflejos.com.ar\/2021\/#\/schema\/person\/ad82545263dcc5ec0996818884fd5fb1\",\"name\":\"Arnaldo Botto\",\"image\":{\"@type\":\"ImageObject\",\"inLanguage\":\"es\",\"@id\":\"https:\/\/www.noticiasradioreflejos.com.ar\/2021\/#\/schema\/person\/image\/\",\"url\":\"https:\/\/secure.gravatar.com\/avatar\/55cb5e37c1efa326397366e6974cb338056df65cb50e7d64d1cf314e87504837?s=96&d=mm&r=g\",\"contentUrl\":\"https:\/\/secure.gravatar.com\/avatar\/55cb5e37c1efa326397366e6974cb338056df65cb50e7d64d1cf314e87504837?s=96&d=mm&r=g\",\"caption\":\"Arnaldo Botto\"},\"url\":\"https:\/\/www.noticiasradioreflejos.com.ar\/2021\/author\/arnaldo\/\"}]}<\/script>\n<!-- \/ Yoast SEO plugin. -->","yoast_head_json":{"title":"Permanecer\u00e1 cortada la Ruta Provincial 51 entre Cnel Pringles y Pje Frapal - Noticias Radio Reflejos","robots":{"index":"index","follow":"follow","max-snippet":"max-snippet:-1","max-image-preview":"max-image-preview:large","max-video-preview":"max-video-preview:-1"},"canonical":"https:\/\/www.noticiasradioreflejos.com.ar\/2021\/permanecera-cortada-la-ruta-provincial-51-entre-cnel-pringles-y-pje-frapal\/","og_locale":"es_ES","og_type":"article","og_title":"Permanecer\u00e1 cortada la Ruta Provincial 51 entre Cnel Pringles y Pje Frapal - Noticias Radio Reflejos","og_description":"La Direcci\u00f3n de Vialidad de la Provincia de Buenos Aires, dependiente del Ministerio de Infraestructura y Servicios P\u00fablicos, comunica que, debido a las obras viales que se est\u00e1n llevando a cabo en la Ruta Provincial 51, el d\u00eda jueves 5 de abril -de 8 a 18 hs- se cerrar\u00e1 el tr\u00e1nsito desde Coronel Pringles hasta [&hellip;]","og_url":"https:\/\/www.noticiasradioreflejos.com.ar\/2021\/permanecera-cortada-la-ruta-provincial-51-entre-cnel-pringles-y-pje-frapal\/","og_site_name":"Noticias Radio Reflejos","article_published_time":"2018-04-05T11:36:10+00:00","og_image":[{"width":300,"height":200,"url":"https:\/\/www.noticiasradioreflejos.com.ar\/2021\/wp-content\/uploads\/2021\/07\/logosol300x200.png","type":"image\/png"}],"author":"Arnaldo Botto","twitter_card":"summary_large_image","schema":{"@context":"https:\/\/schema.org","@graph":[{"@type":"WebPage","@id":"https:\/\/www.noticiasradioreflejos.com.ar\/2021\/permanecera-cortada-la-ruta-provincial-51-entre-cnel-pringles-y-pje-frapal\/","url":"https:\/\/www.noticiasradioreflejos.com.ar\/2021\/permanecera-cortada-la-ruta-provincial-51-entre-cnel-pringles-y-pje-frapal\/","name":"Permanecer\u00e1 cortada la Ruta Provincial 51 entre Cnel Pringles y Pje Frapal - Noticias Radio Reflejos","isPartOf":{"@id":"https:\/\/www.noticiasradioreflejos.com.ar\/2021\/#website"},"datePublished":"2018-04-05T11:36:10+00:00","author":{"@id":"https:\/\/www.noticiasradioreflejos.com.ar\/2021\/#\/schema\/person\/ad82545263dcc5ec0996818884fd5fb1"},"breadcrumb":{"@id":"https:\/\/www.noticiasradioreflejos.com.ar\/2021\/permanecera-cortada-la-ruta-provincial-51-entre-cnel-pringles-y-pje-frapal\/#breadcrumb"},"inLanguage":"es","potentialAction":[{"@type":"ReadAction","target":["https:\/\/www.noticiasradioreflejos.com.ar\/2021\/permanecera-cortada-la-ruta-provincial-51-entre-cnel-pringles-y-pje-frapal\/"]}]},{"@type":"BreadcrumbList","@id":"https:\/\/www.noticiasradioreflejos.com.ar\/2021\/permanecera-cortada-la-ruta-provincial-51-entre-cnel-pringles-y-pje-frapal\/#breadcrumb","itemListElement":[{"@type":"ListItem","position":1,"name":"Portada","item":"https:\/\/www.noticiasradioreflejos.com.ar\/2021\/"},{"@type":"ListItem","position":2,"name":"Permanecer\u00e1 cortada la Ruta Provincial 51 entre Cnel Pringles y Pje Frapal"}]},{"@type":"WebSite","@id":"https:\/\/www.noticiasradioreflejos.com.ar\/2021\/#website","url":"https:\/\/www.noticiasradioreflejos.com.ar\/2021\/","name":"Noticias Radio Reflejos","description":"Las noticias de mi comarca","potentialAction":[{"@type":"SearchAction","target":{"@type":"EntryPoint","urlTemplate":"https:\/\/www.noticiasradioreflejos.com.ar\/2021\/?s={search_term_string}"},"query-input":{"@type":"PropertyValueSpecification","valueRequired":true,"valueName":"search_term_string"}}],"inLanguage":"es"},{"@type":"Person","@id":"https:\/\/www.noticiasradioreflejos.com.ar\/2021\/#\/schema\/person\/ad82545263dcc5ec0996818884fd5fb1","name":"Arnaldo Botto","image":{"@type":"ImageObject","inLanguage":"es","@id":"https:\/\/www.noticiasradioreflejos.com.ar\/2021\/#\/schema\/person\/image\/","url":"https:\/\/secure.gravatar.com\/avatar\/55cb5e37c1efa326397366e6974cb338056df65cb50e7d64d1cf314e87504837?s=96&d=mm&r=g","contentUrl":"https:\/\/secure.gravatar.com\/avatar\/55cb5e37c1efa326397366e6974cb338056df65cb50e7d64d1cf314e87504837?s=96&d=mm&r=g","caption":"Arnaldo Botto"},"url":"https:\/\/www.noticiasradioreflejos.com.ar\/2021\/author\/arnaldo\/"}]}},"_links":{"self":[{"href":"https:\/\/www.noticiasradioreflejos.com.ar\/2021\/wp-json\/wp\/v2\/posts\/20389","targetHints":{"allow":["GET"]}}],"collection":[{"href":"https:\/\/www.noticiasradioreflejos.com.ar\/2021\/wp-json\/wp\/v2\/posts"}],"about":[{"href":"https:\/\/www.noticiasradioreflejos.com.ar\/2021\/wp-json\/wp\/v2\/types\/post"}],"author":[{"embeddable":true,"href":"https:\/\/www.noticiasradioreflejos.com.ar\/2021\/wp-json\/wp\/v2\/users\/3"}],"replies":[{"embeddable":true,"href":"https:\/\/www.noticiasradioreflejos.com.ar\/2021\/wp-json\/wp\/v2\/comments?post=20389"}],"version-history":[{"count":0,"href":"https:\/\/www.noticiasradioreflejos.com.ar\/2021\/wp-json\/wp\/v2\/posts\/20389\/revisions"}],"wp:attachment":[{"href":"https:\/\/www.noticiasradioreflejos.com.ar\/2021\/wp-json\/wp\/v2\/media?parent=20389"}],"wp:term":[{"taxonomy":"category","embeddable":true,"href":"https:\/\/www.noticiasradioreflejos.com.ar\/2021\/wp-json\/wp\/v2\/categories?post=20389"},{"taxonomy":"post_tag","embeddable":true,"href":"https:\/\/www.noticiasradioreflejos.com.ar\/2021\/wp-json\/wp\/v2\/tags?post=20389"}],"curies":[{"name":"wp","href":"https:\/\/api.w.org\/{rel}","templated":true}]}}