{"id":20383,"date":"2018-04-05T07:59:37","date_gmt":"2018-04-05T10:59:37","guid":{"rendered":"http:\/\/www.noticiasradioreflejos.com.ar\/noticias\/?p=20383"},"modified":"2018-04-05T07:59:37","modified_gmt":"2018-04-05T10:59:37","slug":"mentime-que-me-gusta","status":"publish","type":"post","link":"https:\/\/www.noticiasradioreflejos.com.ar\/2021\/mentime-que-me-gusta\/","title":{"rendered":"Mentime que me gusta"},"content":{"rendered":"<p>Carta de lectores del Sr. Claudio Iribarren:<br \/>\n&#8230;Maru vieja nom\u00e1s!!!<br \/>\nLa gesti\u00f3n de Mar\u00eda Eugenia Vidal dio a conocer q la pobreza en la pcia de Bs As se redujo en 5 puntos (del 33 al 28 %).<br \/>\n&#8230;Jodeme!!!. <!--more--><br \/>\nUnos capos!!!, &#8230; no esper\u00e1bamos menos de \u00abel mejor equipo de los \u00faltimos 50 a\u00f1os\u00bb.<br \/>\nClaro con semejante baja de tarifas, con lo q han abaratado los alimentos, los combustibles, y con los soberbios aumentos salariales q han otorgado, era de esperar q haya menos pobres!!!. ( Los nuestros macaneaban un poco con el tema, comparando con Alemania, pero estos nos tiraron a la mierda, el \u00fanico lugar en el mundo donde todo sube, menos los ingresos, y la pobreza baja, se entiende somos mas pobres, pero la pobreza baja).<br \/>\nAdem\u00e1s (porque no paramos de dar buenas noticias!!!), seg\u00fan el gobierno provincial, \u00abel salario promedio q cobran los maestros pasar\u00eda de $24.659 a 29.183 con el nuevo ofrecimiento\u00bb. (Mi Sra como Directora con cerca de 30 a\u00f1os de servicio y no llega a 22.000). Todo lo q afirman desde el gobierno se esta tornando Invisible para los laburantes, como menciona Macri.<br \/>\n<strong>Di\u00e1logo???<\/strong><br \/>\n6 propuestas<br \/>\n1er propuesta: 15% + cifra en negro (no registrada). Los sindicatos no aceptan cifras en negro.<br \/>\n2da propuesta: 15% + cifra en negro<br \/>\n3er propuesta: 15% + cifra en negro<br \/>\n4ta propuesta: 15% + cifra en negro<br \/>\n5ta propuesta: 15% + cifra en negro<br \/>\nY 6ta propuesta: 15% + cifra en negro.<br \/>\nEl di\u00e1logo continuar\u00e1, \u00abporque este es un gobierno que por sobre todo&#8230;dialoga\u00bb. M\u00e1s q dialoga, reitera, repite. Sin temor a equivocarnos, podemos anticipar q la nueva propuesta q elabora el gobierno ser\u00e1&#8230; 15% + cifra en negro.<br \/>\nMentime q me gusta.<br \/>\nClaudio \u00abVasco\u00bb Iribarren<br \/>\nclaudioiribarren@yahoo.com.ar<\/p>\n","protected":false},"excerpt":{"rendered":"<p>Carta de lectores del Sr. Claudio Iribarren: &#8230;Maru vieja nom\u00e1s!!! La gesti\u00f3n de Mar\u00eda Eugenia Vidal dio a conocer q la pobreza en la pcia de Bs As se redujo en 5 puntos (del 33 al 28 %). &#8230;Jodeme!!!.<\/p>\n","protected":false},"author":3,"featured_media":0,"comment_status":"closed","ping_status":"open","sticky":false,"template":"","format":"standard","meta":{"footnotes":""},"categories":[26],"tags":[],"class_list":["post-20383","post","type-post","status-publish","format-standard","hentry","category-sociedad"],"yoast_head":"<!-- This site is optimized with the Yoast SEO plugin v25.9 - https:\/\/yoast.com\/wordpress\/plugins\/seo\/ -->\n<title>Mentime que me gusta - Noticias Radio Reflejos<\/title>\n<meta name=\"robots\" content=\"index, follow, max-snippet:-1, max-image-preview:large, max-video-preview:-1\" \/>\n<link rel=\"canonical\" href=\"https:\/\/www.noticiasradioreflejos.com.ar\/2021\/mentime-que-me-gusta\/\" \/>\n<meta property=\"og:locale\" content=\"es_ES\" \/>\n<meta property=\"og:type\" content=\"article\" \/>\n<meta property=\"og:title\" content=\"Mentime que me gusta - Noticias Radio Reflejos\" \/>\n<meta property=\"og:description\" content=\"Carta de lectores del Sr. Claudio Iribarren: &#8230;Maru vieja nom\u00e1s!!! La gesti\u00f3n de Mar\u00eda Eugenia Vidal dio a conocer q la pobreza en la pcia de Bs As se redujo en 5 puntos (del 33 al 28 %). &#8230;Jodeme!!!.\" \/>\n<meta property=\"og:url\" content=\"https:\/\/www.noticiasradioreflejos.com.ar\/2021\/mentime-que-me-gusta\/\" \/>\n<meta property=\"og:site_name\" content=\"Noticias Radio Reflejos\" \/>\n<meta property=\"article:published_time\" content=\"2018-04-05T10:59:37+00:00\" \/>\n<meta property=\"og:image\" content=\"https:\/\/www.noticiasradioreflejos.com.ar\/2021\/wp-content\/uploads\/2021\/07\/logosol300x200.png\" \/>\n\t<meta property=\"og:image:width\" content=\"300\" \/>\n\t<meta property=\"og:image:height\" content=\"200\" \/>\n\t<meta property=\"og:image:type\" content=\"image\/png\" \/>\n<meta name=\"author\" content=\"Arnaldo Botto\" \/>\n<meta name=\"twitter:card\" content=\"summary_large_image\" \/>\n<script type=\"application\/ld+json\" class=\"yoast-schema-graph\">{\"@context\":\"https:\/\/schema.org\",\"@graph\":[{\"@type\":\"WebPage\",\"@id\":\"https:\/\/www.noticiasradioreflejos.com.ar\/2021\/mentime-que-me-gusta\/\",\"url\":\"https:\/\/www.noticiasradioreflejos.com.ar\/2021\/mentime-que-me-gusta\/\",\"name\":\"Mentime que me gusta - Noticias Radio Reflejos\",\"isPartOf\":{\"@id\":\"https:\/\/www.noticiasradioreflejos.com.ar\/2021\/#website\"},\"datePublished\":\"2018-04-05T10:59:37+00:00\",\"author\":{\"@id\":\"https:\/\/www.noticiasradioreflejos.com.ar\/2021\/#\/schema\/person\/ad82545263dcc5ec0996818884fd5fb1\"},\"breadcrumb\":{\"@id\":\"https:\/\/www.noticiasradioreflejos.com.ar\/2021\/mentime-que-me-gusta\/#breadcrumb\"},\"inLanguage\":\"es\",\"potentialAction\":[{\"@type\":\"ReadAction\",\"target\":[\"https:\/\/www.noticiasradioreflejos.com.ar\/2021\/mentime-que-me-gusta\/\"]}]},{\"@type\":\"BreadcrumbList\",\"@id\":\"https:\/\/www.noticiasradioreflejos.com.ar\/2021\/mentime-que-me-gusta\/#breadcrumb\",\"itemListElement\":[{\"@type\":\"ListItem\",\"position\":1,\"name\":\"Portada\",\"item\":\"https:\/\/www.noticiasradioreflejos.com.ar\/2021\/\"},{\"@type\":\"ListItem\",\"position\":2,\"name\":\"Mentime que me gusta\"}]},{\"@type\":\"WebSite\",\"@id\":\"https:\/\/www.noticiasradioreflejos.com.ar\/2021\/#website\",\"url\":\"https:\/\/www.noticiasradioreflejos.com.ar\/2021\/\",\"name\":\"Noticias Radio Reflejos\",\"description\":\"Las noticias de mi comarca\",\"potentialAction\":[{\"@type\":\"SearchAction\",\"target\":{\"@type\":\"EntryPoint\",\"urlTemplate\":\"https:\/\/www.noticiasradioreflejos.com.ar\/2021\/?s={search_term_string}\"},\"query-input\":{\"@type\":\"PropertyValueSpecification\",\"valueRequired\":true,\"valueName\":\"search_term_string\"}}],\"inLanguage\":\"es\"},{\"@type\":\"Person\",\"@id\":\"https:\/\/www.noticiasradioreflejos.com.ar\/2021\/#\/schema\/person\/ad82545263dcc5ec0996818884fd5fb1\",\"name\":\"Arnaldo Botto\",\"image\":{\"@type\":\"ImageObject\",\"inLanguage\":\"es\",\"@id\":\"https:\/\/www.noticiasradioreflejos.com.ar\/2021\/#\/schema\/person\/image\/\",\"url\":\"https:\/\/secure.gravatar.com\/avatar\/55cb5e37c1efa326397366e6974cb338056df65cb50e7d64d1cf314e87504837?s=96&d=mm&r=g\",\"contentUrl\":\"https:\/\/secure.gravatar.com\/avatar\/55cb5e37c1efa326397366e6974cb338056df65cb50e7d64d1cf314e87504837?s=96&d=mm&r=g\",\"caption\":\"Arnaldo Botto\"},\"url\":\"https:\/\/www.noticiasradioreflejos.com.ar\/2021\/author\/arnaldo\/\"}]}<\/script>\n<!-- \/ Yoast SEO plugin. -->","yoast_head_json":{"title":"Mentime que me gusta - Noticias Radio Reflejos","robots":{"index":"index","follow":"follow","max-snippet":"max-snippet:-1","max-image-preview":"max-image-preview:large","max-video-preview":"max-video-preview:-1"},"canonical":"https:\/\/www.noticiasradioreflejos.com.ar\/2021\/mentime-que-me-gusta\/","og_locale":"es_ES","og_type":"article","og_title":"Mentime que me gusta - Noticias Radio Reflejos","og_description":"Carta de lectores del Sr. Claudio Iribarren: &#8230;Maru vieja nom\u00e1s!!! La gesti\u00f3n de Mar\u00eda Eugenia Vidal dio a conocer q la pobreza en la pcia de Bs As se redujo en 5 puntos (del 33 al 28 %). &#8230;Jodeme!!!.","og_url":"https:\/\/www.noticiasradioreflejos.com.ar\/2021\/mentime-que-me-gusta\/","og_site_name":"Noticias Radio Reflejos","article_published_time":"2018-04-05T10:59:37+00:00","og_image":[{"width":300,"height":200,"url":"https:\/\/www.noticiasradioreflejos.com.ar\/2021\/wp-content\/uploads\/2021\/07\/logosol300x200.png","type":"image\/png"}],"author":"Arnaldo Botto","twitter_card":"summary_large_image","schema":{"@context":"https:\/\/schema.org","@graph":[{"@type":"WebPage","@id":"https:\/\/www.noticiasradioreflejos.com.ar\/2021\/mentime-que-me-gusta\/","url":"https:\/\/www.noticiasradioreflejos.com.ar\/2021\/mentime-que-me-gusta\/","name":"Mentime que me gusta - Noticias Radio Reflejos","isPartOf":{"@id":"https:\/\/www.noticiasradioreflejos.com.ar\/2021\/#website"},"datePublished":"2018-04-05T10:59:37+00:00","author":{"@id":"https:\/\/www.noticiasradioreflejos.com.ar\/2021\/#\/schema\/person\/ad82545263dcc5ec0996818884fd5fb1"},"breadcrumb":{"@id":"https:\/\/www.noticiasradioreflejos.com.ar\/2021\/mentime-que-me-gusta\/#breadcrumb"},"inLanguage":"es","potentialAction":[{"@type":"ReadAction","target":["https:\/\/www.noticiasradioreflejos.com.ar\/2021\/mentime-que-me-gusta\/"]}]},{"@type":"BreadcrumbList","@id":"https:\/\/www.noticiasradioreflejos.com.ar\/2021\/mentime-que-me-gusta\/#breadcrumb","itemListElement":[{"@type":"ListItem","position":1,"name":"Portada","item":"https:\/\/www.noticiasradioreflejos.com.ar\/2021\/"},{"@type":"ListItem","position":2,"name":"Mentime que me gusta"}]},{"@type":"WebSite","@id":"https:\/\/www.noticiasradioreflejos.com.ar\/2021\/#website","url":"https:\/\/www.noticiasradioreflejos.com.ar\/2021\/","name":"Noticias Radio Reflejos","description":"Las noticias de mi comarca","potentialAction":[{"@type":"SearchAction","target":{"@type":"EntryPoint","urlTemplate":"https:\/\/www.noticiasradioreflejos.com.ar\/2021\/?s={search_term_string}"},"query-input":{"@type":"PropertyValueSpecification","valueRequired":true,"valueName":"search_term_string"}}],"inLanguage":"es"},{"@type":"Person","@id":"https:\/\/www.noticiasradioreflejos.com.ar\/2021\/#\/schema\/person\/ad82545263dcc5ec0996818884fd5fb1","name":"Arnaldo Botto","image":{"@type":"ImageObject","inLanguage":"es","@id":"https:\/\/www.noticiasradioreflejos.com.ar\/2021\/#\/schema\/person\/image\/","url":"https:\/\/secure.gravatar.com\/avatar\/55cb5e37c1efa326397366e6974cb338056df65cb50e7d64d1cf314e87504837?s=96&d=mm&r=g","contentUrl":"https:\/\/secure.gravatar.com\/avatar\/55cb5e37c1efa326397366e6974cb338056df65cb50e7d64d1cf314e87504837?s=96&d=mm&r=g","caption":"Arnaldo Botto"},"url":"https:\/\/www.noticiasradioreflejos.com.ar\/2021\/author\/arnaldo\/"}]}},"_links":{"self":[{"href":"https:\/\/www.noticiasradioreflejos.com.ar\/2021\/wp-json\/wp\/v2\/posts\/20383","targetHints":{"allow":["GET"]}}],"collection":[{"href":"https:\/\/www.noticiasradioreflejos.com.ar\/2021\/wp-json\/wp\/v2\/posts"}],"about":[{"href":"https:\/\/www.noticiasradioreflejos.com.ar\/2021\/wp-json\/wp\/v2\/types\/post"}],"author":[{"embeddable":true,"href":"https:\/\/www.noticiasradioreflejos.com.ar\/2021\/wp-json\/wp\/v2\/users\/3"}],"replies":[{"embeddable":true,"href":"https:\/\/www.noticiasradioreflejos.com.ar\/2021\/wp-json\/wp\/v2\/comments?post=20383"}],"version-history":[{"count":0,"href":"https:\/\/www.noticiasradioreflejos.com.ar\/2021\/wp-json\/wp\/v2\/posts\/20383\/revisions"}],"wp:attachment":[{"href":"https:\/\/www.noticiasradioreflejos.com.ar\/2021\/wp-json\/wp\/v2\/media?parent=20383"}],"wp:term":[{"taxonomy":"category","embeddable":true,"href":"https:\/\/www.noticiasradioreflejos.com.ar\/2021\/wp-json\/wp\/v2\/categories?post=20383"},{"taxonomy":"post_tag","embeddable":true,"href":"https:\/\/www.noticiasradioreflejos.com.ar\/2021\/wp-json\/wp\/v2\/tags?post=20383"}],"curies":[{"name":"wp","href":"https:\/\/api.w.org\/{rel}","templated":true}]}}