{"id":20377,"date":"2018-04-05T01:37:23","date_gmt":"2018-04-05T04:37:23","guid":{"rendered":"http:\/\/www.noticiasradioreflejos.com.ar\/noticias\/?p=20377"},"modified":"2018-04-05T01:37:23","modified_gmt":"2018-04-05T04:37:23","slug":"puntaje-ideal-de-las-inferiores-de-automoto-ante-san-martin-s","status":"publish","type":"post","link":"https:\/\/www.noticiasradioreflejos.com.ar\/2021\/puntaje-ideal-de-las-inferiores-de-automoto-ante-san-martin-s\/","title":{"rendered":"Puntaje ideal de las inferiores de Automoto ante San Mart\u00edn (S)"},"content":{"rendered":"<p>Con mucha autoridad y momentos de buen f\u00fatbol, las inferiores de Automoto sumaron puntaje ideal frente a San Mart\u00edn de Saavedra, en el marco de la cuarta fecha del campeonato de inferiores de la Liga Regional de F\u00fatbol de Coronel Su\u00e1rez.<!--more--><br \/>\nPese a hacer las veces de local en cancha de Uni\u00f3n Pig\u00fc\u00e9, los chicos del Rojo marcaron claras diferencias con sus rivales y terminaron goleando en las tres categor\u00edas que se disputaron.<br \/>\nLa Quinta divisi\u00f3n venci\u00f3 a San Mart\u00edn por 4 a 0, con goles de Benjam\u00edn Pallero, Franco Castillo, Gino Bacci y Lucas Garc\u00eda. De esta manera, consigui\u00f3 su primer triunfo en el certamen y trep\u00f3 hasta la mitad de la tabla de posiciones de la Zona \u201cA\u201d.<br \/>\nSin dudas que la S\u00e9ptima dio la gran nota de la jornada, al vapulear a su rival por 8 a 0. La que signific\u00f3 la primera victoria de la divisional en la temporada oficial lleg\u00f3 gracias a los aportes de Valent\u00edn Alric (2), Juan Francisco C\u00f3nsoli, Emilio Sgammini, Tom\u00e1s Fuhr, Nicol\u00e1s Abreg\u00fa, Luca Marzialetti y Aaron Bonamino.<br \/>\nFinalmente, la Octava no detuvo su marcha ganadora y alcanz\u00f3 su cuarto triunfo en igual cantidad de partidos. En esta oportunidad fue por 3 a 0, con tantos de Ger\u00f3nimo Kugler (2) y Mateo Toy.<br \/>\nEl pr\u00f3ximo s\u00e1bado, Automoto tendr\u00e1 jornada de descanso, mientras que el s\u00e1bado 14 visitar\u00e1 a San Mart\u00edn de Santa Trinidad por la sexta programaci\u00f3n.<br \/>\nLas posiciones de la Zona \u201cA\u201d quedaron de la siguiente manera:<br \/>\nQuinta<br \/>\nEquipo Pts PJ G E P Gf Gc<br \/>\nBoca Juniors 12 4 4 0 0 15 4<br \/>\nClub Sarmiento 9 3 3 0 0 16 2<br \/>\nPe\u00f1arol (Pig\u00fc\u00e9) 6 2 2 0 0 12 3<br \/>\nAutomoto 3 3 1 0 2 4 8<br \/>\nE. de Comercio 3 3 1 0 2 7 12<br \/>\nSan Mart\u00edn (ST) 3 3 1 0 2 5 12<br \/>\nUni\u00f3n (T) 3 4 1 0 3 10 12<br \/>\nIndependiente 0 2 0 0 2 1 8<br \/>\nSan Mart\u00edn (S) 0 2 0 0 2 0 9<br \/>\nSexta<br \/>\nEquipos Pts PJ G E P Gf Gc<br \/>\nUni\u00f3n (Tornquist) 10 4 3 1 0 12 2<br \/>\nBoca Juniors 10 4 3 1 0 11 3<br \/>\nClub Sarmiento 6 2 2 0 0 8 1<br \/>\nPe\u00f1arol (P) 4 2 1 1 0 7 1<br \/>\nAutomoto 4 3 1 1 1 5 5<br \/>\nIndependiente 3 3 1 0 2 4 5<br \/>\nEl Progreso 0 2 0 0 2 2 6<br \/>\nSan Mart\u00edn (ST) 0 3 0 0 3 1 14<br \/>\nE. de Comercio 0 3 0 0 3 1 14<br \/>\nS\u00e9ptima<br \/>\nEquipos Pts PJ G E P Gf Gc<br \/>\nClub Sarmiento A 9 3 3 0 0 12 1<br \/>\nPe\u00f1arol (Pig\u00fc\u00e9) 9 3 3 0 0 10 3<br \/>\nE. de Comercio 9 4 3 0 1 11 6<br \/>\nUni\u00f3n (Tornquist) 6 4 2 0 2 12 11<br \/>\nBoca Juniors 5 4 1 2 1 2 2<br \/>\nAutomoto 4 3 1 1 1 9 2<br \/>\nD. Sarmiento B 3 3 1 0 2 3 6<br \/>\nSan Mart\u00edn (ST) 1 3 0 1 2 1 7<br \/>\nSan Mart\u00edn (S) 0 2 0 0 2 0 15<br \/>\nIndependiente 0 3 0 0 3 1 8<br \/>\nOctava<br \/>\nEquipos Pts PJ G E P Gf Gc<br \/>\nAutomoto 12 4 4 0 0 11 1<br \/>\nSan Mart\u00edn (ST) 10 4 3 1 0 7 1<br \/>\nD. Sarmiento B 6 2 2 0 0 4 1<br \/>\nEl Progreso 6 4 2 0 2 11 7<br \/>\nBoca Juniors 4 3 1 1 1 1 1<br \/>\nPe\u00f1arol (Pig\u00fc\u00e9) 3 2 1 0 1 2 3<br \/>\nClub Sarmiento A 3 3 1 0 2 3 6<br \/>\nIndependiente 3 4 1 0 3 4 7<br \/>\nUni\u00f3n (Tornquist) 0 3 0 0 3 1 6<br \/>\nSan Mart\u00edn (S) 0 3 0 0 3 0 11<br \/>\nDepartamento de Prensa \u2013 Automoto Club Deportivo<br \/>\n<a href=\"http:\/\/www.clubautomotopasion.com.ar\">www.clubautomotopasion.com.ar<\/a><br \/>\nFacebook: \/automototornquist<br \/>\nTwitter: @ClubAutomoto<br \/>\n<a href=\"http:\/\/farm1.staticflickr.com\/899\/26372890597_c72ddda81f_z.jpg\" title=\"inferioress5\" rel=\"\"><img loading=\"lazy\" decoding=\"async\" src=\"http:\/\/farm1.staticflickr.com\/899\/26372890597_c72ddda81f_z.jpg\" width=\"574\" height=\"640\" alt=\"inferioress5\" title=\"inferioress5\" class=\"aligncenter\"><\/a><br \/>\n<a href=\"http:\/\/farm1.staticflickr.com\/871\/26372891227_2de653dd33_z.jpg\" title=\"inferioress4\" rel=\"\"><img loading=\"lazy\" decoding=\"async\" src=\"http:\/\/farm1.staticflickr.com\/871\/26372891227_2de653dd33_z.jpg\" width=\"640\" height=\"355\" alt=\"inferioress4\" title=\"inferioress4\" class=\"aligncenter\"><\/a><br \/>\n<a href=\"http:\/\/farm1.staticflickr.com\/892\/26372891967_7dcefd3afd_z.jpg\" title=\"inferioress3\" rel=\"\"><img loading=\"lazy\" decoding=\"async\" src=\"http:\/\/farm1.staticflickr.com\/892\/26372891967_7dcefd3afd_z.jpg\" width=\"640\" height=\"471\" alt=\"inferioress3\" title=\"inferioress3\" class=\"aligncenter\"><\/a><br \/>\n<a href=\"http:\/\/farm1.staticflickr.com\/866\/26372892847_67db07b3f5_z.jpg\" title=\"inferioress2\" rel=\"\"><img loading=\"lazy\" decoding=\"async\" src=\"http:\/\/farm1.staticflickr.com\/866\/26372892847_67db07b3f5_z.jpg\" width=\"640\" height=\"609\" alt=\"inferioress2\" title=\"inferioress2\" class=\"aligncenter\"><\/a><\/p>\n","protected":false},"excerpt":{"rendered":"<p>Con mucha autoridad y momentos de buen f\u00fatbol, las inferiores de Automoto sumaron puntaje ideal frente a San Mart\u00edn de Saavedra, en el marco de la cuarta fecha del campeonato de inferiores de la Liga Regional de F\u00fatbol de Coronel Su\u00e1rez.<\/p>\n","protected":false},"author":3,"featured_media":0,"comment_status":"closed","ping_status":"open","sticky":false,"template":"","format":"standard","meta":{"footnotes":""},"categories":[27],"tags":[],"class_list":["post-20377","post","type-post","status-publish","format-standard","hentry","category-deportes"],"yoast_head":"<!-- This site is optimized with the Yoast SEO plugin v25.9 - https:\/\/yoast.com\/wordpress\/plugins\/seo\/ -->\n<title>Puntaje ideal de las inferiores de Automoto ante San Mart\u00edn (S) - Noticias Radio Reflejos<\/title>\n<meta name=\"robots\" content=\"index, follow, max-snippet:-1, max-image-preview:large, max-video-preview:-1\" \/>\n<link rel=\"canonical\" href=\"https:\/\/www.noticiasradioreflejos.com.ar\/2021\/puntaje-ideal-de-las-inferiores-de-automoto-ante-san-martin-s\/\" \/>\n<meta property=\"og:locale\" content=\"es_ES\" \/>\n<meta property=\"og:type\" content=\"article\" \/>\n<meta property=\"og:title\" content=\"Puntaje ideal de las inferiores de Automoto ante San Mart\u00edn (S) - Noticias Radio Reflejos\" \/>\n<meta property=\"og:description\" content=\"Con mucha autoridad y momentos de buen f\u00fatbol, las inferiores de Automoto sumaron puntaje ideal frente a San Mart\u00edn de Saavedra, en el marco de la cuarta fecha del campeonato de inferiores de la Liga Regional de F\u00fatbol de Coronel Su\u00e1rez.\" \/>\n<meta property=\"og:url\" content=\"https:\/\/www.noticiasradioreflejos.com.ar\/2021\/puntaje-ideal-de-las-inferiores-de-automoto-ante-san-martin-s\/\" \/>\n<meta property=\"og:site_name\" content=\"Noticias Radio Reflejos\" \/>\n<meta property=\"article:published_time\" content=\"2018-04-05T04:37:23+00:00\" \/>\n<meta property=\"og:image\" content=\"http:\/\/farm1.staticflickr.com\/899\/26372890597_c72ddda81f_z.jpg\" \/>\n<meta name=\"author\" content=\"Arnaldo Botto\" \/>\n<meta name=\"twitter:card\" content=\"summary_large_image\" \/>\n<script type=\"application\/ld+json\" class=\"yoast-schema-graph\">{\"@context\":\"https:\/\/schema.org\",\"@graph\":[{\"@type\":\"WebPage\",\"@id\":\"https:\/\/www.noticiasradioreflejos.com.ar\/2021\/puntaje-ideal-de-las-inferiores-de-automoto-ante-san-martin-s\/\",\"url\":\"https:\/\/www.noticiasradioreflejos.com.ar\/2021\/puntaje-ideal-de-las-inferiores-de-automoto-ante-san-martin-s\/\",\"name\":\"Puntaje ideal de las inferiores de Automoto ante San Mart\u00edn (S) - Noticias Radio Reflejos\",\"isPartOf\":{\"@id\":\"https:\/\/www.noticiasradioreflejos.com.ar\/2021\/#website\"},\"primaryImageOfPage\":{\"@id\":\"https:\/\/www.noticiasradioreflejos.com.ar\/2021\/puntaje-ideal-de-las-inferiores-de-automoto-ante-san-martin-s\/#primaryimage\"},\"image\":{\"@id\":\"https:\/\/www.noticiasradioreflejos.com.ar\/2021\/puntaje-ideal-de-las-inferiores-de-automoto-ante-san-martin-s\/#primaryimage\"},\"thumbnailUrl\":\"http:\/\/farm1.staticflickr.com\/899\/26372890597_c72ddda81f_z.jpg\",\"datePublished\":\"2018-04-05T04:37:23+00:00\",\"author\":{\"@id\":\"https:\/\/www.noticiasradioreflejos.com.ar\/2021\/#\/schema\/person\/ad82545263dcc5ec0996818884fd5fb1\"},\"breadcrumb\":{\"@id\":\"https:\/\/www.noticiasradioreflejos.com.ar\/2021\/puntaje-ideal-de-las-inferiores-de-automoto-ante-san-martin-s\/#breadcrumb\"},\"inLanguage\":\"es\",\"potentialAction\":[{\"@type\":\"ReadAction\",\"target\":[\"https:\/\/www.noticiasradioreflejos.com.ar\/2021\/puntaje-ideal-de-las-inferiores-de-automoto-ante-san-martin-s\/\"]}]},{\"@type\":\"ImageObject\",\"inLanguage\":\"es\",\"@id\":\"https:\/\/www.noticiasradioreflejos.com.ar\/2021\/puntaje-ideal-de-las-inferiores-de-automoto-ante-san-martin-s\/#primaryimage\",\"url\":\"http:\/\/farm1.staticflickr.com\/899\/26372890597_c72ddda81f_z.jpg\",\"contentUrl\":\"http:\/\/farm1.staticflickr.com\/899\/26372890597_c72ddda81f_z.jpg\"},{\"@type\":\"BreadcrumbList\",\"@id\":\"https:\/\/www.noticiasradioreflejos.com.ar\/2021\/puntaje-ideal-de-las-inferiores-de-automoto-ante-san-martin-s\/#breadcrumb\",\"itemListElement\":[{\"@type\":\"ListItem\",\"position\":1,\"name\":\"Portada\",\"item\":\"https:\/\/www.noticiasradioreflejos.com.ar\/2021\/\"},{\"@type\":\"ListItem\",\"position\":2,\"name\":\"Puntaje ideal de las inferiores de Automoto ante San Mart\u00edn (S)\"}]},{\"@type\":\"WebSite\",\"@id\":\"https:\/\/www.noticiasradioreflejos.com.ar\/2021\/#website\",\"url\":\"https:\/\/www.noticiasradioreflejos.com.ar\/2021\/\",\"name\":\"Noticias Radio Reflejos\",\"description\":\"Las noticias de mi comarca\",\"potentialAction\":[{\"@type\":\"SearchAction\",\"target\":{\"@type\":\"EntryPoint\",\"urlTemplate\":\"https:\/\/www.noticiasradioreflejos.com.ar\/2021\/?s={search_term_string}\"},\"query-input\":{\"@type\":\"PropertyValueSpecification\",\"valueRequired\":true,\"valueName\":\"search_term_string\"}}],\"inLanguage\":\"es\"},{\"@type\":\"Person\",\"@id\":\"https:\/\/www.noticiasradioreflejos.com.ar\/2021\/#\/schema\/person\/ad82545263dcc5ec0996818884fd5fb1\",\"name\":\"Arnaldo Botto\",\"image\":{\"@type\":\"ImageObject\",\"inLanguage\":\"es\",\"@id\":\"https:\/\/www.noticiasradioreflejos.com.ar\/2021\/#\/schema\/person\/image\/\",\"url\":\"https:\/\/secure.gravatar.com\/avatar\/55cb5e37c1efa326397366e6974cb338056df65cb50e7d64d1cf314e87504837?s=96&d=mm&r=g\",\"contentUrl\":\"https:\/\/secure.gravatar.com\/avatar\/55cb5e37c1efa326397366e6974cb338056df65cb50e7d64d1cf314e87504837?s=96&d=mm&r=g\",\"caption\":\"Arnaldo Botto\"},\"url\":\"https:\/\/www.noticiasradioreflejos.com.ar\/2021\/author\/arnaldo\/\"}]}<\/script>\n<!-- \/ Yoast SEO plugin. -->","yoast_head_json":{"title":"Puntaje ideal de las inferiores de Automoto ante San Mart\u00edn (S) - Noticias Radio Reflejos","robots":{"index":"index","follow":"follow","max-snippet":"max-snippet:-1","max-image-preview":"max-image-preview:large","max-video-preview":"max-video-preview:-1"},"canonical":"https:\/\/www.noticiasradioreflejos.com.ar\/2021\/puntaje-ideal-de-las-inferiores-de-automoto-ante-san-martin-s\/","og_locale":"es_ES","og_type":"article","og_title":"Puntaje ideal de las inferiores de Automoto ante San Mart\u00edn (S) - Noticias Radio Reflejos","og_description":"Con mucha autoridad y momentos de buen f\u00fatbol, las inferiores de Automoto sumaron puntaje ideal frente a San Mart\u00edn de Saavedra, en el marco de la cuarta fecha del campeonato de inferiores de la Liga Regional de F\u00fatbol de Coronel Su\u00e1rez.","og_url":"https:\/\/www.noticiasradioreflejos.com.ar\/2021\/puntaje-ideal-de-las-inferiores-de-automoto-ante-san-martin-s\/","og_site_name":"Noticias Radio Reflejos","article_published_time":"2018-04-05T04:37:23+00:00","og_image":[{"url":"http:\/\/farm1.staticflickr.com\/899\/26372890597_c72ddda81f_z.jpg","type":"","width":"","height":""}],"author":"Arnaldo Botto","twitter_card":"summary_large_image","schema":{"@context":"https:\/\/schema.org","@graph":[{"@type":"WebPage","@id":"https:\/\/www.noticiasradioreflejos.com.ar\/2021\/puntaje-ideal-de-las-inferiores-de-automoto-ante-san-martin-s\/","url":"https:\/\/www.noticiasradioreflejos.com.ar\/2021\/puntaje-ideal-de-las-inferiores-de-automoto-ante-san-martin-s\/","name":"Puntaje ideal de las inferiores de Automoto ante San Mart\u00edn (S) - Noticias Radio Reflejos","isPartOf":{"@id":"https:\/\/www.noticiasradioreflejos.com.ar\/2021\/#website"},"primaryImageOfPage":{"@id":"https:\/\/www.noticiasradioreflejos.com.ar\/2021\/puntaje-ideal-de-las-inferiores-de-automoto-ante-san-martin-s\/#primaryimage"},"image":{"@id":"https:\/\/www.noticiasradioreflejos.com.ar\/2021\/puntaje-ideal-de-las-inferiores-de-automoto-ante-san-martin-s\/#primaryimage"},"thumbnailUrl":"http:\/\/farm1.staticflickr.com\/899\/26372890597_c72ddda81f_z.jpg","datePublished":"2018-04-05T04:37:23+00:00","author":{"@id":"https:\/\/www.noticiasradioreflejos.com.ar\/2021\/#\/schema\/person\/ad82545263dcc5ec0996818884fd5fb1"},"breadcrumb":{"@id":"https:\/\/www.noticiasradioreflejos.com.ar\/2021\/puntaje-ideal-de-las-inferiores-de-automoto-ante-san-martin-s\/#breadcrumb"},"inLanguage":"es","potentialAction":[{"@type":"ReadAction","target":["https:\/\/www.noticiasradioreflejos.com.ar\/2021\/puntaje-ideal-de-las-inferiores-de-automoto-ante-san-martin-s\/"]}]},{"@type":"ImageObject","inLanguage":"es","@id":"https:\/\/www.noticiasradioreflejos.com.ar\/2021\/puntaje-ideal-de-las-inferiores-de-automoto-ante-san-martin-s\/#primaryimage","url":"http:\/\/farm1.staticflickr.com\/899\/26372890597_c72ddda81f_z.jpg","contentUrl":"http:\/\/farm1.staticflickr.com\/899\/26372890597_c72ddda81f_z.jpg"},{"@type":"BreadcrumbList","@id":"https:\/\/www.noticiasradioreflejos.com.ar\/2021\/puntaje-ideal-de-las-inferiores-de-automoto-ante-san-martin-s\/#breadcrumb","itemListElement":[{"@type":"ListItem","position":1,"name":"Portada","item":"https:\/\/www.noticiasradioreflejos.com.ar\/2021\/"},{"@type":"ListItem","position":2,"name":"Puntaje ideal de las inferiores de Automoto ante San Mart\u00edn (S)"}]},{"@type":"WebSite","@id":"https:\/\/www.noticiasradioreflejos.com.ar\/2021\/#website","url":"https:\/\/www.noticiasradioreflejos.com.ar\/2021\/","name":"Noticias Radio Reflejos","description":"Las noticias de mi comarca","potentialAction":[{"@type":"SearchAction","target":{"@type":"EntryPoint","urlTemplate":"https:\/\/www.noticiasradioreflejos.com.ar\/2021\/?s={search_term_string}"},"query-input":{"@type":"PropertyValueSpecification","valueRequired":true,"valueName":"search_term_string"}}],"inLanguage":"es"},{"@type":"Person","@id":"https:\/\/www.noticiasradioreflejos.com.ar\/2021\/#\/schema\/person\/ad82545263dcc5ec0996818884fd5fb1","name":"Arnaldo Botto","image":{"@type":"ImageObject","inLanguage":"es","@id":"https:\/\/www.noticiasradioreflejos.com.ar\/2021\/#\/schema\/person\/image\/","url":"https:\/\/secure.gravatar.com\/avatar\/55cb5e37c1efa326397366e6974cb338056df65cb50e7d64d1cf314e87504837?s=96&d=mm&r=g","contentUrl":"https:\/\/secure.gravatar.com\/avatar\/55cb5e37c1efa326397366e6974cb338056df65cb50e7d64d1cf314e87504837?s=96&d=mm&r=g","caption":"Arnaldo Botto"},"url":"https:\/\/www.noticiasradioreflejos.com.ar\/2021\/author\/arnaldo\/"}]}},"_links":{"self":[{"href":"https:\/\/www.noticiasradioreflejos.com.ar\/2021\/wp-json\/wp\/v2\/posts\/20377","targetHints":{"allow":["GET"]}}],"collection":[{"href":"https:\/\/www.noticiasradioreflejos.com.ar\/2021\/wp-json\/wp\/v2\/posts"}],"about":[{"href":"https:\/\/www.noticiasradioreflejos.com.ar\/2021\/wp-json\/wp\/v2\/types\/post"}],"author":[{"embeddable":true,"href":"https:\/\/www.noticiasradioreflejos.com.ar\/2021\/wp-json\/wp\/v2\/users\/3"}],"replies":[{"embeddable":true,"href":"https:\/\/www.noticiasradioreflejos.com.ar\/2021\/wp-json\/wp\/v2\/comments?post=20377"}],"version-history":[{"count":0,"href":"https:\/\/www.noticiasradioreflejos.com.ar\/2021\/wp-json\/wp\/v2\/posts\/20377\/revisions"}],"wp:attachment":[{"href":"https:\/\/www.noticiasradioreflejos.com.ar\/2021\/wp-json\/wp\/v2\/media?parent=20377"}],"wp:term":[{"taxonomy":"category","embeddable":true,"href":"https:\/\/www.noticiasradioreflejos.com.ar\/2021\/wp-json\/wp\/v2\/categories?post=20377"},{"taxonomy":"post_tag","embeddable":true,"href":"https:\/\/www.noticiasradioreflejos.com.ar\/2021\/wp-json\/wp\/v2\/tags?post=20377"}],"curies":[{"name":"wp","href":"https:\/\/api.w.org\/{rel}","templated":true}]}}