{"id":20363,"date":"2018-04-04T12:20:18","date_gmt":"2018-04-04T15:20:18","guid":{"rendered":"http:\/\/www.noticiasradioreflejos.com.ar\/noticias\/?p=20363"},"modified":"2018-04-04T12:20:18","modified_gmt":"2018-04-04T15:20:18","slug":"paso-la-asamblea-general-ordinaria-en-automoto","status":"publish","type":"post","link":"https:\/\/www.noticiasradioreflejos.com.ar\/2021\/paso-la-asamblea-general-ordinaria-en-automoto\/","title":{"rendered":"Pas\u00f3 la asamblea general ordinaria en Automoto"},"content":{"rendered":"<p>Se realiz\u00f3 en la Secretar\u00eda del club, la Asamblea General Ordinaria correspondiente al a\u00f1o 2018, donde se renovaron parcialmente puestos de la Comisi\u00f3n Directiva, se aprob\u00f3 el balance y se fij\u00f3 la cuota social en $150.<!--more--><br \/>\nLa Comisi\u00f3n Directiva qued\u00f3 compuesta de la siguiente manera:<br \/>\nPresidente: Marcelo Rusconi<br \/>\nVicepresidente primero: Carlos Latini<br \/>\nVicepresidente segundo: Oscar Lanaro<br \/>\nSecretaria: Consuelo Bacci<br \/>\nProsecretaria: Mara Janyistabro<br \/>\nTesorero: Nestor Blanco<br \/>\nProtesorero: Gustavo Bacci<br \/>\n<strong>Vocales titulares:<\/strong><br \/>\n1\u00ba Nicolas Silva<br \/>\n2\u00ba Otto Lopez<br \/>\n3\u00ba Jessica Jara<br \/>\n4\u00ba Andres Villalba<br \/>\n5\u00ba Sofia Spialtini<br \/>\n<strong>Vocales suplentes:<\/strong><br \/>\n1\u00ba Bruno Bordoni<br \/>\n2\u00ba Mayra Delfino<br \/>\n3\u00ba Leandro Guerrero<br \/>\n4\u00ba Daniel David<br \/>\n<strong>Revisores de cuentas titulares:<\/strong><br \/>\n1\u00ba Lorena Cardenas<br \/>\n2\u00ba Cintia Chuliver<br \/>\n3\u00ba Elsa Cardenas<br \/>\n<strong>Revisores de cuentas suplentes:<\/strong><br \/>\n1\u00ba Cristian Ferreyra<br \/>\n2\u00ba Luciana Delfino<br \/>\nDepartamento de Prensa. Automoto Club Deportivo<br \/>\n<a href=\"http:\/\/farm1.staticflickr.com\/789\/26360315407_2e197a2208_z.jpg\" title=\"ASAMBLEA (2)\" rel=\"\"><img loading=\"lazy\" decoding=\"async\" src=\"http:\/\/farm1.staticflickr.com\/789\/26360315407_2e197a2208_z.jpg\" width=\"640\" height=\"480\" alt=\"ASAMBLEA (2)\" title=\"ASAMBLEA (2)\" class=\"aligncenter\"><\/a><\/p>\n","protected":false},"excerpt":{"rendered":"<p>Se realiz\u00f3 en la Secretar\u00eda del club, la Asamblea General Ordinaria correspondiente al a\u00f1o 2018, donde se renovaron parcialmente puestos de la Comisi\u00f3n Directiva, se aprob\u00f3 el balance y se fij\u00f3 la cuota social en $150.<\/p>\n","protected":false},"author":3,"featured_media":0,"comment_status":"closed","ping_status":"open","sticky":false,"template":"","format":"standard","meta":{"footnotes":""},"categories":[27],"tags":[],"class_list":["post-20363","post","type-post","status-publish","format-standard","hentry","category-deportes"],"yoast_head":"<!-- This site is optimized with the Yoast SEO plugin v25.9 - https:\/\/yoast.com\/wordpress\/plugins\/seo\/ -->\n<title>Pas\u00f3 la asamblea general ordinaria en Automoto - Noticias Radio Reflejos<\/title>\n<meta name=\"robots\" content=\"index, follow, max-snippet:-1, max-image-preview:large, max-video-preview:-1\" \/>\n<link rel=\"canonical\" href=\"https:\/\/www.noticiasradioreflejos.com.ar\/2021\/paso-la-asamblea-general-ordinaria-en-automoto\/\" \/>\n<meta property=\"og:locale\" content=\"es_ES\" \/>\n<meta property=\"og:type\" content=\"article\" \/>\n<meta property=\"og:title\" content=\"Pas\u00f3 la asamblea general ordinaria en Automoto - Noticias Radio Reflejos\" \/>\n<meta property=\"og:description\" content=\"Se realiz\u00f3 en la Secretar\u00eda del club, la Asamblea General Ordinaria correspondiente al a\u00f1o 2018, donde se renovaron parcialmente puestos de la Comisi\u00f3n Directiva, se aprob\u00f3 el balance y se fij\u00f3 la cuota social en $150.\" \/>\n<meta property=\"og:url\" content=\"https:\/\/www.noticiasradioreflejos.com.ar\/2021\/paso-la-asamblea-general-ordinaria-en-automoto\/\" \/>\n<meta property=\"og:site_name\" content=\"Noticias Radio Reflejos\" \/>\n<meta property=\"article:published_time\" content=\"2018-04-04T15:20:18+00:00\" \/>\n<meta property=\"og:image\" content=\"http:\/\/farm1.staticflickr.com\/789\/26360315407_2e197a2208_z.jpg\" \/>\n<meta name=\"author\" content=\"Arnaldo Botto\" \/>\n<meta name=\"twitter:card\" content=\"summary_large_image\" \/>\n<script type=\"application\/ld+json\" class=\"yoast-schema-graph\">{\"@context\":\"https:\/\/schema.org\",\"@graph\":[{\"@type\":\"WebPage\",\"@id\":\"https:\/\/www.noticiasradioreflejos.com.ar\/2021\/paso-la-asamblea-general-ordinaria-en-automoto\/\",\"url\":\"https:\/\/www.noticiasradioreflejos.com.ar\/2021\/paso-la-asamblea-general-ordinaria-en-automoto\/\",\"name\":\"Pas\u00f3 la asamblea general ordinaria en Automoto - Noticias Radio Reflejos\",\"isPartOf\":{\"@id\":\"https:\/\/www.noticiasradioreflejos.com.ar\/2021\/#website\"},\"primaryImageOfPage\":{\"@id\":\"https:\/\/www.noticiasradioreflejos.com.ar\/2021\/paso-la-asamblea-general-ordinaria-en-automoto\/#primaryimage\"},\"image\":{\"@id\":\"https:\/\/www.noticiasradioreflejos.com.ar\/2021\/paso-la-asamblea-general-ordinaria-en-automoto\/#primaryimage\"},\"thumbnailUrl\":\"http:\/\/farm1.staticflickr.com\/789\/26360315407_2e197a2208_z.jpg\",\"datePublished\":\"2018-04-04T15:20:18+00:00\",\"author\":{\"@id\":\"https:\/\/www.noticiasradioreflejos.com.ar\/2021\/#\/schema\/person\/ad82545263dcc5ec0996818884fd5fb1\"},\"breadcrumb\":{\"@id\":\"https:\/\/www.noticiasradioreflejos.com.ar\/2021\/paso-la-asamblea-general-ordinaria-en-automoto\/#breadcrumb\"},\"inLanguage\":\"es\",\"potentialAction\":[{\"@type\":\"ReadAction\",\"target\":[\"https:\/\/www.noticiasradioreflejos.com.ar\/2021\/paso-la-asamblea-general-ordinaria-en-automoto\/\"]}]},{\"@type\":\"ImageObject\",\"inLanguage\":\"es\",\"@id\":\"https:\/\/www.noticiasradioreflejos.com.ar\/2021\/paso-la-asamblea-general-ordinaria-en-automoto\/#primaryimage\",\"url\":\"http:\/\/farm1.staticflickr.com\/789\/26360315407_2e197a2208_z.jpg\",\"contentUrl\":\"http:\/\/farm1.staticflickr.com\/789\/26360315407_2e197a2208_z.jpg\"},{\"@type\":\"BreadcrumbList\",\"@id\":\"https:\/\/www.noticiasradioreflejos.com.ar\/2021\/paso-la-asamblea-general-ordinaria-en-automoto\/#breadcrumb\",\"itemListElement\":[{\"@type\":\"ListItem\",\"position\":1,\"name\":\"Portada\",\"item\":\"https:\/\/www.noticiasradioreflejos.com.ar\/2021\/\"},{\"@type\":\"ListItem\",\"position\":2,\"name\":\"Pas\u00f3 la asamblea general ordinaria en Automoto\"}]},{\"@type\":\"WebSite\",\"@id\":\"https:\/\/www.noticiasradioreflejos.com.ar\/2021\/#website\",\"url\":\"https:\/\/www.noticiasradioreflejos.com.ar\/2021\/\",\"name\":\"Noticias Radio Reflejos\",\"description\":\"Las noticias de mi comarca\",\"potentialAction\":[{\"@type\":\"SearchAction\",\"target\":{\"@type\":\"EntryPoint\",\"urlTemplate\":\"https:\/\/www.noticiasradioreflejos.com.ar\/2021\/?s={search_term_string}\"},\"query-input\":{\"@type\":\"PropertyValueSpecification\",\"valueRequired\":true,\"valueName\":\"search_term_string\"}}],\"inLanguage\":\"es\"},{\"@type\":\"Person\",\"@id\":\"https:\/\/www.noticiasradioreflejos.com.ar\/2021\/#\/schema\/person\/ad82545263dcc5ec0996818884fd5fb1\",\"name\":\"Arnaldo Botto\",\"image\":{\"@type\":\"ImageObject\",\"inLanguage\":\"es\",\"@id\":\"https:\/\/www.noticiasradioreflejos.com.ar\/2021\/#\/schema\/person\/image\/\",\"url\":\"https:\/\/secure.gravatar.com\/avatar\/55cb5e37c1efa326397366e6974cb338056df65cb50e7d64d1cf314e87504837?s=96&d=mm&r=g\",\"contentUrl\":\"https:\/\/secure.gravatar.com\/avatar\/55cb5e37c1efa326397366e6974cb338056df65cb50e7d64d1cf314e87504837?s=96&d=mm&r=g\",\"caption\":\"Arnaldo Botto\"},\"url\":\"https:\/\/www.noticiasradioreflejos.com.ar\/2021\/author\/arnaldo\/\"}]}<\/script>\n<!-- \/ Yoast SEO plugin. -->","yoast_head_json":{"title":"Pas\u00f3 la asamblea general ordinaria en Automoto - Noticias Radio Reflejos","robots":{"index":"index","follow":"follow","max-snippet":"max-snippet:-1","max-image-preview":"max-image-preview:large","max-video-preview":"max-video-preview:-1"},"canonical":"https:\/\/www.noticiasradioreflejos.com.ar\/2021\/paso-la-asamblea-general-ordinaria-en-automoto\/","og_locale":"es_ES","og_type":"article","og_title":"Pas\u00f3 la asamblea general ordinaria en Automoto - Noticias Radio Reflejos","og_description":"Se realiz\u00f3 en la Secretar\u00eda del club, la Asamblea General Ordinaria correspondiente al a\u00f1o 2018, donde se renovaron parcialmente puestos de la Comisi\u00f3n Directiva, se aprob\u00f3 el balance y se fij\u00f3 la cuota social en $150.","og_url":"https:\/\/www.noticiasradioreflejos.com.ar\/2021\/paso-la-asamblea-general-ordinaria-en-automoto\/","og_site_name":"Noticias Radio Reflejos","article_published_time":"2018-04-04T15:20:18+00:00","og_image":[{"url":"http:\/\/farm1.staticflickr.com\/789\/26360315407_2e197a2208_z.jpg","type":"","width":"","height":""}],"author":"Arnaldo Botto","twitter_card":"summary_large_image","schema":{"@context":"https:\/\/schema.org","@graph":[{"@type":"WebPage","@id":"https:\/\/www.noticiasradioreflejos.com.ar\/2021\/paso-la-asamblea-general-ordinaria-en-automoto\/","url":"https:\/\/www.noticiasradioreflejos.com.ar\/2021\/paso-la-asamblea-general-ordinaria-en-automoto\/","name":"Pas\u00f3 la asamblea general ordinaria en Automoto - Noticias Radio Reflejos","isPartOf":{"@id":"https:\/\/www.noticiasradioreflejos.com.ar\/2021\/#website"},"primaryImageOfPage":{"@id":"https:\/\/www.noticiasradioreflejos.com.ar\/2021\/paso-la-asamblea-general-ordinaria-en-automoto\/#primaryimage"},"image":{"@id":"https:\/\/www.noticiasradioreflejos.com.ar\/2021\/paso-la-asamblea-general-ordinaria-en-automoto\/#primaryimage"},"thumbnailUrl":"http:\/\/farm1.staticflickr.com\/789\/26360315407_2e197a2208_z.jpg","datePublished":"2018-04-04T15:20:18+00:00","author":{"@id":"https:\/\/www.noticiasradioreflejos.com.ar\/2021\/#\/schema\/person\/ad82545263dcc5ec0996818884fd5fb1"},"breadcrumb":{"@id":"https:\/\/www.noticiasradioreflejos.com.ar\/2021\/paso-la-asamblea-general-ordinaria-en-automoto\/#breadcrumb"},"inLanguage":"es","potentialAction":[{"@type":"ReadAction","target":["https:\/\/www.noticiasradioreflejos.com.ar\/2021\/paso-la-asamblea-general-ordinaria-en-automoto\/"]}]},{"@type":"ImageObject","inLanguage":"es","@id":"https:\/\/www.noticiasradioreflejos.com.ar\/2021\/paso-la-asamblea-general-ordinaria-en-automoto\/#primaryimage","url":"http:\/\/farm1.staticflickr.com\/789\/26360315407_2e197a2208_z.jpg","contentUrl":"http:\/\/farm1.staticflickr.com\/789\/26360315407_2e197a2208_z.jpg"},{"@type":"BreadcrumbList","@id":"https:\/\/www.noticiasradioreflejos.com.ar\/2021\/paso-la-asamblea-general-ordinaria-en-automoto\/#breadcrumb","itemListElement":[{"@type":"ListItem","position":1,"name":"Portada","item":"https:\/\/www.noticiasradioreflejos.com.ar\/2021\/"},{"@type":"ListItem","position":2,"name":"Pas\u00f3 la asamblea general ordinaria en Automoto"}]},{"@type":"WebSite","@id":"https:\/\/www.noticiasradioreflejos.com.ar\/2021\/#website","url":"https:\/\/www.noticiasradioreflejos.com.ar\/2021\/","name":"Noticias Radio Reflejos","description":"Las noticias de mi comarca","potentialAction":[{"@type":"SearchAction","target":{"@type":"EntryPoint","urlTemplate":"https:\/\/www.noticiasradioreflejos.com.ar\/2021\/?s={search_term_string}"},"query-input":{"@type":"PropertyValueSpecification","valueRequired":true,"valueName":"search_term_string"}}],"inLanguage":"es"},{"@type":"Person","@id":"https:\/\/www.noticiasradioreflejos.com.ar\/2021\/#\/schema\/person\/ad82545263dcc5ec0996818884fd5fb1","name":"Arnaldo Botto","image":{"@type":"ImageObject","inLanguage":"es","@id":"https:\/\/www.noticiasradioreflejos.com.ar\/2021\/#\/schema\/person\/image\/","url":"https:\/\/secure.gravatar.com\/avatar\/55cb5e37c1efa326397366e6974cb338056df65cb50e7d64d1cf314e87504837?s=96&d=mm&r=g","contentUrl":"https:\/\/secure.gravatar.com\/avatar\/55cb5e37c1efa326397366e6974cb338056df65cb50e7d64d1cf314e87504837?s=96&d=mm&r=g","caption":"Arnaldo Botto"},"url":"https:\/\/www.noticiasradioreflejos.com.ar\/2021\/author\/arnaldo\/"}]}},"_links":{"self":[{"href":"https:\/\/www.noticiasradioreflejos.com.ar\/2021\/wp-json\/wp\/v2\/posts\/20363","targetHints":{"allow":["GET"]}}],"collection":[{"href":"https:\/\/www.noticiasradioreflejos.com.ar\/2021\/wp-json\/wp\/v2\/posts"}],"about":[{"href":"https:\/\/www.noticiasradioreflejos.com.ar\/2021\/wp-json\/wp\/v2\/types\/post"}],"author":[{"embeddable":true,"href":"https:\/\/www.noticiasradioreflejos.com.ar\/2021\/wp-json\/wp\/v2\/users\/3"}],"replies":[{"embeddable":true,"href":"https:\/\/www.noticiasradioreflejos.com.ar\/2021\/wp-json\/wp\/v2\/comments?post=20363"}],"version-history":[{"count":0,"href":"https:\/\/www.noticiasradioreflejos.com.ar\/2021\/wp-json\/wp\/v2\/posts\/20363\/revisions"}],"wp:attachment":[{"href":"https:\/\/www.noticiasradioreflejos.com.ar\/2021\/wp-json\/wp\/v2\/media?parent=20363"}],"wp:term":[{"taxonomy":"category","embeddable":true,"href":"https:\/\/www.noticiasradioreflejos.com.ar\/2021\/wp-json\/wp\/v2\/categories?post=20363"},{"taxonomy":"post_tag","embeddable":true,"href":"https:\/\/www.noticiasradioreflejos.com.ar\/2021\/wp-json\/wp\/v2\/tags?post=20363"}],"curies":[{"name":"wp","href":"https:\/\/api.w.org\/{rel}","templated":true}]}}