{"id":20336,"date":"2018-04-03T15:45:25","date_gmt":"2018-04-03T18:45:25","guid":{"rendered":"http:\/\/www.noticiasradioreflejos.com.ar\/noticias\/?p=20336"},"modified":"2018-04-03T15:45:25","modified_gmt":"2018-04-03T18:45:25","slug":"campanas-de-prevencion-de-rabia-en-municipios-del-centro-y-sur-bonaerense","status":"publish","type":"post","link":"https:\/\/www.noticiasradioreflejos.com.ar\/2021\/campanas-de-prevencion-de-rabia-en-municipios-del-centro-y-sur-bonaerense\/","title":{"rendered":"Campa\u00f1as de prevenci\u00f3n de rabia en municipios del centro y sur bonaerense"},"content":{"rendered":"<p>Participan el Senasa y otros organismos p\u00fablicos. Incluyen vacunaci\u00f3n de mascotas; difusi\u00f3n de las caracter\u00edsticas de la enfermedad, c\u00f3mo evitarla y c\u00f3mo actuar en caso de sospecha de la misma.\u00a0<strong>\u00a0<\/strong><!--more--><br \/>\n<strong>\u00a0<\/strong><br \/>\n<strong>Buenos Aires, 3 de abril de 2018 \u2013<\/strong>\u00a0Ante la aparici\u00f3n de murci\u00e9lagos infectados con rabia, municipios del centro y sur bonaerense, con la coordinaci\u00f3n del Servicios Nacional de anidad y Calidad Agroalimentaria (Senasa), lanzaron campa\u00f1as de prevenci\u00f3n contra la enfermedad que incluy\u00f3 vacunaci\u00f3n de mascotas y difusi\u00f3n de informaci\u00f3n entre la poblaci\u00f3n.<br \/>\n&nbsp;<br \/>\nEstas campa\u00f1as se generaron en el seno de las mesas de trabajo interinstitucional, promovidas por el Centro Regional Buenos Aires Sur del Senasa, que planifican el trabajo conjunto de las \u00e1reas de gobierno \u2013organismos nacionales, provinciales y locales\u2013 para el resguardo de la salud p\u00fablica.<br \/>\n&nbsp;<br \/>\nEl trabajo en equipo origin\u00f3 distintas acciones de prevenci\u00f3n y concientizaci\u00f3n, como campa\u00f1as espec\u00edficas de vacunaci\u00f3n de animales dom\u00e9sticos en Olavarr\u00eda y Tapalqu\u00e9, localidades donde se produjeron recientemente apariciones de murci\u00e9lagos infectados.<br \/>\n&nbsp;<br \/>\nEl jefe de la oficina del Senasa de Olavarr\u00eda, Rafael Leaden, explic\u00f3 la vacunaci\u00f3n en foco que se realiz\u00f3 junto con personal de Bromatolog\u00eda de ese municipio: \u201cla zona de acci\u00f3n abarc\u00f3 un anillo de 9 manzanas, partiendo desde donde se encontr\u00f3 el murci\u00e9lago y en la que se visitaron todos los domicilios, donde se vacun\u00f3 a caninos y felinos y notific\u00f3 a los propietarios que no se encontraban en sus hogares para que se acerquen a los puntos de vacunaci\u00f3n dispuestos\u201d.<br \/>\n&nbsp;<br \/>\nParalelamente, en otras localidades como Ayacucho, Benito Ju\u00e1rez, Coronel Su\u00e1rez, Huanguel\u00e9n, Madariaga, Pringles, Rauch y Tandil, entre otras, se implementaron campa\u00f1as de vacunaci\u00f3n extraordinarias y gratuitas para perros y gatos, y acciones de concientizaci\u00f3n a la poblaci\u00f3n con la entrega de folleter\u00eda, charlas en escuelas y difusi\u00f3n en medios de comunicaci\u00f3n.<br \/>\n&nbsp;<br \/>\nEn estas campa\u00f1as se difunden datos fundamentales para que adultos y ni\u00f1os conozcan qu\u00e9 es la rabia, cu\u00e1les sus s\u00edntomas, cu\u00e1les son sus posibilidades de contagio tanto en animales como en humanos, c\u00f3mo actuar ante un animal posiblemente enfermo y c\u00f3mo actuar ante la mordida de un animal sospechado de la enfermedad.<br \/>\n&nbsp;<br \/>\nPara m\u00e1s informaci\u00f3n espec\u00edfica o ante sospechas de casos de rabia en murci\u00e9lagos u otros animales, comunicarse al tel\u00e9fono (011) 4121-5431 o escribir al correo electr\u00f3nico:\u00a0<a href=\"mailto:coorzoonosis@senasa.gob.ar\" target=\"_blank\" rel=\"noreferrer noopener\">coorzoonosis@senasa.gob.ar<\/a>. Tambi\u00e9n dirigirse a la oficina del Senasa m\u00e1s pr\u00f3xima.<\/p>\n","protected":false},"excerpt":{"rendered":"<p>Participan el Senasa y otros organismos p\u00fablicos. Incluyen vacunaci\u00f3n de mascotas; difusi\u00f3n de las caracter\u00edsticas de la enfermedad, c\u00f3mo evitarla y c\u00f3mo actuar en caso de sospecha de la misma.\u00a0\u00a0<\/p>\n","protected":false},"author":3,"featured_media":0,"comment_status":"closed","ping_status":"open","sticky":false,"template":"","format":"standard","meta":{"footnotes":""},"categories":[30],"tags":[],"class_list":["post-20336","post","type-post","status-publish","format-standard","hentry","category-salud"],"yoast_head":"<!-- This site is optimized with the Yoast SEO plugin v25.9 - https:\/\/yoast.com\/wordpress\/plugins\/seo\/ -->\n<title>Campa\u00f1as de prevenci\u00f3n de rabia en municipios del centro y sur bonaerense - Noticias Radio Reflejos<\/title>\n<meta name=\"robots\" content=\"index, follow, max-snippet:-1, max-image-preview:large, max-video-preview:-1\" \/>\n<link rel=\"canonical\" href=\"https:\/\/www.noticiasradioreflejos.com.ar\/2021\/campanas-de-prevencion-de-rabia-en-municipios-del-centro-y-sur-bonaerense\/\" \/>\n<meta property=\"og:locale\" content=\"es_ES\" \/>\n<meta property=\"og:type\" content=\"article\" \/>\n<meta property=\"og:title\" content=\"Campa\u00f1as de prevenci\u00f3n de rabia en municipios del centro y sur bonaerense - Noticias Radio Reflejos\" \/>\n<meta property=\"og:description\" content=\"Participan el Senasa y otros organismos p\u00fablicos. Incluyen vacunaci\u00f3n de mascotas; difusi\u00f3n de las caracter\u00edsticas de la enfermedad, c\u00f3mo evitarla y c\u00f3mo actuar en caso de sospecha de la misma.\u00a0\u00a0\" \/>\n<meta property=\"og:url\" content=\"https:\/\/www.noticiasradioreflejos.com.ar\/2021\/campanas-de-prevencion-de-rabia-en-municipios-del-centro-y-sur-bonaerense\/\" \/>\n<meta property=\"og:site_name\" content=\"Noticias Radio Reflejos\" \/>\n<meta property=\"article:published_time\" content=\"2018-04-03T18:45:25+00:00\" \/>\n<meta property=\"og:image\" content=\"https:\/\/www.noticiasradioreflejos.com.ar\/2021\/wp-content\/uploads\/2021\/07\/logosol300x200.png\" \/>\n\t<meta property=\"og:image:width\" content=\"300\" \/>\n\t<meta property=\"og:image:height\" content=\"200\" \/>\n\t<meta property=\"og:image:type\" content=\"image\/png\" \/>\n<meta name=\"author\" content=\"Arnaldo Botto\" \/>\n<meta name=\"twitter:card\" content=\"summary_large_image\" \/>\n<script type=\"application\/ld+json\" class=\"yoast-schema-graph\">{\"@context\":\"https:\/\/schema.org\",\"@graph\":[{\"@type\":\"WebPage\",\"@id\":\"https:\/\/www.noticiasradioreflejos.com.ar\/2021\/campanas-de-prevencion-de-rabia-en-municipios-del-centro-y-sur-bonaerense\/\",\"url\":\"https:\/\/www.noticiasradioreflejos.com.ar\/2021\/campanas-de-prevencion-de-rabia-en-municipios-del-centro-y-sur-bonaerense\/\",\"name\":\"Campa\u00f1as de prevenci\u00f3n de rabia en municipios del centro y sur bonaerense - Noticias Radio Reflejos\",\"isPartOf\":{\"@id\":\"https:\/\/www.noticiasradioreflejos.com.ar\/2021\/#website\"},\"datePublished\":\"2018-04-03T18:45:25+00:00\",\"author\":{\"@id\":\"https:\/\/www.noticiasradioreflejos.com.ar\/2021\/#\/schema\/person\/ad82545263dcc5ec0996818884fd5fb1\"},\"breadcrumb\":{\"@id\":\"https:\/\/www.noticiasradioreflejos.com.ar\/2021\/campanas-de-prevencion-de-rabia-en-municipios-del-centro-y-sur-bonaerense\/#breadcrumb\"},\"inLanguage\":\"es\",\"potentialAction\":[{\"@type\":\"ReadAction\",\"target\":[\"https:\/\/www.noticiasradioreflejos.com.ar\/2021\/campanas-de-prevencion-de-rabia-en-municipios-del-centro-y-sur-bonaerense\/\"]}]},{\"@type\":\"BreadcrumbList\",\"@id\":\"https:\/\/www.noticiasradioreflejos.com.ar\/2021\/campanas-de-prevencion-de-rabia-en-municipios-del-centro-y-sur-bonaerense\/#breadcrumb\",\"itemListElement\":[{\"@type\":\"ListItem\",\"position\":1,\"name\":\"Portada\",\"item\":\"https:\/\/www.noticiasradioreflejos.com.ar\/2021\/\"},{\"@type\":\"ListItem\",\"position\":2,\"name\":\"Campa\u00f1as de prevenci\u00f3n de rabia en municipios del centro y sur bonaerense\"}]},{\"@type\":\"WebSite\",\"@id\":\"https:\/\/www.noticiasradioreflejos.com.ar\/2021\/#website\",\"url\":\"https:\/\/www.noticiasradioreflejos.com.ar\/2021\/\",\"name\":\"Noticias Radio Reflejos\",\"description\":\"Las noticias de mi comarca\",\"potentialAction\":[{\"@type\":\"SearchAction\",\"target\":{\"@type\":\"EntryPoint\",\"urlTemplate\":\"https:\/\/www.noticiasradioreflejos.com.ar\/2021\/?s={search_term_string}\"},\"query-input\":{\"@type\":\"PropertyValueSpecification\",\"valueRequired\":true,\"valueName\":\"search_term_string\"}}],\"inLanguage\":\"es\"},{\"@type\":\"Person\",\"@id\":\"https:\/\/www.noticiasradioreflejos.com.ar\/2021\/#\/schema\/person\/ad82545263dcc5ec0996818884fd5fb1\",\"name\":\"Arnaldo Botto\",\"image\":{\"@type\":\"ImageObject\",\"inLanguage\":\"es\",\"@id\":\"https:\/\/www.noticiasradioreflejos.com.ar\/2021\/#\/schema\/person\/image\/\",\"url\":\"https:\/\/secure.gravatar.com\/avatar\/55cb5e37c1efa326397366e6974cb338056df65cb50e7d64d1cf314e87504837?s=96&d=mm&r=g\",\"contentUrl\":\"https:\/\/secure.gravatar.com\/avatar\/55cb5e37c1efa326397366e6974cb338056df65cb50e7d64d1cf314e87504837?s=96&d=mm&r=g\",\"caption\":\"Arnaldo Botto\"},\"url\":\"https:\/\/www.noticiasradioreflejos.com.ar\/2021\/author\/arnaldo\/\"}]}<\/script>\n<!-- \/ Yoast SEO plugin. -->","yoast_head_json":{"title":"Campa\u00f1as de prevenci\u00f3n de rabia en municipios del centro y sur bonaerense - Noticias Radio Reflejos","robots":{"index":"index","follow":"follow","max-snippet":"max-snippet:-1","max-image-preview":"max-image-preview:large","max-video-preview":"max-video-preview:-1"},"canonical":"https:\/\/www.noticiasradioreflejos.com.ar\/2021\/campanas-de-prevencion-de-rabia-en-municipios-del-centro-y-sur-bonaerense\/","og_locale":"es_ES","og_type":"article","og_title":"Campa\u00f1as de prevenci\u00f3n de rabia en municipios del centro y sur bonaerense - Noticias Radio Reflejos","og_description":"Participan el Senasa y otros organismos p\u00fablicos. Incluyen vacunaci\u00f3n de mascotas; difusi\u00f3n de las caracter\u00edsticas de la enfermedad, c\u00f3mo evitarla y c\u00f3mo actuar en caso de sospecha de la misma.\u00a0\u00a0","og_url":"https:\/\/www.noticiasradioreflejos.com.ar\/2021\/campanas-de-prevencion-de-rabia-en-municipios-del-centro-y-sur-bonaerense\/","og_site_name":"Noticias Radio Reflejos","article_published_time":"2018-04-03T18:45:25+00:00","og_image":[{"width":300,"height":200,"url":"https:\/\/www.noticiasradioreflejos.com.ar\/2021\/wp-content\/uploads\/2021\/07\/logosol300x200.png","type":"image\/png"}],"author":"Arnaldo Botto","twitter_card":"summary_large_image","schema":{"@context":"https:\/\/schema.org","@graph":[{"@type":"WebPage","@id":"https:\/\/www.noticiasradioreflejos.com.ar\/2021\/campanas-de-prevencion-de-rabia-en-municipios-del-centro-y-sur-bonaerense\/","url":"https:\/\/www.noticiasradioreflejos.com.ar\/2021\/campanas-de-prevencion-de-rabia-en-municipios-del-centro-y-sur-bonaerense\/","name":"Campa\u00f1as de prevenci\u00f3n de rabia en municipios del centro y sur bonaerense - Noticias Radio Reflejos","isPartOf":{"@id":"https:\/\/www.noticiasradioreflejos.com.ar\/2021\/#website"},"datePublished":"2018-04-03T18:45:25+00:00","author":{"@id":"https:\/\/www.noticiasradioreflejos.com.ar\/2021\/#\/schema\/person\/ad82545263dcc5ec0996818884fd5fb1"},"breadcrumb":{"@id":"https:\/\/www.noticiasradioreflejos.com.ar\/2021\/campanas-de-prevencion-de-rabia-en-municipios-del-centro-y-sur-bonaerense\/#breadcrumb"},"inLanguage":"es","potentialAction":[{"@type":"ReadAction","target":["https:\/\/www.noticiasradioreflejos.com.ar\/2021\/campanas-de-prevencion-de-rabia-en-municipios-del-centro-y-sur-bonaerense\/"]}]},{"@type":"BreadcrumbList","@id":"https:\/\/www.noticiasradioreflejos.com.ar\/2021\/campanas-de-prevencion-de-rabia-en-municipios-del-centro-y-sur-bonaerense\/#breadcrumb","itemListElement":[{"@type":"ListItem","position":1,"name":"Portada","item":"https:\/\/www.noticiasradioreflejos.com.ar\/2021\/"},{"@type":"ListItem","position":2,"name":"Campa\u00f1as de prevenci\u00f3n de rabia en municipios del centro y sur bonaerense"}]},{"@type":"WebSite","@id":"https:\/\/www.noticiasradioreflejos.com.ar\/2021\/#website","url":"https:\/\/www.noticiasradioreflejos.com.ar\/2021\/","name":"Noticias Radio Reflejos","description":"Las noticias de mi comarca","potentialAction":[{"@type":"SearchAction","target":{"@type":"EntryPoint","urlTemplate":"https:\/\/www.noticiasradioreflejos.com.ar\/2021\/?s={search_term_string}"},"query-input":{"@type":"PropertyValueSpecification","valueRequired":true,"valueName":"search_term_string"}}],"inLanguage":"es"},{"@type":"Person","@id":"https:\/\/www.noticiasradioreflejos.com.ar\/2021\/#\/schema\/person\/ad82545263dcc5ec0996818884fd5fb1","name":"Arnaldo Botto","image":{"@type":"ImageObject","inLanguage":"es","@id":"https:\/\/www.noticiasradioreflejos.com.ar\/2021\/#\/schema\/person\/image\/","url":"https:\/\/secure.gravatar.com\/avatar\/55cb5e37c1efa326397366e6974cb338056df65cb50e7d64d1cf314e87504837?s=96&d=mm&r=g","contentUrl":"https:\/\/secure.gravatar.com\/avatar\/55cb5e37c1efa326397366e6974cb338056df65cb50e7d64d1cf314e87504837?s=96&d=mm&r=g","caption":"Arnaldo Botto"},"url":"https:\/\/www.noticiasradioreflejos.com.ar\/2021\/author\/arnaldo\/"}]}},"_links":{"self":[{"href":"https:\/\/www.noticiasradioreflejos.com.ar\/2021\/wp-json\/wp\/v2\/posts\/20336","targetHints":{"allow":["GET"]}}],"collection":[{"href":"https:\/\/www.noticiasradioreflejos.com.ar\/2021\/wp-json\/wp\/v2\/posts"}],"about":[{"href":"https:\/\/www.noticiasradioreflejos.com.ar\/2021\/wp-json\/wp\/v2\/types\/post"}],"author":[{"embeddable":true,"href":"https:\/\/www.noticiasradioreflejos.com.ar\/2021\/wp-json\/wp\/v2\/users\/3"}],"replies":[{"embeddable":true,"href":"https:\/\/www.noticiasradioreflejos.com.ar\/2021\/wp-json\/wp\/v2\/comments?post=20336"}],"version-history":[{"count":0,"href":"https:\/\/www.noticiasradioreflejos.com.ar\/2021\/wp-json\/wp\/v2\/posts\/20336\/revisions"}],"wp:attachment":[{"href":"https:\/\/www.noticiasradioreflejos.com.ar\/2021\/wp-json\/wp\/v2\/media?parent=20336"}],"wp:term":[{"taxonomy":"category","embeddable":true,"href":"https:\/\/www.noticiasradioreflejos.com.ar\/2021\/wp-json\/wp\/v2\/categories?post=20336"},{"taxonomy":"post_tag","embeddable":true,"href":"https:\/\/www.noticiasradioreflejos.com.ar\/2021\/wp-json\/wp\/v2\/tags?post=20336"}],"curies":[{"name":"wp","href":"https:\/\/api.w.org\/{rel}","templated":true}]}}