{"id":20333,"date":"2018-04-03T15:43:22","date_gmt":"2018-04-03T18:43:22","guid":{"rendered":"http:\/\/www.noticiasradioreflejos.com.ar\/noticias\/?p=20333"},"modified":"2018-04-03T15:43:22","modified_gmt":"2018-04-03T18:43:22","slug":"una-nueva-edicion-del-via-crucis-viviente-paso-por-el-parque-lainez","status":"publish","type":"post","link":"https:\/\/www.noticiasradioreflejos.com.ar\/2021\/una-nueva-edicion-del-via-crucis-viviente-paso-por-el-parque-lainez\/","title":{"rendered":"Una nueva edici\u00f3n del V\u00eda Crucis Viviente pas\u00f3 por el Parque L\u00e1inez"},"content":{"rendered":"<p>El Parque L\u00e1inez fue nuevamente el escenario natural elegido para escenificar los momentos vividos por Jes\u00fas.<!--more--><br \/>\nEl V\u00eda Crucis organizado por la Direcci\u00f3n de Cultura de Tornquist Municipio, cont\u00f3 con una gran concurrencia, aproximadamente 300 personas compartieron una jornada emotiva.<br \/>\nCon las palabras del p\u00e1rroco Norberto L\u00f3pez, se dio inicio al vigesimotercer v\u00eda crucis viviente.<br \/>\nEl grupo desarrollo mediante varias escenas, la pasi\u00f3n, muerte y resurrecci\u00f3n de Jes\u00fas, acompa\u00f1adas de la m\u00fasica de ArtiMusa de Pig\u00fce, a cargo de Jos\u00e9 Palma, Jorge Capotosti y Alejandra Varela.<br \/>\n<a href=\"http:\/\/farm1.staticflickr.com\/892\/40500943494_ae09e4f465_z.jpg\" title=\"crucis5\" rel=\"\"><img loading=\"lazy\" decoding=\"async\" src=\"http:\/\/farm1.staticflickr.com\/892\/40500943494_ae09e4f465_z.jpg\" width=\"640\" height=\"427\" alt=\"crucis5\" title=\"crucis5\" class=\"aligncenter\"><\/a><br \/>\n<a href=\"http:\/\/farm1.staticflickr.com\/883\/41170098702_c5360fd6c5_z.jpg\" title=\"crucis4\" rel=\"\"><img loading=\"lazy\" decoding=\"async\" src=\"http:\/\/farm1.staticflickr.com\/883\/41170098702_c5360fd6c5_z.jpg\" width=\"640\" height=\"427\" alt=\"crucis4\" title=\"crucis4\" class=\"aligncenter\"><\/a><br \/>\n<a href=\"http:\/\/farm1.staticflickr.com\/784\/39404448860_8bc73b75a8_z.jpg\" title=\"crucis3\" rel=\"\"><img loading=\"lazy\" decoding=\"async\" src=\"http:\/\/farm1.staticflickr.com\/784\/39404448860_8bc73b75a8_z.jpg\" width=\"640\" height=\"427\" alt=\"crucis3\" title=\"crucis3\" class=\"aligncenter\"><\/a><br \/>\n<a href=\"http:\/\/farm1.staticflickr.com\/892\/41214916051_4274c4f471_z.jpg\" title=\"crucis\" rel=\"\"><img loading=\"lazy\" decoding=\"async\" src=\"http:\/\/farm1.staticflickr.com\/892\/41214916051_4274c4f471_z.jpg\" width=\"640\" height=\"427\" alt=\"crucis\" title=\"crucis\" class=\"aligncenter\"><\/a><\/p>\n","protected":false},"excerpt":{"rendered":"<p>El Parque L\u00e1inez fue nuevamente el escenario natural elegido para escenificar los momentos vividos por Jes\u00fas.<\/p>\n","protected":false},"author":3,"featured_media":0,"comment_status":"closed","ping_status":"open","sticky":false,"template":"","format":"standard","meta":{"footnotes":""},"categories":[26],"tags":[],"class_list":["post-20333","post","type-post","status-publish","format-standard","hentry","category-sociedad"],"yoast_head":"<!-- This site is optimized with the Yoast SEO plugin v25.9 - https:\/\/yoast.com\/wordpress\/plugins\/seo\/ -->\n<title>Una nueva edici\u00f3n del V\u00eda Crucis Viviente pas\u00f3 por el Parque L\u00e1inez - Noticias Radio Reflejos<\/title>\n<meta name=\"robots\" content=\"index, follow, max-snippet:-1, max-image-preview:large, max-video-preview:-1\" \/>\n<link rel=\"canonical\" href=\"https:\/\/www.noticiasradioreflejos.com.ar\/2021\/una-nueva-edicion-del-via-crucis-viviente-paso-por-el-parque-lainez\/\" \/>\n<meta property=\"og:locale\" content=\"es_ES\" \/>\n<meta property=\"og:type\" content=\"article\" \/>\n<meta property=\"og:title\" content=\"Una nueva edici\u00f3n del V\u00eda Crucis Viviente pas\u00f3 por el Parque L\u00e1inez - Noticias Radio Reflejos\" \/>\n<meta property=\"og:description\" content=\"El Parque L\u00e1inez fue nuevamente el escenario natural elegido para escenificar los momentos vividos por Jes\u00fas.\" \/>\n<meta property=\"og:url\" content=\"https:\/\/www.noticiasradioreflejos.com.ar\/2021\/una-nueva-edicion-del-via-crucis-viviente-paso-por-el-parque-lainez\/\" \/>\n<meta property=\"og:site_name\" content=\"Noticias Radio Reflejos\" \/>\n<meta property=\"article:published_time\" content=\"2018-04-03T18:43:22+00:00\" \/>\n<meta property=\"og:image\" content=\"http:\/\/farm1.staticflickr.com\/892\/40500943494_ae09e4f465_z.jpg\" \/>\n<meta name=\"author\" content=\"Arnaldo Botto\" \/>\n<meta name=\"twitter:card\" content=\"summary_large_image\" \/>\n<script type=\"application\/ld+json\" class=\"yoast-schema-graph\">{\"@context\":\"https:\/\/schema.org\",\"@graph\":[{\"@type\":\"WebPage\",\"@id\":\"https:\/\/www.noticiasradioreflejos.com.ar\/2021\/una-nueva-edicion-del-via-crucis-viviente-paso-por-el-parque-lainez\/\",\"url\":\"https:\/\/www.noticiasradioreflejos.com.ar\/2021\/una-nueva-edicion-del-via-crucis-viviente-paso-por-el-parque-lainez\/\",\"name\":\"Una nueva edici\u00f3n del V\u00eda Crucis Viviente pas\u00f3 por el Parque L\u00e1inez - Noticias Radio Reflejos\",\"isPartOf\":{\"@id\":\"https:\/\/www.noticiasradioreflejos.com.ar\/2021\/#website\"},\"primaryImageOfPage\":{\"@id\":\"https:\/\/www.noticiasradioreflejos.com.ar\/2021\/una-nueva-edicion-del-via-crucis-viviente-paso-por-el-parque-lainez\/#primaryimage\"},\"image\":{\"@id\":\"https:\/\/www.noticiasradioreflejos.com.ar\/2021\/una-nueva-edicion-del-via-crucis-viviente-paso-por-el-parque-lainez\/#primaryimage\"},\"thumbnailUrl\":\"http:\/\/farm1.staticflickr.com\/892\/40500943494_ae09e4f465_z.jpg\",\"datePublished\":\"2018-04-03T18:43:22+00:00\",\"author\":{\"@id\":\"https:\/\/www.noticiasradioreflejos.com.ar\/2021\/#\/schema\/person\/ad82545263dcc5ec0996818884fd5fb1\"},\"breadcrumb\":{\"@id\":\"https:\/\/www.noticiasradioreflejos.com.ar\/2021\/una-nueva-edicion-del-via-crucis-viviente-paso-por-el-parque-lainez\/#breadcrumb\"},\"inLanguage\":\"es\",\"potentialAction\":[{\"@type\":\"ReadAction\",\"target\":[\"https:\/\/www.noticiasradioreflejos.com.ar\/2021\/una-nueva-edicion-del-via-crucis-viviente-paso-por-el-parque-lainez\/\"]}]},{\"@type\":\"ImageObject\",\"inLanguage\":\"es\",\"@id\":\"https:\/\/www.noticiasradioreflejos.com.ar\/2021\/una-nueva-edicion-del-via-crucis-viviente-paso-por-el-parque-lainez\/#primaryimage\",\"url\":\"http:\/\/farm1.staticflickr.com\/892\/40500943494_ae09e4f465_z.jpg\",\"contentUrl\":\"http:\/\/farm1.staticflickr.com\/892\/40500943494_ae09e4f465_z.jpg\"},{\"@type\":\"BreadcrumbList\",\"@id\":\"https:\/\/www.noticiasradioreflejos.com.ar\/2021\/una-nueva-edicion-del-via-crucis-viviente-paso-por-el-parque-lainez\/#breadcrumb\",\"itemListElement\":[{\"@type\":\"ListItem\",\"position\":1,\"name\":\"Portada\",\"item\":\"https:\/\/www.noticiasradioreflejos.com.ar\/2021\/\"},{\"@type\":\"ListItem\",\"position\":2,\"name\":\"Una nueva edici\u00f3n del V\u00eda Crucis Viviente pas\u00f3 por el Parque L\u00e1inez\"}]},{\"@type\":\"WebSite\",\"@id\":\"https:\/\/www.noticiasradioreflejos.com.ar\/2021\/#website\",\"url\":\"https:\/\/www.noticiasradioreflejos.com.ar\/2021\/\",\"name\":\"Noticias Radio Reflejos\",\"description\":\"Las noticias de mi comarca\",\"potentialAction\":[{\"@type\":\"SearchAction\",\"target\":{\"@type\":\"EntryPoint\",\"urlTemplate\":\"https:\/\/www.noticiasradioreflejos.com.ar\/2021\/?s={search_term_string}\"},\"query-input\":{\"@type\":\"PropertyValueSpecification\",\"valueRequired\":true,\"valueName\":\"search_term_string\"}}],\"inLanguage\":\"es\"},{\"@type\":\"Person\",\"@id\":\"https:\/\/www.noticiasradioreflejos.com.ar\/2021\/#\/schema\/person\/ad82545263dcc5ec0996818884fd5fb1\",\"name\":\"Arnaldo Botto\",\"image\":{\"@type\":\"ImageObject\",\"inLanguage\":\"es\",\"@id\":\"https:\/\/www.noticiasradioreflejos.com.ar\/2021\/#\/schema\/person\/image\/\",\"url\":\"https:\/\/secure.gravatar.com\/avatar\/55cb5e37c1efa326397366e6974cb338056df65cb50e7d64d1cf314e87504837?s=96&d=mm&r=g\",\"contentUrl\":\"https:\/\/secure.gravatar.com\/avatar\/55cb5e37c1efa326397366e6974cb338056df65cb50e7d64d1cf314e87504837?s=96&d=mm&r=g\",\"caption\":\"Arnaldo Botto\"},\"url\":\"https:\/\/www.noticiasradioreflejos.com.ar\/2021\/author\/arnaldo\/\"}]}<\/script>\n<!-- \/ Yoast SEO plugin. -->","yoast_head_json":{"title":"Una nueva edici\u00f3n del V\u00eda Crucis Viviente pas\u00f3 por el Parque L\u00e1inez - Noticias Radio Reflejos","robots":{"index":"index","follow":"follow","max-snippet":"max-snippet:-1","max-image-preview":"max-image-preview:large","max-video-preview":"max-video-preview:-1"},"canonical":"https:\/\/www.noticiasradioreflejos.com.ar\/2021\/una-nueva-edicion-del-via-crucis-viviente-paso-por-el-parque-lainez\/","og_locale":"es_ES","og_type":"article","og_title":"Una nueva edici\u00f3n del V\u00eda Crucis Viviente pas\u00f3 por el Parque L\u00e1inez - Noticias Radio Reflejos","og_description":"El Parque L\u00e1inez fue nuevamente el escenario natural elegido para escenificar los momentos vividos por Jes\u00fas.","og_url":"https:\/\/www.noticiasradioreflejos.com.ar\/2021\/una-nueva-edicion-del-via-crucis-viviente-paso-por-el-parque-lainez\/","og_site_name":"Noticias Radio Reflejos","article_published_time":"2018-04-03T18:43:22+00:00","og_image":[{"url":"http:\/\/farm1.staticflickr.com\/892\/40500943494_ae09e4f465_z.jpg","type":"","width":"","height":""}],"author":"Arnaldo Botto","twitter_card":"summary_large_image","schema":{"@context":"https:\/\/schema.org","@graph":[{"@type":"WebPage","@id":"https:\/\/www.noticiasradioreflejos.com.ar\/2021\/una-nueva-edicion-del-via-crucis-viviente-paso-por-el-parque-lainez\/","url":"https:\/\/www.noticiasradioreflejos.com.ar\/2021\/una-nueva-edicion-del-via-crucis-viviente-paso-por-el-parque-lainez\/","name":"Una nueva edici\u00f3n del V\u00eda Crucis Viviente pas\u00f3 por el Parque L\u00e1inez - Noticias Radio Reflejos","isPartOf":{"@id":"https:\/\/www.noticiasradioreflejos.com.ar\/2021\/#website"},"primaryImageOfPage":{"@id":"https:\/\/www.noticiasradioreflejos.com.ar\/2021\/una-nueva-edicion-del-via-crucis-viviente-paso-por-el-parque-lainez\/#primaryimage"},"image":{"@id":"https:\/\/www.noticiasradioreflejos.com.ar\/2021\/una-nueva-edicion-del-via-crucis-viviente-paso-por-el-parque-lainez\/#primaryimage"},"thumbnailUrl":"http:\/\/farm1.staticflickr.com\/892\/40500943494_ae09e4f465_z.jpg","datePublished":"2018-04-03T18:43:22+00:00","author":{"@id":"https:\/\/www.noticiasradioreflejos.com.ar\/2021\/#\/schema\/person\/ad82545263dcc5ec0996818884fd5fb1"},"breadcrumb":{"@id":"https:\/\/www.noticiasradioreflejos.com.ar\/2021\/una-nueva-edicion-del-via-crucis-viviente-paso-por-el-parque-lainez\/#breadcrumb"},"inLanguage":"es","potentialAction":[{"@type":"ReadAction","target":["https:\/\/www.noticiasradioreflejos.com.ar\/2021\/una-nueva-edicion-del-via-crucis-viviente-paso-por-el-parque-lainez\/"]}]},{"@type":"ImageObject","inLanguage":"es","@id":"https:\/\/www.noticiasradioreflejos.com.ar\/2021\/una-nueva-edicion-del-via-crucis-viviente-paso-por-el-parque-lainez\/#primaryimage","url":"http:\/\/farm1.staticflickr.com\/892\/40500943494_ae09e4f465_z.jpg","contentUrl":"http:\/\/farm1.staticflickr.com\/892\/40500943494_ae09e4f465_z.jpg"},{"@type":"BreadcrumbList","@id":"https:\/\/www.noticiasradioreflejos.com.ar\/2021\/una-nueva-edicion-del-via-crucis-viviente-paso-por-el-parque-lainez\/#breadcrumb","itemListElement":[{"@type":"ListItem","position":1,"name":"Portada","item":"https:\/\/www.noticiasradioreflejos.com.ar\/2021\/"},{"@type":"ListItem","position":2,"name":"Una nueva edici\u00f3n del V\u00eda Crucis Viviente pas\u00f3 por el Parque L\u00e1inez"}]},{"@type":"WebSite","@id":"https:\/\/www.noticiasradioreflejos.com.ar\/2021\/#website","url":"https:\/\/www.noticiasradioreflejos.com.ar\/2021\/","name":"Noticias Radio Reflejos","description":"Las noticias de mi comarca","potentialAction":[{"@type":"SearchAction","target":{"@type":"EntryPoint","urlTemplate":"https:\/\/www.noticiasradioreflejos.com.ar\/2021\/?s={search_term_string}"},"query-input":{"@type":"PropertyValueSpecification","valueRequired":true,"valueName":"search_term_string"}}],"inLanguage":"es"},{"@type":"Person","@id":"https:\/\/www.noticiasradioreflejos.com.ar\/2021\/#\/schema\/person\/ad82545263dcc5ec0996818884fd5fb1","name":"Arnaldo Botto","image":{"@type":"ImageObject","inLanguage":"es","@id":"https:\/\/www.noticiasradioreflejos.com.ar\/2021\/#\/schema\/person\/image\/","url":"https:\/\/secure.gravatar.com\/avatar\/55cb5e37c1efa326397366e6974cb338056df65cb50e7d64d1cf314e87504837?s=96&d=mm&r=g","contentUrl":"https:\/\/secure.gravatar.com\/avatar\/55cb5e37c1efa326397366e6974cb338056df65cb50e7d64d1cf314e87504837?s=96&d=mm&r=g","caption":"Arnaldo Botto"},"url":"https:\/\/www.noticiasradioreflejos.com.ar\/2021\/author\/arnaldo\/"}]}},"_links":{"self":[{"href":"https:\/\/www.noticiasradioreflejos.com.ar\/2021\/wp-json\/wp\/v2\/posts\/20333","targetHints":{"allow":["GET"]}}],"collection":[{"href":"https:\/\/www.noticiasradioreflejos.com.ar\/2021\/wp-json\/wp\/v2\/posts"}],"about":[{"href":"https:\/\/www.noticiasradioreflejos.com.ar\/2021\/wp-json\/wp\/v2\/types\/post"}],"author":[{"embeddable":true,"href":"https:\/\/www.noticiasradioreflejos.com.ar\/2021\/wp-json\/wp\/v2\/users\/3"}],"replies":[{"embeddable":true,"href":"https:\/\/www.noticiasradioreflejos.com.ar\/2021\/wp-json\/wp\/v2\/comments?post=20333"}],"version-history":[{"count":0,"href":"https:\/\/www.noticiasradioreflejos.com.ar\/2021\/wp-json\/wp\/v2\/posts\/20333\/revisions"}],"wp:attachment":[{"href":"https:\/\/www.noticiasradioreflejos.com.ar\/2021\/wp-json\/wp\/v2\/media?parent=20333"}],"wp:term":[{"taxonomy":"category","embeddable":true,"href":"https:\/\/www.noticiasradioreflejos.com.ar\/2021\/wp-json\/wp\/v2\/categories?post=20333"},{"taxonomy":"post_tag","embeddable":true,"href":"https:\/\/www.noticiasradioreflejos.com.ar\/2021\/wp-json\/wp\/v2\/tags?post=20333"}],"curies":[{"name":"wp","href":"https:\/\/api.w.org\/{rel}","templated":true}]}}