{"id":20328,"date":"2018-04-03T14:16:11","date_gmt":"2018-04-03T17:16:11","guid":{"rendered":"http:\/\/www.noticiasradioreflejos.com.ar\/noticias\/?p=20328"},"modified":"2018-04-03T14:16:11","modified_gmt":"2018-04-03T17:16:11","slug":"villa-serrana-la-gruta-cuenta-con-un-punto-de-informes-turisticos-con-terminal-de-autogestion","status":"publish","type":"post","link":"https:\/\/www.noticiasradioreflejos.com.ar\/2021\/villa-serrana-la-gruta-cuenta-con-un-punto-de-informes-turisticos-con-terminal-de-autogestion\/","title":{"rendered":"Villa Serrana la Gruta cuenta con un Punto de Informes Tur\u00edsticos con terminal de autogesti\u00f3n"},"content":{"rendered":"<p>La Secretar\u00eda de Turismo inform\u00f3 que el pasado jueves qued\u00f3 inaugurado en Villa Serrana La Gruta, un Punto de Informes Tur\u00edsticos con terminal de autogesti\u00f3n. El mismo se encuentra ubicado en el acceso principal a la Villa.<!--more--><br \/>\nAll\u00ed el visitante obtendr\u00e1 informaci\u00f3n acerca de lugares, horarios, disponibilidad, entre otros datos de inter\u00e9s asociados a la actividad tur\u00edstica. Adem\u00e1s el Punto cuenta con wifi libre y folleter\u00eda de Ventania.<br \/>\nLa puesta en marcha de este espacio en esta fecha tan particular, fue de gran utilidad para los turistas que nos visitaron, quienes hicieron uso de este punto de informes para conocer las distintas actividades y propuestas a desarrollar, entre otras consultas.<br \/>\nContar con este espacio fue posible gracias a gestiones realizadas por el delegado Municipal, Eugenio Rossetti y la Sociedad de Fomento y Turismo de Villa Serrana La Gruta; y el aporte econ\u00f3mico del Municipio de Tornquist.<br \/>\n<a href=\"http:\/\/farm1.staticflickr.com\/821\/27339116838_e38abe7ba0_z.jpg\" title=\"INFORMES TURISTICOS2\" rel=\"\"><img loading=\"lazy\" decoding=\"async\" src=\"http:\/\/farm1.staticflickr.com\/821\/27339116838_e38abe7ba0_z.jpg\" width=\"640\" height=\"480\" alt=\"INFORMES TURISTICOS2\" title=\"INFORMES TURISTICOS2\" class=\"aligncenter\"><\/a><\/p>\n","protected":false},"excerpt":{"rendered":"<p>La Secretar\u00eda de Turismo inform\u00f3 que el pasado jueves qued\u00f3 inaugurado en Villa Serrana La Gruta, un Punto de Informes Tur\u00edsticos con terminal de autogesti\u00f3n. El mismo se encuentra ubicado en el acceso principal a la Villa.<\/p>\n","protected":false},"author":3,"featured_media":0,"comment_status":"closed","ping_status":"open","sticky":false,"template":"","format":"standard","meta":{"footnotes":""},"categories":[33],"tags":[],"class_list":["post-20328","post","type-post","status-publish","format-standard","hentry","category-turismo"],"yoast_head":"<!-- This site is optimized with the Yoast SEO plugin v25.9 - https:\/\/yoast.com\/wordpress\/plugins\/seo\/ -->\n<title>Villa Serrana la Gruta cuenta con un Punto de Informes Tur\u00edsticos con terminal de autogesti\u00f3n - Noticias Radio Reflejos<\/title>\n<meta name=\"robots\" content=\"index, follow, max-snippet:-1, max-image-preview:large, max-video-preview:-1\" \/>\n<link rel=\"canonical\" href=\"https:\/\/www.noticiasradioreflejos.com.ar\/2021\/villa-serrana-la-gruta-cuenta-con-un-punto-de-informes-turisticos-con-terminal-de-autogestion\/\" \/>\n<meta property=\"og:locale\" content=\"es_ES\" \/>\n<meta property=\"og:type\" content=\"article\" \/>\n<meta property=\"og:title\" content=\"Villa Serrana la Gruta cuenta con un Punto de Informes Tur\u00edsticos con terminal de autogesti\u00f3n - Noticias Radio Reflejos\" \/>\n<meta property=\"og:description\" content=\"La Secretar\u00eda de Turismo inform\u00f3 que el pasado jueves qued\u00f3 inaugurado en Villa Serrana La Gruta, un Punto de Informes Tur\u00edsticos con terminal de autogesti\u00f3n. El mismo se encuentra ubicado en el acceso principal a la Villa.\" \/>\n<meta property=\"og:url\" content=\"https:\/\/www.noticiasradioreflejos.com.ar\/2021\/villa-serrana-la-gruta-cuenta-con-un-punto-de-informes-turisticos-con-terminal-de-autogestion\/\" \/>\n<meta property=\"og:site_name\" content=\"Noticias Radio Reflejos\" \/>\n<meta property=\"article:published_time\" content=\"2018-04-03T17:16:11+00:00\" \/>\n<meta property=\"og:image\" content=\"http:\/\/farm1.staticflickr.com\/821\/27339116838_e38abe7ba0_z.jpg\" \/>\n<meta name=\"author\" content=\"Arnaldo Botto\" \/>\n<meta name=\"twitter:card\" content=\"summary_large_image\" \/>\n<script type=\"application\/ld+json\" class=\"yoast-schema-graph\">{\"@context\":\"https:\/\/schema.org\",\"@graph\":[{\"@type\":\"WebPage\",\"@id\":\"https:\/\/www.noticiasradioreflejos.com.ar\/2021\/villa-serrana-la-gruta-cuenta-con-un-punto-de-informes-turisticos-con-terminal-de-autogestion\/\",\"url\":\"https:\/\/www.noticiasradioreflejos.com.ar\/2021\/villa-serrana-la-gruta-cuenta-con-un-punto-de-informes-turisticos-con-terminal-de-autogestion\/\",\"name\":\"Villa Serrana la Gruta cuenta con un Punto de Informes Tur\u00edsticos con terminal de autogesti\u00f3n - Noticias Radio Reflejos\",\"isPartOf\":{\"@id\":\"https:\/\/www.noticiasradioreflejos.com.ar\/2021\/#website\"},\"primaryImageOfPage\":{\"@id\":\"https:\/\/www.noticiasradioreflejos.com.ar\/2021\/villa-serrana-la-gruta-cuenta-con-un-punto-de-informes-turisticos-con-terminal-de-autogestion\/#primaryimage\"},\"image\":{\"@id\":\"https:\/\/www.noticiasradioreflejos.com.ar\/2021\/villa-serrana-la-gruta-cuenta-con-un-punto-de-informes-turisticos-con-terminal-de-autogestion\/#primaryimage\"},\"thumbnailUrl\":\"http:\/\/farm1.staticflickr.com\/821\/27339116838_e38abe7ba0_z.jpg\",\"datePublished\":\"2018-04-03T17:16:11+00:00\",\"author\":{\"@id\":\"https:\/\/www.noticiasradioreflejos.com.ar\/2021\/#\/schema\/person\/ad82545263dcc5ec0996818884fd5fb1\"},\"breadcrumb\":{\"@id\":\"https:\/\/www.noticiasradioreflejos.com.ar\/2021\/villa-serrana-la-gruta-cuenta-con-un-punto-de-informes-turisticos-con-terminal-de-autogestion\/#breadcrumb\"},\"inLanguage\":\"es\",\"potentialAction\":[{\"@type\":\"ReadAction\",\"target\":[\"https:\/\/www.noticiasradioreflejos.com.ar\/2021\/villa-serrana-la-gruta-cuenta-con-un-punto-de-informes-turisticos-con-terminal-de-autogestion\/\"]}]},{\"@type\":\"ImageObject\",\"inLanguage\":\"es\",\"@id\":\"https:\/\/www.noticiasradioreflejos.com.ar\/2021\/villa-serrana-la-gruta-cuenta-con-un-punto-de-informes-turisticos-con-terminal-de-autogestion\/#primaryimage\",\"url\":\"http:\/\/farm1.staticflickr.com\/821\/27339116838_e38abe7ba0_z.jpg\",\"contentUrl\":\"http:\/\/farm1.staticflickr.com\/821\/27339116838_e38abe7ba0_z.jpg\"},{\"@type\":\"BreadcrumbList\",\"@id\":\"https:\/\/www.noticiasradioreflejos.com.ar\/2021\/villa-serrana-la-gruta-cuenta-con-un-punto-de-informes-turisticos-con-terminal-de-autogestion\/#breadcrumb\",\"itemListElement\":[{\"@type\":\"ListItem\",\"position\":1,\"name\":\"Portada\",\"item\":\"https:\/\/www.noticiasradioreflejos.com.ar\/2021\/\"},{\"@type\":\"ListItem\",\"position\":2,\"name\":\"Villa Serrana la Gruta cuenta con un Punto de Informes Tur\u00edsticos con terminal de autogesti\u00f3n\"}]},{\"@type\":\"WebSite\",\"@id\":\"https:\/\/www.noticiasradioreflejos.com.ar\/2021\/#website\",\"url\":\"https:\/\/www.noticiasradioreflejos.com.ar\/2021\/\",\"name\":\"Noticias Radio Reflejos\",\"description\":\"Las noticias de mi comarca\",\"potentialAction\":[{\"@type\":\"SearchAction\",\"target\":{\"@type\":\"EntryPoint\",\"urlTemplate\":\"https:\/\/www.noticiasradioreflejos.com.ar\/2021\/?s={search_term_string}\"},\"query-input\":{\"@type\":\"PropertyValueSpecification\",\"valueRequired\":true,\"valueName\":\"search_term_string\"}}],\"inLanguage\":\"es\"},{\"@type\":\"Person\",\"@id\":\"https:\/\/www.noticiasradioreflejos.com.ar\/2021\/#\/schema\/person\/ad82545263dcc5ec0996818884fd5fb1\",\"name\":\"Arnaldo Botto\",\"image\":{\"@type\":\"ImageObject\",\"inLanguage\":\"es\",\"@id\":\"https:\/\/www.noticiasradioreflejos.com.ar\/2021\/#\/schema\/person\/image\/\",\"url\":\"https:\/\/secure.gravatar.com\/avatar\/55cb5e37c1efa326397366e6974cb338056df65cb50e7d64d1cf314e87504837?s=96&d=mm&r=g\",\"contentUrl\":\"https:\/\/secure.gravatar.com\/avatar\/55cb5e37c1efa326397366e6974cb338056df65cb50e7d64d1cf314e87504837?s=96&d=mm&r=g\",\"caption\":\"Arnaldo Botto\"},\"url\":\"https:\/\/www.noticiasradioreflejos.com.ar\/2021\/author\/arnaldo\/\"}]}<\/script>\n<!-- \/ Yoast SEO plugin. -->","yoast_head_json":{"title":"Villa Serrana la Gruta cuenta con un Punto de Informes Tur\u00edsticos con terminal de autogesti\u00f3n - Noticias Radio Reflejos","robots":{"index":"index","follow":"follow","max-snippet":"max-snippet:-1","max-image-preview":"max-image-preview:large","max-video-preview":"max-video-preview:-1"},"canonical":"https:\/\/www.noticiasradioreflejos.com.ar\/2021\/villa-serrana-la-gruta-cuenta-con-un-punto-de-informes-turisticos-con-terminal-de-autogestion\/","og_locale":"es_ES","og_type":"article","og_title":"Villa Serrana la Gruta cuenta con un Punto de Informes Tur\u00edsticos con terminal de autogesti\u00f3n - Noticias Radio Reflejos","og_description":"La Secretar\u00eda de Turismo inform\u00f3 que el pasado jueves qued\u00f3 inaugurado en Villa Serrana La Gruta, un Punto de Informes Tur\u00edsticos con terminal de autogesti\u00f3n. El mismo se encuentra ubicado en el acceso principal a la Villa.","og_url":"https:\/\/www.noticiasradioreflejos.com.ar\/2021\/villa-serrana-la-gruta-cuenta-con-un-punto-de-informes-turisticos-con-terminal-de-autogestion\/","og_site_name":"Noticias Radio Reflejos","article_published_time":"2018-04-03T17:16:11+00:00","og_image":[{"url":"http:\/\/farm1.staticflickr.com\/821\/27339116838_e38abe7ba0_z.jpg","type":"","width":"","height":""}],"author":"Arnaldo Botto","twitter_card":"summary_large_image","schema":{"@context":"https:\/\/schema.org","@graph":[{"@type":"WebPage","@id":"https:\/\/www.noticiasradioreflejos.com.ar\/2021\/villa-serrana-la-gruta-cuenta-con-un-punto-de-informes-turisticos-con-terminal-de-autogestion\/","url":"https:\/\/www.noticiasradioreflejos.com.ar\/2021\/villa-serrana-la-gruta-cuenta-con-un-punto-de-informes-turisticos-con-terminal-de-autogestion\/","name":"Villa Serrana la Gruta cuenta con un Punto de Informes Tur\u00edsticos con terminal de autogesti\u00f3n - Noticias Radio Reflejos","isPartOf":{"@id":"https:\/\/www.noticiasradioreflejos.com.ar\/2021\/#website"},"primaryImageOfPage":{"@id":"https:\/\/www.noticiasradioreflejos.com.ar\/2021\/villa-serrana-la-gruta-cuenta-con-un-punto-de-informes-turisticos-con-terminal-de-autogestion\/#primaryimage"},"image":{"@id":"https:\/\/www.noticiasradioreflejos.com.ar\/2021\/villa-serrana-la-gruta-cuenta-con-un-punto-de-informes-turisticos-con-terminal-de-autogestion\/#primaryimage"},"thumbnailUrl":"http:\/\/farm1.staticflickr.com\/821\/27339116838_e38abe7ba0_z.jpg","datePublished":"2018-04-03T17:16:11+00:00","author":{"@id":"https:\/\/www.noticiasradioreflejos.com.ar\/2021\/#\/schema\/person\/ad82545263dcc5ec0996818884fd5fb1"},"breadcrumb":{"@id":"https:\/\/www.noticiasradioreflejos.com.ar\/2021\/villa-serrana-la-gruta-cuenta-con-un-punto-de-informes-turisticos-con-terminal-de-autogestion\/#breadcrumb"},"inLanguage":"es","potentialAction":[{"@type":"ReadAction","target":["https:\/\/www.noticiasradioreflejos.com.ar\/2021\/villa-serrana-la-gruta-cuenta-con-un-punto-de-informes-turisticos-con-terminal-de-autogestion\/"]}]},{"@type":"ImageObject","inLanguage":"es","@id":"https:\/\/www.noticiasradioreflejos.com.ar\/2021\/villa-serrana-la-gruta-cuenta-con-un-punto-de-informes-turisticos-con-terminal-de-autogestion\/#primaryimage","url":"http:\/\/farm1.staticflickr.com\/821\/27339116838_e38abe7ba0_z.jpg","contentUrl":"http:\/\/farm1.staticflickr.com\/821\/27339116838_e38abe7ba0_z.jpg"},{"@type":"BreadcrumbList","@id":"https:\/\/www.noticiasradioreflejos.com.ar\/2021\/villa-serrana-la-gruta-cuenta-con-un-punto-de-informes-turisticos-con-terminal-de-autogestion\/#breadcrumb","itemListElement":[{"@type":"ListItem","position":1,"name":"Portada","item":"https:\/\/www.noticiasradioreflejos.com.ar\/2021\/"},{"@type":"ListItem","position":2,"name":"Villa Serrana la Gruta cuenta con un Punto de Informes Tur\u00edsticos con terminal de autogesti\u00f3n"}]},{"@type":"WebSite","@id":"https:\/\/www.noticiasradioreflejos.com.ar\/2021\/#website","url":"https:\/\/www.noticiasradioreflejos.com.ar\/2021\/","name":"Noticias Radio Reflejos","description":"Las noticias de mi comarca","potentialAction":[{"@type":"SearchAction","target":{"@type":"EntryPoint","urlTemplate":"https:\/\/www.noticiasradioreflejos.com.ar\/2021\/?s={search_term_string}"},"query-input":{"@type":"PropertyValueSpecification","valueRequired":true,"valueName":"search_term_string"}}],"inLanguage":"es"},{"@type":"Person","@id":"https:\/\/www.noticiasradioreflejos.com.ar\/2021\/#\/schema\/person\/ad82545263dcc5ec0996818884fd5fb1","name":"Arnaldo Botto","image":{"@type":"ImageObject","inLanguage":"es","@id":"https:\/\/www.noticiasradioreflejos.com.ar\/2021\/#\/schema\/person\/image\/","url":"https:\/\/secure.gravatar.com\/avatar\/55cb5e37c1efa326397366e6974cb338056df65cb50e7d64d1cf314e87504837?s=96&d=mm&r=g","contentUrl":"https:\/\/secure.gravatar.com\/avatar\/55cb5e37c1efa326397366e6974cb338056df65cb50e7d64d1cf314e87504837?s=96&d=mm&r=g","caption":"Arnaldo Botto"},"url":"https:\/\/www.noticiasradioreflejos.com.ar\/2021\/author\/arnaldo\/"}]}},"_links":{"self":[{"href":"https:\/\/www.noticiasradioreflejos.com.ar\/2021\/wp-json\/wp\/v2\/posts\/20328","targetHints":{"allow":["GET"]}}],"collection":[{"href":"https:\/\/www.noticiasradioreflejos.com.ar\/2021\/wp-json\/wp\/v2\/posts"}],"about":[{"href":"https:\/\/www.noticiasradioreflejos.com.ar\/2021\/wp-json\/wp\/v2\/types\/post"}],"author":[{"embeddable":true,"href":"https:\/\/www.noticiasradioreflejos.com.ar\/2021\/wp-json\/wp\/v2\/users\/3"}],"replies":[{"embeddable":true,"href":"https:\/\/www.noticiasradioreflejos.com.ar\/2021\/wp-json\/wp\/v2\/comments?post=20328"}],"version-history":[{"count":0,"href":"https:\/\/www.noticiasradioreflejos.com.ar\/2021\/wp-json\/wp\/v2\/posts\/20328\/revisions"}],"wp:attachment":[{"href":"https:\/\/www.noticiasradioreflejos.com.ar\/2021\/wp-json\/wp\/v2\/media?parent=20328"}],"wp:term":[{"taxonomy":"category","embeddable":true,"href":"https:\/\/www.noticiasradioreflejos.com.ar\/2021\/wp-json\/wp\/v2\/categories?post=20328"},{"taxonomy":"post_tag","embeddable":true,"href":"https:\/\/www.noticiasradioreflejos.com.ar\/2021\/wp-json\/wp\/v2\/tags?post=20328"}],"curies":[{"name":"wp","href":"https:\/\/api.w.org\/{rel}","templated":true}]}}