{"id":20322,"date":"2018-04-03T14:10:35","date_gmt":"2018-04-03T17:10:35","guid":{"rendered":"http:\/\/www.noticiasradioreflejos.com.ar\/noticias\/?p=20322"},"modified":"2018-04-03T14:10:35","modified_gmt":"2018-04-03T17:10:35","slug":"llega-a-tornquist-antologia-de-un-pelotudo-importante","status":"publish","type":"post","link":"https:\/\/www.noticiasradioreflejos.com.ar\/2021\/llega-a-tornquist-antologia-de-un-pelotudo-importante\/","title":{"rendered":"Llega a Tornquist, &quot;Antolog\u00eda de un Pelotudo Importante&quot;"},"content":{"rendered":"<div>\n<div>\n<div><span style=\"font-family: 'Arial Narrow', sans-serif;\">LLEGA DESDE CABA A NUESTRA CIUDAD DE TORNQUIST\u00a0<b>\u00ab<\/b><b>ANTOLOG\u00cdA<\/b><b>\u00a0DE UN PELOTUDO IMPORTANTE, recargado\u00bb,\u00a0el exitoso unipersonal de humor de y por Cristian Majolo.\u00a0<\/b><\/span><span style=\"font-family: 'Arial Narrow', sans-serif;\">La cita ser\u00e1 el\u00a0<b>VIERNES<\/b><\/span><b>\u00a04 de MAYO a las 21 hs en el TEATRO RODOLFO FUNKE, ALEM 53.\u00a0<\/b><\/div>\n<\/div>\n<\/div>\n<div><span style=\"color: #000000;\"><span style=\"font-family: 'Arial Narrow', sans-serif;\"><i>Para esta\u00a0<b>\u00fanica funci\u00f3n<\/b>\u00a0las entradas anticipadas est\u00e1n\u00a0en venta en dicha sala\u00a0 DE 9 A 13 Y DE 16 A 21HS\u00a0, sino en puerta el d\u00eda de la funci\u00f3n a $150. No llegar a \u00faltimo momento porque se agotan!!!\u00a0\u00a0<\/i><\/span><\/span><\/div>\n<div><\/div>\n<p><!--more--><br \/>\n<a title=\"pelotudo importante\" href=\"http:\/\/farm1.staticflickr.com\/819\/39402537200_a925570e8e_z.jpg\" rel=\"\"><img loading=\"lazy\" decoding=\"async\" class=\"aligncenter\" title=\"pelotudo importante\" src=\"http:\/\/farm1.staticflickr.com\/819\/39402537200_a925570e8e_z.jpg\" alt=\"pelotudo importante\" width=\"640\" height=\"484\" \/><\/a><\/p>\n<div>\n<div class=\"x_m_-3967713526459742632m_3562988705962969466m_-7624773371235415825m_3347877501374668271m_694763616887520813m_-2431823984881432003m_-4504673633196463432m_-2131949268067534190m_4943028524334027100h5\">\n<div><b>\u201cANTOLOG\u00cdA DE UN PELOTUDO IMPORTANTE,\u00a0<span style=\"font-size: large;\">recargado\u00bb<\/span>\u00a0de y por Cristian Majolo llega m\u00e1s pelotudo que nunca a nuestra ciudad de TORNQUIST luego de su gira\u00a02017\/2018\u00a0por distintos\u00a0<\/b>escenarios de todo el pa\u00eds \u00a1Vas a re\u00edr de principio a fin!<\/div>\n<\/div>\n<\/div>\n<div dir=\"ltr\">\n<div class=\"x_gmail_quote\">\n<div dir=\"ltr\">\n<div class=\"x_gmail_quote\">\n<div dir=\"ltr\">\n<div>\n<div class=\"x_m_-3967713526459742632m_3562988705962969466m_-7624773371235415825m_3347877501374668271m_694763616887520813m_-2431823984881432003m_-4504673633196463432m_-2131949268067534190m_4943028524334027100h5\">\n<div class=\"x_gmail_quote\">\n<div dir=\"ltr\">\n<p class=\"x_MsoNormal\">\u00a0\u00a0\u00a0\u00a0\u00a0\u00a0\u00a0\u00a0\u00a0\u00a0\u00a0 El verdadero \u00c9XITO de este espect\u00e1culo son sus 7 mon\u00f3logos, 7 historias, 7 personajes, 7 hombres que muestran su lado tonto, su comportamiento imb\u00e9cil, el pelotudo argentino que vive en ellos. Asfixiados por el amor, el odio, las mujeres, los viajes, los sue\u00f1os y las frustraciones. En escena solo un actor que interpreta, juega, emociona y transmite tanta pelotudez humana peligrosamente identificable.<\/p>\n<p class=\"x_MsoNormal\">\u00a0 \u00a0 \u00a0 \u00a0 \u00a0 \u00a0Chispa, simpleza esc\u00e9nica, emoci\u00f3n, cuerpo en movimiento y picard\u00eda l\u00e9xica, ingredientes bien batidos para crear un c\u00f3ctel que desde los primeros sorbos nos lleva a un lugar de identificaci\u00f3n, de risa pura y diversi\u00f3n.\u00a0\u00a1\u00a1\u00a1No te la podes perder!!!<\/p>\n<p class=\"x_MsoNormal\"><span style=\"color: #000000;\">\u00a0 \u00a0 \u00a0 \u00a0 \u00a0 \u00a0 \u00a0 En su gira de verano 2017-2018 visit\u00f3 San Nicol\u00e1s, Mar\u00eda Juana, San Jorge, Pergamino, Banfield, Tandil, Bah\u00eda Blanca, Rauch, Villa Gesell, Mar Azul, Mar del Plata La Emilia , CABA y sigue girando.<\/span><\/p>\n<p class=\"x_MsoNormal\" align=\"center\"><b>Ficha T\u00e9cnica<\/b><\/p>\n<p class=\"x_MsoNormal\" align=\"center\"><b>ESPECT\u00c1CULO:<\/b>\u00a0Antolog\u00eda de un Pelotudo Importante.<\/p>\n<p class=\"x_MsoNormal\" align=\"center\"><b>ACT\u00daA:<\/b>\u00a0Cristian Majolo.<\/p>\n<p class=\"x_MsoNormal\" align=\"center\"><b>DRAMATURGIA Y DIRECCI\u00d3N:<\/b>\u00a0Cristian Majolo.<\/p>\n<p class=\"x_MsoNormal\" align=\"center\"><span style=\"color: #000000;\"><b>ASISTENCIA<\/b>: Heidy Reyes<\/span><\/p>\n<p class=\"x_MsoNormal\" align=\"center\"><span style=\"color: #000000; font-family: 'Arial Narrow', sans-serif;\"><b>FOTOGRAF\u00cdA<\/b>: Rilind Modigliani<\/span><\/p>\n<p class=\"x_MsoNormal\" align=\"center\"><span style=\"color: #000000;\"><b>DISE\u00d1O\u00a0<\/b><span style=\"font-family: 'Arial Narrow', sans-serif;\"><b>GR\u00c1FICO<\/b>: Agust\u00edn Medina<\/span><\/span><\/p>\n<p class=\"x_MsoNormal\" align=\"center\"><span style=\"color: #000000;\"><b>PRENSA Y PRODUCCI\u00d3N ARTISTICA:<\/b>\u00a0Compa\u00f1\u00eda Aqu\u00ed y Ahora.<\/span><\/p>\n<p class=\"x_MsoNormal\" align=\"center\"><span style=\"color: #000000;\"><b>FACEBOOK:@<\/b><span style=\"font-family: 'Arial Narrow', sans-serif;\"><b>antologiadeunpelotudoimportante<\/b><\/span><\/span><\/p>\n<p class=\"x_MsoNormal\" align=\"center\"><span style=\"color: #000000;\"><span style=\"font-family: 'Arial Narrow', sans-serif;\"><b>LINK TRAILER:\u00a0\u00a0<a href=\"http:\/\/youtu.be\/XLWow3btOJA\" target=\"_blank\" rel=\"noreferrer noopener\">youtu.be\/XLWow3btOJA<\/a>\u00a0<\/b><\/span><\/span><\/p>\n<p class=\"x_MsoNormal\" align=\"center\"><span style=\"color: #000000;\">\u00a0<\/span><\/p>\n<p class=\"x_MsoNormal\" align=\"center\"><b><span style=\"color: #000000;\">POR ENTREVISTAS O CONSULTAS:<\/span><\/b><\/p>\n<p class=\"x_MsoNormal\" align=\"center\"><b><span style=\"color: #000000;\">\u00a0<span lang=\"FR\">Cel: (011)1554100793<\/span><\/span><\/b><\/p>\n<p class=\"x_MsoNormal\" align=\"center\"><b><span lang=\"FR\"><span style=\"color: #000000;\">Email:\u00a0<a href=\"mailto:cristianmajolo@gmail.com\" target=\"_blank\" rel=\"noreferrer noopener\">cristianmajolo@gmail.com<\/a>\u00a0\/\u00a0<a href=\"mailto:25aquiyahora@gmail.com\" target=\"_blank\" rel=\"noreferrer noopener\">25aquiyahora@gmail.com<\/a><\/span><\/span><\/b><\/p>\n<p class=\"x_MsoNormal\" align=\"center\"><span lang=\"FR\"><span style=\"color: #000000;\">\u00a0<\/span><\/span><\/p>\n<p class=\"x_MsoNormal\" align=\"center\"><b>VIERNES 4 DE MAYO A LAS 21HS\u00a0<\/b><\/p>\n<p class=\"x_MsoNormal\" align=\"center\"><b>ALEM 53 &#8211; TEATRO RODOLFO FUNKE<\/b><\/p>\n<p class=\"x_MsoNormal\" align=\"center\"><b>\u00a0<\/b><\/p>\n<\/div>\n<\/div>\n<\/div>\n<\/div>\n<div class=\"x_m_-3967713526459742632m_3562988705962969466m_-7624773371235415825m_3347877501374668271m_694763616887520813m_-2431823984881432003m_-4504673633196463432m_-2131949268067534190m_4943028524334027100h5\">\n<div class=\"x_m_-3967713526459742632m_3562988705962969466m_-7624773371235415825m_3347877501374668271m_694763616887520813m_-2431823984881432003m_-4504673633196463432gmail-adL\">\n<p class=\"x_m_-3967713526459742632m_3562988705962969466m_-7624773371235415825m_3347877501374668271m_694763616887520813m_-2431823984881432003m_-4504673633196463432gmail-m_-5788624795745306061m_9012619739275230368m_229714713947604454m_-5230713217045448006m_-4825640676287278816m_7974335828482600604m_889856797660119819gmail-m_6307438557842394606gmail-MsoNormal\" align=\"center\"><b>CRISTIAN MAJOLO<\/b><\/p>\n<p class=\"x_m_-3967713526459742632m_3562988705962969466m_-7624773371235415825m_3347877501374668271m_694763616887520813m_-2431823984881432003m_-4504673633196463432gmail-m_-5788624795745306061m_9012619739275230368m_229714713947604454m_-5230713217045448006m_-4825640676287278816m_7974335828482600604m_889856797660119819gmail-m_6307438557842394606gmail-MsoNormal\" align=\"center\"><b><span lang=\"ES\">Actor, autor, int\u00e9rprete, director y docente teatral argentino<\/span><\/b><\/p>\n<\/div>\n<\/div>\n<\/div>\n<\/div>\n<\/div>\n<\/div>\n<\/div>\n<p><a title=\"cristian majolo\" href=\"http:\/\/farm1.staticflickr.com\/901\/26340204217_c3064401e5_z.jpg\" rel=\"\"><img loading=\"lazy\" decoding=\"async\" class=\"aligncenter\" title=\"cristian majolo\" src=\"http:\/\/farm1.staticflickr.com\/901\/26340204217_c3064401e5_z.jpg\" alt=\"cristian majolo\" width=\"426\" height=\"640\" \/><\/a><br \/>\n<a href=\"https:\/\/es.scribd.com\/document\/375452080\/Biografia-Cristian-Majolo\">Biograf\u00eda Cristian Majolo<\/a><\/p>\n","protected":false},"excerpt":{"rendered":"<p>LLEGA DESDE CABA A NUESTRA CIUDAD DE TORNQUIST\u00a0\u00abANTOLOG\u00cdA\u00a0DE UN PELOTUDO IMPORTANTE, recargado\u00bb,\u00a0el exitoso unipersonal de humor de y por Cristian Majolo.\u00a0La cita ser\u00e1 el\u00a0VIERNES\u00a04 de MAYO a las 21 hs en el TEATRO RODOLFO FUNKE, ALEM 53.\u00a0 Para esta\u00a0\u00fanica funci\u00f3n\u00a0las entradas anticipadas est\u00e1n\u00a0en venta en dicha sala\u00a0 DE 9 A 13 Y DE 16 A [&hellip;]<\/p>\n","protected":false},"author":3,"featured_media":0,"comment_status":"closed","ping_status":"open","sticky":false,"template":"","format":"standard","meta":{"footnotes":""},"categories":[35],"tags":[],"class_list":["post-20322","post","type-post","status-publish","format-standard","hentry","category-cultura"],"yoast_head":"<!-- This site is optimized with the Yoast SEO plugin v25.9 - https:\/\/yoast.com\/wordpress\/plugins\/seo\/ -->\n<title>Llega a Tornquist, &quot;Antolog\u00eda de un Pelotudo Importante&quot; - Noticias Radio Reflejos<\/title>\n<meta name=\"robots\" content=\"index, follow, max-snippet:-1, max-image-preview:large, max-video-preview:-1\" \/>\n<link rel=\"canonical\" href=\"https:\/\/www.noticiasradioreflejos.com.ar\/2021\/llega-a-tornquist-antologia-de-un-pelotudo-importante\/\" \/>\n<meta property=\"og:locale\" content=\"es_ES\" \/>\n<meta property=\"og:type\" content=\"article\" \/>\n<meta property=\"og:title\" content=\"Llega a Tornquist, &quot;Antolog\u00eda de un Pelotudo Importante&quot; - Noticias Radio Reflejos\" \/>\n<meta property=\"og:description\" content=\"LLEGA DESDE CABA A NUESTRA CIUDAD DE TORNQUIST\u00a0\u00abANTOLOG\u00cdA\u00a0DE UN PELOTUDO IMPORTANTE, recargado\u00bb,\u00a0el exitoso unipersonal de humor de y por Cristian Majolo.\u00a0La cita ser\u00e1 el\u00a0VIERNES\u00a04 de MAYO a las 21 hs en el TEATRO RODOLFO FUNKE, ALEM 53.\u00a0 Para esta\u00a0\u00fanica funci\u00f3n\u00a0las entradas anticipadas est\u00e1n\u00a0en venta en dicha sala\u00a0 DE 9 A 13 Y DE 16 A [&hellip;]\" \/>\n<meta property=\"og:url\" content=\"https:\/\/www.noticiasradioreflejos.com.ar\/2021\/llega-a-tornquist-antologia-de-un-pelotudo-importante\/\" \/>\n<meta property=\"og:site_name\" content=\"Noticias Radio Reflejos\" \/>\n<meta property=\"article:published_time\" content=\"2018-04-03T17:10:35+00:00\" \/>\n<meta property=\"og:image\" content=\"http:\/\/farm1.staticflickr.com\/819\/39402537200_a925570e8e_z.jpg\" \/>\n<meta name=\"author\" content=\"Arnaldo Botto\" \/>\n<meta name=\"twitter:card\" content=\"summary_large_image\" \/>\n<script type=\"application\/ld+json\" class=\"yoast-schema-graph\">{\"@context\":\"https:\/\/schema.org\",\"@graph\":[{\"@type\":\"WebPage\",\"@id\":\"https:\/\/www.noticiasradioreflejos.com.ar\/2021\/llega-a-tornquist-antologia-de-un-pelotudo-importante\/\",\"url\":\"https:\/\/www.noticiasradioreflejos.com.ar\/2021\/llega-a-tornquist-antologia-de-un-pelotudo-importante\/\",\"name\":\"Llega a Tornquist, &quot;Antolog\u00eda de un Pelotudo Importante&quot; - Noticias Radio Reflejos\",\"isPartOf\":{\"@id\":\"https:\/\/www.noticiasradioreflejos.com.ar\/2021\/#website\"},\"primaryImageOfPage\":{\"@id\":\"https:\/\/www.noticiasradioreflejos.com.ar\/2021\/llega-a-tornquist-antologia-de-un-pelotudo-importante\/#primaryimage\"},\"image\":{\"@id\":\"https:\/\/www.noticiasradioreflejos.com.ar\/2021\/llega-a-tornquist-antologia-de-un-pelotudo-importante\/#primaryimage\"},\"thumbnailUrl\":\"http:\/\/farm1.staticflickr.com\/819\/39402537200_a925570e8e_z.jpg\",\"datePublished\":\"2018-04-03T17:10:35+00:00\",\"author\":{\"@id\":\"https:\/\/www.noticiasradioreflejos.com.ar\/2021\/#\/schema\/person\/ad82545263dcc5ec0996818884fd5fb1\"},\"breadcrumb\":{\"@id\":\"https:\/\/www.noticiasradioreflejos.com.ar\/2021\/llega-a-tornquist-antologia-de-un-pelotudo-importante\/#breadcrumb\"},\"inLanguage\":\"es\",\"potentialAction\":[{\"@type\":\"ReadAction\",\"target\":[\"https:\/\/www.noticiasradioreflejos.com.ar\/2021\/llega-a-tornquist-antologia-de-un-pelotudo-importante\/\"]}]},{\"@type\":\"ImageObject\",\"inLanguage\":\"es\",\"@id\":\"https:\/\/www.noticiasradioreflejos.com.ar\/2021\/llega-a-tornquist-antologia-de-un-pelotudo-importante\/#primaryimage\",\"url\":\"http:\/\/farm1.staticflickr.com\/819\/39402537200_a925570e8e_z.jpg\",\"contentUrl\":\"http:\/\/farm1.staticflickr.com\/819\/39402537200_a925570e8e_z.jpg\"},{\"@type\":\"BreadcrumbList\",\"@id\":\"https:\/\/www.noticiasradioreflejos.com.ar\/2021\/llega-a-tornquist-antologia-de-un-pelotudo-importante\/#breadcrumb\",\"itemListElement\":[{\"@type\":\"ListItem\",\"position\":1,\"name\":\"Portada\",\"item\":\"https:\/\/www.noticiasradioreflejos.com.ar\/2021\/\"},{\"@type\":\"ListItem\",\"position\":2,\"name\":\"Llega a Tornquist, &quot;Antolog\u00eda de un Pelotudo Importante&quot;\"}]},{\"@type\":\"WebSite\",\"@id\":\"https:\/\/www.noticiasradioreflejos.com.ar\/2021\/#website\",\"url\":\"https:\/\/www.noticiasradioreflejos.com.ar\/2021\/\",\"name\":\"Noticias Radio Reflejos\",\"description\":\"Las noticias de mi comarca\",\"potentialAction\":[{\"@type\":\"SearchAction\",\"target\":{\"@type\":\"EntryPoint\",\"urlTemplate\":\"https:\/\/www.noticiasradioreflejos.com.ar\/2021\/?s={search_term_string}\"},\"query-input\":{\"@type\":\"PropertyValueSpecification\",\"valueRequired\":true,\"valueName\":\"search_term_string\"}}],\"inLanguage\":\"es\"},{\"@type\":\"Person\",\"@id\":\"https:\/\/www.noticiasradioreflejos.com.ar\/2021\/#\/schema\/person\/ad82545263dcc5ec0996818884fd5fb1\",\"name\":\"Arnaldo Botto\",\"image\":{\"@type\":\"ImageObject\",\"inLanguage\":\"es\",\"@id\":\"https:\/\/www.noticiasradioreflejos.com.ar\/2021\/#\/schema\/person\/image\/\",\"url\":\"https:\/\/secure.gravatar.com\/avatar\/55cb5e37c1efa326397366e6974cb338056df65cb50e7d64d1cf314e87504837?s=96&d=mm&r=g\",\"contentUrl\":\"https:\/\/secure.gravatar.com\/avatar\/55cb5e37c1efa326397366e6974cb338056df65cb50e7d64d1cf314e87504837?s=96&d=mm&r=g\",\"caption\":\"Arnaldo Botto\"},\"url\":\"https:\/\/www.noticiasradioreflejos.com.ar\/2021\/author\/arnaldo\/\"}]}<\/script>\n<!-- \/ Yoast SEO plugin. -->","yoast_head_json":{"title":"Llega a Tornquist, &quot;Antolog\u00eda de un Pelotudo Importante&quot; - Noticias Radio Reflejos","robots":{"index":"index","follow":"follow","max-snippet":"max-snippet:-1","max-image-preview":"max-image-preview:large","max-video-preview":"max-video-preview:-1"},"canonical":"https:\/\/www.noticiasradioreflejos.com.ar\/2021\/llega-a-tornquist-antologia-de-un-pelotudo-importante\/","og_locale":"es_ES","og_type":"article","og_title":"Llega a Tornquist, &quot;Antolog\u00eda de un Pelotudo Importante&quot; - Noticias Radio Reflejos","og_description":"LLEGA DESDE CABA A NUESTRA CIUDAD DE TORNQUIST\u00a0\u00abANTOLOG\u00cdA\u00a0DE UN PELOTUDO IMPORTANTE, recargado\u00bb,\u00a0el exitoso unipersonal de humor de y por Cristian Majolo.\u00a0La cita ser\u00e1 el\u00a0VIERNES\u00a04 de MAYO a las 21 hs en el TEATRO RODOLFO FUNKE, ALEM 53.\u00a0 Para esta\u00a0\u00fanica funci\u00f3n\u00a0las entradas anticipadas est\u00e1n\u00a0en venta en dicha sala\u00a0 DE 9 A 13 Y DE 16 A [&hellip;]","og_url":"https:\/\/www.noticiasradioreflejos.com.ar\/2021\/llega-a-tornquist-antologia-de-un-pelotudo-importante\/","og_site_name":"Noticias Radio Reflejos","article_published_time":"2018-04-03T17:10:35+00:00","og_image":[{"url":"http:\/\/farm1.staticflickr.com\/819\/39402537200_a925570e8e_z.jpg","type":"","width":"","height":""}],"author":"Arnaldo Botto","twitter_card":"summary_large_image","schema":{"@context":"https:\/\/schema.org","@graph":[{"@type":"WebPage","@id":"https:\/\/www.noticiasradioreflejos.com.ar\/2021\/llega-a-tornquist-antologia-de-un-pelotudo-importante\/","url":"https:\/\/www.noticiasradioreflejos.com.ar\/2021\/llega-a-tornquist-antologia-de-un-pelotudo-importante\/","name":"Llega a Tornquist, &quot;Antolog\u00eda de un Pelotudo Importante&quot; - Noticias Radio Reflejos","isPartOf":{"@id":"https:\/\/www.noticiasradioreflejos.com.ar\/2021\/#website"},"primaryImageOfPage":{"@id":"https:\/\/www.noticiasradioreflejos.com.ar\/2021\/llega-a-tornquist-antologia-de-un-pelotudo-importante\/#primaryimage"},"image":{"@id":"https:\/\/www.noticiasradioreflejos.com.ar\/2021\/llega-a-tornquist-antologia-de-un-pelotudo-importante\/#primaryimage"},"thumbnailUrl":"http:\/\/farm1.staticflickr.com\/819\/39402537200_a925570e8e_z.jpg","datePublished":"2018-04-03T17:10:35+00:00","author":{"@id":"https:\/\/www.noticiasradioreflejos.com.ar\/2021\/#\/schema\/person\/ad82545263dcc5ec0996818884fd5fb1"},"breadcrumb":{"@id":"https:\/\/www.noticiasradioreflejos.com.ar\/2021\/llega-a-tornquist-antologia-de-un-pelotudo-importante\/#breadcrumb"},"inLanguage":"es","potentialAction":[{"@type":"ReadAction","target":["https:\/\/www.noticiasradioreflejos.com.ar\/2021\/llega-a-tornquist-antologia-de-un-pelotudo-importante\/"]}]},{"@type":"ImageObject","inLanguage":"es","@id":"https:\/\/www.noticiasradioreflejos.com.ar\/2021\/llega-a-tornquist-antologia-de-un-pelotudo-importante\/#primaryimage","url":"http:\/\/farm1.staticflickr.com\/819\/39402537200_a925570e8e_z.jpg","contentUrl":"http:\/\/farm1.staticflickr.com\/819\/39402537200_a925570e8e_z.jpg"},{"@type":"BreadcrumbList","@id":"https:\/\/www.noticiasradioreflejos.com.ar\/2021\/llega-a-tornquist-antologia-de-un-pelotudo-importante\/#breadcrumb","itemListElement":[{"@type":"ListItem","position":1,"name":"Portada","item":"https:\/\/www.noticiasradioreflejos.com.ar\/2021\/"},{"@type":"ListItem","position":2,"name":"Llega a Tornquist, &quot;Antolog\u00eda de un Pelotudo Importante&quot;"}]},{"@type":"WebSite","@id":"https:\/\/www.noticiasradioreflejos.com.ar\/2021\/#website","url":"https:\/\/www.noticiasradioreflejos.com.ar\/2021\/","name":"Noticias Radio Reflejos","description":"Las noticias de mi comarca","potentialAction":[{"@type":"SearchAction","target":{"@type":"EntryPoint","urlTemplate":"https:\/\/www.noticiasradioreflejos.com.ar\/2021\/?s={search_term_string}"},"query-input":{"@type":"PropertyValueSpecification","valueRequired":true,"valueName":"search_term_string"}}],"inLanguage":"es"},{"@type":"Person","@id":"https:\/\/www.noticiasradioreflejos.com.ar\/2021\/#\/schema\/person\/ad82545263dcc5ec0996818884fd5fb1","name":"Arnaldo Botto","image":{"@type":"ImageObject","inLanguage":"es","@id":"https:\/\/www.noticiasradioreflejos.com.ar\/2021\/#\/schema\/person\/image\/","url":"https:\/\/secure.gravatar.com\/avatar\/55cb5e37c1efa326397366e6974cb338056df65cb50e7d64d1cf314e87504837?s=96&d=mm&r=g","contentUrl":"https:\/\/secure.gravatar.com\/avatar\/55cb5e37c1efa326397366e6974cb338056df65cb50e7d64d1cf314e87504837?s=96&d=mm&r=g","caption":"Arnaldo Botto"},"url":"https:\/\/www.noticiasradioreflejos.com.ar\/2021\/author\/arnaldo\/"}]}},"_links":{"self":[{"href":"https:\/\/www.noticiasradioreflejos.com.ar\/2021\/wp-json\/wp\/v2\/posts\/20322","targetHints":{"allow":["GET"]}}],"collection":[{"href":"https:\/\/www.noticiasradioreflejos.com.ar\/2021\/wp-json\/wp\/v2\/posts"}],"about":[{"href":"https:\/\/www.noticiasradioreflejos.com.ar\/2021\/wp-json\/wp\/v2\/types\/post"}],"author":[{"embeddable":true,"href":"https:\/\/www.noticiasradioreflejos.com.ar\/2021\/wp-json\/wp\/v2\/users\/3"}],"replies":[{"embeddable":true,"href":"https:\/\/www.noticiasradioreflejos.com.ar\/2021\/wp-json\/wp\/v2\/comments?post=20322"}],"version-history":[{"count":0,"href":"https:\/\/www.noticiasradioreflejos.com.ar\/2021\/wp-json\/wp\/v2\/posts\/20322\/revisions"}],"wp:attachment":[{"href":"https:\/\/www.noticiasradioreflejos.com.ar\/2021\/wp-json\/wp\/v2\/media?parent=20322"}],"wp:term":[{"taxonomy":"category","embeddable":true,"href":"https:\/\/www.noticiasradioreflejos.com.ar\/2021\/wp-json\/wp\/v2\/categories?post=20322"},{"taxonomy":"post_tag","embeddable":true,"href":"https:\/\/www.noticiasradioreflejos.com.ar\/2021\/wp-json\/wp\/v2\/tags?post=20322"}],"curies":[{"name":"wp","href":"https:\/\/api.w.org\/{rel}","templated":true}]}}