{"id":20305,"date":"2018-04-03T09:44:50","date_gmt":"2018-04-03T12:44:50","guid":{"rendered":"http:\/\/www.noticiasradioreflejos.com.ar\/noticias\/?p=20305"},"modified":"2018-04-03T09:44:50","modified_gmt":"2018-04-03T12:44:50","slug":"los-bancarios-de-la-provincia-vuelven-al-paro-este-martes-3-y-miercoles-4-y-podria-faltar-dinero","status":"publish","type":"post","link":"https:\/\/www.noticiasradioreflejos.com.ar\/2021\/los-bancarios-de-la-provincia-vuelven-al-paro-este-martes-3-y-miercoles-4-y-podria-faltar-dinero\/","title":{"rendered":"Los bancarios de la provincia vuelven al paro este martes 3 y mi\u00e9rcoles 4 y podr\u00eda faltar dinero"},"content":{"rendered":"<p>Los trabajadores bancarios decretaron la nueva medida de fuerza de 48 hs luego de que el Ministerio de Trabajo obligara a los bancos a pagar una oferta que ya hab\u00eda sido rechazada. Este martes y mi\u00e9rcoles de abril podr\u00eda faltar dinero en los cajeros de la provincia.<!--more--><br \/>\nLos trabajadores bancarios siguen en alerta luego de haber realizado jornadas de atenci\u00f3n reducida durante tres d\u00edas de esta semana saliente. Ahora decretaron un paro de 48 hs para el d\u00eda martes 3 y mi\u00e9rcoles 4 de abril, con posibilidad de que el conflicto se encause en un paro nacional, de no haber una oferta superadora.<br \/>\nSin embargo, el Ministerio de Trabajo \u201cimpuso\u201d ese ofrecimiento y eso activ\u00f3 a que los bancarios decretaran los dos d\u00edas de paro en la provincia de Buenos Aires.<br \/>\nEl gremio de La Bancaria que conduce Sergio Palazzo a nivel nacional rechaz\u00f3 el \u00faltimo ofrecimiento del gobierno, de un 15% en cuatro cuotas, argumentando que de esa forma se tratar\u00eda de un pago de poco m\u00e1s de 10%.<br \/>\nSin embargo, el Ministerio de Trabajo \u201cimpuso\u201d ese ofrecimiento y eso activ\u00f3 a que los bancarios decretaran los dos d\u00edas de paro en la provincia de Buenos Aires. Esta medida se unir\u00e1 al reclamo de los estatales, docentes y m\u00e9dicos, que llevan una protesta frente a la Gobernaci\u00f3n de la Provincia, con una \u00abcarpa blanca\u00bb.<br \/>\nEn di\u00e1logo con FM CIELO, el titular de La Bancaria en La Plata, Federico Bach, explic\u00f3 de d\u00f3nde nace el conflicto y c\u00f3mo afectar\u00e1 a los usuarios de los Bancos en estos d\u00edas.<br \/>\n\u201cVenimos de asambleas para terminar de decidir. Este conflicto viene desde el mes de diciembre, luego del rechazo a la reforma jubilatoria en el sector. Los paros hasta ahora fueron con descuentos asique ve\u00edamos la forma de hacer una medida efectiva\u201d, indic\u00f3.<br \/>\nSeg\u00fan Bach \u201cel ministerio de Trabajo nos impuso la oferta que hab\u00edamos rechazado y oblig\u00f3 a los Bancos a pagarla\u201d. Eso desat\u00f3 las asambleas de los \u00faltimos tres d\u00edas y la designaci\u00f3n de una fecha para el paro.<br \/>\n\u201cAyer hubo una reuni\u00f3n, pero el sindicato ya lanz\u00f3 una medida para este viernes. Asique posiblemente la medida se estire martes, mi\u00e9rcoles y viernes\u201d, inform\u00f3 el titular bancario.<br \/>\nPara los trabajadores, la oferta del 15% en cuatro cuotas no es suficiente y estiman que pag\u00e1ndose as\u00ed, se trata de poco m\u00e1s de un 10%. \u201cNecesitamos un tipo de cl\u00e1usula que nos garantice la no p\u00e9rdida del salario\u201d, manifest\u00f3 Bach, en relaci\u00f3n a la creciente inflaci\u00f3n en el pa\u00eds.<br \/>\nDurante los d\u00edas martes y mi\u00e9rcoles de paro bancario en los cajeros del Banco Provincia podr\u00eda faltar dinero.<br \/>\n<a href=\"https:\/\/infocielo.com\">Fuente Infocielo<\/a><\/p>\n","protected":false},"excerpt":{"rendered":"<p>Los trabajadores bancarios decretaron la nueva medida de fuerza de 48 hs luego de que el Ministerio de Trabajo obligara a los bancos a pagar una oferta que ya hab\u00eda sido rechazada. Este martes y mi\u00e9rcoles de abril podr\u00eda faltar dinero en los cajeros de la provincia.<\/p>\n","protected":false},"author":3,"featured_media":0,"comment_status":"closed","ping_status":"open","sticky":false,"template":"","format":"standard","meta":{"footnotes":""},"categories":[24],"tags":[],"class_list":["post-20305","post","type-post","status-publish","format-standard","hentry","category-politica"],"yoast_head":"<!-- This site is optimized with the Yoast SEO plugin v25.9 - https:\/\/yoast.com\/wordpress\/plugins\/seo\/ -->\n<title>Los bancarios de la provincia vuelven al paro este martes 3 y mi\u00e9rcoles 4 y podr\u00eda faltar dinero - Noticias Radio Reflejos<\/title>\n<meta name=\"robots\" content=\"index, follow, max-snippet:-1, max-image-preview:large, max-video-preview:-1\" \/>\n<link rel=\"canonical\" href=\"https:\/\/www.noticiasradioreflejos.com.ar\/2021\/los-bancarios-de-la-provincia-vuelven-al-paro-este-martes-3-y-miercoles-4-y-podria-faltar-dinero\/\" \/>\n<meta property=\"og:locale\" content=\"es_ES\" \/>\n<meta property=\"og:type\" content=\"article\" \/>\n<meta property=\"og:title\" content=\"Los bancarios de la provincia vuelven al paro este martes 3 y mi\u00e9rcoles 4 y podr\u00eda faltar dinero - Noticias Radio Reflejos\" \/>\n<meta property=\"og:description\" content=\"Los trabajadores bancarios decretaron la nueva medida de fuerza de 48 hs luego de que el Ministerio de Trabajo obligara a los bancos a pagar una oferta que ya hab\u00eda sido rechazada. Este martes y mi\u00e9rcoles de abril podr\u00eda faltar dinero en los cajeros de la provincia.\" \/>\n<meta property=\"og:url\" content=\"https:\/\/www.noticiasradioreflejos.com.ar\/2021\/los-bancarios-de-la-provincia-vuelven-al-paro-este-martes-3-y-miercoles-4-y-podria-faltar-dinero\/\" \/>\n<meta property=\"og:site_name\" content=\"Noticias Radio Reflejos\" \/>\n<meta property=\"article:published_time\" content=\"2018-04-03T12:44:50+00:00\" \/>\n<meta property=\"og:image\" content=\"https:\/\/www.noticiasradioreflejos.com.ar\/2021\/wp-content\/uploads\/2021\/07\/logosol300x200.png\" \/>\n\t<meta property=\"og:image:width\" content=\"300\" \/>\n\t<meta property=\"og:image:height\" content=\"200\" \/>\n\t<meta property=\"og:image:type\" content=\"image\/png\" \/>\n<meta name=\"author\" content=\"Arnaldo Botto\" \/>\n<meta name=\"twitter:card\" content=\"summary_large_image\" \/>\n<script type=\"application\/ld+json\" class=\"yoast-schema-graph\">{\"@context\":\"https:\/\/schema.org\",\"@graph\":[{\"@type\":\"WebPage\",\"@id\":\"https:\/\/www.noticiasradioreflejos.com.ar\/2021\/los-bancarios-de-la-provincia-vuelven-al-paro-este-martes-3-y-miercoles-4-y-podria-faltar-dinero\/\",\"url\":\"https:\/\/www.noticiasradioreflejos.com.ar\/2021\/los-bancarios-de-la-provincia-vuelven-al-paro-este-martes-3-y-miercoles-4-y-podria-faltar-dinero\/\",\"name\":\"Los bancarios de la provincia vuelven al paro este martes 3 y mi\u00e9rcoles 4 y podr\u00eda faltar dinero - Noticias Radio Reflejos\",\"isPartOf\":{\"@id\":\"https:\/\/www.noticiasradioreflejos.com.ar\/2021\/#website\"},\"datePublished\":\"2018-04-03T12:44:50+00:00\",\"author\":{\"@id\":\"https:\/\/www.noticiasradioreflejos.com.ar\/2021\/#\/schema\/person\/ad82545263dcc5ec0996818884fd5fb1\"},\"breadcrumb\":{\"@id\":\"https:\/\/www.noticiasradioreflejos.com.ar\/2021\/los-bancarios-de-la-provincia-vuelven-al-paro-este-martes-3-y-miercoles-4-y-podria-faltar-dinero\/#breadcrumb\"},\"inLanguage\":\"es\",\"potentialAction\":[{\"@type\":\"ReadAction\",\"target\":[\"https:\/\/www.noticiasradioreflejos.com.ar\/2021\/los-bancarios-de-la-provincia-vuelven-al-paro-este-martes-3-y-miercoles-4-y-podria-faltar-dinero\/\"]}]},{\"@type\":\"BreadcrumbList\",\"@id\":\"https:\/\/www.noticiasradioreflejos.com.ar\/2021\/los-bancarios-de-la-provincia-vuelven-al-paro-este-martes-3-y-miercoles-4-y-podria-faltar-dinero\/#breadcrumb\",\"itemListElement\":[{\"@type\":\"ListItem\",\"position\":1,\"name\":\"Portada\",\"item\":\"https:\/\/www.noticiasradioreflejos.com.ar\/2021\/\"},{\"@type\":\"ListItem\",\"position\":2,\"name\":\"Los bancarios de la provincia vuelven al paro este martes 3 y mi\u00e9rcoles 4 y podr\u00eda faltar dinero\"}]},{\"@type\":\"WebSite\",\"@id\":\"https:\/\/www.noticiasradioreflejos.com.ar\/2021\/#website\",\"url\":\"https:\/\/www.noticiasradioreflejos.com.ar\/2021\/\",\"name\":\"Noticias Radio Reflejos\",\"description\":\"Las noticias de mi comarca\",\"potentialAction\":[{\"@type\":\"SearchAction\",\"target\":{\"@type\":\"EntryPoint\",\"urlTemplate\":\"https:\/\/www.noticiasradioreflejos.com.ar\/2021\/?s={search_term_string}\"},\"query-input\":{\"@type\":\"PropertyValueSpecification\",\"valueRequired\":true,\"valueName\":\"search_term_string\"}}],\"inLanguage\":\"es\"},{\"@type\":\"Person\",\"@id\":\"https:\/\/www.noticiasradioreflejos.com.ar\/2021\/#\/schema\/person\/ad82545263dcc5ec0996818884fd5fb1\",\"name\":\"Arnaldo Botto\",\"image\":{\"@type\":\"ImageObject\",\"inLanguage\":\"es\",\"@id\":\"https:\/\/www.noticiasradioreflejos.com.ar\/2021\/#\/schema\/person\/image\/\",\"url\":\"https:\/\/secure.gravatar.com\/avatar\/55cb5e37c1efa326397366e6974cb338056df65cb50e7d64d1cf314e87504837?s=96&d=mm&r=g\",\"contentUrl\":\"https:\/\/secure.gravatar.com\/avatar\/55cb5e37c1efa326397366e6974cb338056df65cb50e7d64d1cf314e87504837?s=96&d=mm&r=g\",\"caption\":\"Arnaldo Botto\"},\"url\":\"https:\/\/www.noticiasradioreflejos.com.ar\/2021\/author\/arnaldo\/\"}]}<\/script>\n<!-- \/ Yoast SEO plugin. -->","yoast_head_json":{"title":"Los bancarios de la provincia vuelven al paro este martes 3 y mi\u00e9rcoles 4 y podr\u00eda faltar dinero - Noticias Radio Reflejos","robots":{"index":"index","follow":"follow","max-snippet":"max-snippet:-1","max-image-preview":"max-image-preview:large","max-video-preview":"max-video-preview:-1"},"canonical":"https:\/\/www.noticiasradioreflejos.com.ar\/2021\/los-bancarios-de-la-provincia-vuelven-al-paro-este-martes-3-y-miercoles-4-y-podria-faltar-dinero\/","og_locale":"es_ES","og_type":"article","og_title":"Los bancarios de la provincia vuelven al paro este martes 3 y mi\u00e9rcoles 4 y podr\u00eda faltar dinero - Noticias Radio Reflejos","og_description":"Los trabajadores bancarios decretaron la nueva medida de fuerza de 48 hs luego de que el Ministerio de Trabajo obligara a los bancos a pagar una oferta que ya hab\u00eda sido rechazada. Este martes y mi\u00e9rcoles de abril podr\u00eda faltar dinero en los cajeros de la provincia.","og_url":"https:\/\/www.noticiasradioreflejos.com.ar\/2021\/los-bancarios-de-la-provincia-vuelven-al-paro-este-martes-3-y-miercoles-4-y-podria-faltar-dinero\/","og_site_name":"Noticias Radio Reflejos","article_published_time":"2018-04-03T12:44:50+00:00","og_image":[{"width":300,"height":200,"url":"https:\/\/www.noticiasradioreflejos.com.ar\/2021\/wp-content\/uploads\/2021\/07\/logosol300x200.png","type":"image\/png"}],"author":"Arnaldo Botto","twitter_card":"summary_large_image","schema":{"@context":"https:\/\/schema.org","@graph":[{"@type":"WebPage","@id":"https:\/\/www.noticiasradioreflejos.com.ar\/2021\/los-bancarios-de-la-provincia-vuelven-al-paro-este-martes-3-y-miercoles-4-y-podria-faltar-dinero\/","url":"https:\/\/www.noticiasradioreflejos.com.ar\/2021\/los-bancarios-de-la-provincia-vuelven-al-paro-este-martes-3-y-miercoles-4-y-podria-faltar-dinero\/","name":"Los bancarios de la provincia vuelven al paro este martes 3 y mi\u00e9rcoles 4 y podr\u00eda faltar dinero - Noticias Radio Reflejos","isPartOf":{"@id":"https:\/\/www.noticiasradioreflejos.com.ar\/2021\/#website"},"datePublished":"2018-04-03T12:44:50+00:00","author":{"@id":"https:\/\/www.noticiasradioreflejos.com.ar\/2021\/#\/schema\/person\/ad82545263dcc5ec0996818884fd5fb1"},"breadcrumb":{"@id":"https:\/\/www.noticiasradioreflejos.com.ar\/2021\/los-bancarios-de-la-provincia-vuelven-al-paro-este-martes-3-y-miercoles-4-y-podria-faltar-dinero\/#breadcrumb"},"inLanguage":"es","potentialAction":[{"@type":"ReadAction","target":["https:\/\/www.noticiasradioreflejos.com.ar\/2021\/los-bancarios-de-la-provincia-vuelven-al-paro-este-martes-3-y-miercoles-4-y-podria-faltar-dinero\/"]}]},{"@type":"BreadcrumbList","@id":"https:\/\/www.noticiasradioreflejos.com.ar\/2021\/los-bancarios-de-la-provincia-vuelven-al-paro-este-martes-3-y-miercoles-4-y-podria-faltar-dinero\/#breadcrumb","itemListElement":[{"@type":"ListItem","position":1,"name":"Portada","item":"https:\/\/www.noticiasradioreflejos.com.ar\/2021\/"},{"@type":"ListItem","position":2,"name":"Los bancarios de la provincia vuelven al paro este martes 3 y mi\u00e9rcoles 4 y podr\u00eda faltar dinero"}]},{"@type":"WebSite","@id":"https:\/\/www.noticiasradioreflejos.com.ar\/2021\/#website","url":"https:\/\/www.noticiasradioreflejos.com.ar\/2021\/","name":"Noticias Radio Reflejos","description":"Las noticias de mi comarca","potentialAction":[{"@type":"SearchAction","target":{"@type":"EntryPoint","urlTemplate":"https:\/\/www.noticiasradioreflejos.com.ar\/2021\/?s={search_term_string}"},"query-input":{"@type":"PropertyValueSpecification","valueRequired":true,"valueName":"search_term_string"}}],"inLanguage":"es"},{"@type":"Person","@id":"https:\/\/www.noticiasradioreflejos.com.ar\/2021\/#\/schema\/person\/ad82545263dcc5ec0996818884fd5fb1","name":"Arnaldo Botto","image":{"@type":"ImageObject","inLanguage":"es","@id":"https:\/\/www.noticiasradioreflejos.com.ar\/2021\/#\/schema\/person\/image\/","url":"https:\/\/secure.gravatar.com\/avatar\/55cb5e37c1efa326397366e6974cb338056df65cb50e7d64d1cf314e87504837?s=96&d=mm&r=g","contentUrl":"https:\/\/secure.gravatar.com\/avatar\/55cb5e37c1efa326397366e6974cb338056df65cb50e7d64d1cf314e87504837?s=96&d=mm&r=g","caption":"Arnaldo Botto"},"url":"https:\/\/www.noticiasradioreflejos.com.ar\/2021\/author\/arnaldo\/"}]}},"_links":{"self":[{"href":"https:\/\/www.noticiasradioreflejos.com.ar\/2021\/wp-json\/wp\/v2\/posts\/20305","targetHints":{"allow":["GET"]}}],"collection":[{"href":"https:\/\/www.noticiasradioreflejos.com.ar\/2021\/wp-json\/wp\/v2\/posts"}],"about":[{"href":"https:\/\/www.noticiasradioreflejos.com.ar\/2021\/wp-json\/wp\/v2\/types\/post"}],"author":[{"embeddable":true,"href":"https:\/\/www.noticiasradioreflejos.com.ar\/2021\/wp-json\/wp\/v2\/users\/3"}],"replies":[{"embeddable":true,"href":"https:\/\/www.noticiasradioreflejos.com.ar\/2021\/wp-json\/wp\/v2\/comments?post=20305"}],"version-history":[{"count":0,"href":"https:\/\/www.noticiasradioreflejos.com.ar\/2021\/wp-json\/wp\/v2\/posts\/20305\/revisions"}],"wp:attachment":[{"href":"https:\/\/www.noticiasradioreflejos.com.ar\/2021\/wp-json\/wp\/v2\/media?parent=20305"}],"wp:term":[{"taxonomy":"category","embeddable":true,"href":"https:\/\/www.noticiasradioreflejos.com.ar\/2021\/wp-json\/wp\/v2\/categories?post=20305"},{"taxonomy":"post_tag","embeddable":true,"href":"https:\/\/www.noticiasradioreflejos.com.ar\/2021\/wp-json\/wp\/v2\/tags?post=20305"}],"curies":[{"name":"wp","href":"https:\/\/api.w.org\/{rel}","templated":true}]}}