{"id":20284,"date":"2018-04-02T12:29:36","date_gmt":"2018-04-02T15:29:36","guid":{"rendered":"http:\/\/www.noticiasradioreflejos.com.ar\/noticias\/?p=20284"},"modified":"2018-04-02T12:29:36","modified_gmt":"2018-04-02T15:29:36","slug":"2-de-abril-dia-del-veterano-y-de-los-caidos-en-la-guerra-de-malvina","status":"publish","type":"post","link":"https:\/\/www.noticiasradioreflejos.com.ar\/2021\/2-de-abril-dia-del-veterano-y-de-los-caidos-en-la-guerra-de-malvina\/","title":{"rendered":"2 de abril: D\u00eda del Veterano y de los Ca\u00eddos en la Guerra de Malvina"},"content":{"rendered":"<p>Biblioteca Popular Macedonio Fern\u00e1ndez de Villa Ventana: Nuestro saludo especial en este d\u00eda a<strong> Enrique Cabral<\/strong> de Villa Ventana, ex combatiente de Malvinas.<!--more--><br \/>\n*Se adjunta Material de Archivo fotogr\u00e1fico publicado por la Comisi\u00f3n Provincial por la Memoria a 30 a\u00f1os de la guerra de Malvinas recibido en donaci\u00f3n de la biblioteca personal Dr. Hugo Ca\u00f1\u00f3n.<br \/>\n<a title=\"Malvinas 2\" href=\"http:\/\/farm1.staticflickr.com\/873\/27312269718_a9b862c6c9.jpg\" rel=\"\"><img loading=\"lazy\" decoding=\"async\" class=\"aligncenter\" title=\"Malvinas 2\" src=\"http:\/\/farm1.staticflickr.com\/873\/27312269718_a9b862c6c9.jpg\" alt=\"Malvinas 2\" width=\"500\" height=\"187\" \/><\/a><a title=\"Malvinas 4\" href=\"http:\/\/farm1.staticflickr.com\/877\/26313668297_337177126e.jpg\" rel=\"\"><img loading=\"lazy\" decoding=\"async\" class=\"aligncenter\" title=\"Malvinas 4\" src=\"http:\/\/farm1.staticflickr.com\/877\/26313668297_337177126e.jpg\" alt=\"Malvinas 4\" width=\"500\" height=\"181\" \/><\/a><a title=\"Malvinas 6\" href=\"http:\/\/farm1.staticflickr.com\/868\/26313667527_e2c30c14b7.jpg\" rel=\"\"><img loading=\"lazy\" decoding=\"async\" class=\"aligncenter\" title=\"Malvinas 6\" src=\"http:\/\/farm1.staticflickr.com\/868\/26313667527_e2c30c14b7.jpg\" alt=\"Malvinas 6\" width=\"500\" height=\"188\" \/><\/a><br \/>\n<a title=\"Malvinas 8\" href=\"http:\/\/farm1.staticflickr.com\/799\/26313666887_7985f9d825.jpg\" rel=\"\"><img loading=\"lazy\" decoding=\"async\" class=\"aligncenter\" title=\"Malvinas 8\" src=\"http:\/\/farm1.staticflickr.com\/799\/26313666887_7985f9d825.jpg\" alt=\"Malvinas 8\" width=\"500\" height=\"198\" \/><\/a><a title=\"Presentaci\u00f3n\" href=\"http:\/\/farm1.staticflickr.com\/821\/27312263488_66533d51c5_z.jpg\" rel=\"\"><img loading=\"lazy\" decoding=\"async\" class=\"aligncenter\" title=\"Presentaci\u00f3n\" src=\"http:\/\/farm1.staticflickr.com\/821\/27312263488_66533d51c5_z.jpg\" alt=\"Presentaci\u00f3n\" width=\"378\" height=\"640\" \/><\/a><\/p>\n","protected":false},"excerpt":{"rendered":"<p>Biblioteca Popular Macedonio Fern\u00e1ndez de Villa Ventana: Nuestro saludo especial en este d\u00eda a Enrique Cabral de Villa Ventana, ex combatiente de Malvinas.<\/p>\n","protected":false},"author":3,"featured_media":0,"comment_status":"closed","ping_status":"open","sticky":false,"template":"","format":"standard","meta":{"footnotes":""},"categories":[26],"tags":[],"class_list":["post-20284","post","type-post","status-publish","format-standard","hentry","category-sociedad"],"yoast_head":"<!-- This site is optimized with the Yoast SEO plugin v25.9 - https:\/\/yoast.com\/wordpress\/plugins\/seo\/ -->\n<title>2 de abril: D\u00eda del Veterano y de los Ca\u00eddos en la Guerra de Malvina - Noticias Radio Reflejos<\/title>\n<meta name=\"robots\" content=\"index, follow, max-snippet:-1, max-image-preview:large, max-video-preview:-1\" \/>\n<link rel=\"canonical\" href=\"https:\/\/www.noticiasradioreflejos.com.ar\/2021\/2-de-abril-dia-del-veterano-y-de-los-caidos-en-la-guerra-de-malvina\/\" \/>\n<meta property=\"og:locale\" content=\"es_ES\" \/>\n<meta property=\"og:type\" content=\"article\" \/>\n<meta property=\"og:title\" content=\"2 de abril: D\u00eda del Veterano y de los Ca\u00eddos en la Guerra de Malvina - Noticias Radio Reflejos\" \/>\n<meta property=\"og:description\" content=\"Biblioteca Popular Macedonio Fern\u00e1ndez de Villa Ventana: Nuestro saludo especial en este d\u00eda a Enrique Cabral de Villa Ventana, ex combatiente de Malvinas.\" \/>\n<meta property=\"og:url\" content=\"https:\/\/www.noticiasradioreflejos.com.ar\/2021\/2-de-abril-dia-del-veterano-y-de-los-caidos-en-la-guerra-de-malvina\/\" \/>\n<meta property=\"og:site_name\" content=\"Noticias Radio Reflejos\" \/>\n<meta property=\"article:published_time\" content=\"2018-04-02T15:29:36+00:00\" \/>\n<meta property=\"og:image\" content=\"http:\/\/farm1.staticflickr.com\/873\/27312269718_a9b862c6c9.jpg\" \/>\n<meta name=\"author\" content=\"Arnaldo Botto\" \/>\n<meta name=\"twitter:card\" content=\"summary_large_image\" \/>\n<script type=\"application\/ld+json\" class=\"yoast-schema-graph\">{\"@context\":\"https:\/\/schema.org\",\"@graph\":[{\"@type\":\"WebPage\",\"@id\":\"https:\/\/www.noticiasradioreflejos.com.ar\/2021\/2-de-abril-dia-del-veterano-y-de-los-caidos-en-la-guerra-de-malvina\/\",\"url\":\"https:\/\/www.noticiasradioreflejos.com.ar\/2021\/2-de-abril-dia-del-veterano-y-de-los-caidos-en-la-guerra-de-malvina\/\",\"name\":\"2 de abril: D\u00eda del Veterano y de los Ca\u00eddos en la Guerra de Malvina - Noticias Radio Reflejos\",\"isPartOf\":{\"@id\":\"https:\/\/www.noticiasradioreflejos.com.ar\/2021\/#website\"},\"primaryImageOfPage\":{\"@id\":\"https:\/\/www.noticiasradioreflejos.com.ar\/2021\/2-de-abril-dia-del-veterano-y-de-los-caidos-en-la-guerra-de-malvina\/#primaryimage\"},\"image\":{\"@id\":\"https:\/\/www.noticiasradioreflejos.com.ar\/2021\/2-de-abril-dia-del-veterano-y-de-los-caidos-en-la-guerra-de-malvina\/#primaryimage\"},\"thumbnailUrl\":\"http:\/\/farm1.staticflickr.com\/873\/27312269718_a9b862c6c9.jpg\",\"datePublished\":\"2018-04-02T15:29:36+00:00\",\"author\":{\"@id\":\"https:\/\/www.noticiasradioreflejos.com.ar\/2021\/#\/schema\/person\/ad82545263dcc5ec0996818884fd5fb1\"},\"breadcrumb\":{\"@id\":\"https:\/\/www.noticiasradioreflejos.com.ar\/2021\/2-de-abril-dia-del-veterano-y-de-los-caidos-en-la-guerra-de-malvina\/#breadcrumb\"},\"inLanguage\":\"es\",\"potentialAction\":[{\"@type\":\"ReadAction\",\"target\":[\"https:\/\/www.noticiasradioreflejos.com.ar\/2021\/2-de-abril-dia-del-veterano-y-de-los-caidos-en-la-guerra-de-malvina\/\"]}]},{\"@type\":\"ImageObject\",\"inLanguage\":\"es\",\"@id\":\"https:\/\/www.noticiasradioreflejos.com.ar\/2021\/2-de-abril-dia-del-veterano-y-de-los-caidos-en-la-guerra-de-malvina\/#primaryimage\",\"url\":\"http:\/\/farm1.staticflickr.com\/873\/27312269718_a9b862c6c9.jpg\",\"contentUrl\":\"http:\/\/farm1.staticflickr.com\/873\/27312269718_a9b862c6c9.jpg\"},{\"@type\":\"BreadcrumbList\",\"@id\":\"https:\/\/www.noticiasradioreflejos.com.ar\/2021\/2-de-abril-dia-del-veterano-y-de-los-caidos-en-la-guerra-de-malvina\/#breadcrumb\",\"itemListElement\":[{\"@type\":\"ListItem\",\"position\":1,\"name\":\"Portada\",\"item\":\"https:\/\/www.noticiasradioreflejos.com.ar\/2021\/\"},{\"@type\":\"ListItem\",\"position\":2,\"name\":\"2 de abril: D\u00eda del Veterano y de los Ca\u00eddos en la Guerra de Malvina\"}]},{\"@type\":\"WebSite\",\"@id\":\"https:\/\/www.noticiasradioreflejos.com.ar\/2021\/#website\",\"url\":\"https:\/\/www.noticiasradioreflejos.com.ar\/2021\/\",\"name\":\"Noticias Radio Reflejos\",\"description\":\"Las noticias de mi comarca\",\"potentialAction\":[{\"@type\":\"SearchAction\",\"target\":{\"@type\":\"EntryPoint\",\"urlTemplate\":\"https:\/\/www.noticiasradioreflejos.com.ar\/2021\/?s={search_term_string}\"},\"query-input\":{\"@type\":\"PropertyValueSpecification\",\"valueRequired\":true,\"valueName\":\"search_term_string\"}}],\"inLanguage\":\"es\"},{\"@type\":\"Person\",\"@id\":\"https:\/\/www.noticiasradioreflejos.com.ar\/2021\/#\/schema\/person\/ad82545263dcc5ec0996818884fd5fb1\",\"name\":\"Arnaldo Botto\",\"image\":{\"@type\":\"ImageObject\",\"inLanguage\":\"es\",\"@id\":\"https:\/\/www.noticiasradioreflejos.com.ar\/2021\/#\/schema\/person\/image\/\",\"url\":\"https:\/\/secure.gravatar.com\/avatar\/55cb5e37c1efa326397366e6974cb338056df65cb50e7d64d1cf314e87504837?s=96&d=mm&r=g\",\"contentUrl\":\"https:\/\/secure.gravatar.com\/avatar\/55cb5e37c1efa326397366e6974cb338056df65cb50e7d64d1cf314e87504837?s=96&d=mm&r=g\",\"caption\":\"Arnaldo Botto\"},\"url\":\"https:\/\/www.noticiasradioreflejos.com.ar\/2021\/author\/arnaldo\/\"}]}<\/script>\n<!-- \/ Yoast SEO plugin. -->","yoast_head_json":{"title":"2 de abril: D\u00eda del Veterano y de los Ca\u00eddos en la Guerra de Malvina - Noticias Radio Reflejos","robots":{"index":"index","follow":"follow","max-snippet":"max-snippet:-1","max-image-preview":"max-image-preview:large","max-video-preview":"max-video-preview:-1"},"canonical":"https:\/\/www.noticiasradioreflejos.com.ar\/2021\/2-de-abril-dia-del-veterano-y-de-los-caidos-en-la-guerra-de-malvina\/","og_locale":"es_ES","og_type":"article","og_title":"2 de abril: D\u00eda del Veterano y de los Ca\u00eddos en la Guerra de Malvina - Noticias Radio Reflejos","og_description":"Biblioteca Popular Macedonio Fern\u00e1ndez de Villa Ventana: Nuestro saludo especial en este d\u00eda a Enrique Cabral de Villa Ventana, ex combatiente de Malvinas.","og_url":"https:\/\/www.noticiasradioreflejos.com.ar\/2021\/2-de-abril-dia-del-veterano-y-de-los-caidos-en-la-guerra-de-malvina\/","og_site_name":"Noticias Radio Reflejos","article_published_time":"2018-04-02T15:29:36+00:00","og_image":[{"url":"http:\/\/farm1.staticflickr.com\/873\/27312269718_a9b862c6c9.jpg","type":"","width":"","height":""}],"author":"Arnaldo Botto","twitter_card":"summary_large_image","schema":{"@context":"https:\/\/schema.org","@graph":[{"@type":"WebPage","@id":"https:\/\/www.noticiasradioreflejos.com.ar\/2021\/2-de-abril-dia-del-veterano-y-de-los-caidos-en-la-guerra-de-malvina\/","url":"https:\/\/www.noticiasradioreflejos.com.ar\/2021\/2-de-abril-dia-del-veterano-y-de-los-caidos-en-la-guerra-de-malvina\/","name":"2 de abril: D\u00eda del Veterano y de los Ca\u00eddos en la Guerra de Malvina - Noticias Radio Reflejos","isPartOf":{"@id":"https:\/\/www.noticiasradioreflejos.com.ar\/2021\/#website"},"primaryImageOfPage":{"@id":"https:\/\/www.noticiasradioreflejos.com.ar\/2021\/2-de-abril-dia-del-veterano-y-de-los-caidos-en-la-guerra-de-malvina\/#primaryimage"},"image":{"@id":"https:\/\/www.noticiasradioreflejos.com.ar\/2021\/2-de-abril-dia-del-veterano-y-de-los-caidos-en-la-guerra-de-malvina\/#primaryimage"},"thumbnailUrl":"http:\/\/farm1.staticflickr.com\/873\/27312269718_a9b862c6c9.jpg","datePublished":"2018-04-02T15:29:36+00:00","author":{"@id":"https:\/\/www.noticiasradioreflejos.com.ar\/2021\/#\/schema\/person\/ad82545263dcc5ec0996818884fd5fb1"},"breadcrumb":{"@id":"https:\/\/www.noticiasradioreflejos.com.ar\/2021\/2-de-abril-dia-del-veterano-y-de-los-caidos-en-la-guerra-de-malvina\/#breadcrumb"},"inLanguage":"es","potentialAction":[{"@type":"ReadAction","target":["https:\/\/www.noticiasradioreflejos.com.ar\/2021\/2-de-abril-dia-del-veterano-y-de-los-caidos-en-la-guerra-de-malvina\/"]}]},{"@type":"ImageObject","inLanguage":"es","@id":"https:\/\/www.noticiasradioreflejos.com.ar\/2021\/2-de-abril-dia-del-veterano-y-de-los-caidos-en-la-guerra-de-malvina\/#primaryimage","url":"http:\/\/farm1.staticflickr.com\/873\/27312269718_a9b862c6c9.jpg","contentUrl":"http:\/\/farm1.staticflickr.com\/873\/27312269718_a9b862c6c9.jpg"},{"@type":"BreadcrumbList","@id":"https:\/\/www.noticiasradioreflejos.com.ar\/2021\/2-de-abril-dia-del-veterano-y-de-los-caidos-en-la-guerra-de-malvina\/#breadcrumb","itemListElement":[{"@type":"ListItem","position":1,"name":"Portada","item":"https:\/\/www.noticiasradioreflejos.com.ar\/2021\/"},{"@type":"ListItem","position":2,"name":"2 de abril: D\u00eda del Veterano y de los Ca\u00eddos en la Guerra de Malvina"}]},{"@type":"WebSite","@id":"https:\/\/www.noticiasradioreflejos.com.ar\/2021\/#website","url":"https:\/\/www.noticiasradioreflejos.com.ar\/2021\/","name":"Noticias Radio Reflejos","description":"Las noticias de mi comarca","potentialAction":[{"@type":"SearchAction","target":{"@type":"EntryPoint","urlTemplate":"https:\/\/www.noticiasradioreflejos.com.ar\/2021\/?s={search_term_string}"},"query-input":{"@type":"PropertyValueSpecification","valueRequired":true,"valueName":"search_term_string"}}],"inLanguage":"es"},{"@type":"Person","@id":"https:\/\/www.noticiasradioreflejos.com.ar\/2021\/#\/schema\/person\/ad82545263dcc5ec0996818884fd5fb1","name":"Arnaldo Botto","image":{"@type":"ImageObject","inLanguage":"es","@id":"https:\/\/www.noticiasradioreflejos.com.ar\/2021\/#\/schema\/person\/image\/","url":"https:\/\/secure.gravatar.com\/avatar\/55cb5e37c1efa326397366e6974cb338056df65cb50e7d64d1cf314e87504837?s=96&d=mm&r=g","contentUrl":"https:\/\/secure.gravatar.com\/avatar\/55cb5e37c1efa326397366e6974cb338056df65cb50e7d64d1cf314e87504837?s=96&d=mm&r=g","caption":"Arnaldo Botto"},"url":"https:\/\/www.noticiasradioreflejos.com.ar\/2021\/author\/arnaldo\/"}]}},"_links":{"self":[{"href":"https:\/\/www.noticiasradioreflejos.com.ar\/2021\/wp-json\/wp\/v2\/posts\/20284","targetHints":{"allow":["GET"]}}],"collection":[{"href":"https:\/\/www.noticiasradioreflejos.com.ar\/2021\/wp-json\/wp\/v2\/posts"}],"about":[{"href":"https:\/\/www.noticiasradioreflejos.com.ar\/2021\/wp-json\/wp\/v2\/types\/post"}],"author":[{"embeddable":true,"href":"https:\/\/www.noticiasradioreflejos.com.ar\/2021\/wp-json\/wp\/v2\/users\/3"}],"replies":[{"embeddable":true,"href":"https:\/\/www.noticiasradioreflejos.com.ar\/2021\/wp-json\/wp\/v2\/comments?post=20284"}],"version-history":[{"count":0,"href":"https:\/\/www.noticiasradioreflejos.com.ar\/2021\/wp-json\/wp\/v2\/posts\/20284\/revisions"}],"wp:attachment":[{"href":"https:\/\/www.noticiasradioreflejos.com.ar\/2021\/wp-json\/wp\/v2\/media?parent=20284"}],"wp:term":[{"taxonomy":"category","embeddable":true,"href":"https:\/\/www.noticiasradioreflejos.com.ar\/2021\/wp-json\/wp\/v2\/categories?post=20284"},{"taxonomy":"post_tag","embeddable":true,"href":"https:\/\/www.noticiasradioreflejos.com.ar\/2021\/wp-json\/wp\/v2\/tags?post=20284"}],"curies":[{"name":"wp","href":"https:\/\/api.w.org\/{rel}","templated":true}]}}