{"id":20275,"date":"2018-04-01T22:36:57","date_gmt":"2018-04-02T01:36:57","guid":{"rendered":"http:\/\/www.noticiasradioreflejos.com.ar\/noticias\/?p=20275"},"modified":"2018-04-01T22:36:57","modified_gmt":"2018-04-02T01:36:57","slug":"hoy-mas-que-nunca-debemos-decir-con-la-gracia-de-jesus-resucitado-todo-lo-podemos-porque-es-posible-el-resucito-y-nos-da-nueva-vida-y-nueva-fuerza","status":"publish","type":"post","link":"https:\/\/www.noticiasradioreflejos.com.ar\/2021\/hoy-mas-que-nunca-debemos-decir-con-la-gracia-de-jesus-resucitado-todo-lo-podemos-porque-es-posible-el-resucito-y-nos-da-nueva-vida-y-nueva-fuerza\/","title":{"rendered":"\u201cHoy m\u00e1s que nunca debemos decir con la gracia de Jes\u00fas resucitado, todo lo podemos, porque es posible. El resucit\u00f3 y nos da nueva vida y nueva fuerza\u201d"},"content":{"rendered":"<p>Como cierre de las celebraciones de Semana Santa, este domingo en la Parroquia Santa Rosa de Lima se llev\u00f3 a cabo la misa, en la pascua de resurrecci\u00f3n.<!--more--><br \/>\nLa ceremonia, ante un templo colmado, fue presidida por el Padre Norberto Lopez,  dentro de su homil\u00eda volvi\u00f3 a resaltar que sean defensores de la vida en alusi\u00f3n al tema nacional sobre la despenalizaci\u00f3n del aborto que se debatir\u00e1 en breve.<br \/>\n\u201cDec\u00edamos los personajes, las personas, nuestros hermanos reconocer\u00e1n a Jes\u00fas Cuando? Cuando los muertos resuciten, cuando los enfermos sean curados, cuando pasen grandes milagros y podemos pensar eso es posible?. Si es posible. Como no va a ser posible que seamos capaces de ser portadores de la vida nueve de grandes milagros. Eso s\u00ed, debemos estar unidos a Jes\u00fas. Que el sea el que aparece, que el sea el anunciado, \u00e9l es el se\u00f1or porque es el que posee el plan de salvaci\u00f3n. Nosotros somos simplemente testigos\u201d manifest\u00f3 en un pasaje de sus palabras el Padre Norberto.<br \/>\nM\u00e1s adelante pidi\u00f3 ser voceros en la defensa a la vida \u201cEs un tiempo donde no debemos quedarnos quietos o como dice el papa Francisco, aburguesados en la comunidad, en decir yo cumplo porque voy a misa y con eso soy buen cristiano, sino que nos comprometamos a defender la vida a aprovecharla. A darle gracias a Dios y a defenderla con u\u00f1as y dientes porque es un don sagrado y solamente Dios puede disponerla. La vida es el primer derecho natural y tenemos que defenderla a ultranza\u201d destac\u00f3.<br \/>\n\u201cSiempre queda la maravillosa muestra de la piedad popular. Estamos en una zona tur\u00edstica y tenemos un gran movimiento pero a pesar de todo uno ve una gran cantidad de gente que est\u00e1 descansando pero sin embargo no pierde la oportunidad de tener un momento para rezar, para vivir con intensidad este tiempo de gracia y eso es lo importante\u201d a\u00f1adi\u00f3.<br \/>\nSobre el fin de semana largo y las pascuas \u201cNo en vano la iglesia define al tiempo del turismo como el del esp\u00edritu, descansa el cuerpo pero tambi\u00e9n debe descansar el esp\u00edritu. Uno ve a\u00f1o tras a\u00f1o que muchos hermanos turistas vienen a descansar pero aprovechan su momento de oraci\u00f3n, reflexi\u00f3n y esto sigue siendo la fiesta religiosa. Hoy m\u00e1s que nunca debemos decir que con la gracia de Jes\u00fas resucitado todo lo podemos porque es posible y por eso Jes\u00fas resucit\u00f3 y nos da nueva vida y nueva fuerza\u201d continu\u00f3.<br \/>\nPor \u00faltimo dijo \u201cEn estas pascuas pidamos a Dios seguir luchando para que esa vida que poseemos la podamos defender, proteger y cuidar. Es el trabajo, el desaf\u00edo y el gran testimonio que estamos llamados a dar los cristianos con motivo y como fruto de estas pascuas\u201d concluy\u00f3.<br \/>\n<a href=\"http:\/\/farm1.staticflickr.com\/895\/41127624212_867b07ef72_z.jpg\" title=\"ceremonia\" rel=\"\"><img loading=\"lazy\" decoding=\"async\" src=\"http:\/\/farm1.staticflickr.com\/895\/41127624212_867b07ef72_z.jpg\" width=\"640\" height=\"427\" alt=\"ceremonia\" title=\"ceremonia\" class=\"aligncenter\"><\/a><br \/>\n<a href=\"http:\/\/farm1.staticflickr.com\/898\/40276234575_b6c4076679_z.jpg\" title=\"ceremonia 3\" rel=\"\"><img loading=\"lazy\" decoding=\"async\" src=\"http:\/\/farm1.staticflickr.com\/898\/40276234575_b6c4076679_z.jpg\" width=\"640\" height=\"427\" alt=\"ceremonia 3\" title=\"ceremonia 3\" class=\"aligncenter\"><\/a><br \/>\n<a href=\"http:\/\/farm1.staticflickr.com\/881\/41127627492_77bd1b3cef_z.jpg\" title=\"ceremonia 2\" rel=\"\"><img loading=\"lazy\" decoding=\"async\" src=\"http:\/\/farm1.staticflickr.com\/881\/41127627492_77bd1b3cef_z.jpg\" width=\"640\" height=\"427\" alt=\"ceremonia 2\" title=\"ceremonia 2\" class=\"aligncenter\"><\/a><br \/>\n<iframe loading=\"lazy\" width=\"100%\" height=\"166\" scrolling=\"no\" frameborder=\"no\" allow=\"autoplay\" src=\"https:\/\/w.soundcloud.com\/player\/?url=https%3A\/\/api.soundcloud.com\/tracks\/423449025&#038;color=%23ff5500&#038;auto_play=false&#038;hide_related=false&#038;show_comments=true&#038;show_user=true&#038;show_reposts=false&#038;show_teaser=true\"><\/iframe><\/p>\n","protected":false},"excerpt":{"rendered":"<p>Como cierre de las celebraciones de Semana Santa, este domingo en la Parroquia Santa Rosa de Lima se llev\u00f3 a cabo la misa, en la pascua de resurrecci\u00f3n.<\/p>\n","protected":false},"author":3,"featured_media":0,"comment_status":"closed","ping_status":"open","sticky":false,"template":"","format":"standard","meta":{"footnotes":""},"categories":[26],"tags":[],"class_list":["post-20275","post","type-post","status-publish","format-standard","hentry","category-sociedad"],"yoast_head":"<!-- This site is optimized with the Yoast SEO plugin v25.9 - https:\/\/yoast.com\/wordpress\/plugins\/seo\/ -->\n<title>\u201cHoy m\u00e1s que nunca debemos decir con la gracia de Jes\u00fas resucitado, todo lo podemos, porque es posible. El resucit\u00f3 y nos da nueva vida y nueva fuerza\u201d - Noticias Radio Reflejos<\/title>\n<meta name=\"robots\" content=\"index, follow, max-snippet:-1, max-image-preview:large, max-video-preview:-1\" \/>\n<link rel=\"canonical\" href=\"https:\/\/www.noticiasradioreflejos.com.ar\/2021\/hoy-mas-que-nunca-debemos-decir-con-la-gracia-de-jesus-resucitado-todo-lo-podemos-porque-es-posible-el-resucito-y-nos-da-nueva-vida-y-nueva-fuerza\/\" \/>\n<meta property=\"og:locale\" content=\"es_ES\" \/>\n<meta property=\"og:type\" content=\"article\" \/>\n<meta property=\"og:title\" content=\"\u201cHoy m\u00e1s que nunca debemos decir con la gracia de Jes\u00fas resucitado, todo lo podemos, porque es posible. El resucit\u00f3 y nos da nueva vida y nueva fuerza\u201d - Noticias Radio Reflejos\" \/>\n<meta property=\"og:description\" content=\"Como cierre de las celebraciones de Semana Santa, este domingo en la Parroquia Santa Rosa de Lima se llev\u00f3 a cabo la misa, en la pascua de resurrecci\u00f3n.\" \/>\n<meta property=\"og:url\" content=\"https:\/\/www.noticiasradioreflejos.com.ar\/2021\/hoy-mas-que-nunca-debemos-decir-con-la-gracia-de-jesus-resucitado-todo-lo-podemos-porque-es-posible-el-resucito-y-nos-da-nueva-vida-y-nueva-fuerza\/\" \/>\n<meta property=\"og:site_name\" content=\"Noticias Radio Reflejos\" \/>\n<meta property=\"article:published_time\" content=\"2018-04-02T01:36:57+00:00\" \/>\n<meta property=\"og:image\" content=\"http:\/\/farm1.staticflickr.com\/895\/41127624212_867b07ef72_z.jpg\" \/>\n<meta name=\"author\" content=\"Arnaldo Botto\" \/>\n<meta name=\"twitter:card\" content=\"summary_large_image\" \/>\n<script type=\"application\/ld+json\" class=\"yoast-schema-graph\">{\"@context\":\"https:\/\/schema.org\",\"@graph\":[{\"@type\":\"WebPage\",\"@id\":\"https:\/\/www.noticiasradioreflejos.com.ar\/2021\/hoy-mas-que-nunca-debemos-decir-con-la-gracia-de-jesus-resucitado-todo-lo-podemos-porque-es-posible-el-resucito-y-nos-da-nueva-vida-y-nueva-fuerza\/\",\"url\":\"https:\/\/www.noticiasradioreflejos.com.ar\/2021\/hoy-mas-que-nunca-debemos-decir-con-la-gracia-de-jesus-resucitado-todo-lo-podemos-porque-es-posible-el-resucito-y-nos-da-nueva-vida-y-nueva-fuerza\/\",\"name\":\"\u201cHoy m\u00e1s que nunca debemos decir con la gracia de Jes\u00fas resucitado, todo lo podemos, porque es posible. El resucit\u00f3 y nos da nueva vida y nueva fuerza\u201d - Noticias Radio Reflejos\",\"isPartOf\":{\"@id\":\"https:\/\/www.noticiasradioreflejos.com.ar\/2021\/#website\"},\"primaryImageOfPage\":{\"@id\":\"https:\/\/www.noticiasradioreflejos.com.ar\/2021\/hoy-mas-que-nunca-debemos-decir-con-la-gracia-de-jesus-resucitado-todo-lo-podemos-porque-es-posible-el-resucito-y-nos-da-nueva-vida-y-nueva-fuerza\/#primaryimage\"},\"image\":{\"@id\":\"https:\/\/www.noticiasradioreflejos.com.ar\/2021\/hoy-mas-que-nunca-debemos-decir-con-la-gracia-de-jesus-resucitado-todo-lo-podemos-porque-es-posible-el-resucito-y-nos-da-nueva-vida-y-nueva-fuerza\/#primaryimage\"},\"thumbnailUrl\":\"http:\/\/farm1.staticflickr.com\/895\/41127624212_867b07ef72_z.jpg\",\"datePublished\":\"2018-04-02T01:36:57+00:00\",\"author\":{\"@id\":\"https:\/\/www.noticiasradioreflejos.com.ar\/2021\/#\/schema\/person\/ad82545263dcc5ec0996818884fd5fb1\"},\"breadcrumb\":{\"@id\":\"https:\/\/www.noticiasradioreflejos.com.ar\/2021\/hoy-mas-que-nunca-debemos-decir-con-la-gracia-de-jesus-resucitado-todo-lo-podemos-porque-es-posible-el-resucito-y-nos-da-nueva-vida-y-nueva-fuerza\/#breadcrumb\"},\"inLanguage\":\"es\",\"potentialAction\":[{\"@type\":\"ReadAction\",\"target\":[\"https:\/\/www.noticiasradioreflejos.com.ar\/2021\/hoy-mas-que-nunca-debemos-decir-con-la-gracia-de-jesus-resucitado-todo-lo-podemos-porque-es-posible-el-resucito-y-nos-da-nueva-vida-y-nueva-fuerza\/\"]}]},{\"@type\":\"ImageObject\",\"inLanguage\":\"es\",\"@id\":\"https:\/\/www.noticiasradioreflejos.com.ar\/2021\/hoy-mas-que-nunca-debemos-decir-con-la-gracia-de-jesus-resucitado-todo-lo-podemos-porque-es-posible-el-resucito-y-nos-da-nueva-vida-y-nueva-fuerza\/#primaryimage\",\"url\":\"http:\/\/farm1.staticflickr.com\/895\/41127624212_867b07ef72_z.jpg\",\"contentUrl\":\"http:\/\/farm1.staticflickr.com\/895\/41127624212_867b07ef72_z.jpg\"},{\"@type\":\"BreadcrumbList\",\"@id\":\"https:\/\/www.noticiasradioreflejos.com.ar\/2021\/hoy-mas-que-nunca-debemos-decir-con-la-gracia-de-jesus-resucitado-todo-lo-podemos-porque-es-posible-el-resucito-y-nos-da-nueva-vida-y-nueva-fuerza\/#breadcrumb\",\"itemListElement\":[{\"@type\":\"ListItem\",\"position\":1,\"name\":\"Portada\",\"item\":\"https:\/\/www.noticiasradioreflejos.com.ar\/2021\/\"},{\"@type\":\"ListItem\",\"position\":2,\"name\":\"\u201cHoy m\u00e1s que nunca debemos decir con la gracia de Jes\u00fas resucitado, todo lo podemos, porque es posible. El resucit\u00f3 y nos da nueva vida y nueva fuerza\u201d\"}]},{\"@type\":\"WebSite\",\"@id\":\"https:\/\/www.noticiasradioreflejos.com.ar\/2021\/#website\",\"url\":\"https:\/\/www.noticiasradioreflejos.com.ar\/2021\/\",\"name\":\"Noticias Radio Reflejos\",\"description\":\"Las noticias de mi comarca\",\"potentialAction\":[{\"@type\":\"SearchAction\",\"target\":{\"@type\":\"EntryPoint\",\"urlTemplate\":\"https:\/\/www.noticiasradioreflejos.com.ar\/2021\/?s={search_term_string}\"},\"query-input\":{\"@type\":\"PropertyValueSpecification\",\"valueRequired\":true,\"valueName\":\"search_term_string\"}}],\"inLanguage\":\"es\"},{\"@type\":\"Person\",\"@id\":\"https:\/\/www.noticiasradioreflejos.com.ar\/2021\/#\/schema\/person\/ad82545263dcc5ec0996818884fd5fb1\",\"name\":\"Arnaldo Botto\",\"image\":{\"@type\":\"ImageObject\",\"inLanguage\":\"es\",\"@id\":\"https:\/\/www.noticiasradioreflejos.com.ar\/2021\/#\/schema\/person\/image\/\",\"url\":\"https:\/\/secure.gravatar.com\/avatar\/55cb5e37c1efa326397366e6974cb338056df65cb50e7d64d1cf314e87504837?s=96&d=mm&r=g\",\"contentUrl\":\"https:\/\/secure.gravatar.com\/avatar\/55cb5e37c1efa326397366e6974cb338056df65cb50e7d64d1cf314e87504837?s=96&d=mm&r=g\",\"caption\":\"Arnaldo Botto\"},\"url\":\"https:\/\/www.noticiasradioreflejos.com.ar\/2021\/author\/arnaldo\/\"}]}<\/script>\n<!-- \/ Yoast SEO plugin. -->","yoast_head_json":{"title":"\u201cHoy m\u00e1s que nunca debemos decir con la gracia de Jes\u00fas resucitado, todo lo podemos, porque es posible. El resucit\u00f3 y nos da nueva vida y nueva fuerza\u201d - Noticias Radio Reflejos","robots":{"index":"index","follow":"follow","max-snippet":"max-snippet:-1","max-image-preview":"max-image-preview:large","max-video-preview":"max-video-preview:-1"},"canonical":"https:\/\/www.noticiasradioreflejos.com.ar\/2021\/hoy-mas-que-nunca-debemos-decir-con-la-gracia-de-jesus-resucitado-todo-lo-podemos-porque-es-posible-el-resucito-y-nos-da-nueva-vida-y-nueva-fuerza\/","og_locale":"es_ES","og_type":"article","og_title":"\u201cHoy m\u00e1s que nunca debemos decir con la gracia de Jes\u00fas resucitado, todo lo podemos, porque es posible. El resucit\u00f3 y nos da nueva vida y nueva fuerza\u201d - Noticias Radio Reflejos","og_description":"Como cierre de las celebraciones de Semana Santa, este domingo en la Parroquia Santa Rosa de Lima se llev\u00f3 a cabo la misa, en la pascua de resurrecci\u00f3n.","og_url":"https:\/\/www.noticiasradioreflejos.com.ar\/2021\/hoy-mas-que-nunca-debemos-decir-con-la-gracia-de-jesus-resucitado-todo-lo-podemos-porque-es-posible-el-resucito-y-nos-da-nueva-vida-y-nueva-fuerza\/","og_site_name":"Noticias Radio Reflejos","article_published_time":"2018-04-02T01:36:57+00:00","og_image":[{"url":"http:\/\/farm1.staticflickr.com\/895\/41127624212_867b07ef72_z.jpg","type":"","width":"","height":""}],"author":"Arnaldo Botto","twitter_card":"summary_large_image","schema":{"@context":"https:\/\/schema.org","@graph":[{"@type":"WebPage","@id":"https:\/\/www.noticiasradioreflejos.com.ar\/2021\/hoy-mas-que-nunca-debemos-decir-con-la-gracia-de-jesus-resucitado-todo-lo-podemos-porque-es-posible-el-resucito-y-nos-da-nueva-vida-y-nueva-fuerza\/","url":"https:\/\/www.noticiasradioreflejos.com.ar\/2021\/hoy-mas-que-nunca-debemos-decir-con-la-gracia-de-jesus-resucitado-todo-lo-podemos-porque-es-posible-el-resucito-y-nos-da-nueva-vida-y-nueva-fuerza\/","name":"\u201cHoy m\u00e1s que nunca debemos decir con la gracia de Jes\u00fas resucitado, todo lo podemos, porque es posible. El resucit\u00f3 y nos da nueva vida y nueva fuerza\u201d - Noticias Radio Reflejos","isPartOf":{"@id":"https:\/\/www.noticiasradioreflejos.com.ar\/2021\/#website"},"primaryImageOfPage":{"@id":"https:\/\/www.noticiasradioreflejos.com.ar\/2021\/hoy-mas-que-nunca-debemos-decir-con-la-gracia-de-jesus-resucitado-todo-lo-podemos-porque-es-posible-el-resucito-y-nos-da-nueva-vida-y-nueva-fuerza\/#primaryimage"},"image":{"@id":"https:\/\/www.noticiasradioreflejos.com.ar\/2021\/hoy-mas-que-nunca-debemos-decir-con-la-gracia-de-jesus-resucitado-todo-lo-podemos-porque-es-posible-el-resucito-y-nos-da-nueva-vida-y-nueva-fuerza\/#primaryimage"},"thumbnailUrl":"http:\/\/farm1.staticflickr.com\/895\/41127624212_867b07ef72_z.jpg","datePublished":"2018-04-02T01:36:57+00:00","author":{"@id":"https:\/\/www.noticiasradioreflejos.com.ar\/2021\/#\/schema\/person\/ad82545263dcc5ec0996818884fd5fb1"},"breadcrumb":{"@id":"https:\/\/www.noticiasradioreflejos.com.ar\/2021\/hoy-mas-que-nunca-debemos-decir-con-la-gracia-de-jesus-resucitado-todo-lo-podemos-porque-es-posible-el-resucito-y-nos-da-nueva-vida-y-nueva-fuerza\/#breadcrumb"},"inLanguage":"es","potentialAction":[{"@type":"ReadAction","target":["https:\/\/www.noticiasradioreflejos.com.ar\/2021\/hoy-mas-que-nunca-debemos-decir-con-la-gracia-de-jesus-resucitado-todo-lo-podemos-porque-es-posible-el-resucito-y-nos-da-nueva-vida-y-nueva-fuerza\/"]}]},{"@type":"ImageObject","inLanguage":"es","@id":"https:\/\/www.noticiasradioreflejos.com.ar\/2021\/hoy-mas-que-nunca-debemos-decir-con-la-gracia-de-jesus-resucitado-todo-lo-podemos-porque-es-posible-el-resucito-y-nos-da-nueva-vida-y-nueva-fuerza\/#primaryimage","url":"http:\/\/farm1.staticflickr.com\/895\/41127624212_867b07ef72_z.jpg","contentUrl":"http:\/\/farm1.staticflickr.com\/895\/41127624212_867b07ef72_z.jpg"},{"@type":"BreadcrumbList","@id":"https:\/\/www.noticiasradioreflejos.com.ar\/2021\/hoy-mas-que-nunca-debemos-decir-con-la-gracia-de-jesus-resucitado-todo-lo-podemos-porque-es-posible-el-resucito-y-nos-da-nueva-vida-y-nueva-fuerza\/#breadcrumb","itemListElement":[{"@type":"ListItem","position":1,"name":"Portada","item":"https:\/\/www.noticiasradioreflejos.com.ar\/2021\/"},{"@type":"ListItem","position":2,"name":"\u201cHoy m\u00e1s que nunca debemos decir con la gracia de Jes\u00fas resucitado, todo lo podemos, porque es posible. El resucit\u00f3 y nos da nueva vida y nueva fuerza\u201d"}]},{"@type":"WebSite","@id":"https:\/\/www.noticiasradioreflejos.com.ar\/2021\/#website","url":"https:\/\/www.noticiasradioreflejos.com.ar\/2021\/","name":"Noticias Radio Reflejos","description":"Las noticias de mi comarca","potentialAction":[{"@type":"SearchAction","target":{"@type":"EntryPoint","urlTemplate":"https:\/\/www.noticiasradioreflejos.com.ar\/2021\/?s={search_term_string}"},"query-input":{"@type":"PropertyValueSpecification","valueRequired":true,"valueName":"search_term_string"}}],"inLanguage":"es"},{"@type":"Person","@id":"https:\/\/www.noticiasradioreflejos.com.ar\/2021\/#\/schema\/person\/ad82545263dcc5ec0996818884fd5fb1","name":"Arnaldo Botto","image":{"@type":"ImageObject","inLanguage":"es","@id":"https:\/\/www.noticiasradioreflejos.com.ar\/2021\/#\/schema\/person\/image\/","url":"https:\/\/secure.gravatar.com\/avatar\/55cb5e37c1efa326397366e6974cb338056df65cb50e7d64d1cf314e87504837?s=96&d=mm&r=g","contentUrl":"https:\/\/secure.gravatar.com\/avatar\/55cb5e37c1efa326397366e6974cb338056df65cb50e7d64d1cf314e87504837?s=96&d=mm&r=g","caption":"Arnaldo Botto"},"url":"https:\/\/www.noticiasradioreflejos.com.ar\/2021\/author\/arnaldo\/"}]}},"_links":{"self":[{"href":"https:\/\/www.noticiasradioreflejos.com.ar\/2021\/wp-json\/wp\/v2\/posts\/20275","targetHints":{"allow":["GET"]}}],"collection":[{"href":"https:\/\/www.noticiasradioreflejos.com.ar\/2021\/wp-json\/wp\/v2\/posts"}],"about":[{"href":"https:\/\/www.noticiasradioreflejos.com.ar\/2021\/wp-json\/wp\/v2\/types\/post"}],"author":[{"embeddable":true,"href":"https:\/\/www.noticiasradioreflejos.com.ar\/2021\/wp-json\/wp\/v2\/users\/3"}],"replies":[{"embeddable":true,"href":"https:\/\/www.noticiasradioreflejos.com.ar\/2021\/wp-json\/wp\/v2\/comments?post=20275"}],"version-history":[{"count":0,"href":"https:\/\/www.noticiasradioreflejos.com.ar\/2021\/wp-json\/wp\/v2\/posts\/20275\/revisions"}],"wp:attachment":[{"href":"https:\/\/www.noticiasradioreflejos.com.ar\/2021\/wp-json\/wp\/v2\/media?parent=20275"}],"wp:term":[{"taxonomy":"category","embeddable":true,"href":"https:\/\/www.noticiasradioreflejos.com.ar\/2021\/wp-json\/wp\/v2\/categories?post=20275"},{"taxonomy":"post_tag","embeddable":true,"href":"https:\/\/www.noticiasradioreflejos.com.ar\/2021\/wp-json\/wp\/v2\/tags?post=20275"}],"curies":[{"name":"wp","href":"https:\/\/api.w.org\/{rel}","templated":true}]}}