{"id":20243,"date":"2018-03-30T20:07:06","date_gmt":"2018-03-30T23:07:06","guid":{"rendered":"http:\/\/www.noticiasradioreflejos.com.ar\/noticias\/?p=20243"},"modified":"2018-03-30T20:07:06","modified_gmt":"2018-03-30T23:07:06","slug":"conferencia-de-prensa-adriana-metz","status":"publish","type":"post","link":"https:\/\/www.noticiasradioreflejos.com.ar\/2021\/conferencia-de-prensa-adriana-metz\/","title":{"rendered":"Actividades de Adriana Metz en el Distrito"},"content":{"rendered":"<p>Adriana Metz. hija de desaparecidos que aun busca a su hermano var\u00f3n nacido en cautiverio el 17 de abril de 1977.<br \/>\nDurante tres d\u00edas estuvo en nuestro Distrito compartiendo su historia, su b\u00fasqueda y difundiendo el trabajo de Abuelas de Plaza de Mayo.<!--more--><br \/>\nEl d\u00eda lunes 26\/3 lo hizo en el sal\u00f3n de la Asociaci\u00f3n de Empleados de Casinos en Sierra de la Ventana, con una excelente introducci\u00f3n de la Historiadora Ana Vidal.<br \/>\nEl d\u00eda 27\/3 la entrevistaron de diversos medios locales y regionales.<br \/>\nA la tarde junto a vecinos de la Comarca pinto pa\u00f1uelos de Madres de Plaza de Mayo, en la Plaza del ACA de Sierra de la Ventana y luego se dirigi\u00f3 a la ciudad de Tornquist, en la cual brind\u00f3 una conferencia en el Honorable Concejo Deliberante. De la misma participaron el presidente del Concejo, concejales de los tres bloques, de la Direcci\u00f3n de Juventud, el presidente del Partido Justicialista y miembros de la comunidad. Fue filmada en su totalidad por TVC Canal 2 de Tornquist. En la misma desde la Secretaria de Derechos Humanos del Partido Justicialista se le entreg\u00f3 un presente<br \/>\nEl mi\u00e9rcoles 28\/3 comparti\u00f3 la ma\u00f1ana con personal directivo, docentes y los j\u00f3venes de la Escuela N\u00b05 de Villa Ventana.<br \/>\nDentro de los numerosos frutos de esta inolvidable visita, ele Frente Popular 25 de Febrero acord\u00f3 con el Presidente del HCD la digitalizaci\u00f3n de la conferencia y el audiovisual institucional de Abuelas de Plaza de Mayo para su distribuci\u00f3n en las escuelas del Distrito.<br \/>\nEl Frente Popular 25 de Febrero, agradece a todos los que hicieron posible la presencia de Adriana Metz en el Distrito, a los que participaron de las actividades y especialmente a Adriana, por ese esfuerzo inconmesurable de ponerse en carne viva cada d\u00eda, contando su vida, su b\u00fasqueda, su dolor. Y agradecerle el compromiso con la difusi\u00f3n del trabajo de Abuelas.<br \/>\nFOTOGRAF\u00cdAS: Claudia Sosa<br \/>\n<a href=\"http:\/\/farm1.staticflickr.com\/816\/41080473382_b3e7a95b8e_z.jpg\" title=\"metz6\" rel=\"\"><img loading=\"lazy\" decoding=\"async\" src=\"http:\/\/farm1.staticflickr.com\/816\/41080473382_b3e7a95b8e_z.jpg\" width=\"640\" height=\"427\" alt=\"metz6\" title=\"metz6\" class=\"aligncenter\"><\/a><br \/>\n<a href=\"http:\/\/farm1.staticflickr.com\/788\/41080475972_30afc6a333_z.jpg\" title=\"metz5\" rel=\"\"><img loading=\"lazy\" decoding=\"async\" src=\"http:\/\/farm1.staticflickr.com\/788\/41080475972_30afc6a333_z.jpg\" width=\"640\" height=\"387\" alt=\"metz5\" title=\"metz5\" class=\"aligncenter\"><\/a><br \/>\n<a href=\"http:\/\/farm1.staticflickr.com\/816\/26252487057_17474b1ec4_z.jpg\" title=\"metz4\" rel=\"\"><img loading=\"lazy\" decoding=\"async\" src=\"http:\/\/farm1.staticflickr.com\/816\/26252487057_17474b1ec4_z.jpg\" width=\"640\" height=\"427\" alt=\"metz4\" title=\"metz4\" class=\"aligncenter\"><\/a><br \/>\n<a href=\"http:\/\/farm1.staticflickr.com\/821\/41080477222_d301b851d8_z.jpg\" title=\"metz3\" rel=\"\"><img loading=\"lazy\" decoding=\"async\" src=\"http:\/\/farm1.staticflickr.com\/821\/41080477222_d301b851d8_z.jpg\" width=\"640\" height=\"427\" alt=\"metz3\" title=\"metz3\" class=\"aligncenter\"><\/a><br \/>\n<a href=\"http:\/\/farm1.staticflickr.com\/814\/26252488737_a1b6020ff0_z.jpg\" title=\"metz2\" rel=\"\"><img loading=\"lazy\" decoding=\"async\" src=\"http:\/\/farm1.staticflickr.com\/814\/26252488737_a1b6020ff0_z.jpg\" width=\"640\" height=\"379\" alt=\"metz2\" title=\"metz2\" class=\"aligncenter\"><\/a><\/p>\n","protected":false},"excerpt":{"rendered":"<p>Adriana Metz. hija de desaparecidos que aun busca a su hermano var\u00f3n nacido en cautiverio el 17 de abril de 1977. Durante tres d\u00edas estuvo en nuestro Distrito compartiendo su historia, su b\u00fasqueda y difundiendo el trabajo de Abuelas de Plaza de Mayo.<\/p>\n","protected":false},"author":3,"featured_media":0,"comment_status":"closed","ping_status":"open","sticky":false,"template":"","format":"standard","meta":{"footnotes":""},"categories":[26],"tags":[],"class_list":["post-20243","post","type-post","status-publish","format-standard","hentry","category-sociedad"],"yoast_head":"<!-- This site is optimized with the Yoast SEO plugin v25.9 - https:\/\/yoast.com\/wordpress\/plugins\/seo\/ -->\n<title>Actividades de Adriana Metz en el Distrito - Noticias Radio Reflejos<\/title>\n<meta name=\"robots\" content=\"index, follow, max-snippet:-1, max-image-preview:large, max-video-preview:-1\" \/>\n<link rel=\"canonical\" href=\"https:\/\/www.noticiasradioreflejos.com.ar\/2021\/conferencia-de-prensa-adriana-metz\/\" \/>\n<meta property=\"og:locale\" content=\"es_ES\" \/>\n<meta property=\"og:type\" content=\"article\" \/>\n<meta property=\"og:title\" content=\"Actividades de Adriana Metz en el Distrito - Noticias Radio Reflejos\" \/>\n<meta property=\"og:description\" content=\"Adriana Metz. hija de desaparecidos que aun busca a su hermano var\u00f3n nacido en cautiverio el 17 de abril de 1977. Durante tres d\u00edas estuvo en nuestro Distrito compartiendo su historia, su b\u00fasqueda y difundiendo el trabajo de Abuelas de Plaza de Mayo.\" \/>\n<meta property=\"og:url\" content=\"https:\/\/www.noticiasradioreflejos.com.ar\/2021\/conferencia-de-prensa-adriana-metz\/\" \/>\n<meta property=\"og:site_name\" content=\"Noticias Radio Reflejos\" \/>\n<meta property=\"article:published_time\" content=\"2018-03-30T23:07:06+00:00\" \/>\n<meta property=\"og:image\" content=\"http:\/\/farm1.staticflickr.com\/816\/41080473382_b3e7a95b8e_z.jpg\" \/>\n<meta name=\"author\" content=\"Arnaldo Botto\" \/>\n<meta name=\"twitter:card\" content=\"summary_large_image\" \/>\n<script type=\"application\/ld+json\" class=\"yoast-schema-graph\">{\"@context\":\"https:\/\/schema.org\",\"@graph\":[{\"@type\":\"WebPage\",\"@id\":\"https:\/\/www.noticiasradioreflejos.com.ar\/2021\/conferencia-de-prensa-adriana-metz\/\",\"url\":\"https:\/\/www.noticiasradioreflejos.com.ar\/2021\/conferencia-de-prensa-adriana-metz\/\",\"name\":\"Actividades de Adriana Metz en el Distrito - Noticias Radio Reflejos\",\"isPartOf\":{\"@id\":\"https:\/\/www.noticiasradioreflejos.com.ar\/2021\/#website\"},\"primaryImageOfPage\":{\"@id\":\"https:\/\/www.noticiasradioreflejos.com.ar\/2021\/conferencia-de-prensa-adriana-metz\/#primaryimage\"},\"image\":{\"@id\":\"https:\/\/www.noticiasradioreflejos.com.ar\/2021\/conferencia-de-prensa-adriana-metz\/#primaryimage\"},\"thumbnailUrl\":\"http:\/\/farm1.staticflickr.com\/816\/41080473382_b3e7a95b8e_z.jpg\",\"datePublished\":\"2018-03-30T23:07:06+00:00\",\"author\":{\"@id\":\"https:\/\/www.noticiasradioreflejos.com.ar\/2021\/#\/schema\/person\/ad82545263dcc5ec0996818884fd5fb1\"},\"breadcrumb\":{\"@id\":\"https:\/\/www.noticiasradioreflejos.com.ar\/2021\/conferencia-de-prensa-adriana-metz\/#breadcrumb\"},\"inLanguage\":\"es\",\"potentialAction\":[{\"@type\":\"ReadAction\",\"target\":[\"https:\/\/www.noticiasradioreflejos.com.ar\/2021\/conferencia-de-prensa-adriana-metz\/\"]}]},{\"@type\":\"ImageObject\",\"inLanguage\":\"es\",\"@id\":\"https:\/\/www.noticiasradioreflejos.com.ar\/2021\/conferencia-de-prensa-adriana-metz\/#primaryimage\",\"url\":\"http:\/\/farm1.staticflickr.com\/816\/41080473382_b3e7a95b8e_z.jpg\",\"contentUrl\":\"http:\/\/farm1.staticflickr.com\/816\/41080473382_b3e7a95b8e_z.jpg\"},{\"@type\":\"BreadcrumbList\",\"@id\":\"https:\/\/www.noticiasradioreflejos.com.ar\/2021\/conferencia-de-prensa-adriana-metz\/#breadcrumb\",\"itemListElement\":[{\"@type\":\"ListItem\",\"position\":1,\"name\":\"Portada\",\"item\":\"https:\/\/www.noticiasradioreflejos.com.ar\/2021\/\"},{\"@type\":\"ListItem\",\"position\":2,\"name\":\"Actividades de Adriana Metz en el Distrito\"}]},{\"@type\":\"WebSite\",\"@id\":\"https:\/\/www.noticiasradioreflejos.com.ar\/2021\/#website\",\"url\":\"https:\/\/www.noticiasradioreflejos.com.ar\/2021\/\",\"name\":\"Noticias Radio Reflejos\",\"description\":\"Las noticias de mi comarca\",\"potentialAction\":[{\"@type\":\"SearchAction\",\"target\":{\"@type\":\"EntryPoint\",\"urlTemplate\":\"https:\/\/www.noticiasradioreflejos.com.ar\/2021\/?s={search_term_string}\"},\"query-input\":{\"@type\":\"PropertyValueSpecification\",\"valueRequired\":true,\"valueName\":\"search_term_string\"}}],\"inLanguage\":\"es\"},{\"@type\":\"Person\",\"@id\":\"https:\/\/www.noticiasradioreflejos.com.ar\/2021\/#\/schema\/person\/ad82545263dcc5ec0996818884fd5fb1\",\"name\":\"Arnaldo Botto\",\"image\":{\"@type\":\"ImageObject\",\"inLanguage\":\"es\",\"@id\":\"https:\/\/www.noticiasradioreflejos.com.ar\/2021\/#\/schema\/person\/image\/\",\"url\":\"https:\/\/secure.gravatar.com\/avatar\/55cb5e37c1efa326397366e6974cb338056df65cb50e7d64d1cf314e87504837?s=96&d=mm&r=g\",\"contentUrl\":\"https:\/\/secure.gravatar.com\/avatar\/55cb5e37c1efa326397366e6974cb338056df65cb50e7d64d1cf314e87504837?s=96&d=mm&r=g\",\"caption\":\"Arnaldo Botto\"},\"url\":\"https:\/\/www.noticiasradioreflejos.com.ar\/2021\/author\/arnaldo\/\"}]}<\/script>\n<!-- \/ Yoast SEO plugin. -->","yoast_head_json":{"title":"Actividades de Adriana Metz en el Distrito - Noticias Radio Reflejos","robots":{"index":"index","follow":"follow","max-snippet":"max-snippet:-1","max-image-preview":"max-image-preview:large","max-video-preview":"max-video-preview:-1"},"canonical":"https:\/\/www.noticiasradioreflejos.com.ar\/2021\/conferencia-de-prensa-adriana-metz\/","og_locale":"es_ES","og_type":"article","og_title":"Actividades de Adriana Metz en el Distrito - Noticias Radio Reflejos","og_description":"Adriana Metz. hija de desaparecidos que aun busca a su hermano var\u00f3n nacido en cautiverio el 17 de abril de 1977. Durante tres d\u00edas estuvo en nuestro Distrito compartiendo su historia, su b\u00fasqueda y difundiendo el trabajo de Abuelas de Plaza de Mayo.","og_url":"https:\/\/www.noticiasradioreflejos.com.ar\/2021\/conferencia-de-prensa-adriana-metz\/","og_site_name":"Noticias Radio Reflejos","article_published_time":"2018-03-30T23:07:06+00:00","og_image":[{"url":"http:\/\/farm1.staticflickr.com\/816\/41080473382_b3e7a95b8e_z.jpg","type":"","width":"","height":""}],"author":"Arnaldo Botto","twitter_card":"summary_large_image","schema":{"@context":"https:\/\/schema.org","@graph":[{"@type":"WebPage","@id":"https:\/\/www.noticiasradioreflejos.com.ar\/2021\/conferencia-de-prensa-adriana-metz\/","url":"https:\/\/www.noticiasradioreflejos.com.ar\/2021\/conferencia-de-prensa-adriana-metz\/","name":"Actividades de Adriana Metz en el Distrito - Noticias Radio Reflejos","isPartOf":{"@id":"https:\/\/www.noticiasradioreflejos.com.ar\/2021\/#website"},"primaryImageOfPage":{"@id":"https:\/\/www.noticiasradioreflejos.com.ar\/2021\/conferencia-de-prensa-adriana-metz\/#primaryimage"},"image":{"@id":"https:\/\/www.noticiasradioreflejos.com.ar\/2021\/conferencia-de-prensa-adriana-metz\/#primaryimage"},"thumbnailUrl":"http:\/\/farm1.staticflickr.com\/816\/41080473382_b3e7a95b8e_z.jpg","datePublished":"2018-03-30T23:07:06+00:00","author":{"@id":"https:\/\/www.noticiasradioreflejos.com.ar\/2021\/#\/schema\/person\/ad82545263dcc5ec0996818884fd5fb1"},"breadcrumb":{"@id":"https:\/\/www.noticiasradioreflejos.com.ar\/2021\/conferencia-de-prensa-adriana-metz\/#breadcrumb"},"inLanguage":"es","potentialAction":[{"@type":"ReadAction","target":["https:\/\/www.noticiasradioreflejos.com.ar\/2021\/conferencia-de-prensa-adriana-metz\/"]}]},{"@type":"ImageObject","inLanguage":"es","@id":"https:\/\/www.noticiasradioreflejos.com.ar\/2021\/conferencia-de-prensa-adriana-metz\/#primaryimage","url":"http:\/\/farm1.staticflickr.com\/816\/41080473382_b3e7a95b8e_z.jpg","contentUrl":"http:\/\/farm1.staticflickr.com\/816\/41080473382_b3e7a95b8e_z.jpg"},{"@type":"BreadcrumbList","@id":"https:\/\/www.noticiasradioreflejos.com.ar\/2021\/conferencia-de-prensa-adriana-metz\/#breadcrumb","itemListElement":[{"@type":"ListItem","position":1,"name":"Portada","item":"https:\/\/www.noticiasradioreflejos.com.ar\/2021\/"},{"@type":"ListItem","position":2,"name":"Actividades de Adriana Metz en el Distrito"}]},{"@type":"WebSite","@id":"https:\/\/www.noticiasradioreflejos.com.ar\/2021\/#website","url":"https:\/\/www.noticiasradioreflejos.com.ar\/2021\/","name":"Noticias Radio Reflejos","description":"Las noticias de mi comarca","potentialAction":[{"@type":"SearchAction","target":{"@type":"EntryPoint","urlTemplate":"https:\/\/www.noticiasradioreflejos.com.ar\/2021\/?s={search_term_string}"},"query-input":{"@type":"PropertyValueSpecification","valueRequired":true,"valueName":"search_term_string"}}],"inLanguage":"es"},{"@type":"Person","@id":"https:\/\/www.noticiasradioreflejos.com.ar\/2021\/#\/schema\/person\/ad82545263dcc5ec0996818884fd5fb1","name":"Arnaldo Botto","image":{"@type":"ImageObject","inLanguage":"es","@id":"https:\/\/www.noticiasradioreflejos.com.ar\/2021\/#\/schema\/person\/image\/","url":"https:\/\/secure.gravatar.com\/avatar\/55cb5e37c1efa326397366e6974cb338056df65cb50e7d64d1cf314e87504837?s=96&d=mm&r=g","contentUrl":"https:\/\/secure.gravatar.com\/avatar\/55cb5e37c1efa326397366e6974cb338056df65cb50e7d64d1cf314e87504837?s=96&d=mm&r=g","caption":"Arnaldo Botto"},"url":"https:\/\/www.noticiasradioreflejos.com.ar\/2021\/author\/arnaldo\/"}]}},"_links":{"self":[{"href":"https:\/\/www.noticiasradioreflejos.com.ar\/2021\/wp-json\/wp\/v2\/posts\/20243","targetHints":{"allow":["GET"]}}],"collection":[{"href":"https:\/\/www.noticiasradioreflejos.com.ar\/2021\/wp-json\/wp\/v2\/posts"}],"about":[{"href":"https:\/\/www.noticiasradioreflejos.com.ar\/2021\/wp-json\/wp\/v2\/types\/post"}],"author":[{"embeddable":true,"href":"https:\/\/www.noticiasradioreflejos.com.ar\/2021\/wp-json\/wp\/v2\/users\/3"}],"replies":[{"embeddable":true,"href":"https:\/\/www.noticiasradioreflejos.com.ar\/2021\/wp-json\/wp\/v2\/comments?post=20243"}],"version-history":[{"count":0,"href":"https:\/\/www.noticiasradioreflejos.com.ar\/2021\/wp-json\/wp\/v2\/posts\/20243\/revisions"}],"wp:attachment":[{"href":"https:\/\/www.noticiasradioreflejos.com.ar\/2021\/wp-json\/wp\/v2\/media?parent=20243"}],"wp:term":[{"taxonomy":"category","embeddable":true,"href":"https:\/\/www.noticiasradioreflejos.com.ar\/2021\/wp-json\/wp\/v2\/categories?post=20243"},{"taxonomy":"post_tag","embeddable":true,"href":"https:\/\/www.noticiasradioreflejos.com.ar\/2021\/wp-json\/wp\/v2\/tags?post=20243"}],"curies":[{"name":"wp","href":"https:\/\/api.w.org\/{rel}","templated":true}]}}