{"id":20226,"date":"2018-03-28T20:47:41","date_gmt":"2018-03-28T23:47:41","guid":{"rendered":"http:\/\/www.noticiasradioreflejos.com.ar\/noticias\/?p=20226"},"modified":"2018-03-28T20:47:41","modified_gmt":"2018-03-28T23:47:41","slug":"vii-encuentro-provincial-de-entidades-primarias-de-la-federacion-medica-de-la-provincia-de-buenos-aires","status":"publish","type":"post","link":"https:\/\/www.noticiasradioreflejos.com.ar\/2021\/vii-encuentro-provincial-de-entidades-primarias-de-la-federacion-medica-de-la-provincia-de-buenos-aires\/","title":{"rendered":"VII Encuentro Provincial de Entidades Primarias de la Federaci\u00f3n M\u00e9dica de la provincia de Buenos Aires"},"content":{"rendered":"<p>Los d\u00edas 15, 16 y 17 de marzo, se llev\u00f3 a cabo en la ciudad de Mar del Plata el VII Encuentro Provincial de Entidades Primarias de la Federaci\u00f3n M\u00e9dica de la provincia de Buenos Aires (FEMEBA).<!--more--><br \/>\nEl Encuentro, cuyo tema central de debate se centr\u00f3 en el Modelo Sanitario provincial, cont\u00f3 con la presencia de m\u00e1s de 200 participantes y prestigiosos disertantes.<br \/>\nEn la cena de bienvenida se encontraban entre los presentes las m\u00e1ximas autoridades de las instituciones que nuclean a profesionales de la salud, entre ellas la Confederaci\u00f3n M\u00e9dica de la Rep\u00fablica Argentina (COMRA), la Federaci\u00f3n M\u00e9dica del Conurbano (FEMECON), la Federaci\u00f3n Bioqu\u00edmica de la provincia de Buenos Aires (FABA), la Federaci\u00f3n Odontol\u00f3gica de la provincia de Buenos Aires (FOPBA), el Centro M\u00e9dico de Mar del Plata y la Asociaci\u00f3n de M\u00e9dicos Municipales de la ciudad de Buenos Aires (AMM).<br \/>\nLos disertantes, entre los que se contaban representantes del Ministerio de Salud provincial, expusieron acerca del sistema de salud provincial, el programa de lucha contra la violencia hacia profesionales de la salud, el Centro de Simulaci\u00f3n Cl\u00ednica de FEMEBA \u2013Inspire\u2013, la responsabilidad profesional y el consentimiento informado, entre otros temas.<br \/>\n<a href=\"http:\/\/farm1.staticflickr.com\/901\/40373642294_3c29ec4436_z.jpg\" title=\"femeba\" rel=\"\"><img loading=\"lazy\" decoding=\"async\" src=\"http:\/\/farm1.staticflickr.com\/901\/40373642294_3c29ec4436_z.jpg\" width=\"640\" height=\"79\" alt=\"femeba\" title=\"femeba\" class=\"aligncenter\"><\/a><\/p>\n","protected":false},"excerpt":{"rendered":"<p>Los d\u00edas 15, 16 y 17 de marzo, se llev\u00f3 a cabo en la ciudad de Mar del Plata el VII Encuentro Provincial de Entidades Primarias de la Federaci\u00f3n M\u00e9dica de la provincia de Buenos Aires (FEMEBA).<\/p>\n","protected":false},"author":3,"featured_media":0,"comment_status":"closed","ping_status":"open","sticky":false,"template":"","format":"standard","meta":{"footnotes":""},"categories":[30],"tags":[],"class_list":["post-20226","post","type-post","status-publish","format-standard","hentry","category-salud"],"yoast_head":"<!-- This site is optimized with the Yoast SEO plugin v25.9 - https:\/\/yoast.com\/wordpress\/plugins\/seo\/ -->\n<title>VII Encuentro Provincial de Entidades Primarias de la Federaci\u00f3n M\u00e9dica de la provincia de Buenos Aires - Noticias Radio Reflejos<\/title>\n<meta name=\"robots\" content=\"index, follow, max-snippet:-1, max-image-preview:large, max-video-preview:-1\" \/>\n<link rel=\"canonical\" href=\"https:\/\/www.noticiasradioreflejos.com.ar\/2021\/vii-encuentro-provincial-de-entidades-primarias-de-la-federacion-medica-de-la-provincia-de-buenos-aires\/\" \/>\n<meta property=\"og:locale\" content=\"es_ES\" \/>\n<meta property=\"og:type\" content=\"article\" \/>\n<meta property=\"og:title\" content=\"VII Encuentro Provincial de Entidades Primarias de la Federaci\u00f3n M\u00e9dica de la provincia de Buenos Aires - Noticias Radio Reflejos\" \/>\n<meta property=\"og:description\" content=\"Los d\u00edas 15, 16 y 17 de marzo, se llev\u00f3 a cabo en la ciudad de Mar del Plata el VII Encuentro Provincial de Entidades Primarias de la Federaci\u00f3n M\u00e9dica de la provincia de Buenos Aires (FEMEBA).\" \/>\n<meta property=\"og:url\" content=\"https:\/\/www.noticiasradioreflejos.com.ar\/2021\/vii-encuentro-provincial-de-entidades-primarias-de-la-federacion-medica-de-la-provincia-de-buenos-aires\/\" \/>\n<meta property=\"og:site_name\" content=\"Noticias Radio Reflejos\" \/>\n<meta property=\"article:published_time\" content=\"2018-03-28T23:47:41+00:00\" \/>\n<meta property=\"og:image\" content=\"http:\/\/farm1.staticflickr.com\/901\/40373642294_3c29ec4436_z.jpg\" \/>\n<meta name=\"author\" content=\"Arnaldo Botto\" \/>\n<meta name=\"twitter:card\" content=\"summary_large_image\" \/>\n<script type=\"application\/ld+json\" class=\"yoast-schema-graph\">{\"@context\":\"https:\/\/schema.org\",\"@graph\":[{\"@type\":\"WebPage\",\"@id\":\"https:\/\/www.noticiasradioreflejos.com.ar\/2021\/vii-encuentro-provincial-de-entidades-primarias-de-la-federacion-medica-de-la-provincia-de-buenos-aires\/\",\"url\":\"https:\/\/www.noticiasradioreflejos.com.ar\/2021\/vii-encuentro-provincial-de-entidades-primarias-de-la-federacion-medica-de-la-provincia-de-buenos-aires\/\",\"name\":\"VII Encuentro Provincial de Entidades Primarias de la Federaci\u00f3n M\u00e9dica de la provincia de Buenos Aires - Noticias Radio Reflejos\",\"isPartOf\":{\"@id\":\"https:\/\/www.noticiasradioreflejos.com.ar\/2021\/#website\"},\"primaryImageOfPage\":{\"@id\":\"https:\/\/www.noticiasradioreflejos.com.ar\/2021\/vii-encuentro-provincial-de-entidades-primarias-de-la-federacion-medica-de-la-provincia-de-buenos-aires\/#primaryimage\"},\"image\":{\"@id\":\"https:\/\/www.noticiasradioreflejos.com.ar\/2021\/vii-encuentro-provincial-de-entidades-primarias-de-la-federacion-medica-de-la-provincia-de-buenos-aires\/#primaryimage\"},\"thumbnailUrl\":\"http:\/\/farm1.staticflickr.com\/901\/40373642294_3c29ec4436_z.jpg\",\"datePublished\":\"2018-03-28T23:47:41+00:00\",\"author\":{\"@id\":\"https:\/\/www.noticiasradioreflejos.com.ar\/2021\/#\/schema\/person\/ad82545263dcc5ec0996818884fd5fb1\"},\"breadcrumb\":{\"@id\":\"https:\/\/www.noticiasradioreflejos.com.ar\/2021\/vii-encuentro-provincial-de-entidades-primarias-de-la-federacion-medica-de-la-provincia-de-buenos-aires\/#breadcrumb\"},\"inLanguage\":\"es\",\"potentialAction\":[{\"@type\":\"ReadAction\",\"target\":[\"https:\/\/www.noticiasradioreflejos.com.ar\/2021\/vii-encuentro-provincial-de-entidades-primarias-de-la-federacion-medica-de-la-provincia-de-buenos-aires\/\"]}]},{\"@type\":\"ImageObject\",\"inLanguage\":\"es\",\"@id\":\"https:\/\/www.noticiasradioreflejos.com.ar\/2021\/vii-encuentro-provincial-de-entidades-primarias-de-la-federacion-medica-de-la-provincia-de-buenos-aires\/#primaryimage\",\"url\":\"http:\/\/farm1.staticflickr.com\/901\/40373642294_3c29ec4436_z.jpg\",\"contentUrl\":\"http:\/\/farm1.staticflickr.com\/901\/40373642294_3c29ec4436_z.jpg\"},{\"@type\":\"BreadcrumbList\",\"@id\":\"https:\/\/www.noticiasradioreflejos.com.ar\/2021\/vii-encuentro-provincial-de-entidades-primarias-de-la-federacion-medica-de-la-provincia-de-buenos-aires\/#breadcrumb\",\"itemListElement\":[{\"@type\":\"ListItem\",\"position\":1,\"name\":\"Portada\",\"item\":\"https:\/\/www.noticiasradioreflejos.com.ar\/2021\/\"},{\"@type\":\"ListItem\",\"position\":2,\"name\":\"VII Encuentro Provincial de Entidades Primarias de la Federaci\u00f3n M\u00e9dica de la provincia de Buenos Aires\"}]},{\"@type\":\"WebSite\",\"@id\":\"https:\/\/www.noticiasradioreflejos.com.ar\/2021\/#website\",\"url\":\"https:\/\/www.noticiasradioreflejos.com.ar\/2021\/\",\"name\":\"Noticias Radio Reflejos\",\"description\":\"Las noticias de mi comarca\",\"potentialAction\":[{\"@type\":\"SearchAction\",\"target\":{\"@type\":\"EntryPoint\",\"urlTemplate\":\"https:\/\/www.noticiasradioreflejos.com.ar\/2021\/?s={search_term_string}\"},\"query-input\":{\"@type\":\"PropertyValueSpecification\",\"valueRequired\":true,\"valueName\":\"search_term_string\"}}],\"inLanguage\":\"es\"},{\"@type\":\"Person\",\"@id\":\"https:\/\/www.noticiasradioreflejos.com.ar\/2021\/#\/schema\/person\/ad82545263dcc5ec0996818884fd5fb1\",\"name\":\"Arnaldo Botto\",\"image\":{\"@type\":\"ImageObject\",\"inLanguage\":\"es\",\"@id\":\"https:\/\/www.noticiasradioreflejos.com.ar\/2021\/#\/schema\/person\/image\/\",\"url\":\"https:\/\/secure.gravatar.com\/avatar\/55cb5e37c1efa326397366e6974cb338056df65cb50e7d64d1cf314e87504837?s=96&d=mm&r=g\",\"contentUrl\":\"https:\/\/secure.gravatar.com\/avatar\/55cb5e37c1efa326397366e6974cb338056df65cb50e7d64d1cf314e87504837?s=96&d=mm&r=g\",\"caption\":\"Arnaldo Botto\"},\"url\":\"https:\/\/www.noticiasradioreflejos.com.ar\/2021\/author\/arnaldo\/\"}]}<\/script>\n<!-- \/ Yoast SEO plugin. -->","yoast_head_json":{"title":"VII Encuentro Provincial de Entidades Primarias de la Federaci\u00f3n M\u00e9dica de la provincia de Buenos Aires - Noticias Radio Reflejos","robots":{"index":"index","follow":"follow","max-snippet":"max-snippet:-1","max-image-preview":"max-image-preview:large","max-video-preview":"max-video-preview:-1"},"canonical":"https:\/\/www.noticiasradioreflejos.com.ar\/2021\/vii-encuentro-provincial-de-entidades-primarias-de-la-federacion-medica-de-la-provincia-de-buenos-aires\/","og_locale":"es_ES","og_type":"article","og_title":"VII Encuentro Provincial de Entidades Primarias de la Federaci\u00f3n M\u00e9dica de la provincia de Buenos Aires - Noticias Radio Reflejos","og_description":"Los d\u00edas 15, 16 y 17 de marzo, se llev\u00f3 a cabo en la ciudad de Mar del Plata el VII Encuentro Provincial de Entidades Primarias de la Federaci\u00f3n M\u00e9dica de la provincia de Buenos Aires (FEMEBA).","og_url":"https:\/\/www.noticiasradioreflejos.com.ar\/2021\/vii-encuentro-provincial-de-entidades-primarias-de-la-federacion-medica-de-la-provincia-de-buenos-aires\/","og_site_name":"Noticias Radio Reflejos","article_published_time":"2018-03-28T23:47:41+00:00","og_image":[{"url":"http:\/\/farm1.staticflickr.com\/901\/40373642294_3c29ec4436_z.jpg","type":"","width":"","height":""}],"author":"Arnaldo Botto","twitter_card":"summary_large_image","schema":{"@context":"https:\/\/schema.org","@graph":[{"@type":"WebPage","@id":"https:\/\/www.noticiasradioreflejos.com.ar\/2021\/vii-encuentro-provincial-de-entidades-primarias-de-la-federacion-medica-de-la-provincia-de-buenos-aires\/","url":"https:\/\/www.noticiasradioreflejos.com.ar\/2021\/vii-encuentro-provincial-de-entidades-primarias-de-la-federacion-medica-de-la-provincia-de-buenos-aires\/","name":"VII Encuentro Provincial de Entidades Primarias de la Federaci\u00f3n M\u00e9dica de la provincia de Buenos Aires - Noticias Radio Reflejos","isPartOf":{"@id":"https:\/\/www.noticiasradioreflejos.com.ar\/2021\/#website"},"primaryImageOfPage":{"@id":"https:\/\/www.noticiasradioreflejos.com.ar\/2021\/vii-encuentro-provincial-de-entidades-primarias-de-la-federacion-medica-de-la-provincia-de-buenos-aires\/#primaryimage"},"image":{"@id":"https:\/\/www.noticiasradioreflejos.com.ar\/2021\/vii-encuentro-provincial-de-entidades-primarias-de-la-federacion-medica-de-la-provincia-de-buenos-aires\/#primaryimage"},"thumbnailUrl":"http:\/\/farm1.staticflickr.com\/901\/40373642294_3c29ec4436_z.jpg","datePublished":"2018-03-28T23:47:41+00:00","author":{"@id":"https:\/\/www.noticiasradioreflejos.com.ar\/2021\/#\/schema\/person\/ad82545263dcc5ec0996818884fd5fb1"},"breadcrumb":{"@id":"https:\/\/www.noticiasradioreflejos.com.ar\/2021\/vii-encuentro-provincial-de-entidades-primarias-de-la-federacion-medica-de-la-provincia-de-buenos-aires\/#breadcrumb"},"inLanguage":"es","potentialAction":[{"@type":"ReadAction","target":["https:\/\/www.noticiasradioreflejos.com.ar\/2021\/vii-encuentro-provincial-de-entidades-primarias-de-la-federacion-medica-de-la-provincia-de-buenos-aires\/"]}]},{"@type":"ImageObject","inLanguage":"es","@id":"https:\/\/www.noticiasradioreflejos.com.ar\/2021\/vii-encuentro-provincial-de-entidades-primarias-de-la-federacion-medica-de-la-provincia-de-buenos-aires\/#primaryimage","url":"http:\/\/farm1.staticflickr.com\/901\/40373642294_3c29ec4436_z.jpg","contentUrl":"http:\/\/farm1.staticflickr.com\/901\/40373642294_3c29ec4436_z.jpg"},{"@type":"BreadcrumbList","@id":"https:\/\/www.noticiasradioreflejos.com.ar\/2021\/vii-encuentro-provincial-de-entidades-primarias-de-la-federacion-medica-de-la-provincia-de-buenos-aires\/#breadcrumb","itemListElement":[{"@type":"ListItem","position":1,"name":"Portada","item":"https:\/\/www.noticiasradioreflejos.com.ar\/2021\/"},{"@type":"ListItem","position":2,"name":"VII Encuentro Provincial de Entidades Primarias de la Federaci\u00f3n M\u00e9dica de la provincia de Buenos Aires"}]},{"@type":"WebSite","@id":"https:\/\/www.noticiasradioreflejos.com.ar\/2021\/#website","url":"https:\/\/www.noticiasradioreflejos.com.ar\/2021\/","name":"Noticias Radio Reflejos","description":"Las noticias de mi comarca","potentialAction":[{"@type":"SearchAction","target":{"@type":"EntryPoint","urlTemplate":"https:\/\/www.noticiasradioreflejos.com.ar\/2021\/?s={search_term_string}"},"query-input":{"@type":"PropertyValueSpecification","valueRequired":true,"valueName":"search_term_string"}}],"inLanguage":"es"},{"@type":"Person","@id":"https:\/\/www.noticiasradioreflejos.com.ar\/2021\/#\/schema\/person\/ad82545263dcc5ec0996818884fd5fb1","name":"Arnaldo Botto","image":{"@type":"ImageObject","inLanguage":"es","@id":"https:\/\/www.noticiasradioreflejos.com.ar\/2021\/#\/schema\/person\/image\/","url":"https:\/\/secure.gravatar.com\/avatar\/55cb5e37c1efa326397366e6974cb338056df65cb50e7d64d1cf314e87504837?s=96&d=mm&r=g","contentUrl":"https:\/\/secure.gravatar.com\/avatar\/55cb5e37c1efa326397366e6974cb338056df65cb50e7d64d1cf314e87504837?s=96&d=mm&r=g","caption":"Arnaldo Botto"},"url":"https:\/\/www.noticiasradioreflejos.com.ar\/2021\/author\/arnaldo\/"}]}},"_links":{"self":[{"href":"https:\/\/www.noticiasradioreflejos.com.ar\/2021\/wp-json\/wp\/v2\/posts\/20226","targetHints":{"allow":["GET"]}}],"collection":[{"href":"https:\/\/www.noticiasradioreflejos.com.ar\/2021\/wp-json\/wp\/v2\/posts"}],"about":[{"href":"https:\/\/www.noticiasradioreflejos.com.ar\/2021\/wp-json\/wp\/v2\/types\/post"}],"author":[{"embeddable":true,"href":"https:\/\/www.noticiasradioreflejos.com.ar\/2021\/wp-json\/wp\/v2\/users\/3"}],"replies":[{"embeddable":true,"href":"https:\/\/www.noticiasradioreflejos.com.ar\/2021\/wp-json\/wp\/v2\/comments?post=20226"}],"version-history":[{"count":0,"href":"https:\/\/www.noticiasradioreflejos.com.ar\/2021\/wp-json\/wp\/v2\/posts\/20226\/revisions"}],"wp:attachment":[{"href":"https:\/\/www.noticiasradioreflejos.com.ar\/2021\/wp-json\/wp\/v2\/media?parent=20226"}],"wp:term":[{"taxonomy":"category","embeddable":true,"href":"https:\/\/www.noticiasradioreflejos.com.ar\/2021\/wp-json\/wp\/v2\/categories?post=20226"},{"taxonomy":"post_tag","embeddable":true,"href":"https:\/\/www.noticiasradioreflejos.com.ar\/2021\/wp-json\/wp\/v2\/tags?post=20226"}],"curies":[{"name":"wp","href":"https:\/\/api.w.org\/{rel}","templated":true}]}}