{"id":20187,"date":"2018-03-27T18:04:59","date_gmt":"2018-03-27T21:04:59","guid":{"rendered":"http:\/\/www.noticiasradioreflejos.com.ar\/noticias\/?p=20187"},"modified":"2018-03-27T18:04:59","modified_gmt":"2018-03-27T21:04:59","slug":"comunicado-de-prensa-trabajadorxs-en-unidad-carpa-frente-a-la-gobernacion-bonaerense","status":"publish","type":"post","link":"https:\/\/www.noticiasradioreflejos.com.ar\/2021\/comunicado-de-prensa-trabajadorxs-en-unidad-carpa-frente-a-la-gobernacion-bonaerense\/","title":{"rendered":"Comunicado de Prensa &#124; Trabajadorxs en unidad: carpa frente a la Gobernaci\u00f3n Bonaerense"},"content":{"rendered":"<p><a href=\"http:\/\/farm1.staticflickr.com\/896\/40164805775_1dd586f9a9_z.jpg\" title=\"suteba\" rel=\"\"><img loading=\"lazy\" decoding=\"async\" src=\"http:\/\/farm1.staticflickr.com\/896\/40164805775_1dd586f9a9_z.jpg\" width=\"640\" height=\"69\" alt=\"suteba\" title=\"suteba\" class=\"aligncenter\"><\/a><br \/>\n5 DE ABRIL: PARO Y MOVILIZACI\u00d3N CONTRA EL AJUSTE<br \/>\n27\/03\/2018<br \/>\nEn conferencia de prensa, y previo a la instalaci\u00f3n de la Carpa frente a la Gobernaci\u00f3n Bonaerense, AJB, AMET, ATE, CICOP, FEB, SADOP, SUTEBA y UDOCBA anunciaron en unidad un Paro y movilizaci\u00f3n para el 5 de abril.<!--more--><br \/>\nLos sindicatos decidimos dar esta lucha conjunta para defender las condiciones laborales de lxs trabajadorxs del estado.<br \/>\nReclamamos por:<br \/>\n    * Salario: rechazo del 15% que quiere imponer el Gobierno y exigencia de la apertura de las Paritarias<br \/>\n    * No m\u00e1s despidos<br \/>\n    * En defensa del IOMA y del IPS<br \/>\n    * Mayor presupuesto en Educaci\u00f3n, Salud, Justicia y Ni\u00f1ez<br \/>\n    * Contra los ceses de oficio<br \/>\nEl Secretario General del SUTEBA, Roberto Baradel, expres\u00f3: \u00abEl Gobierno de la Provincia le miente a la sociedad cuando dice que no hay dinero. No est\u00e1n invirtiendo ni un solo peso en Salud, Educaci\u00f3n o Justicia. A Educaci\u00f3n le est\u00e1n destinado un m\u00edsero 4%, cuando ellxs mismos aceptaron que hay una emergencia\u201d.<br \/>\n\u00abEl 5 de abril va a ser un mes que no realizamos paro. Est\u00e1n lxs chicxs en las aulas y a\u00fan as\u00ed la Gobernadora no negocia, quiere imponernos una pauta. Pero esta ya no es s\u00f3lo un problema salarial, tiene que ver con la inversi\u00f3n y el funcionamiento del Estado\u00bb, finaliz\u00f3 Baradel.<br \/>\n\u00a1BASTA DE AJUSTE EN BUENOS AIRES!<br \/>\n\u00a1PARITARIAS DIGNAS E INVERSI\u00d3N SOCIAL!<br \/>\n&#8212;&#8211;<br \/>\nSecretar\u00eda de Comunicaciones<br \/>\nS.U.T.E.B.A.<\/p>\n","protected":false},"excerpt":{"rendered":"<p>5 DE ABRIL: PARO Y MOVILIZACI\u00d3N CONTRA EL AJUSTE 27\/03\/2018 En conferencia de prensa, y previo a la instalaci\u00f3n de la Carpa frente a la Gobernaci\u00f3n Bonaerense, AJB, AMET, ATE, CICOP, FEB, SADOP, SUTEBA y UDOCBA anunciaron en unidad un Paro y movilizaci\u00f3n para el 5 de abril.<\/p>\n","protected":false},"author":3,"featured_media":0,"comment_status":"closed","ping_status":"open","sticky":false,"template":"","format":"standard","meta":{"footnotes":""},"categories":[34],"tags":[],"class_list":["post-20187","post","type-post","status-publish","format-standard","hentry","category-educacion"],"yoast_head":"<!-- This site is optimized with the Yoast SEO plugin v25.9 - https:\/\/yoast.com\/wordpress\/plugins\/seo\/ -->\n<title>Comunicado de Prensa &#124; Trabajadorxs en unidad: carpa frente a la Gobernaci\u00f3n Bonaerense - Noticias Radio Reflejos<\/title>\n<meta name=\"robots\" content=\"index, follow, max-snippet:-1, max-image-preview:large, max-video-preview:-1\" \/>\n<link rel=\"canonical\" href=\"https:\/\/www.noticiasradioreflejos.com.ar\/2021\/comunicado-de-prensa-trabajadorxs-en-unidad-carpa-frente-a-la-gobernacion-bonaerense\/\" \/>\n<meta property=\"og:locale\" content=\"es_ES\" \/>\n<meta property=\"og:type\" content=\"article\" \/>\n<meta property=\"og:title\" content=\"Comunicado de Prensa &#124; Trabajadorxs en unidad: carpa frente a la Gobernaci\u00f3n Bonaerense - Noticias Radio Reflejos\" \/>\n<meta property=\"og:description\" content=\"5 DE ABRIL: PARO Y MOVILIZACI\u00d3N CONTRA EL AJUSTE 27\/03\/2018 En conferencia de prensa, y previo a la instalaci\u00f3n de la Carpa frente a la Gobernaci\u00f3n Bonaerense, AJB, AMET, ATE, CICOP, FEB, SADOP, SUTEBA y UDOCBA anunciaron en unidad un Paro y movilizaci\u00f3n para el 5 de abril.\" \/>\n<meta property=\"og:url\" content=\"https:\/\/www.noticiasradioreflejos.com.ar\/2021\/comunicado-de-prensa-trabajadorxs-en-unidad-carpa-frente-a-la-gobernacion-bonaerense\/\" \/>\n<meta property=\"og:site_name\" content=\"Noticias Radio Reflejos\" \/>\n<meta property=\"article:published_time\" content=\"2018-03-27T21:04:59+00:00\" \/>\n<meta property=\"og:image\" content=\"http:\/\/farm1.staticflickr.com\/896\/40164805775_1dd586f9a9_z.jpg\" \/>\n<meta name=\"author\" content=\"Arnaldo Botto\" \/>\n<meta name=\"twitter:card\" content=\"summary_large_image\" \/>\n<script type=\"application\/ld+json\" class=\"yoast-schema-graph\">{\"@context\":\"https:\/\/schema.org\",\"@graph\":[{\"@type\":\"WebPage\",\"@id\":\"https:\/\/www.noticiasradioreflejos.com.ar\/2021\/comunicado-de-prensa-trabajadorxs-en-unidad-carpa-frente-a-la-gobernacion-bonaerense\/\",\"url\":\"https:\/\/www.noticiasradioreflejos.com.ar\/2021\/comunicado-de-prensa-trabajadorxs-en-unidad-carpa-frente-a-la-gobernacion-bonaerense\/\",\"name\":\"Comunicado de Prensa &#124; Trabajadorxs en unidad: carpa frente a la Gobernaci\u00f3n Bonaerense - Noticias Radio Reflejos\",\"isPartOf\":{\"@id\":\"https:\/\/www.noticiasradioreflejos.com.ar\/2021\/#website\"},\"primaryImageOfPage\":{\"@id\":\"https:\/\/www.noticiasradioreflejos.com.ar\/2021\/comunicado-de-prensa-trabajadorxs-en-unidad-carpa-frente-a-la-gobernacion-bonaerense\/#primaryimage\"},\"image\":{\"@id\":\"https:\/\/www.noticiasradioreflejos.com.ar\/2021\/comunicado-de-prensa-trabajadorxs-en-unidad-carpa-frente-a-la-gobernacion-bonaerense\/#primaryimage\"},\"thumbnailUrl\":\"http:\/\/farm1.staticflickr.com\/896\/40164805775_1dd586f9a9_z.jpg\",\"datePublished\":\"2018-03-27T21:04:59+00:00\",\"author\":{\"@id\":\"https:\/\/www.noticiasradioreflejos.com.ar\/2021\/#\/schema\/person\/ad82545263dcc5ec0996818884fd5fb1\"},\"breadcrumb\":{\"@id\":\"https:\/\/www.noticiasradioreflejos.com.ar\/2021\/comunicado-de-prensa-trabajadorxs-en-unidad-carpa-frente-a-la-gobernacion-bonaerense\/#breadcrumb\"},\"inLanguage\":\"es\",\"potentialAction\":[{\"@type\":\"ReadAction\",\"target\":[\"https:\/\/www.noticiasradioreflejos.com.ar\/2021\/comunicado-de-prensa-trabajadorxs-en-unidad-carpa-frente-a-la-gobernacion-bonaerense\/\"]}]},{\"@type\":\"ImageObject\",\"inLanguage\":\"es\",\"@id\":\"https:\/\/www.noticiasradioreflejos.com.ar\/2021\/comunicado-de-prensa-trabajadorxs-en-unidad-carpa-frente-a-la-gobernacion-bonaerense\/#primaryimage\",\"url\":\"http:\/\/farm1.staticflickr.com\/896\/40164805775_1dd586f9a9_z.jpg\",\"contentUrl\":\"http:\/\/farm1.staticflickr.com\/896\/40164805775_1dd586f9a9_z.jpg\"},{\"@type\":\"BreadcrumbList\",\"@id\":\"https:\/\/www.noticiasradioreflejos.com.ar\/2021\/comunicado-de-prensa-trabajadorxs-en-unidad-carpa-frente-a-la-gobernacion-bonaerense\/#breadcrumb\",\"itemListElement\":[{\"@type\":\"ListItem\",\"position\":1,\"name\":\"Portada\",\"item\":\"https:\/\/www.noticiasradioreflejos.com.ar\/2021\/\"},{\"@type\":\"ListItem\",\"position\":2,\"name\":\"Comunicado de Prensa &#124; Trabajadorxs en unidad: carpa frente a la Gobernaci\u00f3n Bonaerense\"}]},{\"@type\":\"WebSite\",\"@id\":\"https:\/\/www.noticiasradioreflejos.com.ar\/2021\/#website\",\"url\":\"https:\/\/www.noticiasradioreflejos.com.ar\/2021\/\",\"name\":\"Noticias Radio Reflejos\",\"description\":\"Las noticias de mi comarca\",\"potentialAction\":[{\"@type\":\"SearchAction\",\"target\":{\"@type\":\"EntryPoint\",\"urlTemplate\":\"https:\/\/www.noticiasradioreflejos.com.ar\/2021\/?s={search_term_string}\"},\"query-input\":{\"@type\":\"PropertyValueSpecification\",\"valueRequired\":true,\"valueName\":\"search_term_string\"}}],\"inLanguage\":\"es\"},{\"@type\":\"Person\",\"@id\":\"https:\/\/www.noticiasradioreflejos.com.ar\/2021\/#\/schema\/person\/ad82545263dcc5ec0996818884fd5fb1\",\"name\":\"Arnaldo Botto\",\"image\":{\"@type\":\"ImageObject\",\"inLanguage\":\"es\",\"@id\":\"https:\/\/www.noticiasradioreflejos.com.ar\/2021\/#\/schema\/person\/image\/\",\"url\":\"https:\/\/secure.gravatar.com\/avatar\/55cb5e37c1efa326397366e6974cb338056df65cb50e7d64d1cf314e87504837?s=96&d=mm&r=g\",\"contentUrl\":\"https:\/\/secure.gravatar.com\/avatar\/55cb5e37c1efa326397366e6974cb338056df65cb50e7d64d1cf314e87504837?s=96&d=mm&r=g\",\"caption\":\"Arnaldo Botto\"},\"url\":\"https:\/\/www.noticiasradioreflejos.com.ar\/2021\/author\/arnaldo\/\"}]}<\/script>\n<!-- \/ Yoast SEO plugin. -->","yoast_head_json":{"title":"Comunicado de Prensa &#124; Trabajadorxs en unidad: carpa frente a la Gobernaci\u00f3n Bonaerense - Noticias Radio Reflejos","robots":{"index":"index","follow":"follow","max-snippet":"max-snippet:-1","max-image-preview":"max-image-preview:large","max-video-preview":"max-video-preview:-1"},"canonical":"https:\/\/www.noticiasradioreflejos.com.ar\/2021\/comunicado-de-prensa-trabajadorxs-en-unidad-carpa-frente-a-la-gobernacion-bonaerense\/","og_locale":"es_ES","og_type":"article","og_title":"Comunicado de Prensa &#124; Trabajadorxs en unidad: carpa frente a la Gobernaci\u00f3n Bonaerense - Noticias Radio Reflejos","og_description":"5 DE ABRIL: PARO Y MOVILIZACI\u00d3N CONTRA EL AJUSTE 27\/03\/2018 En conferencia de prensa, y previo a la instalaci\u00f3n de la Carpa frente a la Gobernaci\u00f3n Bonaerense, AJB, AMET, ATE, CICOP, FEB, SADOP, SUTEBA y UDOCBA anunciaron en unidad un Paro y movilizaci\u00f3n para el 5 de abril.","og_url":"https:\/\/www.noticiasradioreflejos.com.ar\/2021\/comunicado-de-prensa-trabajadorxs-en-unidad-carpa-frente-a-la-gobernacion-bonaerense\/","og_site_name":"Noticias Radio Reflejos","article_published_time":"2018-03-27T21:04:59+00:00","og_image":[{"url":"http:\/\/farm1.staticflickr.com\/896\/40164805775_1dd586f9a9_z.jpg","type":"","width":"","height":""}],"author":"Arnaldo Botto","twitter_card":"summary_large_image","schema":{"@context":"https:\/\/schema.org","@graph":[{"@type":"WebPage","@id":"https:\/\/www.noticiasradioreflejos.com.ar\/2021\/comunicado-de-prensa-trabajadorxs-en-unidad-carpa-frente-a-la-gobernacion-bonaerense\/","url":"https:\/\/www.noticiasradioreflejos.com.ar\/2021\/comunicado-de-prensa-trabajadorxs-en-unidad-carpa-frente-a-la-gobernacion-bonaerense\/","name":"Comunicado de Prensa &#124; Trabajadorxs en unidad: carpa frente a la Gobernaci\u00f3n Bonaerense - Noticias Radio Reflejos","isPartOf":{"@id":"https:\/\/www.noticiasradioreflejos.com.ar\/2021\/#website"},"primaryImageOfPage":{"@id":"https:\/\/www.noticiasradioreflejos.com.ar\/2021\/comunicado-de-prensa-trabajadorxs-en-unidad-carpa-frente-a-la-gobernacion-bonaerense\/#primaryimage"},"image":{"@id":"https:\/\/www.noticiasradioreflejos.com.ar\/2021\/comunicado-de-prensa-trabajadorxs-en-unidad-carpa-frente-a-la-gobernacion-bonaerense\/#primaryimage"},"thumbnailUrl":"http:\/\/farm1.staticflickr.com\/896\/40164805775_1dd586f9a9_z.jpg","datePublished":"2018-03-27T21:04:59+00:00","author":{"@id":"https:\/\/www.noticiasradioreflejos.com.ar\/2021\/#\/schema\/person\/ad82545263dcc5ec0996818884fd5fb1"},"breadcrumb":{"@id":"https:\/\/www.noticiasradioreflejos.com.ar\/2021\/comunicado-de-prensa-trabajadorxs-en-unidad-carpa-frente-a-la-gobernacion-bonaerense\/#breadcrumb"},"inLanguage":"es","potentialAction":[{"@type":"ReadAction","target":["https:\/\/www.noticiasradioreflejos.com.ar\/2021\/comunicado-de-prensa-trabajadorxs-en-unidad-carpa-frente-a-la-gobernacion-bonaerense\/"]}]},{"@type":"ImageObject","inLanguage":"es","@id":"https:\/\/www.noticiasradioreflejos.com.ar\/2021\/comunicado-de-prensa-trabajadorxs-en-unidad-carpa-frente-a-la-gobernacion-bonaerense\/#primaryimage","url":"http:\/\/farm1.staticflickr.com\/896\/40164805775_1dd586f9a9_z.jpg","contentUrl":"http:\/\/farm1.staticflickr.com\/896\/40164805775_1dd586f9a9_z.jpg"},{"@type":"BreadcrumbList","@id":"https:\/\/www.noticiasradioreflejos.com.ar\/2021\/comunicado-de-prensa-trabajadorxs-en-unidad-carpa-frente-a-la-gobernacion-bonaerense\/#breadcrumb","itemListElement":[{"@type":"ListItem","position":1,"name":"Portada","item":"https:\/\/www.noticiasradioreflejos.com.ar\/2021\/"},{"@type":"ListItem","position":2,"name":"Comunicado de Prensa &#124; Trabajadorxs en unidad: carpa frente a la Gobernaci\u00f3n Bonaerense"}]},{"@type":"WebSite","@id":"https:\/\/www.noticiasradioreflejos.com.ar\/2021\/#website","url":"https:\/\/www.noticiasradioreflejos.com.ar\/2021\/","name":"Noticias Radio Reflejos","description":"Las noticias de mi comarca","potentialAction":[{"@type":"SearchAction","target":{"@type":"EntryPoint","urlTemplate":"https:\/\/www.noticiasradioreflejos.com.ar\/2021\/?s={search_term_string}"},"query-input":{"@type":"PropertyValueSpecification","valueRequired":true,"valueName":"search_term_string"}}],"inLanguage":"es"},{"@type":"Person","@id":"https:\/\/www.noticiasradioreflejos.com.ar\/2021\/#\/schema\/person\/ad82545263dcc5ec0996818884fd5fb1","name":"Arnaldo Botto","image":{"@type":"ImageObject","inLanguage":"es","@id":"https:\/\/www.noticiasradioreflejos.com.ar\/2021\/#\/schema\/person\/image\/","url":"https:\/\/secure.gravatar.com\/avatar\/55cb5e37c1efa326397366e6974cb338056df65cb50e7d64d1cf314e87504837?s=96&d=mm&r=g","contentUrl":"https:\/\/secure.gravatar.com\/avatar\/55cb5e37c1efa326397366e6974cb338056df65cb50e7d64d1cf314e87504837?s=96&d=mm&r=g","caption":"Arnaldo Botto"},"url":"https:\/\/www.noticiasradioreflejos.com.ar\/2021\/author\/arnaldo\/"}]}},"_links":{"self":[{"href":"https:\/\/www.noticiasradioreflejos.com.ar\/2021\/wp-json\/wp\/v2\/posts\/20187","targetHints":{"allow":["GET"]}}],"collection":[{"href":"https:\/\/www.noticiasradioreflejos.com.ar\/2021\/wp-json\/wp\/v2\/posts"}],"about":[{"href":"https:\/\/www.noticiasradioreflejos.com.ar\/2021\/wp-json\/wp\/v2\/types\/post"}],"author":[{"embeddable":true,"href":"https:\/\/www.noticiasradioreflejos.com.ar\/2021\/wp-json\/wp\/v2\/users\/3"}],"replies":[{"embeddable":true,"href":"https:\/\/www.noticiasradioreflejos.com.ar\/2021\/wp-json\/wp\/v2\/comments?post=20187"}],"version-history":[{"count":0,"href":"https:\/\/www.noticiasradioreflejos.com.ar\/2021\/wp-json\/wp\/v2\/posts\/20187\/revisions"}],"wp:attachment":[{"href":"https:\/\/www.noticiasradioreflejos.com.ar\/2021\/wp-json\/wp\/v2\/media?parent=20187"}],"wp:term":[{"taxonomy":"category","embeddable":true,"href":"https:\/\/www.noticiasradioreflejos.com.ar\/2021\/wp-json\/wp\/v2\/categories?post=20187"},{"taxonomy":"post_tag","embeddable":true,"href":"https:\/\/www.noticiasradioreflejos.com.ar\/2021\/wp-json\/wp\/v2\/tags?post=20187"}],"curies":[{"name":"wp","href":"https:\/\/api.w.org\/{rel}","templated":true}]}}